{"id":11198,"date":"2021-08-11T13:47:05","date_gmt":"2021-08-11T13:47:05","guid":{"rendered":"https:\/\/www.africa-press.net\/cotedivoire\/?p=11198"},"modified":"2021-08-11T21:09:22","modified_gmt":"2021-08-11T21:09:22","slug":"mali-ben-souk-ex-depute-maire-pro-soro-de-dabou-enleve-par-des-hommes-encagoules-a-bamako","status":"publish","type":"post","link":"https:\/\/www.africa-press.net\/cotedivoire\/politique\/mali-ben-souk-ex-depute-maire-pro-soro-de-dabou-enleve-par-des-hommes-encagoules-a-bamako","title":{"rendered":"Mali: Ben Souk ex d\u00e9put\u00e9-maire pro-Soro de Dabou \u00ab\u00a0enlev\u00e9 par des hommes encagoul\u00e9s \u00e0 Bamako"},"content":{"rendered":"<p><span style=\"color: #ff6600\"><strong><a href=\"https:\/\/www.africa-press.net\/\">Africa-Press<\/a> &#8211; <a href=\"https:\/\/www.africa-press.net\/cotedivoire\">C\u00f4te d&rsquo;Ivoire<\/a>. <\/strong><\/span>L\u2019ancien d\u00e9put\u00e9 maire de Dabou Mohamed Sess Soukou dit Ben Souk, ancien membre de la r\u00e9bellion du MPCI, cadre de GPS, aurait \u00e9t\u00e9 enlev\u00e9 en pleine rue au Mali par 4 hommes encagoul\u00e9s, arm\u00e9s habill\u00e9s en civil, ce mardi 10 ao\u00fbt.<\/p>\n<p>L\u2019ex d\u00e9put\u00e9 maire, proche parmi les proches des premi\u00e8res heures de Soro Guillaume est donc port\u00e9 disparu \u00e0 Bamako.<\/p>\n<p>&nbsp;<\/p>\n","protected":false},"excerpt":{"rendered":"<p>Africa-Press &#8211; C\u00f4te d&rsquo;Ivoire. L\u2019ancien d\u00e9put\u00e9 maire de Dabou Mohamed Sess Soukou dit Ben Souk, ancien membre de la r\u00e9bellion du MPCI, cadre de GPS, aurait \u00e9t\u00e9 enlev\u00e9 en pleine rue au Mali par 4 hommes encagoul\u00e9s, arm\u00e9s habill\u00e9s en civil, ce mardi 10 ao\u00fbt. L\u2019ex d\u00e9put\u00e9 maire, proche parmi les proches des premi\u00e8res heures [&hellip;]<\/p>\n","protected":false},"author":82,"featured_media":11197,"comment_status":"open","ping_status":"closed","sticky":false,"template":"","format":"standard","meta":{"footnotes":""},"categories":[11,2,10],"tags":[56,63,29],"class_list":["post-11198","post","type-post","status-publish","format-standard","has-post-thumbnail","hentry","category-homepage-french","category-politique","category-toutes-les-actualites","tag-africa-press","tag-africa-press-cote-divoire","tag-cote-divoire"],"yoast_head":"<!-- This site is optimized with the Yoast SEO Premium plugin v26.1 (Yoast SEO v27.0) - https:\/\/yoast.com\/product\/yoast-seo-premium-wordpress\/ -->\n<title>Mali: Ben Souk ex d\u00e9put\u00e9-maire pro-Soro de Dabou \u00ab\u00a0enlev\u00e9 par des hommes encagoul\u00e9s \u00e0 Bamako - C\u00f4te d&#039;Ivoire<\/title>\n<meta name=\"description\" content=\"L\u2019ancien d\u00e9put\u00e9 maire de Dabou Mohamed Sess Soukou dit Ben Souk, ancien membre de la r\u00e9bellion du MPCI, cadre de GPS, au ...\" \/>\n<meta name=\"robots\" content=\"index, follow, max-snippet:-1, max-image-preview:large, max-video-preview:-1\" \/>\n<link rel=\"canonical\" href=\"https:\/\/www.africa-press.net\/cotedivoire\/politique\/mali-ben-souk-ex-depute-maire-pro-soro-de-dabou-enleve-par-des-hommes-encagoules-a-bamako\" \/>\n<meta property=\"og:locale\" content=\"fr_FR\" \/>\n<meta property=\"og:type\" content=\"article\" \/>\n<meta property=\"og:title\" content=\"Mali: Ben Souk ex d\u00e9put\u00e9-maire pro-Soro de Dabou \u00ab\u00a0enlev\u00e9 par des hommes encagoul\u00e9s \u00e0 Bamako\" \/>\n<meta property=\"og:description\" content=\"L\u2019ancien d\u00e9put\u00e9 maire de Dabou Mohamed Sess Soukou dit Ben Souk, ancien membre de la r\u00e9bellion du MPCI, cadre de GPS, au ...\" \/>\n<meta property=\"og:url\" content=\"https:\/\/www.africa-press.net\/cotedivoire\/politique\/mali-ben-souk-ex-depute-maire-pro-soro-de-dabou-enleve-par-des-hommes-encagoules-a-bamako\" \/>\n<meta property=\"og:site_name\" content=\"C\u00f4te d&#039;Ivoire\" \/>\n<meta property=\"article:published_time\" content=\"2021-08-11T13:47:05+00:00\" \/>\n<meta property=\"article:modified_time\" content=\"2021-08-11T21:09:22+00:00\" \/>\n<meta property=\"og:image\" content=\"https:\/\/static.africa-press.net\/cote\/sites\/43\/2021\/08\/img-6113c3e704262.jpg\" \/>\n\t<meta property=\"og:image:width\" content=\"1079\" \/>\n\t<meta property=\"og:image:height\" content=\"843\" \/>\n\t<meta property=\"og:image:type\" content=\"image\/jpeg\" \/>\n<meta name=\"author\" content=\"cfeditorfr\" \/>\n<meta name=\"twitter:card\" content=\"summary_large_image\" \/>\n<meta name=\"twitter:label1\" content=\"\u00c9crit par\" \/>\n\t<meta name=\"twitter:data1\" content=\"cfeditorfr\" \/>\n\t<meta name=\"twitter:label2\" content=\"Dur\u00e9e de lecture estim\u00e9e\" \/>\n\t<meta name=\"twitter:data2\" content=\"1 minute\" \/>\n<script type=\"application\/ld+json\" class=\"yoast-schema-graph\">{\"@context\":\"https:\/\/schema.org\",\"@graph\":[{\"@type\":\"Article\",\"@id\":\"https:\/\/www.africa-press.net\/cotedivoire\/politique\/mali-ben-souk-ex-depute-maire-pro-soro-de-dabou-enleve-par-des-hommes-encagoules-a-bamako#article\",\"isPartOf\":{\"@id\":\"https:\/\/www.africa-press.net\/cotedivoire\/politique\/mali-ben-souk-ex-depute-maire-pro-soro-de-dabou-enleve-par-des-hommes-encagoules-a-bamako\"},\"author\":{\"name\":\"cfeditorfr\",\"@id\":\"https:\/\/www.africa-press.net\/cotedivoire\/#\/schema\/person\/2b1cf3cd81a31e3cd26889ca66d677f1\"},\"headline\":\"Mali: Ben Souk ex d\u00e9put\u00e9-maire pro-Soro de Dabou \u00ab\u00a0enlev\u00e9 par des hommes encagoul\u00e9s \u00e0 Bamako\",\"datePublished\":\"2021-08-11T13:47:05+00:00\",\"dateModified\":\"2021-08-11T21:09:22+00:00\",\"mainEntityOfPage\":{\"@id\":\"https:\/\/www.africa-press.net\/cotedivoire\/politique\/mali-ben-souk-ex-depute-maire-pro-soro-de-dabou-enleve-par-des-hommes-encagoules-a-bamako\"},\"wordCount\":91,\"commentCount\":0,\"image\":{\"@id\":\"https:\/\/www.africa-press.net\/cotedivoire\/politique\/mali-ben-souk-ex-depute-maire-pro-soro-de-dabou-enleve-par-des-hommes-encagoules-a-bamako#primaryimage\"},\"thumbnailUrl\":\"https:\/\/static.africa-press.net\/cote\/sites\/43\/2021\/08\/img-6113c3e704262.jpg\",\"keywords\":[\"Africa Press\",\"Africa Press-C\u00f4te d'Ivoire\",\"C\u00d4TE D'IVOIRE\"],\"articleSection\":[\"homepage-french\",\"Politique\",\"Toutes les actualit\u00e9s\"],\"inLanguage\":\"fr-FR\",\"potentialAction\":[{\"@type\":\"CommentAction\",\"name\":\"Comment\",\"target\":[\"https:\/\/www.africa-press.net\/cotedivoire\/politique\/mali-ben-souk-ex-depute-maire-pro-soro-de-dabou-enleve-par-des-hommes-encagoules-a-bamako#respond\"]}]},{\"@type\":\"WebPage\",\"@id\":\"https:\/\/www.africa-press.net\/cotedivoire\/politique\/mali-ben-souk-ex-depute-maire-pro-soro-de-dabou-enleve-par-des-hommes-encagoules-a-bamako\",\"url\":\"https:\/\/www.africa-press.net\/cotedivoire\/politique\/mali-ben-souk-ex-depute-maire-pro-soro-de-dabou-enleve-par-des-hommes-encagoules-a-bamako\",\"name\":\"Mali: Ben Souk ex d\u00e9put\u00e9-maire pro-Soro de Dabou \u00ab\u00a0enlev\u00e9 par des hommes encagoul\u00e9s \u00e0 Bamako - C\u00f4te d&#039;Ivoire\",\"isPartOf\":{\"@id\":\"https:\/\/www.africa-press.net\/cotedivoire\/#website\"},\"primaryImageOfPage\":{\"@id\":\"https:\/\/www.africa-press.net\/cotedivoire\/politique\/mali-ben-souk-ex-depute-maire-pro-soro-de-dabou-enleve-par-des-hommes-encagoules-a-bamako#primaryimage\"},\"image\":{\"@id\":\"https:\/\/www.africa-press.net\/cotedivoire\/politique\/mali-ben-souk-ex-depute-maire-pro-soro-de-dabou-enleve-par-des-hommes-encagoules-a-bamako#primaryimage\"},\"thumbnailUrl\":\"https:\/\/static.africa-press.net\/cote\/sites\/43\/2021\/08\/img-6113c3e704262.jpg\",\"datePublished\":\"2021-08-11T13:47:05+00:00\",\"dateModified\":\"2021-08-11T21:09:22+00:00\",\"author\":{\"@id\":\"https:\/\/www.africa-press.net\/cotedivoire\/#\/schema\/person\/2b1cf3cd81a31e3cd26889ca66d677f1\"},\"description\":\"L\u2019ancien d\u00e9put\u00e9 maire de Dabou Mohamed Sess Soukou dit Ben Souk, ancien membre de la r\u00e9bellion du MPCI, cadre de GPS, au ...\",\"breadcrumb\":{\"@id\":\"https:\/\/www.africa-press.net\/cotedivoire\/politique\/mali-ben-souk-ex-depute-maire-pro-soro-de-dabou-enleve-par-des-hommes-encagoules-a-bamako#breadcrumb\"},\"inLanguage\":\"fr-FR\",\"potentialAction\":[{\"@type\":\"ReadAction\",\"target\":[\"https:\/\/www.africa-press.net\/cotedivoire\/politique\/mali-ben-souk-ex-depute-maire-pro-soro-de-dabou-enleve-par-des-hommes-encagoules-a-bamako\"]}]},{\"@type\":\"ImageObject\",\"inLanguage\":\"fr-FR\",\"@id\":\"https:\/\/www.africa-press.net\/cotedivoire\/politique\/mali-ben-souk-ex-depute-maire-pro-soro-de-dabou-enleve-par-des-hommes-encagoules-a-bamako#primaryimage\",\"url\":\"https:\/\/static.africa-press.net\/cote\/sites\/43\/2021\/08\/img-6113c3e704262.jpg\",\"contentUrl\":\"https:\/\/static.africa-press.net\/cote\/sites\/43\/2021\/08\/img-6113c3e704262.jpg\",\"width\":1079,\"height\":843,\"caption\":\"Mali: Ben Souk ex d\u00e9put\u00e9-maire pro-Soro de Dabou \u00ab\u00a0enlev\u00e9 par des hommes encagoul\u00e9s \u00e0 Bamako\"},{\"@type\":\"BreadcrumbList\",\"@id\":\"https:\/\/www.africa-press.net\/cotedivoire\/politique\/mali-ben-souk-ex-depute-maire-pro-soro-de-dabou-enleve-par-des-hommes-encagoules-a-bamako#breadcrumb\",\"itemListElement\":[{\"@type\":\"ListItem\",\"position\":1,\"name\":\"Accueil\",\"item\":\"https:\/\/www.africa-press.net\/cotedivoire\/\"},{\"@type\":\"ListItem\",\"position\":2,\"name\":\"Mali: Ben Souk ex d\u00e9put\u00e9-maire pro-Soro de Dabou \u00ab\u00a0enlev\u00e9 par des hommes encagoul\u00e9s \u00e0 Bamako\"}]},{\"@type\":\"WebSite\",\"@id\":\"https:\/\/www.africa-press.net\/cotedivoire\/#website\",\"url\":\"https:\/\/www.africa-press.net\/cotedivoire\/\",\"name\":\"C\u00f4te d&#039;Ivoire\",\"description\":\"Just another Africa News Agency Sites site\",\"potentialAction\":[{\"@type\":\"SearchAction\",\"target\":{\"@type\":\"EntryPoint\",\"urlTemplate\":\"https:\/\/www.africa-press.net\/cotedivoire\/?s={search_term_string}\"},\"query-input\":{\"@type\":\"PropertyValueSpecification\",\"valueRequired\":true,\"valueName\":\"search_term_string\"}}],\"inLanguage\":\"fr-FR\"},{\"@type\":\"Person\",\"@id\":\"https:\/\/www.africa-press.net\/cotedivoire\/#\/schema\/person\/2b1cf3cd81a31e3cd26889ca66d677f1\",\"name\":\"cfeditorfr\"}]}<\/script>\n<!-- \/ Yoast SEO Premium plugin. -->","yoast_head_json":{"title":"Mali: Ben Souk ex d\u00e9put\u00e9-maire pro-Soro de Dabou \u00ab\u00a0enlev\u00e9 par des hommes encagoul\u00e9s \u00e0 Bamako - C\u00f4te d&#039;Ivoire","description":"L\u2019ancien d\u00e9put\u00e9 maire de Dabou Mohamed Sess Soukou dit Ben Souk, ancien membre de la r\u00e9bellion du MPCI, cadre de GPS, au ...","robots":{"index":"index","follow":"follow","max-snippet":"max-snippet:-1","max-image-preview":"max-image-preview:large","max-video-preview":"max-video-preview:-1"},"canonical":"https:\/\/www.africa-press.net\/cotedivoire\/politique\/mali-ben-souk-ex-depute-maire-pro-soro-de-dabou-enleve-par-des-hommes-encagoules-a-bamako","og_locale":"fr_FR","og_type":"article","og_title":"Mali: Ben Souk ex d\u00e9put\u00e9-maire pro-Soro de Dabou \u00ab\u00a0enlev\u00e9 par des hommes encagoul\u00e9s \u00e0 Bamako","og_description":"L\u2019ancien d\u00e9put\u00e9 maire de Dabou Mohamed Sess Soukou dit Ben Souk, ancien membre de la r\u00e9bellion du MPCI, cadre de GPS, au ...","og_url":"https:\/\/www.africa-press.net\/cotedivoire\/politique\/mali-ben-souk-ex-depute-maire-pro-soro-de-dabou-enleve-par-des-hommes-encagoules-a-bamako","og_site_name":"C\u00f4te d&#039;Ivoire","article_published_time":"2021-08-11T13:47:05+00:00","article_modified_time":"2021-08-11T21:09:22+00:00","og_image":[{"width":1079,"height":843,"url":"https:\/\/static.africa-press.net\/cote\/sites\/43\/2021\/08\/img-6113c3e704262.jpg","type":"image\/jpeg"}],"author":"cfeditorfr","twitter_card":"summary_large_image","twitter_misc":{"\u00c9crit par":"cfeditorfr","Dur\u00e9e de lecture estim\u00e9e":"1 minute"},"schema":{"@context":"https:\/\/schema.org","@graph":[{"@type":"Article","@id":"https:\/\/www.africa-press.net\/cotedivoire\/politique\/mali-ben-souk-ex-depute-maire-pro-soro-de-dabou-enleve-par-des-hommes-encagoules-a-bamako#article","isPartOf":{"@id":"https:\/\/www.africa-press.net\/cotedivoire\/politique\/mali-ben-souk-ex-depute-maire-pro-soro-de-dabou-enleve-par-des-hommes-encagoules-a-bamako"},"author":{"name":"cfeditorfr","@id":"https:\/\/www.africa-press.net\/cotedivoire\/#\/schema\/person\/2b1cf3cd81a31e3cd26889ca66d677f1"},"headline":"Mali: Ben Souk ex d\u00e9put\u00e9-maire pro-Soro de Dabou \u00ab\u00a0enlev\u00e9 par des hommes encagoul\u00e9s \u00e0 Bamako","datePublished":"2021-08-11T13:47:05+00:00","dateModified":"2021-08-11T21:09:22+00:00","mainEntityOfPage":{"@id":"https:\/\/www.africa-press.net\/cotedivoire\/politique\/mali-ben-souk-ex-depute-maire-pro-soro-de-dabou-enleve-par-des-hommes-encagoules-a-bamako"},"wordCount":91,"commentCount":0,"image":{"@id":"https:\/\/www.africa-press.net\/cotedivoire\/politique\/mali-ben-souk-ex-depute-maire-pro-soro-de-dabou-enleve-par-des-hommes-encagoules-a-bamako#primaryimage"},"thumbnailUrl":"https:\/\/static.africa-press.net\/cote\/sites\/43\/2021\/08\/img-6113c3e704262.jpg","keywords":["Africa Press","Africa Press-C\u00f4te d'Ivoire","C\u00d4TE D'IVOIRE"],"articleSection":["homepage-french","Politique","Toutes les actualit\u00e9s"],"inLanguage":"fr-FR","potentialAction":[{"@type":"CommentAction","name":"Comment","target":["https:\/\/www.africa-press.net\/cotedivoire\/politique\/mali-ben-souk-ex-depute-maire-pro-soro-de-dabou-enleve-par-des-hommes-encagoules-a-bamako#respond"]}]},{"@type":"WebPage","@id":"https:\/\/www.africa-press.net\/cotedivoire\/politique\/mali-ben-souk-ex-depute-maire-pro-soro-de-dabou-enleve-par-des-hommes-encagoules-a-bamako","url":"https:\/\/www.africa-press.net\/cotedivoire\/politique\/mali-ben-souk-ex-depute-maire-pro-soro-de-dabou-enleve-par-des-hommes-encagoules-a-bamako","name":"Mali: Ben Souk ex d\u00e9put\u00e9-maire pro-Soro de Dabou \u00ab\u00a0enlev\u00e9 par des hommes encagoul\u00e9s \u00e0 Bamako - C\u00f4te d&#039;Ivoire","isPartOf":{"@id":"https:\/\/www.africa-press.net\/cotedivoire\/#website"},"primaryImageOfPage":{"@id":"https:\/\/www.africa-press.net\/cotedivoire\/politique\/mali-ben-souk-ex-depute-maire-pro-soro-de-dabou-enleve-par-des-hommes-encagoules-a-bamako#primaryimage"},"image":{"@id":"https:\/\/www.africa-press.net\/cotedivoire\/politique\/mali-ben-souk-ex-depute-maire-pro-soro-de-dabou-enleve-par-des-hommes-encagoules-a-bamako#primaryimage"},"thumbnailUrl":"https:\/\/static.africa-press.net\/cote\/sites\/43\/2021\/08\/img-6113c3e704262.jpg","datePublished":"2021-08-11T13:47:05+00:00","dateModified":"2021-08-11T21:09:22+00:00","author":{"@id":"https:\/\/www.africa-press.net\/cotedivoire\/#\/schema\/person\/2b1cf3cd81a31e3cd26889ca66d677f1"},"description":"L\u2019ancien d\u00e9put\u00e9 maire de Dabou Mohamed Sess Soukou dit Ben Souk, ancien membre de la r\u00e9bellion du MPCI, cadre de GPS, au ...","breadcrumb":{"@id":"https:\/\/www.africa-press.net\/cotedivoire\/politique\/mali-ben-souk-ex-depute-maire-pro-soro-de-dabou-enleve-par-des-hommes-encagoules-a-bamako#breadcrumb"},"inLanguage":"fr-FR","potentialAction":[{"@type":"ReadAction","target":["https:\/\/www.africa-press.net\/cotedivoire\/politique\/mali-ben-souk-ex-depute-maire-pro-soro-de-dabou-enleve-par-des-hommes-encagoules-a-bamako"]}]},{"@type":"ImageObject","inLanguage":"fr-FR","@id":"https:\/\/www.africa-press.net\/cotedivoire\/politique\/mali-ben-souk-ex-depute-maire-pro-soro-de-dabou-enleve-par-des-hommes-encagoules-a-bamako#primaryimage","url":"https:\/\/static.africa-press.net\/cote\/sites\/43\/2021\/08\/img-6113c3e704262.jpg","contentUrl":"https:\/\/static.africa-press.net\/cote\/sites\/43\/2021\/08\/img-6113c3e704262.jpg","width":1079,"height":843,"caption":"Mali: Ben Souk ex d\u00e9put\u00e9-maire pro-Soro de Dabou \u00ab\u00a0enlev\u00e9 par des hommes encagoul\u00e9s \u00e0 Bamako"},{"@type":"BreadcrumbList","@id":"https:\/\/www.africa-press.net\/cotedivoire\/politique\/mali-ben-souk-ex-depute-maire-pro-soro-de-dabou-enleve-par-des-hommes-encagoules-a-bamako#breadcrumb","itemListElement":[{"@type":"ListItem","position":1,"name":"Accueil","item":"https:\/\/www.africa-press.net\/cotedivoire\/"},{"@type":"ListItem","position":2,"name":"Mali: Ben Souk ex d\u00e9put\u00e9-maire pro-Soro de Dabou \u00ab\u00a0enlev\u00e9 par des hommes encagoul\u00e9s \u00e0 Bamako"}]},{"@type":"WebSite","@id":"https:\/\/www.africa-press.net\/cotedivoire\/#website","url":"https:\/\/www.africa-press.net\/cotedivoire\/","name":"C\u00f4te d&#039;Ivoire","description":"Just another Africa News Agency Sites site","potentialAction":[{"@type":"SearchAction","target":{"@type":"EntryPoint","urlTemplate":"https:\/\/www.africa-press.net\/cotedivoire\/?s={search_term_string}"},"query-input":{"@type":"PropertyValueSpecification","valueRequired":true,"valueName":"search_term_string"}}],"inLanguage":"fr-FR"},{"@type":"Person","@id":"https:\/\/www.africa-press.net\/cotedivoire\/#\/schema\/person\/2b1cf3cd81a31e3cd26889ca66d677f1","name":"cfeditorfr"}]}},"_links":{"self":[{"href":"https:\/\/www.africa-press.net\/cotedivoire\/wp-json\/wp\/v2\/posts\/11198","targetHints":{"allow":["GET"]}}],"collection":[{"href":"https:\/\/www.africa-press.net\/cotedivoire\/wp-json\/wp\/v2\/posts"}],"about":[{"href":"https:\/\/www.africa-press.net\/cotedivoire\/wp-json\/wp\/v2\/types\/post"}],"author":[{"embeddable":true,"href":"https:\/\/www.africa-press.net\/cotedivoire\/wp-json\/wp\/v2\/users\/82"}],"replies":[{"embeddable":true,"href":"https:\/\/www.africa-press.net\/cotedivoire\/wp-json\/wp\/v2\/comments?post=11198"}],"version-history":[{"count":0,"href":"https:\/\/www.africa-press.net\/cotedivoire\/wp-json\/wp\/v2\/posts\/11198\/revisions"}],"wp:featuredmedia":[{"embeddable":true,"href":"https:\/\/www.africa-press.net\/cotedivoire\/wp-json\/wp\/v2\/media\/11197"}],"wp:attachment":[{"href":"https:\/\/www.africa-press.net\/cotedivoire\/wp-json\/wp\/v2\/media?parent=11198"}],"wp:term":[{"taxonomy":"category","embeddable":true,"href":"https:\/\/www.africa-press.net\/cotedivoire\/wp-json\/wp\/v2\/categories?post=11198"},{"taxonomy":"post_tag","embeddable":true,"href":"https:\/\/www.africa-press.net\/cotedivoire\/wp-json\/wp\/v2\/tags?post=11198"}],"curies":[{"name":"wp","href":"https:\/\/api.w.org\/{rel}","templated":true}]}}