{"id":11201,"date":"2021-08-11T13:54:35","date_gmt":"2021-08-11T13:54:35","guid":{"rendered":"https:\/\/www.africa-press.net\/cotedivoire\/?p=11201"},"modified":"2021-08-11T21:09:30","modified_gmt":"2021-08-11T21:09:30","slug":"cote-divoire-les-etudiants-en-colere-de-bouake-obtiennent-des-ralentisseurs","status":"publish","type":"post","link":"https:\/\/www.africa-press.net\/cotedivoire\/politique\/cote-divoire-les-etudiants-en-colere-de-bouake-obtiennent-des-ralentisseurs","title":{"rendered":"les \u00e9tudiants en col\u00e8re de Bouak\u00e9 obtiennent des ralentisseurs"},"content":{"rendered":"<p><span style=\"color: #ff6600\"><strong><a href=\"https:\/\/www.africa-press.net\/\">Africa-Press<\/a> &#8211; <a href=\"https:\/\/www.africa-press.net\/cotedivoire\">C\u00f4te d&rsquo;Ivoire<\/a>. <\/strong><\/span>Les \u00e9tudiants de Bouak\u00e9, deuxi\u00e8me ville de C\u00f4te d&rsquo;Ivoire, qui avaient manifest\u00e9 il y a deux jours afin d&rsquo;exiger des mesures pour \u00e9viter les accidents de la route devant leur universit\u00e9, ont en partie obtenu gain de cause, a constat\u00e9 mercredi un correspondant de l&rsquo;AFP.<\/p>\n<p>Plusieurs ralentisseurs ont \u00e9t\u00e9 install\u00e9s sur le boulevard qui passe devant le campus universitaire, une solution acceptable dans un premier temps pour les \u00e9tudiants.<\/p>\n<p>\u00ab\u00a0Nous sommes \u00e0 moiti\u00e9 satisfaits, nous esp\u00e9rons qu&rsquo;avec le temps, les autorit\u00e9s penseront \u00e0 des feux tricolores ou m\u00eame \u00e0 un pont pi\u00e9ton\u00a0\u00bb, a d\u00e9clar\u00e9 Serge Konan, \u00e9tudiant en droit. Avec ces ralentisseurs, \u00ab\u00a0c&rsquo;est s\u00fbr\u00a0\u00bb, les automobilistes \u00ab\u00a0ne pourront plus aller aussi vite qu&rsquo;avant\u00a0\u00bb, s&rsquo;est de son c\u00f4t\u00e9 r\u00e9joui Amara Dao, \u00e9tudiant en lettres.<\/p>\n<p>Lundi, un millier d&rsquo;\u00e9tudiants de Bouak\u00e9 avaient march\u00e9 bruyamment sur la pr\u00e9fecture, paralysant la circulation sur plusieurs kilom\u00e8tres dans la ville. Une d\u00e9l\u00e9gation avait \u00e9t\u00e9 re\u00e7ue par le pr\u00e9fet de Bouak\u00e9, Tuo Fozi\u00e9, qui avait promis \u00ab\u00a0des actes\u00a0\u00bb rapidement.<\/p>\n<p>Le secr\u00e9taire g\u00e9n\u00e9ral du Comit\u00e9 des \u00e9l\u00e8ves et \u00e9tudiants de C\u00f4te d&rsquo;Ivoire (Ceeci), Karamoko Traor\u00e9, a estim\u00e9 \u00e0 18 le nombre d&rsquo;\u00e9tudiants \u00ab\u00a0tu\u00e9s par accident devant l&rsquo;universit\u00e9 depuis sa cr\u00e9ation en 1992\u00a0\u00bb, \u00e0 cause notamment de l&rsquo;absence de feux tricolores.<\/p>\n<p>Les accidents de la route sont tr\u00e8s nombreux et le plus souvent meurtriers en C\u00f4te d&rsquo;Ivoire, o\u00f9 beaucoup de v\u00e9hicules sont mal entretenus et de nombreuses routes en mauvais \u00e9tat.<\/p>\n<p>Les accidents sont aussi dus \u00e0 des erreurs de conduite, de nombreux automobilistes \u00e9tant d\u00e9tenteurs de permis achet\u00e9s aupr\u00e8s d&rsquo;inspecteurs corrompus, sans avoir jamais fr\u00e9quent\u00e9 d&rsquo;auto-\u00e9cole.<\/p>\n<p>Vingt-cinq personnes ont \u00e9t\u00e9 tu\u00e9es et une trentaine bless\u00e9es dans un accident de la route survenu \u00e0 la mi-juillet, \u00e0 une centaine de kilom\u00e8tres au nord d&rsquo;Abidjan.<\/p>\n","protected":false},"excerpt":{"rendered":"<p>Africa-Press &#8211; C\u00f4te d&rsquo;Ivoire. Les \u00e9tudiants de Bouak\u00e9, deuxi\u00e8me ville de C\u00f4te d&rsquo;Ivoire, qui avaient manifest\u00e9 il y a deux jours afin d&rsquo;exiger des mesures pour \u00e9viter les accidents de la route devant leur universit\u00e9, ont en partie obtenu gain de cause, a constat\u00e9 mercredi un correspondant de l&rsquo;AFP. Plusieurs ralentisseurs ont \u00e9t\u00e9 install\u00e9s sur [&hellip;]<\/p>\n","protected":false},"author":82,"featured_media":11200,"comment_status":"open","ping_status":"closed","sticky":false,"template":"","format":"standard","meta":{"footnotes":""},"categories":[11,2,20,10],"tags":[56,63,29],"class_list":["post-11201","post","type-post","status-publish","format-standard","has-post-thumbnail","hentry","category-homepage-french","category-politique","category-top-nouvelles","category-toutes-les-actualites","tag-africa-press","tag-africa-press-cote-divoire","tag-cote-divoire"],"yoast_head":"<!-- This site is optimized with the Yoast SEO Premium plugin v26.1 (Yoast SEO v27.0) - https:\/\/yoast.com\/product\/yoast-seo-premium-wordpress\/ -->\n<title>les \u00e9tudiants en col\u00e8re de Bouak\u00e9 obtiennent des ralentisseurs - C\u00f4te d&#039;Ivoire<\/title>\n<meta name=\"description\" content=\"Les \u00e9tudiants de Bouak\u00e9, deuxi\u00e8me ville de C\u00f4te d&#039;Ivoire, qui avaient manifest\u00e9 il y a deux jours afin d&#039;exiger des mesu ...\" \/>\n<meta name=\"robots\" content=\"index, follow, max-snippet:-1, max-image-preview:large, max-video-preview:-1\" \/>\n<link rel=\"canonical\" href=\"https:\/\/www.africa-press.net\/cotedivoire\/politique\/cote-divoire-les-etudiants-en-colere-de-bouake-obtiennent-des-ralentisseurs\" \/>\n<meta property=\"og:locale\" content=\"fr_FR\" \/>\n<meta property=\"og:type\" content=\"article\" \/>\n<meta property=\"og:title\" content=\"les \u00e9tudiants en col\u00e8re de Bouak\u00e9 obtiennent des ralentisseurs\" \/>\n<meta property=\"og:description\" content=\"Les \u00e9tudiants de Bouak\u00e9, deuxi\u00e8me ville de C\u00f4te d&#039;Ivoire, qui avaient manifest\u00e9 il y a deux jours afin d&#039;exiger des mesu ...\" \/>\n<meta property=\"og:url\" content=\"https:\/\/www.africa-press.net\/cotedivoire\/politique\/cote-divoire-les-etudiants-en-colere-de-bouake-obtiennent-des-ralentisseurs\" \/>\n<meta property=\"og:site_name\" content=\"C\u00f4te d&#039;Ivoire\" \/>\n<meta property=\"article:published_time\" content=\"2021-08-11T13:54:35+00:00\" \/>\n<meta property=\"article:modified_time\" content=\"2021-08-11T21:09:30+00:00\" \/>\n<meta property=\"og:image\" content=\"https:\/\/static.africa-press.net\/cote\/sites\/43\/2021\/08\/img-6113c40d29755.jpg\" \/>\n\t<meta property=\"og:image:width\" content=\"768\" \/>\n\t<meta property=\"og:image:height\" content=\"432\" \/>\n\t<meta property=\"og:image:type\" content=\"image\/jpeg\" \/>\n<meta name=\"author\" content=\"cfeditorfr\" \/>\n<meta name=\"twitter:card\" content=\"summary_large_image\" \/>\n<meta name=\"twitter:label1\" content=\"\u00c9crit par\" \/>\n\t<meta name=\"twitter:data1\" content=\"cfeditorfr\" \/>\n\t<meta name=\"twitter:label2\" content=\"Dur\u00e9e de lecture estim\u00e9e\" \/>\n\t<meta name=\"twitter:data2\" content=\"2 minutes\" \/>\n<script type=\"application\/ld+json\" class=\"yoast-schema-graph\">{\"@context\":\"https:\/\/schema.org\",\"@graph\":[{\"@type\":\"Article\",\"@id\":\"https:\/\/www.africa-press.net\/cotedivoire\/politique\/cote-divoire-les-etudiants-en-colere-de-bouake-obtiennent-des-ralentisseurs#article\",\"isPartOf\":{\"@id\":\"https:\/\/www.africa-press.net\/cotedivoire\/politique\/cote-divoire-les-etudiants-en-colere-de-bouake-obtiennent-des-ralentisseurs\"},\"author\":{\"name\":\"cfeditorfr\",\"@id\":\"https:\/\/www.africa-press.net\/cotedivoire\/#\/schema\/person\/2b1cf3cd81a31e3cd26889ca66d677f1\"},\"headline\":\"les \u00e9tudiants en col\u00e8re de Bouak\u00e9 obtiennent des ralentisseurs\",\"datePublished\":\"2021-08-11T13:54:35+00:00\",\"dateModified\":\"2021-08-11T21:09:30+00:00\",\"mainEntityOfPage\":{\"@id\":\"https:\/\/www.africa-press.net\/cotedivoire\/politique\/cote-divoire-les-etudiants-en-colere-de-bouake-obtiennent-des-ralentisseurs\"},\"wordCount\":342,\"commentCount\":0,\"image\":{\"@id\":\"https:\/\/www.africa-press.net\/cotedivoire\/politique\/cote-divoire-les-etudiants-en-colere-de-bouake-obtiennent-des-ralentisseurs#primaryimage\"},\"thumbnailUrl\":\"https:\/\/static.africa-press.net\/cote\/sites\/43\/2021\/08\/img-6113c40d29755.jpg\",\"keywords\":[\"Africa Press\",\"Africa Press-C\u00f4te d'Ivoire\",\"C\u00d4TE D'IVOIRE\"],\"articleSection\":[\"homepage-french\",\"Politique\",\"Top Nouvelles\",\"Toutes les actualit\u00e9s\"],\"inLanguage\":\"fr-FR\",\"potentialAction\":[{\"@type\":\"CommentAction\",\"name\":\"Comment\",\"target\":[\"https:\/\/www.africa-press.net\/cotedivoire\/politique\/cote-divoire-les-etudiants-en-colere-de-bouake-obtiennent-des-ralentisseurs#respond\"]}]},{\"@type\":\"WebPage\",\"@id\":\"https:\/\/www.africa-press.net\/cotedivoire\/politique\/cote-divoire-les-etudiants-en-colere-de-bouake-obtiennent-des-ralentisseurs\",\"url\":\"https:\/\/www.africa-press.net\/cotedivoire\/politique\/cote-divoire-les-etudiants-en-colere-de-bouake-obtiennent-des-ralentisseurs\",\"name\":\"les \u00e9tudiants en col\u00e8re de Bouak\u00e9 obtiennent des ralentisseurs - C\u00f4te d&#039;Ivoire\",\"isPartOf\":{\"@id\":\"https:\/\/www.africa-press.net\/cotedivoire\/#website\"},\"primaryImageOfPage\":{\"@id\":\"https:\/\/www.africa-press.net\/cotedivoire\/politique\/cote-divoire-les-etudiants-en-colere-de-bouake-obtiennent-des-ralentisseurs#primaryimage\"},\"image\":{\"@id\":\"https:\/\/www.africa-press.net\/cotedivoire\/politique\/cote-divoire-les-etudiants-en-colere-de-bouake-obtiennent-des-ralentisseurs#primaryimage\"},\"thumbnailUrl\":\"https:\/\/static.africa-press.net\/cote\/sites\/43\/2021\/08\/img-6113c40d29755.jpg\",\"datePublished\":\"2021-08-11T13:54:35+00:00\",\"dateModified\":\"2021-08-11T21:09:30+00:00\",\"author\":{\"@id\":\"https:\/\/www.africa-press.net\/cotedivoire\/#\/schema\/person\/2b1cf3cd81a31e3cd26889ca66d677f1\"},\"description\":\"Les \u00e9tudiants de Bouak\u00e9, deuxi\u00e8me ville de C\u00f4te d'Ivoire, qui avaient manifest\u00e9 il y a deux jours afin d'exiger des mesu ...\",\"breadcrumb\":{\"@id\":\"https:\/\/www.africa-press.net\/cotedivoire\/politique\/cote-divoire-les-etudiants-en-colere-de-bouake-obtiennent-des-ralentisseurs#breadcrumb\"},\"inLanguage\":\"fr-FR\",\"potentialAction\":[{\"@type\":\"ReadAction\",\"target\":[\"https:\/\/www.africa-press.net\/cotedivoire\/politique\/cote-divoire-les-etudiants-en-colere-de-bouake-obtiennent-des-ralentisseurs\"]}]},{\"@type\":\"ImageObject\",\"inLanguage\":\"fr-FR\",\"@id\":\"https:\/\/www.africa-press.net\/cotedivoire\/politique\/cote-divoire-les-etudiants-en-colere-de-bouake-obtiennent-des-ralentisseurs#primaryimage\",\"url\":\"https:\/\/static.africa-press.net\/cote\/sites\/43\/2021\/08\/img-6113c40d29755.jpg\",\"contentUrl\":\"https:\/\/static.africa-press.net\/cote\/sites\/43\/2021\/08\/img-6113c40d29755.jpg\",\"width\":768,\"height\":432,\"caption\":\"C\u00f4te d'Ivoire: les \u00e9tudiants en col\u00e8re de Bouak\u00e9 obtiennent des ralentisseurs\"},{\"@type\":\"BreadcrumbList\",\"@id\":\"https:\/\/www.africa-press.net\/cotedivoire\/politique\/cote-divoire-les-etudiants-en-colere-de-bouake-obtiennent-des-ralentisseurs#breadcrumb\",\"itemListElement\":[{\"@type\":\"ListItem\",\"position\":1,\"name\":\"Accueil\",\"item\":\"https:\/\/www.africa-press.net\/cotedivoire\/\"},{\"@type\":\"ListItem\",\"position\":2,\"name\":\"les \u00e9tudiants en col\u00e8re de Bouak\u00e9 obtiennent des ralentisseurs\"}]},{\"@type\":\"WebSite\",\"@id\":\"https:\/\/www.africa-press.net\/cotedivoire\/#website\",\"url\":\"https:\/\/www.africa-press.net\/cotedivoire\/\",\"name\":\"C\u00f4te d&#039;Ivoire\",\"description\":\"Just another Africa News Agency Sites site\",\"potentialAction\":[{\"@type\":\"SearchAction\",\"target\":{\"@type\":\"EntryPoint\",\"urlTemplate\":\"https:\/\/www.africa-press.net\/cotedivoire\/?s={search_term_string}\"},\"query-input\":{\"@type\":\"PropertyValueSpecification\",\"valueRequired\":true,\"valueName\":\"search_term_string\"}}],\"inLanguage\":\"fr-FR\"},{\"@type\":\"Person\",\"@id\":\"https:\/\/www.africa-press.net\/cotedivoire\/#\/schema\/person\/2b1cf3cd81a31e3cd26889ca66d677f1\",\"name\":\"cfeditorfr\"}]}<\/script>\n<!-- \/ Yoast SEO Premium plugin. -->","yoast_head_json":{"title":"les \u00e9tudiants en col\u00e8re de Bouak\u00e9 obtiennent des ralentisseurs - C\u00f4te d&#039;Ivoire","description":"Les \u00e9tudiants de Bouak\u00e9, deuxi\u00e8me ville de C\u00f4te d'Ivoire, qui avaient manifest\u00e9 il y a deux jours afin d'exiger des mesu ...","robots":{"index":"index","follow":"follow","max-snippet":"max-snippet:-1","max-image-preview":"max-image-preview:large","max-video-preview":"max-video-preview:-1"},"canonical":"https:\/\/www.africa-press.net\/cotedivoire\/politique\/cote-divoire-les-etudiants-en-colere-de-bouake-obtiennent-des-ralentisseurs","og_locale":"fr_FR","og_type":"article","og_title":"les \u00e9tudiants en col\u00e8re de Bouak\u00e9 obtiennent des ralentisseurs","og_description":"Les \u00e9tudiants de Bouak\u00e9, deuxi\u00e8me ville de C\u00f4te d'Ivoire, qui avaient manifest\u00e9 il y a deux jours afin d'exiger des mesu ...","og_url":"https:\/\/www.africa-press.net\/cotedivoire\/politique\/cote-divoire-les-etudiants-en-colere-de-bouake-obtiennent-des-ralentisseurs","og_site_name":"C\u00f4te d&#039;Ivoire","article_published_time":"2021-08-11T13:54:35+00:00","article_modified_time":"2021-08-11T21:09:30+00:00","og_image":[{"width":768,"height":432,"url":"https:\/\/static.africa-press.net\/cote\/sites\/43\/2021\/08\/img-6113c40d29755.jpg","type":"image\/jpeg"}],"author":"cfeditorfr","twitter_card":"summary_large_image","twitter_misc":{"\u00c9crit par":"cfeditorfr","Dur\u00e9e de lecture estim\u00e9e":"2 minutes"},"schema":{"@context":"https:\/\/schema.org","@graph":[{"@type":"Article","@id":"https:\/\/www.africa-press.net\/cotedivoire\/politique\/cote-divoire-les-etudiants-en-colere-de-bouake-obtiennent-des-ralentisseurs#article","isPartOf":{"@id":"https:\/\/www.africa-press.net\/cotedivoire\/politique\/cote-divoire-les-etudiants-en-colere-de-bouake-obtiennent-des-ralentisseurs"},"author":{"name":"cfeditorfr","@id":"https:\/\/www.africa-press.net\/cotedivoire\/#\/schema\/person\/2b1cf3cd81a31e3cd26889ca66d677f1"},"headline":"les \u00e9tudiants en col\u00e8re de Bouak\u00e9 obtiennent des ralentisseurs","datePublished":"2021-08-11T13:54:35+00:00","dateModified":"2021-08-11T21:09:30+00:00","mainEntityOfPage":{"@id":"https:\/\/www.africa-press.net\/cotedivoire\/politique\/cote-divoire-les-etudiants-en-colere-de-bouake-obtiennent-des-ralentisseurs"},"wordCount":342,"commentCount":0,"image":{"@id":"https:\/\/www.africa-press.net\/cotedivoire\/politique\/cote-divoire-les-etudiants-en-colere-de-bouake-obtiennent-des-ralentisseurs#primaryimage"},"thumbnailUrl":"https:\/\/static.africa-press.net\/cote\/sites\/43\/2021\/08\/img-6113c40d29755.jpg","keywords":["Africa Press","Africa Press-C\u00f4te d'Ivoire","C\u00d4TE D'IVOIRE"],"articleSection":["homepage-french","Politique","Top Nouvelles","Toutes les actualit\u00e9s"],"inLanguage":"fr-FR","potentialAction":[{"@type":"CommentAction","name":"Comment","target":["https:\/\/www.africa-press.net\/cotedivoire\/politique\/cote-divoire-les-etudiants-en-colere-de-bouake-obtiennent-des-ralentisseurs#respond"]}]},{"@type":"WebPage","@id":"https:\/\/www.africa-press.net\/cotedivoire\/politique\/cote-divoire-les-etudiants-en-colere-de-bouake-obtiennent-des-ralentisseurs","url":"https:\/\/www.africa-press.net\/cotedivoire\/politique\/cote-divoire-les-etudiants-en-colere-de-bouake-obtiennent-des-ralentisseurs","name":"les \u00e9tudiants en col\u00e8re de Bouak\u00e9 obtiennent des ralentisseurs - C\u00f4te d&#039;Ivoire","isPartOf":{"@id":"https:\/\/www.africa-press.net\/cotedivoire\/#website"},"primaryImageOfPage":{"@id":"https:\/\/www.africa-press.net\/cotedivoire\/politique\/cote-divoire-les-etudiants-en-colere-de-bouake-obtiennent-des-ralentisseurs#primaryimage"},"image":{"@id":"https:\/\/www.africa-press.net\/cotedivoire\/politique\/cote-divoire-les-etudiants-en-colere-de-bouake-obtiennent-des-ralentisseurs#primaryimage"},"thumbnailUrl":"https:\/\/static.africa-press.net\/cote\/sites\/43\/2021\/08\/img-6113c40d29755.jpg","datePublished":"2021-08-11T13:54:35+00:00","dateModified":"2021-08-11T21:09:30+00:00","author":{"@id":"https:\/\/www.africa-press.net\/cotedivoire\/#\/schema\/person\/2b1cf3cd81a31e3cd26889ca66d677f1"},"description":"Les \u00e9tudiants de Bouak\u00e9, deuxi\u00e8me ville de C\u00f4te d'Ivoire, qui avaient manifest\u00e9 il y a deux jours afin d'exiger des mesu ...","breadcrumb":{"@id":"https:\/\/www.africa-press.net\/cotedivoire\/politique\/cote-divoire-les-etudiants-en-colere-de-bouake-obtiennent-des-ralentisseurs#breadcrumb"},"inLanguage":"fr-FR","potentialAction":[{"@type":"ReadAction","target":["https:\/\/www.africa-press.net\/cotedivoire\/politique\/cote-divoire-les-etudiants-en-colere-de-bouake-obtiennent-des-ralentisseurs"]}]},{"@type":"ImageObject","inLanguage":"fr-FR","@id":"https:\/\/www.africa-press.net\/cotedivoire\/politique\/cote-divoire-les-etudiants-en-colere-de-bouake-obtiennent-des-ralentisseurs#primaryimage","url":"https:\/\/static.africa-press.net\/cote\/sites\/43\/2021\/08\/img-6113c40d29755.jpg","contentUrl":"https:\/\/static.africa-press.net\/cote\/sites\/43\/2021\/08\/img-6113c40d29755.jpg","width":768,"height":432,"caption":"C\u00f4te d'Ivoire: les \u00e9tudiants en col\u00e8re de Bouak\u00e9 obtiennent des ralentisseurs"},{"@type":"BreadcrumbList","@id":"https:\/\/www.africa-press.net\/cotedivoire\/politique\/cote-divoire-les-etudiants-en-colere-de-bouake-obtiennent-des-ralentisseurs#breadcrumb","itemListElement":[{"@type":"ListItem","position":1,"name":"Accueil","item":"https:\/\/www.africa-press.net\/cotedivoire\/"},{"@type":"ListItem","position":2,"name":"les \u00e9tudiants en col\u00e8re de Bouak\u00e9 obtiennent des ralentisseurs"}]},{"@type":"WebSite","@id":"https:\/\/www.africa-press.net\/cotedivoire\/#website","url":"https:\/\/www.africa-press.net\/cotedivoire\/","name":"C\u00f4te d&#039;Ivoire","description":"Just another Africa News Agency Sites site","potentialAction":[{"@type":"SearchAction","target":{"@type":"EntryPoint","urlTemplate":"https:\/\/www.africa-press.net\/cotedivoire\/?s={search_term_string}"},"query-input":{"@type":"PropertyValueSpecification","valueRequired":true,"valueName":"search_term_string"}}],"inLanguage":"fr-FR"},{"@type":"Person","@id":"https:\/\/www.africa-press.net\/cotedivoire\/#\/schema\/person\/2b1cf3cd81a31e3cd26889ca66d677f1","name":"cfeditorfr"}]}},"_links":{"self":[{"href":"https:\/\/www.africa-press.net\/cotedivoire\/wp-json\/wp\/v2\/posts\/11201","targetHints":{"allow":["GET"]}}],"collection":[{"href":"https:\/\/www.africa-press.net\/cotedivoire\/wp-json\/wp\/v2\/posts"}],"about":[{"href":"https:\/\/www.africa-press.net\/cotedivoire\/wp-json\/wp\/v2\/types\/post"}],"author":[{"embeddable":true,"href":"https:\/\/www.africa-press.net\/cotedivoire\/wp-json\/wp\/v2\/users\/82"}],"replies":[{"embeddable":true,"href":"https:\/\/www.africa-press.net\/cotedivoire\/wp-json\/wp\/v2\/comments?post=11201"}],"version-history":[{"count":0,"href":"https:\/\/www.africa-press.net\/cotedivoire\/wp-json\/wp\/v2\/posts\/11201\/revisions"}],"wp:featuredmedia":[{"embeddable":true,"href":"https:\/\/www.africa-press.net\/cotedivoire\/wp-json\/wp\/v2\/media\/11200"}],"wp:attachment":[{"href":"https:\/\/www.africa-press.net\/cotedivoire\/wp-json\/wp\/v2\/media?parent=11201"}],"wp:term":[{"taxonomy":"category","embeddable":true,"href":"https:\/\/www.africa-press.net\/cotedivoire\/wp-json\/wp\/v2\/categories?post=11201"},{"taxonomy":"post_tag","embeddable":true,"href":"https:\/\/www.africa-press.net\/cotedivoire\/wp-json\/wp\/v2\/tags?post=11201"}],"curies":[{"name":"wp","href":"https:\/\/api.w.org\/{rel}","templated":true}]}}