{"id":11271,"date":"2021-08-12T10:28:19","date_gmt":"2021-08-12T10:28:19","guid":{"rendered":"https:\/\/www.africa-press.net\/cotedivoire\/?p=11271"},"modified":"2021-08-12T18:51:14","modified_gmt":"2021-08-12T18:51:14","slug":"sortie-grand-format-quand-bamba-alex-souleymane-sinvite-dans-la-gueguerre-gbagbo-affi-tribune","status":"publish","type":"post","link":"https:\/\/www.africa-press.net\/cotedivoire\/politique\/sortie-grand-format-quand-bamba-alex-souleymane-sinvite-dans-la-gueguerre-gbagbo-affi-tribune","title":{"rendered":"\u00ab\u00a0Sortie grand format\u00a0\u00bb quand Bamba Alex Souleymane s\u2019invite dans la gu\u00e9guerre Gbagbo-Affi (Tribune)"},"content":{"rendered":"<p><span style=\"color: #ff6600\"><strong><a href=\"https:\/\/www.africa-press.net\/\">Africa-Press<\/a> &#8211; <a href=\"https:\/\/www.africa-press.net\/cotedivoire\">C\u00f4te d&rsquo;Ivoire<\/a>. <\/strong><\/span><b>Ce qu\u2019il dit de la posture d\u2019Affi N\u2019guessan<\/b><\/p>\n<p><b>Les d\u00e9nominations qu\u2019il propose pour le futur parti de Gbagbo<\/b><\/p>\n<p>Que m\u2019inspire la sortie \u00ab grand format \u00bb de Gbagbo devant les siens? Assur\u00e9ment,une remont\u00e9e du cours de l\u2019histoire politique d\u00e9l\u00e9t\u00e8re de notre pays. Certains de ces moments de grandes empoignades et joutes politiques.<\/p>\n<p>Si certains l\u2019avaient oubli\u00e9, il faudra se rem\u00e9morer, que Gbagbo,est un redoutable animal politique. Dix ans de privation de libert\u00e9 l\u2019ont certes affaibli, mais n\u2019ont pas r\u00e9ussi \u00e0\u2026l\u2019\u00e9branler. Certes les al\u00e9as et les vicissitudes de la vie n\u2019ont en rien entam\u00e9 son moral. Encore moins, il me semble, ses convictions et ambitions politiques.<\/p>\n<p>Malgr\u00e9 son \u00e9loignement, il n\u2019y a rien en C\u00f4te d\u2019Ivoire qu\u2019il ignorait. Dans son esprit, l\u2019\u00e9pop\u00e9e du FPI originel de la clandestin\u00e9e, \u00e0 Dabou, en 1982, a v\u00e9cu. Son accession au pouvoir d\u2019Etat, le 22 Octobre 2000, en aura \u00e9t\u00e9 le \u00ab point d\u2019orgue \u00bb. L\u2019illustration de la puissance de la machine politique de ce moment.<\/p>\n<p>Vingt ans apr\u00e8s, de l\u2019exercice du pouvoir d\u2019Etat \u00e0 la crise post-\u00e9lectorale (de triste m\u00e9moire), jusqu\u2019\u00e0 son arrestation et son transf\u00e8rement \u00e0 La Haye, il a fait, \u00ab in petto \u00bb, son examen de conscience. Son \u00ab aggiornamento \u00bb. Il a tir\u00e9 les enseignements de ses relations avec les uns et les autres: dans son parti comme avec des alli\u00e9s circonstanciels (politiques, religieux de tous acabits, communicants inconsistants et autres obscurs financiers et hommes d\u2019affaires v\u00e9reux).<\/p>\n<p>Dans sa prison, il a d\u00fb m\u00e9diter sur cet univers surr\u00e9aliste. Plus encore, il a pu, fort probablement, m\u00fbrir le sc\u00e9nario qui est en train de s\u2019\u00e9crire actuellement sous nos yeux. Depuis son acquittement, il a d\u00fb m\u00e9diter son futur intrins\u00e8que et\u2026sur son futur probable ou, lointain. Aussi, ne suis-je pas, loin de penser que, la d\u00e9cision de rompre les amarres et de \u00ab larguer \u00ab le FPI \u00bb ancien, n\u2019avait d\u00e9j\u00e0, plausiblement, \u00e9t\u00e9 arr\u00eat\u00e9e voire prise. Restait peut-\u00eatre, \u00e0 en trouver la forme et la circonstance. Les deux hypoth\u00e8ses ont eu pour exutoire, le palais de la culture de Treichville.<\/p>\n<p>D\u00e9positaire de la conscience morale, leader incontest\u00e9 du FPI. Leader charismatique et iconique de ce parti, Gbagbo qui en incarne et l\u2019esprit et l\u2019id\u00e9ologie, avait une claire conscience des contradictions et convulsions qui minaient le FPI. Rien ne l\u2019a surpris. Puis-je donc, seriner que, sa d\u00e9cision de faire \u00ab tabula rasa \u00bb (table rase) sur plusieurs pass\u00e9s tristes, a r\u00e9sult\u00e9 de r\u00e9flexions bien ant\u00e9rieures \u00e0 son retour, le 17 Juin, en C\u00f4te d\u2019Ivoire, son pays. Ce SCENARIO \u00e9tait \u00c9CRIT. Gbagbo savait tout des intrigues et manigances d\u2019appareil. Lui, le chef, ne pouvait s\u2019offrir en spectacle. Il ne pouvait en rien, accepter que l\u2019on lui contest\u00e2t son leadership.Tout ce qui a rythm\u00e9 le palais de la culture de Treichville, a ob\u00e9it au rituel politique sacrificiel : exorciser les fantasmes du pass\u00e9. Invoquer l\u2019esprit des m\u00e2nes, pour expier les \u00e9ventuels p\u00e9ch\u00e9s ou actes manqu\u00e9s. Appeler la b\u00e9n\u00e9diction du Saint p\u00e8re ainsi que sa mis\u00e9ricorde infinie sur le nouveau n\u00e9. Au-del\u00e0 des diff\u00e9rentes analyses et hypoth\u00e8ses \u00e9mises \u00e0 raison par les uns et les autres, des pistes politiques autres, existaient. Plus encore, les hypoth\u00e8ses ou propositions de noms, foisonnent : 1-Le FRONT-2-Le \u00ab FRONT UNI \u00bb.3-Le FRONT IVOIRIEN UNI.4-Le FRONT National Ivoirien. Bref, autant d\u2019alternatives pour nommer un parti.<\/p>\n<p>S\u2019agissant d\u2019Affi N\u2019guessan, je consid\u00e8re que, bien qu\u2019\u00e9tant un excellent politique, je doute qu\u2019il ait une \u00e9toffe \u00e0 l\u2019instar de son ancien mentor Gbagbo \u00e0 l\u2019ombre duquel, il a, peu ou prou, blanchi sous le harnais. Il est notable, qu\u2019il a des qualit\u00e9s. Mais, le peuple du FPI originel et orthodoxe est d\u2019ob\u00e9dience Gbagbo. Mais, comme nul ne peut pr\u00e9sager de quoi demain sera fait, ni a fortiori pr\u00e9sumer l\u2019avenir, que l\u2019histoire suive son cours\u2026<\/p>\n<p>&nbsp;<\/p>\n","protected":false},"excerpt":{"rendered":"<p>Africa-Press &#8211; C\u00f4te d&rsquo;Ivoire. Ce qu\u2019il dit de la posture d\u2019Affi N\u2019guessan Les d\u00e9nominations qu\u2019il propose pour le futur parti de Gbagbo Que m\u2019inspire la sortie \u00ab grand format \u00bb de Gbagbo devant les siens? Assur\u00e9ment,une remont\u00e9e du cours de l\u2019histoire politique d\u00e9l\u00e9t\u00e8re de notre pays. Certains de ces moments de grandes empoignades et joutes [&hellip;]<\/p>\n","protected":false},"author":82,"featured_media":11270,"comment_status":"open","ping_status":"closed","sticky":false,"template":"","format":"standard","meta":{"footnotes":""},"categories":[11,2,10],"tags":[56,63,29],"class_list":["post-11271","post","type-post","status-publish","format-standard","has-post-thumbnail","hentry","category-homepage-french","category-politique","category-toutes-les-actualites","tag-africa-press","tag-africa-press-cote-divoire","tag-cote-divoire"],"yoast_head":"<!-- This site is optimized with the Yoast SEO Premium plugin v26.1 (Yoast SEO v27.0) - https:\/\/yoast.com\/product\/yoast-seo-premium-wordpress\/ -->\n<title>\u00ab\u00a0Sortie grand format\u00a0\u00bb quand Bamba Alex Souleymane s\u2019invite dans la gu\u00e9guerre Gbagbo-Affi (Tribune) - C\u00f4te d&#039;Ivoire<\/title>\n<meta name=\"description\" content=\"Ce qu\u2019il dit de la posture d\u2019Affi N\u2019guessan Les d\u00e9nominations qu\u2019il propose pour le futur parti de Gbagbo ...\" \/>\n<meta name=\"robots\" content=\"index, follow, max-snippet:-1, max-image-preview:large, max-video-preview:-1\" \/>\n<link rel=\"canonical\" href=\"https:\/\/www.africa-press.net\/cotedivoire\/politique\/sortie-grand-format-quand-bamba-alex-souleymane-sinvite-dans-la-gueguerre-gbagbo-affi-tribune\" \/>\n<meta property=\"og:locale\" content=\"fr_FR\" \/>\n<meta property=\"og:type\" content=\"article\" \/>\n<meta property=\"og:title\" content=\"\u00ab\u00a0Sortie grand format\u00a0\u00bb quand Bamba Alex Souleymane s\u2019invite dans la gu\u00e9guerre Gbagbo-Affi (Tribune)\" \/>\n<meta property=\"og:description\" content=\"Ce qu\u2019il dit de la posture d\u2019Affi N\u2019guessan Les d\u00e9nominations qu\u2019il propose pour le futur parti de Gbagbo ...\" \/>\n<meta property=\"og:url\" content=\"https:\/\/www.africa-press.net\/cotedivoire\/politique\/sortie-grand-format-quand-bamba-alex-souleymane-sinvite-dans-la-gueguerre-gbagbo-affi-tribune\" \/>\n<meta property=\"og:site_name\" content=\"C\u00f4te d&#039;Ivoire\" \/>\n<meta property=\"article:published_time\" content=\"2021-08-12T10:28:19+00:00\" \/>\n<meta property=\"article:modified_time\" content=\"2021-08-12T18:51:14+00:00\" \/>\n<meta property=\"og:image\" content=\"https:\/\/static.africa-press.net\/cote\/sites\/43\/2021\/08\/img-6114f33fe11b8.jpg\" \/>\n\t<meta property=\"og:image:width\" content=\"720\" \/>\n\t<meta property=\"og:image:height\" content=\"360\" \/>\n\t<meta property=\"og:image:type\" content=\"image\/jpeg\" \/>\n<meta name=\"author\" content=\"cfeditorfr\" \/>\n<meta name=\"twitter:card\" content=\"summary_large_image\" \/>\n<meta name=\"twitter:label1\" content=\"\u00c9crit par\" \/>\n\t<meta name=\"twitter:data1\" content=\"cfeditorfr\" \/>\n\t<meta name=\"twitter:label2\" content=\"Dur\u00e9e de lecture estim\u00e9e\" \/>\n\t<meta name=\"twitter:data2\" content=\"4 minutes\" \/>\n<script type=\"application\/ld+json\" class=\"yoast-schema-graph\">{\"@context\":\"https:\/\/schema.org\",\"@graph\":[{\"@type\":\"Article\",\"@id\":\"https:\/\/www.africa-press.net\/cotedivoire\/politique\/sortie-grand-format-quand-bamba-alex-souleymane-sinvite-dans-la-gueguerre-gbagbo-affi-tribune#article\",\"isPartOf\":{\"@id\":\"https:\/\/www.africa-press.net\/cotedivoire\/politique\/sortie-grand-format-quand-bamba-alex-souleymane-sinvite-dans-la-gueguerre-gbagbo-affi-tribune\"},\"author\":{\"name\":\"cfeditorfr\",\"@id\":\"https:\/\/www.africa-press.net\/cotedivoire\/#\/schema\/person\/2b1cf3cd81a31e3cd26889ca66d677f1\"},\"headline\":\"\u00ab\u00a0Sortie grand format\u00a0\u00bb quand Bamba Alex Souleymane s\u2019invite dans la gu\u00e9guerre Gbagbo-Affi (Tribune)\",\"datePublished\":\"2021-08-12T10:28:19+00:00\",\"dateModified\":\"2021-08-12T18:51:14+00:00\",\"mainEntityOfPage\":{\"@id\":\"https:\/\/www.africa-press.net\/cotedivoire\/politique\/sortie-grand-format-quand-bamba-alex-souleymane-sinvite-dans-la-gueguerre-gbagbo-affi-tribune\"},\"wordCount\":719,\"commentCount\":0,\"image\":{\"@id\":\"https:\/\/www.africa-press.net\/cotedivoire\/politique\/sortie-grand-format-quand-bamba-alex-souleymane-sinvite-dans-la-gueguerre-gbagbo-affi-tribune#primaryimage\"},\"thumbnailUrl\":\"https:\/\/static.africa-press.net\/cote\/sites\/43\/2021\/08\/img-6114f33fe11b8.jpg\",\"keywords\":[\"Africa Press\",\"Africa Press-C\u00f4te d'Ivoire\",\"C\u00d4TE D'IVOIRE\"],\"articleSection\":[\"homepage-french\",\"Politique\",\"Toutes les actualit\u00e9s\"],\"inLanguage\":\"fr-FR\",\"potentialAction\":[{\"@type\":\"CommentAction\",\"name\":\"Comment\",\"target\":[\"https:\/\/www.africa-press.net\/cotedivoire\/politique\/sortie-grand-format-quand-bamba-alex-souleymane-sinvite-dans-la-gueguerre-gbagbo-affi-tribune#respond\"]}]},{\"@type\":\"WebPage\",\"@id\":\"https:\/\/www.africa-press.net\/cotedivoire\/politique\/sortie-grand-format-quand-bamba-alex-souleymane-sinvite-dans-la-gueguerre-gbagbo-affi-tribune\",\"url\":\"https:\/\/www.africa-press.net\/cotedivoire\/politique\/sortie-grand-format-quand-bamba-alex-souleymane-sinvite-dans-la-gueguerre-gbagbo-affi-tribune\",\"name\":\"\u00ab\u00a0Sortie grand format\u00a0\u00bb quand Bamba Alex Souleymane s\u2019invite dans la gu\u00e9guerre Gbagbo-Affi (Tribune) - C\u00f4te d&#039;Ivoire\",\"isPartOf\":{\"@id\":\"https:\/\/www.africa-press.net\/cotedivoire\/#website\"},\"primaryImageOfPage\":{\"@id\":\"https:\/\/www.africa-press.net\/cotedivoire\/politique\/sortie-grand-format-quand-bamba-alex-souleymane-sinvite-dans-la-gueguerre-gbagbo-affi-tribune#primaryimage\"},\"image\":{\"@id\":\"https:\/\/www.africa-press.net\/cotedivoire\/politique\/sortie-grand-format-quand-bamba-alex-souleymane-sinvite-dans-la-gueguerre-gbagbo-affi-tribune#primaryimage\"},\"thumbnailUrl\":\"https:\/\/static.africa-press.net\/cote\/sites\/43\/2021\/08\/img-6114f33fe11b8.jpg\",\"datePublished\":\"2021-08-12T10:28:19+00:00\",\"dateModified\":\"2021-08-12T18:51:14+00:00\",\"author\":{\"@id\":\"https:\/\/www.africa-press.net\/cotedivoire\/#\/schema\/person\/2b1cf3cd81a31e3cd26889ca66d677f1\"},\"description\":\"Ce qu\u2019il dit de la posture d\u2019Affi N\u2019guessan Les d\u00e9nominations qu\u2019il propose pour le futur parti de Gbagbo ...\",\"breadcrumb\":{\"@id\":\"https:\/\/www.africa-press.net\/cotedivoire\/politique\/sortie-grand-format-quand-bamba-alex-souleymane-sinvite-dans-la-gueguerre-gbagbo-affi-tribune#breadcrumb\"},\"inLanguage\":\"fr-FR\",\"potentialAction\":[{\"@type\":\"ReadAction\",\"target\":[\"https:\/\/www.africa-press.net\/cotedivoire\/politique\/sortie-grand-format-quand-bamba-alex-souleymane-sinvite-dans-la-gueguerre-gbagbo-affi-tribune\"]}]},{\"@type\":\"ImageObject\",\"inLanguage\":\"fr-FR\",\"@id\":\"https:\/\/www.africa-press.net\/cotedivoire\/politique\/sortie-grand-format-quand-bamba-alex-souleymane-sinvite-dans-la-gueguerre-gbagbo-affi-tribune#primaryimage\",\"url\":\"https:\/\/static.africa-press.net\/cote\/sites\/43\/2021\/08\/img-6114f33fe11b8.jpg\",\"contentUrl\":\"https:\/\/static.africa-press.net\/cote\/sites\/43\/2021\/08\/img-6114f33fe11b8.jpg\",\"width\":720,\"height\":360,\"caption\":\"\u00ab\u00a0Sortie grand format\u00a0\u00bb quand Bamba Alex Souleymane s\u2019invite dans la gu\u00e9guerre Gbagbo-Affi (Tribune)\"},{\"@type\":\"BreadcrumbList\",\"@id\":\"https:\/\/www.africa-press.net\/cotedivoire\/politique\/sortie-grand-format-quand-bamba-alex-souleymane-sinvite-dans-la-gueguerre-gbagbo-affi-tribune#breadcrumb\",\"itemListElement\":[{\"@type\":\"ListItem\",\"position\":1,\"name\":\"Accueil\",\"item\":\"https:\/\/www.africa-press.net\/cotedivoire\/\"},{\"@type\":\"ListItem\",\"position\":2,\"name\":\"\u00ab\u00a0Sortie grand format\u00a0\u00bb quand Bamba Alex Souleymane s\u2019invite dans la gu\u00e9guerre Gbagbo-Affi (Tribune)\"}]},{\"@type\":\"WebSite\",\"@id\":\"https:\/\/www.africa-press.net\/cotedivoire\/#website\",\"url\":\"https:\/\/www.africa-press.net\/cotedivoire\/\",\"name\":\"C\u00f4te d&#039;Ivoire\",\"description\":\"Just another Africa News Agency Sites site\",\"potentialAction\":[{\"@type\":\"SearchAction\",\"target\":{\"@type\":\"EntryPoint\",\"urlTemplate\":\"https:\/\/www.africa-press.net\/cotedivoire\/?s={search_term_string}\"},\"query-input\":{\"@type\":\"PropertyValueSpecification\",\"valueRequired\":true,\"valueName\":\"search_term_string\"}}],\"inLanguage\":\"fr-FR\"},{\"@type\":\"Person\",\"@id\":\"https:\/\/www.africa-press.net\/cotedivoire\/#\/schema\/person\/2b1cf3cd81a31e3cd26889ca66d677f1\",\"name\":\"cfeditorfr\"}]}<\/script>\n<!-- \/ Yoast SEO Premium plugin. -->","yoast_head_json":{"title":"\u00ab\u00a0Sortie grand format\u00a0\u00bb quand Bamba Alex Souleymane s\u2019invite dans la gu\u00e9guerre Gbagbo-Affi (Tribune) - C\u00f4te d&#039;Ivoire","description":"Ce qu\u2019il dit de la posture d\u2019Affi N\u2019guessan Les d\u00e9nominations qu\u2019il propose pour le futur parti de Gbagbo ...","robots":{"index":"index","follow":"follow","max-snippet":"max-snippet:-1","max-image-preview":"max-image-preview:large","max-video-preview":"max-video-preview:-1"},"canonical":"https:\/\/www.africa-press.net\/cotedivoire\/politique\/sortie-grand-format-quand-bamba-alex-souleymane-sinvite-dans-la-gueguerre-gbagbo-affi-tribune","og_locale":"fr_FR","og_type":"article","og_title":"\u00ab\u00a0Sortie grand format\u00a0\u00bb quand Bamba Alex Souleymane s\u2019invite dans la gu\u00e9guerre Gbagbo-Affi (Tribune)","og_description":"Ce qu\u2019il dit de la posture d\u2019Affi N\u2019guessan Les d\u00e9nominations qu\u2019il propose pour le futur parti de Gbagbo ...","og_url":"https:\/\/www.africa-press.net\/cotedivoire\/politique\/sortie-grand-format-quand-bamba-alex-souleymane-sinvite-dans-la-gueguerre-gbagbo-affi-tribune","og_site_name":"C\u00f4te d&#039;Ivoire","article_published_time":"2021-08-12T10:28:19+00:00","article_modified_time":"2021-08-12T18:51:14+00:00","og_image":[{"width":720,"height":360,"url":"https:\/\/static.africa-press.net\/cote\/sites\/43\/2021\/08\/img-6114f33fe11b8.jpg","type":"image\/jpeg"}],"author":"cfeditorfr","twitter_card":"summary_large_image","twitter_misc":{"\u00c9crit par":"cfeditorfr","Dur\u00e9e de lecture estim\u00e9e":"4 minutes"},"schema":{"@context":"https:\/\/schema.org","@graph":[{"@type":"Article","@id":"https:\/\/www.africa-press.net\/cotedivoire\/politique\/sortie-grand-format-quand-bamba-alex-souleymane-sinvite-dans-la-gueguerre-gbagbo-affi-tribune#article","isPartOf":{"@id":"https:\/\/www.africa-press.net\/cotedivoire\/politique\/sortie-grand-format-quand-bamba-alex-souleymane-sinvite-dans-la-gueguerre-gbagbo-affi-tribune"},"author":{"name":"cfeditorfr","@id":"https:\/\/www.africa-press.net\/cotedivoire\/#\/schema\/person\/2b1cf3cd81a31e3cd26889ca66d677f1"},"headline":"\u00ab\u00a0Sortie grand format\u00a0\u00bb quand Bamba Alex Souleymane s\u2019invite dans la gu\u00e9guerre Gbagbo-Affi (Tribune)","datePublished":"2021-08-12T10:28:19+00:00","dateModified":"2021-08-12T18:51:14+00:00","mainEntityOfPage":{"@id":"https:\/\/www.africa-press.net\/cotedivoire\/politique\/sortie-grand-format-quand-bamba-alex-souleymane-sinvite-dans-la-gueguerre-gbagbo-affi-tribune"},"wordCount":719,"commentCount":0,"image":{"@id":"https:\/\/www.africa-press.net\/cotedivoire\/politique\/sortie-grand-format-quand-bamba-alex-souleymane-sinvite-dans-la-gueguerre-gbagbo-affi-tribune#primaryimage"},"thumbnailUrl":"https:\/\/static.africa-press.net\/cote\/sites\/43\/2021\/08\/img-6114f33fe11b8.jpg","keywords":["Africa Press","Africa Press-C\u00f4te d'Ivoire","C\u00d4TE D'IVOIRE"],"articleSection":["homepage-french","Politique","Toutes les actualit\u00e9s"],"inLanguage":"fr-FR","potentialAction":[{"@type":"CommentAction","name":"Comment","target":["https:\/\/www.africa-press.net\/cotedivoire\/politique\/sortie-grand-format-quand-bamba-alex-souleymane-sinvite-dans-la-gueguerre-gbagbo-affi-tribune#respond"]}]},{"@type":"WebPage","@id":"https:\/\/www.africa-press.net\/cotedivoire\/politique\/sortie-grand-format-quand-bamba-alex-souleymane-sinvite-dans-la-gueguerre-gbagbo-affi-tribune","url":"https:\/\/www.africa-press.net\/cotedivoire\/politique\/sortie-grand-format-quand-bamba-alex-souleymane-sinvite-dans-la-gueguerre-gbagbo-affi-tribune","name":"\u00ab\u00a0Sortie grand format\u00a0\u00bb quand Bamba Alex Souleymane s\u2019invite dans la gu\u00e9guerre Gbagbo-Affi (Tribune) - C\u00f4te d&#039;Ivoire","isPartOf":{"@id":"https:\/\/www.africa-press.net\/cotedivoire\/#website"},"primaryImageOfPage":{"@id":"https:\/\/www.africa-press.net\/cotedivoire\/politique\/sortie-grand-format-quand-bamba-alex-souleymane-sinvite-dans-la-gueguerre-gbagbo-affi-tribune#primaryimage"},"image":{"@id":"https:\/\/www.africa-press.net\/cotedivoire\/politique\/sortie-grand-format-quand-bamba-alex-souleymane-sinvite-dans-la-gueguerre-gbagbo-affi-tribune#primaryimage"},"thumbnailUrl":"https:\/\/static.africa-press.net\/cote\/sites\/43\/2021\/08\/img-6114f33fe11b8.jpg","datePublished":"2021-08-12T10:28:19+00:00","dateModified":"2021-08-12T18:51:14+00:00","author":{"@id":"https:\/\/www.africa-press.net\/cotedivoire\/#\/schema\/person\/2b1cf3cd81a31e3cd26889ca66d677f1"},"description":"Ce qu\u2019il dit de la posture d\u2019Affi N\u2019guessan Les d\u00e9nominations qu\u2019il propose pour le futur parti de Gbagbo ...","breadcrumb":{"@id":"https:\/\/www.africa-press.net\/cotedivoire\/politique\/sortie-grand-format-quand-bamba-alex-souleymane-sinvite-dans-la-gueguerre-gbagbo-affi-tribune#breadcrumb"},"inLanguage":"fr-FR","potentialAction":[{"@type":"ReadAction","target":["https:\/\/www.africa-press.net\/cotedivoire\/politique\/sortie-grand-format-quand-bamba-alex-souleymane-sinvite-dans-la-gueguerre-gbagbo-affi-tribune"]}]},{"@type":"ImageObject","inLanguage":"fr-FR","@id":"https:\/\/www.africa-press.net\/cotedivoire\/politique\/sortie-grand-format-quand-bamba-alex-souleymane-sinvite-dans-la-gueguerre-gbagbo-affi-tribune#primaryimage","url":"https:\/\/static.africa-press.net\/cote\/sites\/43\/2021\/08\/img-6114f33fe11b8.jpg","contentUrl":"https:\/\/static.africa-press.net\/cote\/sites\/43\/2021\/08\/img-6114f33fe11b8.jpg","width":720,"height":360,"caption":"\u00ab\u00a0Sortie grand format\u00a0\u00bb quand Bamba Alex Souleymane s\u2019invite dans la gu\u00e9guerre Gbagbo-Affi (Tribune)"},{"@type":"BreadcrumbList","@id":"https:\/\/www.africa-press.net\/cotedivoire\/politique\/sortie-grand-format-quand-bamba-alex-souleymane-sinvite-dans-la-gueguerre-gbagbo-affi-tribune#breadcrumb","itemListElement":[{"@type":"ListItem","position":1,"name":"Accueil","item":"https:\/\/www.africa-press.net\/cotedivoire\/"},{"@type":"ListItem","position":2,"name":"\u00ab\u00a0Sortie grand format\u00a0\u00bb quand Bamba Alex Souleymane s\u2019invite dans la gu\u00e9guerre Gbagbo-Affi (Tribune)"}]},{"@type":"WebSite","@id":"https:\/\/www.africa-press.net\/cotedivoire\/#website","url":"https:\/\/www.africa-press.net\/cotedivoire\/","name":"C\u00f4te d&#039;Ivoire","description":"Just another Africa News Agency Sites site","potentialAction":[{"@type":"SearchAction","target":{"@type":"EntryPoint","urlTemplate":"https:\/\/www.africa-press.net\/cotedivoire\/?s={search_term_string}"},"query-input":{"@type":"PropertyValueSpecification","valueRequired":true,"valueName":"search_term_string"}}],"inLanguage":"fr-FR"},{"@type":"Person","@id":"https:\/\/www.africa-press.net\/cotedivoire\/#\/schema\/person\/2b1cf3cd81a31e3cd26889ca66d677f1","name":"cfeditorfr"}]}},"_links":{"self":[{"href":"https:\/\/www.africa-press.net\/cotedivoire\/wp-json\/wp\/v2\/posts\/11271","targetHints":{"allow":["GET"]}}],"collection":[{"href":"https:\/\/www.africa-press.net\/cotedivoire\/wp-json\/wp\/v2\/posts"}],"about":[{"href":"https:\/\/www.africa-press.net\/cotedivoire\/wp-json\/wp\/v2\/types\/post"}],"author":[{"embeddable":true,"href":"https:\/\/www.africa-press.net\/cotedivoire\/wp-json\/wp\/v2\/users\/82"}],"replies":[{"embeddable":true,"href":"https:\/\/www.africa-press.net\/cotedivoire\/wp-json\/wp\/v2\/comments?post=11271"}],"version-history":[{"count":0,"href":"https:\/\/www.africa-press.net\/cotedivoire\/wp-json\/wp\/v2\/posts\/11271\/revisions"}],"wp:featuredmedia":[{"embeddable":true,"href":"https:\/\/www.africa-press.net\/cotedivoire\/wp-json\/wp\/v2\/media\/11270"}],"wp:attachment":[{"href":"https:\/\/www.africa-press.net\/cotedivoire\/wp-json\/wp\/v2\/media?parent=11271"}],"wp:term":[{"taxonomy":"category","embeddable":true,"href":"https:\/\/www.africa-press.net\/cotedivoire\/wp-json\/wp\/v2\/categories?post=11271"},{"taxonomy":"post_tag","embeddable":true,"href":"https:\/\/www.africa-press.net\/cotedivoire\/wp-json\/wp\/v2\/tags?post=11271"}],"curies":[{"name":"wp","href":"https:\/\/api.w.org\/{rel}","templated":true}]}}