{"id":11274,"date":"2021-08-12T10:32:14","date_gmt":"2021-08-12T10:32:14","guid":{"rendered":"https:\/\/www.africa-press.net\/cotedivoire\/?p=11274"},"modified":"2021-08-12T18:51:42","modified_gmt":"2021-08-12T18:51:42","slug":"la-fin-des-delestages-en-cote-divoire","status":"publish","type":"post","link":"https:\/\/www.africa-press.net\/cotedivoire\/economie\/la-fin-des-delestages-en-cote-divoire","title":{"rendered":"La fin des d\u00e9lestages en C\u00f4te d\u2019Ivoire ?"},"content":{"rendered":"<p><span style=\"color: #ff6600\"><strong><a href=\"https:\/\/www.africa-press.net\/\">Africa-Press<\/a> &#8211; <a href=\"https:\/\/www.africa-press.net\/cotedivoire\">C\u00f4te d&rsquo;Ivoire<\/a>. <\/strong><\/span>Apr\u00e8s quatre mois de rationnement, Abidjan a annonc\u00e9 officiellement la fin des coupures \u00e9lectriques li\u00e9es \u00e0 une s\u00e9rie de panne de la turbine \u00e0 gaz de la centrale d\u2019Azito et \u00e0 l\u2019ass\u00e8chement des barrages hydrauliques.<\/p>\n<p>Dans les grands maquis et bo\u00eetes de nuit de la c\u00e9l\u00e8bre commune de Yopougon, dans le nord d\u2019Abidjan, au plus fort du d\u00e9lestage, les propri\u00e9taires avaient install\u00e9 des groupes \u00e9lectrog\u00e8nes. Dans une boutique situ\u00e9e sur la rue Princesse, la situation est redevenue normale, selon Zokou une des vendeuses.<\/p>\n<p>\u00ab La situation de l\u2019\u00e9lectricit\u00e9, \u00e7a va actuellement. \u00c7a fait pratiquement deux semaines qu\u2019on n\u2019a plus de probl\u00e8me de coupures. Donc tout va bien. Parce qu\u2019\u00e0 un moment, ce n\u2019\u00e9tait pas bon hein !!! On ne travaillait m\u00eame pas du tout. On travaillait sans \u00e9lectricit\u00e9.\u2019\u2019<\/p>\n<p>Les travailleurs et les m\u00e9nages des Deux Plateaux-Aghien n\u2019ont pas encore cette chance. Ici, les feux tricolores ne fonctionnaient pas. Faute d\u2019\u00e9lectricit\u00e9. Dans un bureau, Richard Konan, juriste, explique que rien n\u2019a chang\u00e9 malgr\u00e9 l\u2019annonce de la fin du d\u00e9lestage.<\/p>\n<p>\u00ab Jusqu\u2019\u00e0 aujourd\u2019hui, nous continuons toujours de subir le d\u00e9lestage dans nos bureaux. \u00c7a nous a caus\u00e9 plusieurs torts. Notamment avec nos ordinateurs. Jusqu\u2019\u00e0 aujourd\u2019hui on continue de subir ces dommages. Je ne pense pas que les d\u00e9lestages se soient arr\u00eat\u00e9s.\u2019\u2019<\/p>\n<p>Elfenbeink\u00fcste Anschlag Grand Bassam in Abidjan<\/p>\n<p>A la Riviera-Les jardins, c\u2019est Antoinette Botty, la g\u00e9rante d\u2019une station de lavage de v\u00e9hicules qui explique la situation dans ce quartier.<\/p>\n<p>\u00ab Pour le lavage, on utilise beaucoup d\u2019\u00e9lectricit\u00e9. \u00c7a a \u00e9t\u00e9 un peu difficile en fait. Mais maintenant \u00e7a va. Souvent la journ\u00e9e comme \u00e7a, \u00e7a peut couper et apr\u00e8s dans l\u2019apr\u00e8s-midi, \u00e7a reprend. Par rapport \u00e0 avant on peut dire qu\u2019il y a de l\u2019am\u00e9lioration en tout cas. \u00c7a va.\u2019\u2019<\/p>\n<p>Son voisin Camara, boulanger, continue lui de subir des pertes dans la fabrication des pains et autres p\u00e2tisseries. Car chez lui \u00e9galement, il y a des moments avec ou sans \u00e9lectricit\u00e9. Camara est oblig\u00e9 de s\u2019adapter.<\/p>\n<p>\u00ab M\u00eame quand \u00e7a coupe, c\u2019est que quelques minutes. Voil\u00e0\u2026 Sinon en tout cas \u00e7a nous a beaucoup fatigu\u00e9s. Aujourd\u2019hui, on travaille normalement, je peux dire \u00e0 80 ou 85%. Parce qu\u2019il y a encore quelques petites coupures par moment.\u2019\u2019<\/p>\n<p>Pour satisfaire tous les abonn\u00e9s en fourniture de courant \u00e9lectrique de bonne qualit\u00e9, le gouvernement ivoirien a engag\u00e9 d\u2019importants investissements de maintenance des installations existantes et a lanc\u00e9 la construction d\u2019une centrale froide de 200 m\u00e9gawatts.<\/p>\n<p>&nbsp;<\/p>\n","protected":false},"excerpt":{"rendered":"<p>Africa-Press &#8211; C\u00f4te d&rsquo;Ivoire. Apr\u00e8s quatre mois de rationnement, Abidjan a annonc\u00e9 officiellement la fin des coupures \u00e9lectriques li\u00e9es \u00e0 une s\u00e9rie de panne de la turbine \u00e0 gaz de la centrale d\u2019Azito et \u00e0 l\u2019ass\u00e8chement des barrages hydrauliques. Dans les grands maquis et bo\u00eetes de nuit de la c\u00e9l\u00e8bre commune de Yopougon, dans le [&hellip;]<\/p>\n","protected":false},"author":82,"featured_media":11273,"comment_status":"open","ping_status":"closed","sticky":false,"template":"","format":"standard","meta":{"footnotes":""},"categories":[3,11,10],"tags":[56,63,29],"class_list":["post-11274","post","type-post","status-publish","format-standard","has-post-thumbnail","hentry","category-economie","category-homepage-french","category-toutes-les-actualites","tag-africa-press","tag-africa-press-cote-divoire","tag-cote-divoire"],"yoast_head":"<!-- This site is optimized with the Yoast SEO Premium plugin v26.1 (Yoast SEO v27.0) - https:\/\/yoast.com\/product\/yoast-seo-premium-wordpress\/ -->\n<title>La fin des d\u00e9lestages en C\u00f4te d\u2019Ivoire ? - C\u00f4te d&#039;Ivoire<\/title>\n<meta name=\"description\" content=\"Apr\u00e8s quatre mois de rationnement, Abidjan a annonc\u00e9 officiellement la fin des coupures \u00e9lectriques li\u00e9es \u00e0 une s\u00e9rie de ...\" \/>\n<meta name=\"robots\" content=\"index, follow, max-snippet:-1, max-image-preview:large, max-video-preview:-1\" \/>\n<link rel=\"canonical\" href=\"https:\/\/www.africa-press.net\/cotedivoire\/economie\/la-fin-des-delestages-en-cote-divoire\" \/>\n<meta property=\"og:locale\" content=\"fr_FR\" \/>\n<meta property=\"og:type\" content=\"article\" \/>\n<meta property=\"og:title\" content=\"La fin des d\u00e9lestages en C\u00f4te d\u2019Ivoire ?\" \/>\n<meta property=\"og:description\" content=\"Apr\u00e8s quatre mois de rationnement, Abidjan a annonc\u00e9 officiellement la fin des coupures \u00e9lectriques li\u00e9es \u00e0 une s\u00e9rie de ...\" \/>\n<meta property=\"og:url\" content=\"https:\/\/www.africa-press.net\/cotedivoire\/economie\/la-fin-des-delestages-en-cote-divoire\" \/>\n<meta property=\"og:site_name\" content=\"C\u00f4te d&#039;Ivoire\" \/>\n<meta property=\"article:published_time\" content=\"2021-08-12T10:32:14+00:00\" \/>\n<meta property=\"article:modified_time\" content=\"2021-08-12T18:51:42+00:00\" \/>\n<meta property=\"og:image\" content=\"https:\/\/static.africa-press.net\/cote\/sites\/43\/2021\/08\/img-6114f37a4b942.jpg\" \/>\n\t<meta property=\"og:image:width\" content=\"940\" \/>\n\t<meta property=\"og:image:height\" content=\"529\" \/>\n\t<meta property=\"og:image:type\" content=\"image\/jpeg\" \/>\n<meta name=\"author\" content=\"cfeditorfr\" \/>\n<meta name=\"twitter:card\" content=\"summary_large_image\" \/>\n<meta name=\"twitter:label1\" content=\"\u00c9crit par\" \/>\n\t<meta name=\"twitter:data1\" content=\"cfeditorfr\" \/>\n\t<meta name=\"twitter:label2\" content=\"Dur\u00e9e de lecture estim\u00e9e\" \/>\n\t<meta name=\"twitter:data2\" content=\"2 minutes\" \/>\n<script type=\"application\/ld+json\" class=\"yoast-schema-graph\">{\"@context\":\"https:\/\/schema.org\",\"@graph\":[{\"@type\":\"Article\",\"@id\":\"https:\/\/www.africa-press.net\/cotedivoire\/economie\/la-fin-des-delestages-en-cote-divoire#article\",\"isPartOf\":{\"@id\":\"https:\/\/www.africa-press.net\/cotedivoire\/economie\/la-fin-des-delestages-en-cote-divoire\"},\"author\":{\"name\":\"cfeditorfr\",\"@id\":\"https:\/\/www.africa-press.net\/cotedivoire\/#\/schema\/person\/2b1cf3cd81a31e3cd26889ca66d677f1\"},\"headline\":\"La fin des d\u00e9lestages en C\u00f4te d\u2019Ivoire ?\",\"datePublished\":\"2021-08-12T10:32:14+00:00\",\"dateModified\":\"2021-08-12T18:51:42+00:00\",\"mainEntityOfPage\":{\"@id\":\"https:\/\/www.africa-press.net\/cotedivoire\/economie\/la-fin-des-delestages-en-cote-divoire\"},\"wordCount\":460,\"commentCount\":0,\"image\":{\"@id\":\"https:\/\/www.africa-press.net\/cotedivoire\/economie\/la-fin-des-delestages-en-cote-divoire#primaryimage\"},\"thumbnailUrl\":\"https:\/\/static.africa-press.net\/cote\/sites\/43\/2021\/08\/img-6114f37a4b942.jpg\",\"keywords\":[\"Africa Press\",\"Africa Press-C\u00f4te d'Ivoire\",\"C\u00d4TE D'IVOIRE\"],\"articleSection\":[\"\u00c9conomie\",\"homepage-french\",\"Toutes les actualit\u00e9s\"],\"inLanguage\":\"fr-FR\",\"potentialAction\":[{\"@type\":\"CommentAction\",\"name\":\"Comment\",\"target\":[\"https:\/\/www.africa-press.net\/cotedivoire\/economie\/la-fin-des-delestages-en-cote-divoire#respond\"]}]},{\"@type\":\"WebPage\",\"@id\":\"https:\/\/www.africa-press.net\/cotedivoire\/economie\/la-fin-des-delestages-en-cote-divoire\",\"url\":\"https:\/\/www.africa-press.net\/cotedivoire\/economie\/la-fin-des-delestages-en-cote-divoire\",\"name\":\"La fin des d\u00e9lestages en C\u00f4te d\u2019Ivoire ? - C\u00f4te d&#039;Ivoire\",\"isPartOf\":{\"@id\":\"https:\/\/www.africa-press.net\/cotedivoire\/#website\"},\"primaryImageOfPage\":{\"@id\":\"https:\/\/www.africa-press.net\/cotedivoire\/economie\/la-fin-des-delestages-en-cote-divoire#primaryimage\"},\"image\":{\"@id\":\"https:\/\/www.africa-press.net\/cotedivoire\/economie\/la-fin-des-delestages-en-cote-divoire#primaryimage\"},\"thumbnailUrl\":\"https:\/\/static.africa-press.net\/cote\/sites\/43\/2021\/08\/img-6114f37a4b942.jpg\",\"datePublished\":\"2021-08-12T10:32:14+00:00\",\"dateModified\":\"2021-08-12T18:51:42+00:00\",\"author\":{\"@id\":\"https:\/\/www.africa-press.net\/cotedivoire\/#\/schema\/person\/2b1cf3cd81a31e3cd26889ca66d677f1\"},\"description\":\"Apr\u00e8s quatre mois de rationnement, Abidjan a annonc\u00e9 officiellement la fin des coupures \u00e9lectriques li\u00e9es \u00e0 une s\u00e9rie de ...\",\"breadcrumb\":{\"@id\":\"https:\/\/www.africa-press.net\/cotedivoire\/economie\/la-fin-des-delestages-en-cote-divoire#breadcrumb\"},\"inLanguage\":\"fr-FR\",\"potentialAction\":[{\"@type\":\"ReadAction\",\"target\":[\"https:\/\/www.africa-press.net\/cotedivoire\/economie\/la-fin-des-delestages-en-cote-divoire\"]}]},{\"@type\":\"ImageObject\",\"inLanguage\":\"fr-FR\",\"@id\":\"https:\/\/www.africa-press.net\/cotedivoire\/economie\/la-fin-des-delestages-en-cote-divoire#primaryimage\",\"url\":\"https:\/\/static.africa-press.net\/cote\/sites\/43\/2021\/08\/img-6114f37a4b942.jpg\",\"contentUrl\":\"https:\/\/static.africa-press.net\/cote\/sites\/43\/2021\/08\/img-6114f37a4b942.jpg\",\"width\":940,\"height\":529,\"caption\":\"La fin des d\u00e9lestages en C\u00f4te d\u2019Ivoire ?\"},{\"@type\":\"BreadcrumbList\",\"@id\":\"https:\/\/www.africa-press.net\/cotedivoire\/economie\/la-fin-des-delestages-en-cote-divoire#breadcrumb\",\"itemListElement\":[{\"@type\":\"ListItem\",\"position\":1,\"name\":\"Accueil\",\"item\":\"https:\/\/www.africa-press.net\/cotedivoire\/\"},{\"@type\":\"ListItem\",\"position\":2,\"name\":\"La fin des d\u00e9lestages en C\u00f4te d\u2019Ivoire ?\"}]},{\"@type\":\"WebSite\",\"@id\":\"https:\/\/www.africa-press.net\/cotedivoire\/#website\",\"url\":\"https:\/\/www.africa-press.net\/cotedivoire\/\",\"name\":\"C\u00f4te d&#039;Ivoire\",\"description\":\"Just another Africa News Agency Sites site\",\"potentialAction\":[{\"@type\":\"SearchAction\",\"target\":{\"@type\":\"EntryPoint\",\"urlTemplate\":\"https:\/\/www.africa-press.net\/cotedivoire\/?s={search_term_string}\"},\"query-input\":{\"@type\":\"PropertyValueSpecification\",\"valueRequired\":true,\"valueName\":\"search_term_string\"}}],\"inLanguage\":\"fr-FR\"},{\"@type\":\"Person\",\"@id\":\"https:\/\/www.africa-press.net\/cotedivoire\/#\/schema\/person\/2b1cf3cd81a31e3cd26889ca66d677f1\",\"name\":\"cfeditorfr\"}]}<\/script>\n<!-- \/ Yoast SEO Premium plugin. -->","yoast_head_json":{"title":"La fin des d\u00e9lestages en C\u00f4te d\u2019Ivoire ? - C\u00f4te d&#039;Ivoire","description":"Apr\u00e8s quatre mois de rationnement, Abidjan a annonc\u00e9 officiellement la fin des coupures \u00e9lectriques li\u00e9es \u00e0 une s\u00e9rie de ...","robots":{"index":"index","follow":"follow","max-snippet":"max-snippet:-1","max-image-preview":"max-image-preview:large","max-video-preview":"max-video-preview:-1"},"canonical":"https:\/\/www.africa-press.net\/cotedivoire\/economie\/la-fin-des-delestages-en-cote-divoire","og_locale":"fr_FR","og_type":"article","og_title":"La fin des d\u00e9lestages en C\u00f4te d\u2019Ivoire ?","og_description":"Apr\u00e8s quatre mois de rationnement, Abidjan a annonc\u00e9 officiellement la fin des coupures \u00e9lectriques li\u00e9es \u00e0 une s\u00e9rie de ...","og_url":"https:\/\/www.africa-press.net\/cotedivoire\/economie\/la-fin-des-delestages-en-cote-divoire","og_site_name":"C\u00f4te d&#039;Ivoire","article_published_time":"2021-08-12T10:32:14+00:00","article_modified_time":"2021-08-12T18:51:42+00:00","og_image":[{"width":940,"height":529,"url":"https:\/\/static.africa-press.net\/cote\/sites\/43\/2021\/08\/img-6114f37a4b942.jpg","type":"image\/jpeg"}],"author":"cfeditorfr","twitter_card":"summary_large_image","twitter_misc":{"\u00c9crit par":"cfeditorfr","Dur\u00e9e de lecture estim\u00e9e":"2 minutes"},"schema":{"@context":"https:\/\/schema.org","@graph":[{"@type":"Article","@id":"https:\/\/www.africa-press.net\/cotedivoire\/economie\/la-fin-des-delestages-en-cote-divoire#article","isPartOf":{"@id":"https:\/\/www.africa-press.net\/cotedivoire\/economie\/la-fin-des-delestages-en-cote-divoire"},"author":{"name":"cfeditorfr","@id":"https:\/\/www.africa-press.net\/cotedivoire\/#\/schema\/person\/2b1cf3cd81a31e3cd26889ca66d677f1"},"headline":"La fin des d\u00e9lestages en C\u00f4te d\u2019Ivoire ?","datePublished":"2021-08-12T10:32:14+00:00","dateModified":"2021-08-12T18:51:42+00:00","mainEntityOfPage":{"@id":"https:\/\/www.africa-press.net\/cotedivoire\/economie\/la-fin-des-delestages-en-cote-divoire"},"wordCount":460,"commentCount":0,"image":{"@id":"https:\/\/www.africa-press.net\/cotedivoire\/economie\/la-fin-des-delestages-en-cote-divoire#primaryimage"},"thumbnailUrl":"https:\/\/static.africa-press.net\/cote\/sites\/43\/2021\/08\/img-6114f37a4b942.jpg","keywords":["Africa Press","Africa Press-C\u00f4te d'Ivoire","C\u00d4TE D'IVOIRE"],"articleSection":["\u00c9conomie","homepage-french","Toutes les actualit\u00e9s"],"inLanguage":"fr-FR","potentialAction":[{"@type":"CommentAction","name":"Comment","target":["https:\/\/www.africa-press.net\/cotedivoire\/economie\/la-fin-des-delestages-en-cote-divoire#respond"]}]},{"@type":"WebPage","@id":"https:\/\/www.africa-press.net\/cotedivoire\/economie\/la-fin-des-delestages-en-cote-divoire","url":"https:\/\/www.africa-press.net\/cotedivoire\/economie\/la-fin-des-delestages-en-cote-divoire","name":"La fin des d\u00e9lestages en C\u00f4te d\u2019Ivoire ? - C\u00f4te d&#039;Ivoire","isPartOf":{"@id":"https:\/\/www.africa-press.net\/cotedivoire\/#website"},"primaryImageOfPage":{"@id":"https:\/\/www.africa-press.net\/cotedivoire\/economie\/la-fin-des-delestages-en-cote-divoire#primaryimage"},"image":{"@id":"https:\/\/www.africa-press.net\/cotedivoire\/economie\/la-fin-des-delestages-en-cote-divoire#primaryimage"},"thumbnailUrl":"https:\/\/static.africa-press.net\/cote\/sites\/43\/2021\/08\/img-6114f37a4b942.jpg","datePublished":"2021-08-12T10:32:14+00:00","dateModified":"2021-08-12T18:51:42+00:00","author":{"@id":"https:\/\/www.africa-press.net\/cotedivoire\/#\/schema\/person\/2b1cf3cd81a31e3cd26889ca66d677f1"},"description":"Apr\u00e8s quatre mois de rationnement, Abidjan a annonc\u00e9 officiellement la fin des coupures \u00e9lectriques li\u00e9es \u00e0 une s\u00e9rie de ...","breadcrumb":{"@id":"https:\/\/www.africa-press.net\/cotedivoire\/economie\/la-fin-des-delestages-en-cote-divoire#breadcrumb"},"inLanguage":"fr-FR","potentialAction":[{"@type":"ReadAction","target":["https:\/\/www.africa-press.net\/cotedivoire\/economie\/la-fin-des-delestages-en-cote-divoire"]}]},{"@type":"ImageObject","inLanguage":"fr-FR","@id":"https:\/\/www.africa-press.net\/cotedivoire\/economie\/la-fin-des-delestages-en-cote-divoire#primaryimage","url":"https:\/\/static.africa-press.net\/cote\/sites\/43\/2021\/08\/img-6114f37a4b942.jpg","contentUrl":"https:\/\/static.africa-press.net\/cote\/sites\/43\/2021\/08\/img-6114f37a4b942.jpg","width":940,"height":529,"caption":"La fin des d\u00e9lestages en C\u00f4te d\u2019Ivoire ?"},{"@type":"BreadcrumbList","@id":"https:\/\/www.africa-press.net\/cotedivoire\/economie\/la-fin-des-delestages-en-cote-divoire#breadcrumb","itemListElement":[{"@type":"ListItem","position":1,"name":"Accueil","item":"https:\/\/www.africa-press.net\/cotedivoire\/"},{"@type":"ListItem","position":2,"name":"La fin des d\u00e9lestages en C\u00f4te d\u2019Ivoire ?"}]},{"@type":"WebSite","@id":"https:\/\/www.africa-press.net\/cotedivoire\/#website","url":"https:\/\/www.africa-press.net\/cotedivoire\/","name":"C\u00f4te d&#039;Ivoire","description":"Just another Africa News Agency Sites site","potentialAction":[{"@type":"SearchAction","target":{"@type":"EntryPoint","urlTemplate":"https:\/\/www.africa-press.net\/cotedivoire\/?s={search_term_string}"},"query-input":{"@type":"PropertyValueSpecification","valueRequired":true,"valueName":"search_term_string"}}],"inLanguage":"fr-FR"},{"@type":"Person","@id":"https:\/\/www.africa-press.net\/cotedivoire\/#\/schema\/person\/2b1cf3cd81a31e3cd26889ca66d677f1","name":"cfeditorfr"}]}},"_links":{"self":[{"href":"https:\/\/www.africa-press.net\/cotedivoire\/wp-json\/wp\/v2\/posts\/11274","targetHints":{"allow":["GET"]}}],"collection":[{"href":"https:\/\/www.africa-press.net\/cotedivoire\/wp-json\/wp\/v2\/posts"}],"about":[{"href":"https:\/\/www.africa-press.net\/cotedivoire\/wp-json\/wp\/v2\/types\/post"}],"author":[{"embeddable":true,"href":"https:\/\/www.africa-press.net\/cotedivoire\/wp-json\/wp\/v2\/users\/82"}],"replies":[{"embeddable":true,"href":"https:\/\/www.africa-press.net\/cotedivoire\/wp-json\/wp\/v2\/comments?post=11274"}],"version-history":[{"count":0,"href":"https:\/\/www.africa-press.net\/cotedivoire\/wp-json\/wp\/v2\/posts\/11274\/revisions"}],"wp:featuredmedia":[{"embeddable":true,"href":"https:\/\/www.africa-press.net\/cotedivoire\/wp-json\/wp\/v2\/media\/11273"}],"wp:attachment":[{"href":"https:\/\/www.africa-press.net\/cotedivoire\/wp-json\/wp\/v2\/media?parent=11274"}],"wp:term":[{"taxonomy":"category","embeddable":true,"href":"https:\/\/www.africa-press.net\/cotedivoire\/wp-json\/wp\/v2\/categories?post=11274"},{"taxonomy":"post_tag","embeddable":true,"href":"https:\/\/www.africa-press.net\/cotedivoire\/wp-json\/wp\/v2\/tags?post=11274"}],"curies":[{"name":"wp","href":"https:\/\/api.w.org\/{rel}","templated":true}]}}