{"id":112888,"date":"2026-02-16T13:21:10","date_gmt":"2026-02-16T13:21:10","guid":{"rendered":"https:\/\/www.africa-press.net\/cotedivoire\/politique\/moussa-sanogo-immerge-dans-les-services-du-logement"},"modified":"2026-02-16T14:00:12","modified_gmt":"2026-02-16T14:00:12","slug":"moussa-sanogo-immerge-dans-les-services-du-logement","status":"publish","type":"post","link":"https:\/\/www.africa-press.net\/cotedivoire\/politique\/moussa-sanogo-immerge-dans-les-services-du-logement","title":{"rendered":"Moussa Sanogo Immerge dans les Services du Logement"},"content":{"rendered":"<p><span style=\"color: #ff6600\"><strong>Africa-Press &#8211; C\u00f4te d&rsquo;Ivoire. <\/strong><\/span>A\u0300 peine installe\u0301 a\u0300 la te\u0302te du Ministe\u0300re de l\u2019Urbanisme, du Logement et du Cadre de Vie, Moussa Sanogo a choisi le terrain pour marquer le de\u0301but de son action. Du 11 au 13 fe\u0301vrier 2026, il a multiplie\u0301 les de\u0301placements dans les diffe\u0301rentes structures relevant de son de\u0301partement afin de prendre la mesure des re\u0301alite\u0301s administratives et techniques lie\u0301es au foncier et a\u0300 l\u2019ame\u0301nagement urbain.<\/p>\n<p>Sa premie\u0300re journe\u0301e l\u2019a conduit au Guichet Unique du Foncier, ou\u0300 il a parcouru plusieurs niveaux de la Tour A ainsi que les installations du Syste\u0300me Inte\u0301gre\u0301 de Gestion du Foncier Urbain. Au contact direct des agents, il s\u2019est informe\u0301 du fonctionnement concret des proce\u0301dures, des conditions de travail et des contraintes techniques rencontre\u0301es au quotidien. L\u2019occasion pour lui de mettre l\u2019accent sur la modernisation des outils, la simplification des de\u0301marches et la ne\u0301cessite\u0301 d\u2019une gestion foncie\u0300re plus fiable afin de re\u0301duire les litiges et renforcer la confiance des usagers.<\/p>\n<p>Le lendemain, le ministre a poursuivi ses e\u0301changes a\u0300 la Cite\u0301 administrative, visitant l\u2019ensemble des directions ge\u0301ne\u0301rales et centrales installe\u0301es a\u0300 la Tour D. Face aux e\u0301quipes, il a insiste\u0301 sur la responsabilite\u0301 du ministe\u0300re dans l\u2019organisation des villes et la qualite\u0301 du cadre de vie. Il a appele\u0301 les agents a\u0300 davantage de discipline professionnelle et a\u0300 une collaboration renforce\u0301e entre services pour re\u0301pondre aux attentes des populations.<\/p>\n<p>Au cours de cette me\u0302me journe\u0301e, il s\u2019est rendu a\u0300 Marcory ou\u0300 une ope\u0301ration de de\u0301molition visait un immeuble R+5 de\u0301clare\u0301 dangereux apre\u0300s expertise technique. Sa pre\u0301sence sur les lieux a e\u0301te\u0301 interpre\u0301te\u0301e comme un signal clair: les autorite\u0301s entendent maintenir la pression contre les constructions irre\u0301gulie\u0300res et privile\u0301gier la se\u0301curite\u0301 des habitants, me\u0302me lorsque les de\u0301cisions sont impopulaires.<\/p>\n<p>La tourne\u0301e s\u2019est conclue le 13 fe\u0301vrier par une visite du Guichet Unique du Permis de Construire et du Contro\u0302le Urbain aux Deux-Plateaux, puis de la Brigade d\u2019Investigation et de Contro\u0302le Urbain a\u0300 Attoban. Le ministre s\u2019est penche\u0301 sur les de\u0301lais de de\u0301livrance des autorisations, les contro\u0302les de chantiers et les me\u0301canismes de suivi des projets immobiliers. Il a souligne\u0301 que la rapidite\u0301 administrative devait de\u0301sormais s\u2019accompagner de transparence et de rigueur pour limiter l\u2019expansion des constructions anarchiques.<\/p>\n<p>A\u0300 travers cette se\u0301rie de visites, Moussa Sanogo affiche une orientation centre\u0301e sur la proximite\u0301 avec les agents et l\u2019efficacite\u0301 ope\u0301rationnelle, posant les bases d\u2019une gestion urbaine qu\u2019il souhaite plus structure\u0301e et plus se\u0301curise\u0301e pour les citoyens.<\/p>\n<p><strong>Pour plus d&rsquo;informations et d&rsquo;analyses sur la <span style=\"color: #ff6600\">C\u00f4te d&rsquo;Ivoire<\/span>, suivez <span style=\"color: #ff6600\">Africa-Press<\/span><\/strong><\/p>\n","protected":false},"excerpt":{"rendered":"<p>Africa-Press &#8211; C\u00f4te d&rsquo;Ivoire. A\u0300 peine installe\u0301 a\u0300 la te\u0302te du Ministe\u0300re de l\u2019Urbanisme, du Logement et du Cadre de Vie, Moussa Sanogo a choisi le terrain pour marquer le de\u0301but de son action. Du 11 au 13 fe\u0301vrier 2026, il a multiplie\u0301 les de\u0301placements dans les diffe\u0301rentes structures relevant de son de\u0301partement afin de [&hellip;]<\/p>\n","protected":false},"author":82,"featured_media":112887,"comment_status":"open","ping_status":"closed","sticky":false,"template":"","format":"standard","meta":{"footnotes":""},"categories":[2,10],"tags":[29,20339,3164,1102],"class_list":["post-112888","post","type-post","status-publish","format-standard","has-post-thumbnail","hentry","category-politique","category-toutes-les-actualites","tag-cote-divoire","tag-foncier-2","tag-logement","tag-moussa-sanogo"],"yoast_head":"<!-- This site is optimized with the Yoast SEO Premium plugin v26.1 (Yoast SEO v27.0) - https:\/\/yoast.com\/product\/yoast-seo-premium-wordpress\/ -->\n<title>Moussa Sanogo Immerge dans les Services du Logement - C\u00f4te d&#039;Ivoire<\/title>\n<meta name=\"description\" content=\"A\u0300 peine installe\u0301 a\u0300 la te\u0302te du Ministe\u0300re de l\u2019Urbanisme, du Logement et du Cadre de Vie, Moussa Sanogo a choisi le t ...\" \/>\n<meta name=\"robots\" content=\"index, follow, max-snippet:-1, max-image-preview:large, max-video-preview:-1\" \/>\n<link rel=\"canonical\" href=\"https:\/\/www.africa-press.net\/cotedivoire\/politique\/moussa-sanogo-immerge-dans-les-services-du-logement\" \/>\n<meta property=\"og:locale\" content=\"fr_FR\" \/>\n<meta property=\"og:type\" content=\"article\" \/>\n<meta property=\"og:title\" content=\"Moussa Sanogo Immerge dans les Services du Logement\" \/>\n<meta property=\"og:description\" content=\"A\u0300 peine installe\u0301 a\u0300 la te\u0302te du Ministe\u0300re de l\u2019Urbanisme, du Logement et du Cadre de Vie, Moussa Sanogo a choisi le t ...\" \/>\n<meta property=\"og:url\" content=\"https:\/\/www.africa-press.net\/cotedivoire\/politique\/moussa-sanogo-immerge-dans-les-services-du-logement\" \/>\n<meta property=\"og:site_name\" content=\"C\u00f4te d&#039;Ivoire\" \/>\n<meta property=\"article:published_time\" content=\"2026-02-16T13:21:10+00:00\" \/>\n<meta property=\"article:modified_time\" content=\"2026-02-16T14:00:12+00:00\" \/>\n<meta property=\"og:image\" content=\"https:\/\/static.africa-press.net\/cote\/sites\/43\/2026\/02\/sm_1771237785.030764.jpg\" \/>\n\t<meta property=\"og:image:width\" content=\"720\" \/>\n\t<meta property=\"og:image:height\" content=\"480\" \/>\n\t<meta property=\"og:image:type\" content=\"image\/jpeg\" \/>\n<meta name=\"author\" content=\"cfeditorfr\" \/>\n<meta name=\"twitter:card\" content=\"summary_large_image\" \/>\n<meta name=\"twitter:label1\" content=\"\u00c9crit par\" \/>\n\t<meta name=\"twitter:data1\" content=\"cfeditorfr\" \/>\n\t<meta name=\"twitter:label2\" content=\"Dur\u00e9e de lecture estim\u00e9e\" \/>\n\t<meta name=\"twitter:data2\" content=\"3 minutes\" \/>\n<script type=\"application\/ld+json\" class=\"yoast-schema-graph\">{\"@context\":\"https:\/\/schema.org\",\"@graph\":[{\"@type\":\"Article\",\"@id\":\"https:\/\/www.africa-press.net\/cotedivoire\/politique\/moussa-sanogo-immerge-dans-les-services-du-logement#article\",\"isPartOf\":{\"@id\":\"https:\/\/www.africa-press.net\/cotedivoire\/politique\/moussa-sanogo-immerge-dans-les-services-du-logement\"},\"author\":{\"name\":\"cfeditorfr\",\"@id\":\"https:\/\/www.africa-press.net\/cotedivoire\/#\/schema\/person\/2b1cf3cd81a31e3cd26889ca66d677f1\"},\"headline\":\"Moussa Sanogo Immerge dans les Services du Logement\",\"datePublished\":\"2026-02-16T13:21:10+00:00\",\"dateModified\":\"2026-02-16T14:00:12+00:00\",\"mainEntityOfPage\":{\"@id\":\"https:\/\/www.africa-press.net\/cotedivoire\/politique\/moussa-sanogo-immerge-dans-les-services-du-logement\"},\"wordCount\":503,\"commentCount\":0,\"image\":{\"@id\":\"https:\/\/www.africa-press.net\/cotedivoire\/politique\/moussa-sanogo-immerge-dans-les-services-du-logement#primaryimage\"},\"thumbnailUrl\":\"https:\/\/static.africa-press.net\/cote\/sites\/43\/2026\/02\/sm_1771237785.030764.jpg\",\"keywords\":[\"C\u00d4TE D'IVOIRE\",\"foncier'\",\"Logement\",\"Moussa Sanogo\"],\"articleSection\":[\"Politique\",\"Toutes les actualit\u00e9s\"],\"inLanguage\":\"fr-FR\",\"potentialAction\":[{\"@type\":\"CommentAction\",\"name\":\"Comment\",\"target\":[\"https:\/\/www.africa-press.net\/cotedivoire\/politique\/moussa-sanogo-immerge-dans-les-services-du-logement#respond\"]}]},{\"@type\":\"WebPage\",\"@id\":\"https:\/\/www.africa-press.net\/cotedivoire\/politique\/moussa-sanogo-immerge-dans-les-services-du-logement\",\"url\":\"https:\/\/www.africa-press.net\/cotedivoire\/politique\/moussa-sanogo-immerge-dans-les-services-du-logement\",\"name\":\"Moussa Sanogo Immerge dans les Services du Logement - C\u00f4te d&#039;Ivoire\",\"isPartOf\":{\"@id\":\"https:\/\/www.africa-press.net\/cotedivoire\/#website\"},\"primaryImageOfPage\":{\"@id\":\"https:\/\/www.africa-press.net\/cotedivoire\/politique\/moussa-sanogo-immerge-dans-les-services-du-logement#primaryimage\"},\"image\":{\"@id\":\"https:\/\/www.africa-press.net\/cotedivoire\/politique\/moussa-sanogo-immerge-dans-les-services-du-logement#primaryimage\"},\"thumbnailUrl\":\"https:\/\/static.africa-press.net\/cote\/sites\/43\/2026\/02\/sm_1771237785.030764.jpg\",\"datePublished\":\"2026-02-16T13:21:10+00:00\",\"dateModified\":\"2026-02-16T14:00:12+00:00\",\"author\":{\"@id\":\"https:\/\/www.africa-press.net\/cotedivoire\/#\/schema\/person\/2b1cf3cd81a31e3cd26889ca66d677f1\"},\"description\":\"A\u0300 peine installe\u0301 a\u0300 la te\u0302te du Ministe\u0300re de l\u2019Urbanisme, du Logement et du Cadre de Vie, Moussa Sanogo a choisi le t ...\",\"breadcrumb\":{\"@id\":\"https:\/\/www.africa-press.net\/cotedivoire\/politique\/moussa-sanogo-immerge-dans-les-services-du-logement#breadcrumb\"},\"inLanguage\":\"fr-FR\",\"potentialAction\":[{\"@type\":\"ReadAction\",\"target\":[\"https:\/\/www.africa-press.net\/cotedivoire\/politique\/moussa-sanogo-immerge-dans-les-services-du-logement\"]}]},{\"@type\":\"ImageObject\",\"inLanguage\":\"fr-FR\",\"@id\":\"https:\/\/www.africa-press.net\/cotedivoire\/politique\/moussa-sanogo-immerge-dans-les-services-du-logement#primaryimage\",\"url\":\"https:\/\/static.africa-press.net\/cote\/sites\/43\/2026\/02\/sm_1771237785.030764.jpg\",\"contentUrl\":\"https:\/\/static.africa-press.net\/cote\/sites\/43\/2026\/02\/sm_1771237785.030764.jpg\",\"width\":720,\"height\":480,\"caption\":\"Moussa Sanogo Immerge dans les Services du Logement\"},{\"@type\":\"BreadcrumbList\",\"@id\":\"https:\/\/www.africa-press.net\/cotedivoire\/politique\/moussa-sanogo-immerge-dans-les-services-du-logement#breadcrumb\",\"itemListElement\":[{\"@type\":\"ListItem\",\"position\":1,\"name\":\"Accueil\",\"item\":\"https:\/\/www.africa-press.net\/cotedivoire\/\"},{\"@type\":\"ListItem\",\"position\":2,\"name\":\"Moussa Sanogo Immerge dans les Services du Logement\"}]},{\"@type\":\"WebSite\",\"@id\":\"https:\/\/www.africa-press.net\/cotedivoire\/#website\",\"url\":\"https:\/\/www.africa-press.net\/cotedivoire\/\",\"name\":\"C\u00f4te d&#039;Ivoire\",\"description\":\"Just another Africa News Agency Sites site\",\"potentialAction\":[{\"@type\":\"SearchAction\",\"target\":{\"@type\":\"EntryPoint\",\"urlTemplate\":\"https:\/\/www.africa-press.net\/cotedivoire\/?s={search_term_string}\"},\"query-input\":{\"@type\":\"PropertyValueSpecification\",\"valueRequired\":true,\"valueName\":\"search_term_string\"}}],\"inLanguage\":\"fr-FR\"},{\"@type\":\"Person\",\"@id\":\"https:\/\/www.africa-press.net\/cotedivoire\/#\/schema\/person\/2b1cf3cd81a31e3cd26889ca66d677f1\",\"name\":\"cfeditorfr\"}]}<\/script>\n<!-- \/ Yoast SEO Premium plugin. -->","yoast_head_json":{"title":"Moussa Sanogo Immerge dans les Services du Logement - C\u00f4te d&#039;Ivoire","description":"A\u0300 peine installe\u0301 a\u0300 la te\u0302te du Ministe\u0300re de l\u2019Urbanisme, du Logement et du Cadre de Vie, Moussa Sanogo a choisi le t ...","robots":{"index":"index","follow":"follow","max-snippet":"max-snippet:-1","max-image-preview":"max-image-preview:large","max-video-preview":"max-video-preview:-1"},"canonical":"https:\/\/www.africa-press.net\/cotedivoire\/politique\/moussa-sanogo-immerge-dans-les-services-du-logement","og_locale":"fr_FR","og_type":"article","og_title":"Moussa Sanogo Immerge dans les Services du Logement","og_description":"A\u0300 peine installe\u0301 a\u0300 la te\u0302te du Ministe\u0300re de l\u2019Urbanisme, du Logement et du Cadre de Vie, Moussa Sanogo a choisi le t ...","og_url":"https:\/\/www.africa-press.net\/cotedivoire\/politique\/moussa-sanogo-immerge-dans-les-services-du-logement","og_site_name":"C\u00f4te d&#039;Ivoire","article_published_time":"2026-02-16T13:21:10+00:00","article_modified_time":"2026-02-16T14:00:12+00:00","og_image":[{"width":720,"height":480,"url":"https:\/\/static.africa-press.net\/cote\/sites\/43\/2026\/02\/sm_1771237785.030764.jpg","type":"image\/jpeg"}],"author":"cfeditorfr","twitter_card":"summary_large_image","twitter_misc":{"\u00c9crit par":"cfeditorfr","Dur\u00e9e de lecture estim\u00e9e":"3 minutes"},"schema":{"@context":"https:\/\/schema.org","@graph":[{"@type":"Article","@id":"https:\/\/www.africa-press.net\/cotedivoire\/politique\/moussa-sanogo-immerge-dans-les-services-du-logement#article","isPartOf":{"@id":"https:\/\/www.africa-press.net\/cotedivoire\/politique\/moussa-sanogo-immerge-dans-les-services-du-logement"},"author":{"name":"cfeditorfr","@id":"https:\/\/www.africa-press.net\/cotedivoire\/#\/schema\/person\/2b1cf3cd81a31e3cd26889ca66d677f1"},"headline":"Moussa Sanogo Immerge dans les Services du Logement","datePublished":"2026-02-16T13:21:10+00:00","dateModified":"2026-02-16T14:00:12+00:00","mainEntityOfPage":{"@id":"https:\/\/www.africa-press.net\/cotedivoire\/politique\/moussa-sanogo-immerge-dans-les-services-du-logement"},"wordCount":503,"commentCount":0,"image":{"@id":"https:\/\/www.africa-press.net\/cotedivoire\/politique\/moussa-sanogo-immerge-dans-les-services-du-logement#primaryimage"},"thumbnailUrl":"https:\/\/static.africa-press.net\/cote\/sites\/43\/2026\/02\/sm_1771237785.030764.jpg","keywords":["C\u00d4TE D'IVOIRE","foncier'","Logement","Moussa Sanogo"],"articleSection":["Politique","Toutes les actualit\u00e9s"],"inLanguage":"fr-FR","potentialAction":[{"@type":"CommentAction","name":"Comment","target":["https:\/\/www.africa-press.net\/cotedivoire\/politique\/moussa-sanogo-immerge-dans-les-services-du-logement#respond"]}]},{"@type":"WebPage","@id":"https:\/\/www.africa-press.net\/cotedivoire\/politique\/moussa-sanogo-immerge-dans-les-services-du-logement","url":"https:\/\/www.africa-press.net\/cotedivoire\/politique\/moussa-sanogo-immerge-dans-les-services-du-logement","name":"Moussa Sanogo Immerge dans les Services du Logement - C\u00f4te d&#039;Ivoire","isPartOf":{"@id":"https:\/\/www.africa-press.net\/cotedivoire\/#website"},"primaryImageOfPage":{"@id":"https:\/\/www.africa-press.net\/cotedivoire\/politique\/moussa-sanogo-immerge-dans-les-services-du-logement#primaryimage"},"image":{"@id":"https:\/\/www.africa-press.net\/cotedivoire\/politique\/moussa-sanogo-immerge-dans-les-services-du-logement#primaryimage"},"thumbnailUrl":"https:\/\/static.africa-press.net\/cote\/sites\/43\/2026\/02\/sm_1771237785.030764.jpg","datePublished":"2026-02-16T13:21:10+00:00","dateModified":"2026-02-16T14:00:12+00:00","author":{"@id":"https:\/\/www.africa-press.net\/cotedivoire\/#\/schema\/person\/2b1cf3cd81a31e3cd26889ca66d677f1"},"description":"A\u0300 peine installe\u0301 a\u0300 la te\u0302te du Ministe\u0300re de l\u2019Urbanisme, du Logement et du Cadre de Vie, Moussa Sanogo a choisi le t ...","breadcrumb":{"@id":"https:\/\/www.africa-press.net\/cotedivoire\/politique\/moussa-sanogo-immerge-dans-les-services-du-logement#breadcrumb"},"inLanguage":"fr-FR","potentialAction":[{"@type":"ReadAction","target":["https:\/\/www.africa-press.net\/cotedivoire\/politique\/moussa-sanogo-immerge-dans-les-services-du-logement"]}]},{"@type":"ImageObject","inLanguage":"fr-FR","@id":"https:\/\/www.africa-press.net\/cotedivoire\/politique\/moussa-sanogo-immerge-dans-les-services-du-logement#primaryimage","url":"https:\/\/static.africa-press.net\/cote\/sites\/43\/2026\/02\/sm_1771237785.030764.jpg","contentUrl":"https:\/\/static.africa-press.net\/cote\/sites\/43\/2026\/02\/sm_1771237785.030764.jpg","width":720,"height":480,"caption":"Moussa Sanogo Immerge dans les Services du Logement"},{"@type":"BreadcrumbList","@id":"https:\/\/www.africa-press.net\/cotedivoire\/politique\/moussa-sanogo-immerge-dans-les-services-du-logement#breadcrumb","itemListElement":[{"@type":"ListItem","position":1,"name":"Accueil","item":"https:\/\/www.africa-press.net\/cotedivoire\/"},{"@type":"ListItem","position":2,"name":"Moussa Sanogo Immerge dans les Services du Logement"}]},{"@type":"WebSite","@id":"https:\/\/www.africa-press.net\/cotedivoire\/#website","url":"https:\/\/www.africa-press.net\/cotedivoire\/","name":"C\u00f4te d&#039;Ivoire","description":"Just another Africa News Agency Sites site","potentialAction":[{"@type":"SearchAction","target":{"@type":"EntryPoint","urlTemplate":"https:\/\/www.africa-press.net\/cotedivoire\/?s={search_term_string}"},"query-input":{"@type":"PropertyValueSpecification","valueRequired":true,"valueName":"search_term_string"}}],"inLanguage":"fr-FR"},{"@type":"Person","@id":"https:\/\/www.africa-press.net\/cotedivoire\/#\/schema\/person\/2b1cf3cd81a31e3cd26889ca66d677f1","name":"cfeditorfr"}]}},"_links":{"self":[{"href":"https:\/\/www.africa-press.net\/cotedivoire\/wp-json\/wp\/v2\/posts\/112888","targetHints":{"allow":["GET"]}}],"collection":[{"href":"https:\/\/www.africa-press.net\/cotedivoire\/wp-json\/wp\/v2\/posts"}],"about":[{"href":"https:\/\/www.africa-press.net\/cotedivoire\/wp-json\/wp\/v2\/types\/post"}],"author":[{"embeddable":true,"href":"https:\/\/www.africa-press.net\/cotedivoire\/wp-json\/wp\/v2\/users\/82"}],"replies":[{"embeddable":true,"href":"https:\/\/www.africa-press.net\/cotedivoire\/wp-json\/wp\/v2\/comments?post=112888"}],"version-history":[{"count":0,"href":"https:\/\/www.africa-press.net\/cotedivoire\/wp-json\/wp\/v2\/posts\/112888\/revisions"}],"wp:featuredmedia":[{"embeddable":true,"href":"https:\/\/www.africa-press.net\/cotedivoire\/wp-json\/wp\/v2\/media\/112887"}],"wp:attachment":[{"href":"https:\/\/www.africa-press.net\/cotedivoire\/wp-json\/wp\/v2\/media?parent=112888"}],"wp:term":[{"taxonomy":"category","embeddable":true,"href":"https:\/\/www.africa-press.net\/cotedivoire\/wp-json\/wp\/v2\/categories?post=112888"},{"taxonomy":"post_tag","embeddable":true,"href":"https:\/\/www.africa-press.net\/cotedivoire\/wp-json\/wp\/v2\/tags?post=112888"}],"curies":[{"name":"wp","href":"https:\/\/api.w.org\/{rel}","templated":true}]}}