{"id":11293,"date":"2021-08-13T12:22:57","date_gmt":"2021-08-13T12:22:57","guid":{"rendered":"https:\/\/www.africa-press.net\/cotedivoire\/?p=11293"},"modified":"2021-08-13T20:47:54","modified_gmt":"2021-08-13T20:47:54","slug":"cote-divoire-pour-sa-conseillere-en-communication-francaise-affi-est-un-vrai-democrate-lui-qui-est-president-du-fpi-depuis-20-ans","status":"publish","type":"post","link":"https:\/\/www.africa-press.net\/cotedivoire\/politique\/cote-divoire-pour-sa-conseillere-en-communication-francaise-affi-est-un-vrai-democrate-lui-qui-est-president-du-fpi-depuis-20-ans","title":{"rendered":"Pour sa conseill\u00e8re en communication fran\u00e7aise, Affi est un \u00ab\u00a0vrai d\u00e9mocrate\u00a0\u00bb, lui qui est pr\u00e9sident du FPI depuis 20 ans"},"content":{"rendered":"<p><span style=\"color: #ff6600\"><strong><a href=\"https:\/\/www.africa-press.net\/\">Africa-Press<\/a> &#8211; <a href=\"https:\/\/www.africa-press.net\/cotedivoire\">C\u00f4te d&rsquo;Ivoire<\/a>. <\/strong><\/span><b>Pourquoi Affi n\u2019est pas plus d\u00e9mocrate que Laurent Gbagbo<\/b><\/p>\n<p>C\u2019est \u00e0 ne plus comprendre Affi et son groupe qui ont d\u00e9cid\u00e9 de prendre la pr\u00e9sidence du Front Populaire Ivoirien en otage, avec la complicit\u00e9 du pouvoir d\u2019Abidjan, avant de perdre tout cr\u00e9dit en soutenant l\u2019insurrection voulue par Soro contre ce m\u00eame pouvoir, avec leur affaire de CNT.<\/p>\n<p>Vous dites qu\u2019un parti vous appartient, les autres disent bon OK, on vous laisse g\u00e9rer votre parti, mais diantre, pourquoi au lieu de vous sentir heureux du d\u00e9part des autres, vous ne faites que vous lamenter depuis ?<\/p>\n<p>Genevi\u00e8ve Go\u00ebtzinger, citoyenne d\u2019un pays \u00e0 la culture d\u00e9mocratique suppos\u00e9e avanc\u00e9e, la France ici, ne trouve rien \u00e0 redire alors que Affi est pr\u00e9sident du FPI depuis 20 ans, mais trouve mati\u00e8re \u00e0 se lamenter quand il s\u2019agit de Laurent Gbagbo, celui-l\u00e0 qui contrairement \u00e0 beaucoup de chef d\u2019\u00c9tat africains a pr\u00e9f\u00e9r\u00e9 laisser la pr\u00e9sidence du FPI \u00e0 Affi en 2001, une fois \u00e9lu Pr\u00e9sident de la r\u00e9publique de C\u00f4te-d\u2019Ivoire. Ils sont combien en France ceux qui dirigent un parti politique pendant vingt ans sans passer la main aux plus jeunes ?<\/p>\n<p>On veut bien croire en la bonne foi d\u2019Affi N\u2019Guessan quand lui et ses suiveurs affirment que Laurent Gbagbo est un assoiff\u00e9 de pouvoir, mais seulement si le m\u00eame Affi joue la m\u00eame partition qu\u2019un Mamadou Koulibaly qui, apr\u00e8s deux mandats a choisi de quitter la pr\u00e9sidence de Lider. Mais se comporter comme B\u00e9di\u00e9 ou encore Houphou\u00ebt-Boigny, rester 20 ann\u00e9es \u00e0 la t\u00eate d\u2019un parti politique comme le FPI, vous enl\u00e8ve toute l\u00e9gitim\u00e9 de vouloir taxer les autres d\u2019assoiff\u00e9s de pouvoir, car vous n\u2019\u00eates en rien diff\u00e9rent de ceux que vous tentez de salir en bon d\u00e9magogues.<\/p>\n<p>Les tensions entre Laurent Gbagbo et Pascal Affi N\u2019Guessan autour du FPI ne cessent de susciter des r\u00e9actions. L\u2019ex DG de RFI et communicante politique de Pascal Affi N\u2019guessan, Genevi\u00e8ve Goetzinger dans une tribune publi\u00e9e ce Mercredi 11 Juin, a fustig\u00e9e l\u2019attitude de l\u2019ancien chef d\u2019\u00e9tat, qu\u2019elle accuse de \u00ab fracturer la gauche Ivoirienne \u00bb. Elle resitue \u00e9galement les grandes lignes du combat du d\u00e9put\u00e9 de l\u2019ex chef de gouvernement, qui selon elle, m\u00e8ne une lutte en faveur de la restauration de la d\u00e9mocratie.<\/p>\n<p>Circulez, il n\u2019y a rien \u00e0 voir. Ce 9 ao\u00fbt, Laurent Gbagbo a instruit \u00e0 l\u2019encontre de Pascal Affi N\u2019Guessan l\u2019un de ces proc\u00e8s rondement men\u00e9s, dans l\u2019esprit de ceux dont, en d\u2019autres temps, Moscou d\u00e9tenait le triste privil\u00e8ge. Un r\u00e9quisitoire lapidaire devant un auditoire acquis, afin d\u2019acter une rupture brutale et irr\u00e9vocable !<\/p>\n<p>Laurent Gbagbo a fait le choix de mettre fin de mani\u00e8re unilat\u00e9rale au suspense sur la r\u00e9conciliation du FPI en jetant l\u2019\u00e9ponge. Il ne s\u2019assi\u00e9ra pas et ne discutera pas avec son ancien Premier Ministre, Pascal Affi N\u2019Guessan, autour de l\u2019unit\u00e9 du parti. Il ne donnera pas suite \u00e0 la main tendue, aux demandes d\u2019audiences, \u00e0 la recherche obstin\u00e9e de clarification et de r\u00e9conciliation.<\/p>\n<p>Il affiche \u00e0 l\u2019inverse une haine d\u00e9sormais compulsive, presque obsessionnelle, \u00e0 l\u2019encontre de celui qui pr\u00e9side depuis 20 ans le FPI, celui qui fut son premier Premier ministre, celui qui, le 12 avril 2011, \u00e0 l\u2019h\u00f4tel Pergola s\u2019insurgea aux yeux du monde contre le sort qui lui \u00e9tait r\u00e9serv\u00e9 et en paya le prix fort \u00e0 la prison de Bouna.<\/p>\n<p>Il prend ainsi la responsabilit\u00e9 devant la Nation ivoirienne tout enti\u00e8re, de fracturer la gauche. A Affi, le FPI ; \u00e0 Gbagbo, 76 ans et des poussi\u00e8res, l\u2019aventure d\u2019un nouveau parti. Une aventure qui a pour lui, le go\u00fbt amer de l\u2019\u00e9chec. Si l\u2019ancien pr\u00e9sident de la R\u00e9publique laisse tomber le FPI, c\u2019est bel et bien parce qu\u2019il a pris la mesure d\u2019un rapport de forces qui lui \u00e9tait d\u00e9favorable. Il ent\u00e9rine la victoire du droit, de la l\u00e9galit\u00e9, sur la dissidence.<\/p>\n<p>Car, il ne faut pas s\u2019y tromper. Ce qui se joue ces jours-ci \u00e0 Abidjan, ne se r\u00e9sume pas \u00e0 une banale querelle de succession ou \u00e0 un classique conflit entre deux t\u00e9nors d\u2019un parti politique.<\/p>\n<p>Ce qui se joue \u00e0 Abidjan, ce n\u2019est pas un simple r\u00e8glement de comptes entre l\u2019ancien pr\u00e9sident ivoirien Laurent Gbagbo et son ex Premier ministre, Pascal Affi N\u2019Guessan.<\/p>\n<p>Ce qui se joue \u00e0 Abidjan, ce n\u2019est ni une r\u00e9pudiation, un parricide ou un infanticide, selon le point de vue duquel on choisisse de se placer.<\/p>\n<p>Ce qui se joue \u00e0 Abidjan, c\u2019est la capacit\u00e9 de rompre avec un condens\u00e9 de ces maux qui mine trop souvent la politique en Afrique, condamne au statu quo et fait que l\u2019on meurt au pouvoir ou \u00e0 d\u00e9faut \u00e0 la t\u00eate de son parti.<\/p>\n<p>Ce qui se joue \u00e0 Abidjan, c\u2019est la volont\u00e9 de d\u00e9passer une vision \u00e9gotique, patrimoniale, client\u00e9liste et finalement archa\u00efque de la politique.<\/p>\n<p>Ce qui se joue \u00e0 Abidjan, c\u2019est \u00e0 l\u2019inverse la bataille pour une certaine vision de la politique, respectueuse des r\u00e8gles et soucieuse de permettre des passages de relais fluides entre des g\u00e9n\u00e9rations de leaders. Depuis lundi, Affi est encore un peu davantage porteur de cette esp\u00e9rance-l\u00e0.<\/p>\n<p>Ce qui se joue \u00e0 Abidjan ne concerne pas la seule gauche ivoirienne mais pourrait entrainer une onde de choc sur les autres familles politiques.<\/p>\n<p>Pour toutes ces raisons, Abidjan est devenue cette semaine l\u2019\u00e9picentre du combat africain pour la d\u00e9mocratie r\u00e9elle.<\/p>\n<p>&nbsp;<\/p>\n","protected":false},"excerpt":{"rendered":"<p>Africa-Press &#8211; C\u00f4te d&rsquo;Ivoire. Pourquoi Affi n\u2019est pas plus d\u00e9mocrate que Laurent Gbagbo C\u2019est \u00e0 ne plus comprendre Affi et son groupe qui ont d\u00e9cid\u00e9 de prendre la pr\u00e9sidence du Front Populaire Ivoirien en otage, avec la complicit\u00e9 du pouvoir d\u2019Abidjan, avant de perdre tout cr\u00e9dit en soutenant l\u2019insurrection voulue par Soro contre ce m\u00eame [&hellip;]<\/p>\n","protected":false},"author":82,"featured_media":11292,"comment_status":"open","ping_status":"closed","sticky":false,"template":"","format":"standard","meta":{"footnotes":""},"categories":[11,2,10],"tags":[56,63,29],"class_list":["post-11293","post","type-post","status-publish","format-standard","has-post-thumbnail","hentry","category-homepage-french","category-politique","category-toutes-les-actualites","tag-africa-press","tag-africa-press-cote-divoire","tag-cote-divoire"],"yoast_head":"<!-- This site is optimized with the Yoast SEO Premium plugin v26.1 (Yoast SEO v27.0) - https:\/\/yoast.com\/product\/yoast-seo-premium-wordpress\/ -->\n<title>Pour sa conseill\u00e8re en communication fran\u00e7aise, Affi est un \u00ab\u00a0vrai d\u00e9mocrate\u00a0\u00bb, lui qui est pr\u00e9sident du FPI depuis 20 ans - C\u00f4te d&#039;Ivoire<\/title>\n<meta name=\"description\" content=\"Pourquoi Affi n\u2019est pas plus d\u00e9mocrate que Laurent Gbagbo C\u2019est \u00e0 ne plus comprendre Affi et son groupe qui ont ...\" \/>\n<meta name=\"robots\" content=\"index, follow, max-snippet:-1, max-image-preview:large, max-video-preview:-1\" \/>\n<link rel=\"canonical\" href=\"https:\/\/www.africa-press.net\/cotedivoire\/politique\/cote-divoire-pour-sa-conseillere-en-communication-francaise-affi-est-un-vrai-democrate-lui-qui-est-president-du-fpi-depuis-20-ans\" \/>\n<meta property=\"og:locale\" content=\"fr_FR\" \/>\n<meta property=\"og:type\" content=\"article\" \/>\n<meta property=\"og:title\" content=\"Pour sa conseill\u00e8re en communication fran\u00e7aise, Affi est un \u00ab\u00a0vrai d\u00e9mocrate\u00a0\u00bb, lui qui est pr\u00e9sident du FPI depuis 20 ans\" \/>\n<meta property=\"og:description\" content=\"Pourquoi Affi n\u2019est pas plus d\u00e9mocrate que Laurent Gbagbo C\u2019est \u00e0 ne plus comprendre Affi et son groupe qui ont ...\" \/>\n<meta property=\"og:url\" content=\"https:\/\/www.africa-press.net\/cotedivoire\/politique\/cote-divoire-pour-sa-conseillere-en-communication-francaise-affi-est-un-vrai-democrate-lui-qui-est-president-du-fpi-depuis-20-ans\" \/>\n<meta property=\"og:site_name\" content=\"C\u00f4te d&#039;Ivoire\" \/>\n<meta property=\"article:published_time\" content=\"2021-08-13T12:22:57+00:00\" \/>\n<meta property=\"article:modified_time\" content=\"2021-08-13T20:47:54+00:00\" \/>\n<meta property=\"og:image\" content=\"https:\/\/static.africa-press.net\/cote\/sites\/43\/2021\/08\/img-6116639f09bba.jpg\" \/>\n\t<meta property=\"og:image:width\" content=\"1200\" \/>\n\t<meta property=\"og:image:height\" content=\"900\" \/>\n\t<meta property=\"og:image:type\" content=\"image\/jpeg\" \/>\n<meta name=\"author\" content=\"cfeditorfr\" \/>\n<meta name=\"twitter:card\" content=\"summary_large_image\" \/>\n<meta name=\"twitter:label1\" content=\"\u00c9crit par\" \/>\n\t<meta name=\"twitter:data1\" content=\"cfeditorfr\" \/>\n\t<meta name=\"twitter:label2\" content=\"Dur\u00e9e de lecture estim\u00e9e\" \/>\n\t<meta name=\"twitter:data2\" content=\"4 minutes\" \/>\n<script type=\"application\/ld+json\" class=\"yoast-schema-graph\">{\"@context\":\"https:\/\/schema.org\",\"@graph\":[{\"@type\":\"Article\",\"@id\":\"https:\/\/www.africa-press.net\/cotedivoire\/politique\/cote-divoire-pour-sa-conseillere-en-communication-francaise-affi-est-un-vrai-democrate-lui-qui-est-president-du-fpi-depuis-20-ans#article\",\"isPartOf\":{\"@id\":\"https:\/\/www.africa-press.net\/cotedivoire\/politique\/cote-divoire-pour-sa-conseillere-en-communication-francaise-affi-est-un-vrai-democrate-lui-qui-est-president-du-fpi-depuis-20-ans\"},\"author\":{\"name\":\"cfeditorfr\",\"@id\":\"https:\/\/www.africa-press.net\/cotedivoire\/#\/schema\/person\/2b1cf3cd81a31e3cd26889ca66d677f1\"},\"headline\":\"Pour sa conseill\u00e8re en communication fran\u00e7aise, Affi est un \u00ab\u00a0vrai d\u00e9mocrate\u00a0\u00bb, lui qui est pr\u00e9sident du FPI depuis 20 ans\",\"datePublished\":\"2021-08-13T12:22:57+00:00\",\"dateModified\":\"2021-08-13T20:47:54+00:00\",\"mainEntityOfPage\":{\"@id\":\"https:\/\/www.africa-press.net\/cotedivoire\/politique\/cote-divoire-pour-sa-conseillere-en-communication-francaise-affi-est-un-vrai-democrate-lui-qui-est-president-du-fpi-depuis-20-ans\"},\"wordCount\":1001,\"commentCount\":0,\"image\":{\"@id\":\"https:\/\/www.africa-press.net\/cotedivoire\/politique\/cote-divoire-pour-sa-conseillere-en-communication-francaise-affi-est-un-vrai-democrate-lui-qui-est-president-du-fpi-depuis-20-ans#primaryimage\"},\"thumbnailUrl\":\"https:\/\/static.africa-press.net\/cote\/sites\/43\/2021\/08\/img-6116639f09bba.jpg\",\"keywords\":[\"Africa Press\",\"Africa Press-C\u00f4te d'Ivoire\",\"C\u00d4TE D'IVOIRE\"],\"articleSection\":[\"homepage-french\",\"Politique\",\"Toutes les actualit\u00e9s\"],\"inLanguage\":\"fr-FR\",\"potentialAction\":[{\"@type\":\"CommentAction\",\"name\":\"Comment\",\"target\":[\"https:\/\/www.africa-press.net\/cotedivoire\/politique\/cote-divoire-pour-sa-conseillere-en-communication-francaise-affi-est-un-vrai-democrate-lui-qui-est-president-du-fpi-depuis-20-ans#respond\"]}]},{\"@type\":\"WebPage\",\"@id\":\"https:\/\/www.africa-press.net\/cotedivoire\/politique\/cote-divoire-pour-sa-conseillere-en-communication-francaise-affi-est-un-vrai-democrate-lui-qui-est-president-du-fpi-depuis-20-ans\",\"url\":\"https:\/\/www.africa-press.net\/cotedivoire\/politique\/cote-divoire-pour-sa-conseillere-en-communication-francaise-affi-est-un-vrai-democrate-lui-qui-est-president-du-fpi-depuis-20-ans\",\"name\":\"Pour sa conseill\u00e8re en communication fran\u00e7aise, Affi est un \u00ab\u00a0vrai d\u00e9mocrate\u00a0\u00bb, lui qui est pr\u00e9sident du FPI depuis 20 ans - C\u00f4te d&#039;Ivoire\",\"isPartOf\":{\"@id\":\"https:\/\/www.africa-press.net\/cotedivoire\/#website\"},\"primaryImageOfPage\":{\"@id\":\"https:\/\/www.africa-press.net\/cotedivoire\/politique\/cote-divoire-pour-sa-conseillere-en-communication-francaise-affi-est-un-vrai-democrate-lui-qui-est-president-du-fpi-depuis-20-ans#primaryimage\"},\"image\":{\"@id\":\"https:\/\/www.africa-press.net\/cotedivoire\/politique\/cote-divoire-pour-sa-conseillere-en-communication-francaise-affi-est-un-vrai-democrate-lui-qui-est-president-du-fpi-depuis-20-ans#primaryimage\"},\"thumbnailUrl\":\"https:\/\/static.africa-press.net\/cote\/sites\/43\/2021\/08\/img-6116639f09bba.jpg\",\"datePublished\":\"2021-08-13T12:22:57+00:00\",\"dateModified\":\"2021-08-13T20:47:54+00:00\",\"author\":{\"@id\":\"https:\/\/www.africa-press.net\/cotedivoire\/#\/schema\/person\/2b1cf3cd81a31e3cd26889ca66d677f1\"},\"description\":\"Pourquoi Affi n\u2019est pas plus d\u00e9mocrate que Laurent Gbagbo C\u2019est \u00e0 ne plus comprendre Affi et son groupe qui ont ...\",\"breadcrumb\":{\"@id\":\"https:\/\/www.africa-press.net\/cotedivoire\/politique\/cote-divoire-pour-sa-conseillere-en-communication-francaise-affi-est-un-vrai-democrate-lui-qui-est-president-du-fpi-depuis-20-ans#breadcrumb\"},\"inLanguage\":\"fr-FR\",\"potentialAction\":[{\"@type\":\"ReadAction\",\"target\":[\"https:\/\/www.africa-press.net\/cotedivoire\/politique\/cote-divoire-pour-sa-conseillere-en-communication-francaise-affi-est-un-vrai-democrate-lui-qui-est-president-du-fpi-depuis-20-ans\"]}]},{\"@type\":\"ImageObject\",\"inLanguage\":\"fr-FR\",\"@id\":\"https:\/\/www.africa-press.net\/cotedivoire\/politique\/cote-divoire-pour-sa-conseillere-en-communication-francaise-affi-est-un-vrai-democrate-lui-qui-est-president-du-fpi-depuis-20-ans#primaryimage\",\"url\":\"https:\/\/static.africa-press.net\/cote\/sites\/43\/2021\/08\/img-6116639f09bba.jpg\",\"contentUrl\":\"https:\/\/static.africa-press.net\/cote\/sites\/43\/2021\/08\/img-6116639f09bba.jpg\",\"width\":1200,\"height\":900,\"caption\":\"C\u00f4te-d\u2019Ivoire: Pour sa conseill\u00e8re en communication fran\u00e7aise, Affi est un \u00ab\u00a0vrai d\u00e9mocrate\u00a0\u00bb, lui qui est pr\u00e9sident du FPI depuis 20 ans\"},{\"@type\":\"BreadcrumbList\",\"@id\":\"https:\/\/www.africa-press.net\/cotedivoire\/politique\/cote-divoire-pour-sa-conseillere-en-communication-francaise-affi-est-un-vrai-democrate-lui-qui-est-president-du-fpi-depuis-20-ans#breadcrumb\",\"itemListElement\":[{\"@type\":\"ListItem\",\"position\":1,\"name\":\"Accueil\",\"item\":\"https:\/\/www.africa-press.net\/cotedivoire\/\"},{\"@type\":\"ListItem\",\"position\":2,\"name\":\"Pour sa conseill\u00e8re en communication fran\u00e7aise, Affi est un \u00ab\u00a0vrai d\u00e9mocrate\u00a0\u00bb, lui qui est pr\u00e9sident du FPI depuis 20 ans\"}]},{\"@type\":\"WebSite\",\"@id\":\"https:\/\/www.africa-press.net\/cotedivoire\/#website\",\"url\":\"https:\/\/www.africa-press.net\/cotedivoire\/\",\"name\":\"C\u00f4te d&#039;Ivoire\",\"description\":\"Just another Africa News Agency Sites site\",\"potentialAction\":[{\"@type\":\"SearchAction\",\"target\":{\"@type\":\"EntryPoint\",\"urlTemplate\":\"https:\/\/www.africa-press.net\/cotedivoire\/?s={search_term_string}\"},\"query-input\":{\"@type\":\"PropertyValueSpecification\",\"valueRequired\":true,\"valueName\":\"search_term_string\"}}],\"inLanguage\":\"fr-FR\"},{\"@type\":\"Person\",\"@id\":\"https:\/\/www.africa-press.net\/cotedivoire\/#\/schema\/person\/2b1cf3cd81a31e3cd26889ca66d677f1\",\"name\":\"cfeditorfr\"}]}<\/script>\n<!-- \/ Yoast SEO Premium plugin. -->","yoast_head_json":{"title":"Pour sa conseill\u00e8re en communication fran\u00e7aise, Affi est un \u00ab\u00a0vrai d\u00e9mocrate\u00a0\u00bb, lui qui est pr\u00e9sident du FPI depuis 20 ans - C\u00f4te d&#039;Ivoire","description":"Pourquoi Affi n\u2019est pas plus d\u00e9mocrate que Laurent Gbagbo C\u2019est \u00e0 ne plus comprendre Affi et son groupe qui ont ...","robots":{"index":"index","follow":"follow","max-snippet":"max-snippet:-1","max-image-preview":"max-image-preview:large","max-video-preview":"max-video-preview:-1"},"canonical":"https:\/\/www.africa-press.net\/cotedivoire\/politique\/cote-divoire-pour-sa-conseillere-en-communication-francaise-affi-est-un-vrai-democrate-lui-qui-est-president-du-fpi-depuis-20-ans","og_locale":"fr_FR","og_type":"article","og_title":"Pour sa conseill\u00e8re en communication fran\u00e7aise, Affi est un \u00ab\u00a0vrai d\u00e9mocrate\u00a0\u00bb, lui qui est pr\u00e9sident du FPI depuis 20 ans","og_description":"Pourquoi Affi n\u2019est pas plus d\u00e9mocrate que Laurent Gbagbo C\u2019est \u00e0 ne plus comprendre Affi et son groupe qui ont ...","og_url":"https:\/\/www.africa-press.net\/cotedivoire\/politique\/cote-divoire-pour-sa-conseillere-en-communication-francaise-affi-est-un-vrai-democrate-lui-qui-est-president-du-fpi-depuis-20-ans","og_site_name":"C\u00f4te d&#039;Ivoire","article_published_time":"2021-08-13T12:22:57+00:00","article_modified_time":"2021-08-13T20:47:54+00:00","og_image":[{"width":1200,"height":900,"url":"https:\/\/static.africa-press.net\/cote\/sites\/43\/2021\/08\/img-6116639f09bba.jpg","type":"image\/jpeg"}],"author":"cfeditorfr","twitter_card":"summary_large_image","twitter_misc":{"\u00c9crit par":"cfeditorfr","Dur\u00e9e de lecture estim\u00e9e":"4 minutes"},"schema":{"@context":"https:\/\/schema.org","@graph":[{"@type":"Article","@id":"https:\/\/www.africa-press.net\/cotedivoire\/politique\/cote-divoire-pour-sa-conseillere-en-communication-francaise-affi-est-un-vrai-democrate-lui-qui-est-president-du-fpi-depuis-20-ans#article","isPartOf":{"@id":"https:\/\/www.africa-press.net\/cotedivoire\/politique\/cote-divoire-pour-sa-conseillere-en-communication-francaise-affi-est-un-vrai-democrate-lui-qui-est-president-du-fpi-depuis-20-ans"},"author":{"name":"cfeditorfr","@id":"https:\/\/www.africa-press.net\/cotedivoire\/#\/schema\/person\/2b1cf3cd81a31e3cd26889ca66d677f1"},"headline":"Pour sa conseill\u00e8re en communication fran\u00e7aise, Affi est un \u00ab\u00a0vrai d\u00e9mocrate\u00a0\u00bb, lui qui est pr\u00e9sident du FPI depuis 20 ans","datePublished":"2021-08-13T12:22:57+00:00","dateModified":"2021-08-13T20:47:54+00:00","mainEntityOfPage":{"@id":"https:\/\/www.africa-press.net\/cotedivoire\/politique\/cote-divoire-pour-sa-conseillere-en-communication-francaise-affi-est-un-vrai-democrate-lui-qui-est-president-du-fpi-depuis-20-ans"},"wordCount":1001,"commentCount":0,"image":{"@id":"https:\/\/www.africa-press.net\/cotedivoire\/politique\/cote-divoire-pour-sa-conseillere-en-communication-francaise-affi-est-un-vrai-democrate-lui-qui-est-president-du-fpi-depuis-20-ans#primaryimage"},"thumbnailUrl":"https:\/\/static.africa-press.net\/cote\/sites\/43\/2021\/08\/img-6116639f09bba.jpg","keywords":["Africa Press","Africa Press-C\u00f4te d'Ivoire","C\u00d4TE D'IVOIRE"],"articleSection":["homepage-french","Politique","Toutes les actualit\u00e9s"],"inLanguage":"fr-FR","potentialAction":[{"@type":"CommentAction","name":"Comment","target":["https:\/\/www.africa-press.net\/cotedivoire\/politique\/cote-divoire-pour-sa-conseillere-en-communication-francaise-affi-est-un-vrai-democrate-lui-qui-est-president-du-fpi-depuis-20-ans#respond"]}]},{"@type":"WebPage","@id":"https:\/\/www.africa-press.net\/cotedivoire\/politique\/cote-divoire-pour-sa-conseillere-en-communication-francaise-affi-est-un-vrai-democrate-lui-qui-est-president-du-fpi-depuis-20-ans","url":"https:\/\/www.africa-press.net\/cotedivoire\/politique\/cote-divoire-pour-sa-conseillere-en-communication-francaise-affi-est-un-vrai-democrate-lui-qui-est-president-du-fpi-depuis-20-ans","name":"Pour sa conseill\u00e8re en communication fran\u00e7aise, Affi est un \u00ab\u00a0vrai d\u00e9mocrate\u00a0\u00bb, lui qui est pr\u00e9sident du FPI depuis 20 ans - C\u00f4te d&#039;Ivoire","isPartOf":{"@id":"https:\/\/www.africa-press.net\/cotedivoire\/#website"},"primaryImageOfPage":{"@id":"https:\/\/www.africa-press.net\/cotedivoire\/politique\/cote-divoire-pour-sa-conseillere-en-communication-francaise-affi-est-un-vrai-democrate-lui-qui-est-president-du-fpi-depuis-20-ans#primaryimage"},"image":{"@id":"https:\/\/www.africa-press.net\/cotedivoire\/politique\/cote-divoire-pour-sa-conseillere-en-communication-francaise-affi-est-un-vrai-democrate-lui-qui-est-president-du-fpi-depuis-20-ans#primaryimage"},"thumbnailUrl":"https:\/\/static.africa-press.net\/cote\/sites\/43\/2021\/08\/img-6116639f09bba.jpg","datePublished":"2021-08-13T12:22:57+00:00","dateModified":"2021-08-13T20:47:54+00:00","author":{"@id":"https:\/\/www.africa-press.net\/cotedivoire\/#\/schema\/person\/2b1cf3cd81a31e3cd26889ca66d677f1"},"description":"Pourquoi Affi n\u2019est pas plus d\u00e9mocrate que Laurent Gbagbo C\u2019est \u00e0 ne plus comprendre Affi et son groupe qui ont ...","breadcrumb":{"@id":"https:\/\/www.africa-press.net\/cotedivoire\/politique\/cote-divoire-pour-sa-conseillere-en-communication-francaise-affi-est-un-vrai-democrate-lui-qui-est-president-du-fpi-depuis-20-ans#breadcrumb"},"inLanguage":"fr-FR","potentialAction":[{"@type":"ReadAction","target":["https:\/\/www.africa-press.net\/cotedivoire\/politique\/cote-divoire-pour-sa-conseillere-en-communication-francaise-affi-est-un-vrai-democrate-lui-qui-est-president-du-fpi-depuis-20-ans"]}]},{"@type":"ImageObject","inLanguage":"fr-FR","@id":"https:\/\/www.africa-press.net\/cotedivoire\/politique\/cote-divoire-pour-sa-conseillere-en-communication-francaise-affi-est-un-vrai-democrate-lui-qui-est-president-du-fpi-depuis-20-ans#primaryimage","url":"https:\/\/static.africa-press.net\/cote\/sites\/43\/2021\/08\/img-6116639f09bba.jpg","contentUrl":"https:\/\/static.africa-press.net\/cote\/sites\/43\/2021\/08\/img-6116639f09bba.jpg","width":1200,"height":900,"caption":"C\u00f4te-d\u2019Ivoire: Pour sa conseill\u00e8re en communication fran\u00e7aise, Affi est un \u00ab\u00a0vrai d\u00e9mocrate\u00a0\u00bb, lui qui est pr\u00e9sident du FPI depuis 20 ans"},{"@type":"BreadcrumbList","@id":"https:\/\/www.africa-press.net\/cotedivoire\/politique\/cote-divoire-pour-sa-conseillere-en-communication-francaise-affi-est-un-vrai-democrate-lui-qui-est-president-du-fpi-depuis-20-ans#breadcrumb","itemListElement":[{"@type":"ListItem","position":1,"name":"Accueil","item":"https:\/\/www.africa-press.net\/cotedivoire\/"},{"@type":"ListItem","position":2,"name":"Pour sa conseill\u00e8re en communication fran\u00e7aise, Affi est un \u00ab\u00a0vrai d\u00e9mocrate\u00a0\u00bb, lui qui est pr\u00e9sident du FPI depuis 20 ans"}]},{"@type":"WebSite","@id":"https:\/\/www.africa-press.net\/cotedivoire\/#website","url":"https:\/\/www.africa-press.net\/cotedivoire\/","name":"C\u00f4te d&#039;Ivoire","description":"Just another Africa News Agency Sites site","potentialAction":[{"@type":"SearchAction","target":{"@type":"EntryPoint","urlTemplate":"https:\/\/www.africa-press.net\/cotedivoire\/?s={search_term_string}"},"query-input":{"@type":"PropertyValueSpecification","valueRequired":true,"valueName":"search_term_string"}}],"inLanguage":"fr-FR"},{"@type":"Person","@id":"https:\/\/www.africa-press.net\/cotedivoire\/#\/schema\/person\/2b1cf3cd81a31e3cd26889ca66d677f1","name":"cfeditorfr"}]}},"_links":{"self":[{"href":"https:\/\/www.africa-press.net\/cotedivoire\/wp-json\/wp\/v2\/posts\/11293","targetHints":{"allow":["GET"]}}],"collection":[{"href":"https:\/\/www.africa-press.net\/cotedivoire\/wp-json\/wp\/v2\/posts"}],"about":[{"href":"https:\/\/www.africa-press.net\/cotedivoire\/wp-json\/wp\/v2\/types\/post"}],"author":[{"embeddable":true,"href":"https:\/\/www.africa-press.net\/cotedivoire\/wp-json\/wp\/v2\/users\/82"}],"replies":[{"embeddable":true,"href":"https:\/\/www.africa-press.net\/cotedivoire\/wp-json\/wp\/v2\/comments?post=11293"}],"version-history":[{"count":0,"href":"https:\/\/www.africa-press.net\/cotedivoire\/wp-json\/wp\/v2\/posts\/11293\/revisions"}],"wp:featuredmedia":[{"embeddable":true,"href":"https:\/\/www.africa-press.net\/cotedivoire\/wp-json\/wp\/v2\/media\/11292"}],"wp:attachment":[{"href":"https:\/\/www.africa-press.net\/cotedivoire\/wp-json\/wp\/v2\/media?parent=11293"}],"wp:term":[{"taxonomy":"category","embeddable":true,"href":"https:\/\/www.africa-press.net\/cotedivoire\/wp-json\/wp\/v2\/categories?post=11293"},{"taxonomy":"post_tag","embeddable":true,"href":"https:\/\/www.africa-press.net\/cotedivoire\/wp-json\/wp\/v2\/tags?post=11293"}],"curies":[{"name":"wp","href":"https:\/\/api.w.org\/{rel}","templated":true}]}}