{"id":112950,"date":"2026-02-18T13:17:31","date_gmt":"2026-02-18T13:17:31","guid":{"rendered":"https:\/\/www.africa-press.net\/cotedivoire\/politique\/ramadan-et-careme-garantissent-stocks-suffisants-prix-encadres"},"modified":"2026-02-18T13:20:17","modified_gmt":"2026-02-18T13:20:17","slug":"ramadan-et-careme-garantissent-stocks-suffisants-prix-encadres","status":"publish","type":"post","link":"https:\/\/www.africa-press.net\/cotedivoire\/economie\/ramadan-et-careme-garantissent-stocks-suffisants-prix-encadres","title":{"rendered":"Ramadan Et Car\u00eame Garantissent Stocks Suffisants Prix Encadr\u00e9s"},"content":{"rendered":"<p><span style=\"color: #ff6600\"><strong>Africa-Press &#8211; C\u00f4te d&rsquo;Ivoire. <\/strong><\/span>A\u0300 l\u2019approche du Ramadan et du Care\u0302me chre\u0301tien, pe\u0301riodes marque\u0301es par une forte hausse de la consommation, le gouvernement ivoirien se veut rassurant. Le ministre du Commerce, de l\u2019Industrie et de l\u2019Artisanat, Ibrahim Kalil Konate\u0301, a effectue\u0301, lundi 16 fe\u0301vrier 2026, une tourne\u0301e de contro\u0302le dans plusieurs grandes surfaces et entrepo\u0302ts du district d\u2019Abidjan afin d\u2019e\u0301valuer la disponibilite\u0301 des denre\u0301es de grande consommation et le respect des mesures d\u2019encadrement des prix.<\/p>\n<p>La visite ministe\u0301rielle a conduit la de\u0301le\u0301gation successivement a\u0300 la Socie\u0301te\u0301 de Distribution de Toute Marchandise en Co\u0302te d\u2019Ivoire (SDTM) de Vridi-Postal, au de\u0301po\u0302t Sucrivoire (EXIMAT 3) situe\u0301 au port d\u2019Abidjan, ainsi que dans plusieurs enseignes commerciales de Treichville, notamment Sococe, Socoprix et Socofrais.<\/p>\n<p>Cette tourne\u0301e s\u2019inscrit dans le cadre du dispositif gouvernemental de surveillance des marche\u0301s, mis en place pour pre\u0301venir toute spe\u0301culation ou rupture de stock durant ces pe\u0301riodes religieuses de forte demande.<\/p>\n<p>A\u0300 l\u2019issue des inspections, le ministre s\u2019est de\u0301clare\u0301 satisfait.<\/p>\n<p>\u00ab Le plafonnement des prix, l\u2019affichage re\u0301glementaire et la disponibilite\u0301 des stocks sur les marche\u0301s sont effectifs. Je repars confiant: les Ivoiriens peuvent e\u0302tre rassure\u0301s, les produits de grande consommation sont disponibles \u00bb, a-t-il affirme\u0301.<\/p>\n<p>Concernant les produits strate\u0301giques, notamment le riz et le sucre, le membre du gouvernement a pre\u0301cise\u0301 que les re\u0301serves nationales sont suffisantes pour couvrir plusieurs mois de consommation. Selon lui, les stocks de riz permettent de tenir au moins six mois, tandis que ceux de sucre couvrent une pe\u0301riode minimale de trois mois.<\/p>\n<p>Il a e\u0301galement souligne\u0301 que l\u2019approvisionnement des marche\u0301s se fait de manie\u0300re re\u0301gulie\u0300re et quotidienne, gra\u0302ce a\u0300 la mobilisation des ope\u0301rateurs e\u0301conomiques et des distributeurs.<\/p>\n<p>En saluant les efforts des acteurs du secteur, le ministre a insiste\u0301 sur la ne\u0301cessite\u0301 de maintenir la vigilance, tant sur la disponibilite\u0301 que sur le respect des prix homologue\u0301s, afin de pre\u0301server le pouvoir d\u2019achat des me\u0301nages.<\/p>\n<p>Au-dela\u0300 du contro\u0302le des denre\u0301es alimentaires, la tourne\u0301e ministe\u0301rielle s\u2019est poursuivie dans la zone industrielle de Koumassi. D\u2019une superficie de 215 hectares, ce po\u0302le strate\u0301gique regroupe environ 300 entreprises ope\u0301rant dans divers secteurs d\u2019activite\u0301.<\/p>\n<p>Le ministre s\u2019y est rendu pour constater l\u2019e\u0301tat d\u2019avancement des travaux de re\u0301habilitation des voiries, engage\u0301s par la Socie\u0301te\u0301 de Gestion et de De\u0301veloppement des Infrastructures Industrielles (SOGEDI). Ces travaux visent a\u0300 ame\u0301liorer la circulation, renforcer la compe\u0301titivite\u0301 des entreprises et accroi\u0302tre l\u2019attractivite\u0301 de la zone pour les investisseurs.<\/p>\n<p>Face aux industriels, Ibrahim Kalil Konate\u0301 a rappele\u0301 la responsabilite\u0301 de l\u2019E\u0301tat dans le de\u0301veloppement et la modernisation des zones industrielles. Il a assure\u0301 que des mesures concre\u0300tes seront prises afin d\u2019acce\u0301le\u0301rer la transformation de ces espaces productifs en ve\u0301ritables moteurs de croissance.<\/p>\n<p>A\u0300 la veille de deux temps forts du calendrier religieux, le gouvernement entend ainsi conjuguer mai\u0302trise des prix, se\u0301curite\u0301 alimentaire et dynamisation du tissu industriel, dans un contexte marque\u0301 par la ne\u0301cessite\u0301 de soutenir durablement l\u2019e\u0301conomie nationale.<\/p>\n<p><strong>Pour plus d&rsquo;informations et d&rsquo;analyses sur la <span style=\"color: #ff6600\">C\u00f4te d&rsquo;Ivoire<\/span>, suivez <span style=\"color: #ff6600\">Africa-Press<\/span><\/strong><\/p>\n","protected":false},"excerpt":{"rendered":"<p>Africa-Press &#8211; C\u00f4te d&rsquo;Ivoire. A\u0300 l\u2019approche du Ramadan et du Care\u0302me chre\u0301tien, pe\u0301riodes marque\u0301es par une forte hausse de la consommation, le gouvernement ivoirien se veut rassurant. Le ministre du Commerce, de l\u2019Industrie et de l\u2019Artisanat, Ibrahim Kalil Konate\u0301, a effectue\u0301, lundi 16 fe\u0301vrier 2026, une tourne\u0301e de contro\u0302le dans plusieurs grandes surfaces et entrepo\u0302ts [&hellip;]<\/p>\n","protected":false},"author":82,"featured_media":112948,"comment_status":"open","ping_status":"closed","sticky":false,"template":"","format":"standard","meta":{"footnotes":""},"categories":[3,10],"tags":[30,16979,3959,29,11536,954,20347,20348,604,2063,1343],"class_list":["post-112950","post","type-post","status-publish","format-standard","has-post-thumbnail","hentry","category-economie","category-toutes-les-actualites","tag-abidjan","tag-careme","tag-commerce","tag-cote-divoire","tag-ibrahim-kalil-konate","tag-koumassi","tag-prix-des-denrees","tag-ramadan-2026","tag-riz","tag-sucre","tag-zone-industrielle"],"yoast_head":"<!-- This site is optimized with the Yoast SEO Premium plugin v26.1 (Yoast SEO v27.0) - https:\/\/yoast.com\/product\/yoast-seo-premium-wordpress\/ -->\n<title>Ramadan Et Car\u00eame Garantissent Stocks Suffisants Prix Encadr\u00e9s - C\u00f4te d&#039;Ivoire<\/title>\n<meta name=\"description\" content=\"A\u0300 l\u2019approche du Ramadan et du Care\u0302me chre\u0301tien, pe\u0301riodes marque\u0301es par une forte hausse de la consommation, le gouver ...\" \/>\n<meta name=\"robots\" content=\"index, follow, max-snippet:-1, max-image-preview:large, max-video-preview:-1\" \/>\n<link rel=\"canonical\" href=\"https:\/\/www.africa-press.net\/cotedivoire\/economie\/ramadan-et-careme-garantissent-stocks-suffisants-prix-encadres\" \/>\n<meta property=\"og:locale\" content=\"fr_FR\" \/>\n<meta property=\"og:type\" content=\"article\" \/>\n<meta property=\"og:title\" content=\"Ramadan Et Car\u00eame Garantissent Stocks Suffisants Prix Encadr\u00e9s\" \/>\n<meta property=\"og:description\" content=\"A\u0300 l\u2019approche du Ramadan et du Care\u0302me chre\u0301tien, pe\u0301riodes marque\u0301es par une forte hausse de la consommation, le gouver ...\" \/>\n<meta property=\"og:url\" content=\"https:\/\/www.africa-press.net\/cotedivoire\/economie\/ramadan-et-careme-garantissent-stocks-suffisants-prix-encadres\" \/>\n<meta property=\"og:site_name\" content=\"C\u00f4te d&#039;Ivoire\" \/>\n<meta property=\"article:published_time\" content=\"2026-02-18T13:17:31+00:00\" \/>\n<meta property=\"article:modified_time\" content=\"2026-02-18T13:20:17+00:00\" \/>\n<meta property=\"og:image\" content=\"https:\/\/static.africa-press.net\/cote\/sites\/43\/2026\/02\/sm_1771408178.646527.jpg\" \/>\n\t<meta property=\"og:image:width\" content=\"720\" \/>\n\t<meta property=\"og:image:height\" content=\"480\" \/>\n\t<meta property=\"og:image:type\" content=\"image\/jpeg\" \/>\n<meta name=\"author\" content=\"cfeditorfr\" \/>\n<meta name=\"twitter:card\" content=\"summary_large_image\" \/>\n<meta name=\"twitter:label1\" content=\"\u00c9crit par\" \/>\n\t<meta name=\"twitter:data1\" content=\"cfeditorfr\" \/>\n\t<meta name=\"twitter:label2\" content=\"Dur\u00e9e de lecture estim\u00e9e\" \/>\n\t<meta name=\"twitter:data2\" content=\"3 minutes\" \/>\n<script type=\"application\/ld+json\" class=\"yoast-schema-graph\">{\"@context\":\"https:\/\/schema.org\",\"@graph\":[{\"@type\":\"Article\",\"@id\":\"https:\/\/www.africa-press.net\/cotedivoire\/economie\/ramadan-et-careme-garantissent-stocks-suffisants-prix-encadres#article\",\"isPartOf\":{\"@id\":\"https:\/\/www.africa-press.net\/cotedivoire\/economie\/ramadan-et-careme-garantissent-stocks-suffisants-prix-encadres\"},\"author\":{\"name\":\"cfeditorfr\",\"@id\":\"https:\/\/www.africa-press.net\/cotedivoire\/#\/schema\/person\/2b1cf3cd81a31e3cd26889ca66d677f1\"},\"headline\":\"Ramadan Et Car\u00eame Garantissent Stocks Suffisants Prix Encadr\u00e9s\",\"datePublished\":\"2026-02-18T13:17:31+00:00\",\"dateModified\":\"2026-02-18T13:20:17+00:00\",\"mainEntityOfPage\":{\"@id\":\"https:\/\/www.africa-press.net\/cotedivoire\/economie\/ramadan-et-careme-garantissent-stocks-suffisants-prix-encadres\"},\"wordCount\":585,\"commentCount\":0,\"image\":{\"@id\":\"https:\/\/www.africa-press.net\/cotedivoire\/economie\/ramadan-et-careme-garantissent-stocks-suffisants-prix-encadres#primaryimage\"},\"thumbnailUrl\":\"https:\/\/static.africa-press.net\/cote\/sites\/43\/2026\/02\/sm_1771408178.646527.jpg\",\"keywords\":[\"Abidjan\",\"car\u00eame\",\"Commerce\",\"C\u00d4TE D'IVOIRE\",\"Ibrahim Kalil Konat\u00e9\",\"Koumassi\",\"prix des denr\u00e9es\",\"Ramadan 2026\",\"Riz\",\"Sucre\",\"Zone Industrielle\"],\"articleSection\":[\"\u00c9conomie\",\"Toutes les actualit\u00e9s\"],\"inLanguage\":\"fr-FR\",\"potentialAction\":[{\"@type\":\"CommentAction\",\"name\":\"Comment\",\"target\":[\"https:\/\/www.africa-press.net\/cotedivoire\/economie\/ramadan-et-careme-garantissent-stocks-suffisants-prix-encadres#respond\"]}]},{\"@type\":\"WebPage\",\"@id\":\"https:\/\/www.africa-press.net\/cotedivoire\/economie\/ramadan-et-careme-garantissent-stocks-suffisants-prix-encadres\",\"url\":\"https:\/\/www.africa-press.net\/cotedivoire\/economie\/ramadan-et-careme-garantissent-stocks-suffisants-prix-encadres\",\"name\":\"Ramadan Et Car\u00eame Garantissent Stocks Suffisants Prix Encadr\u00e9s - C\u00f4te d&#039;Ivoire\",\"isPartOf\":{\"@id\":\"https:\/\/www.africa-press.net\/cotedivoire\/#website\"},\"primaryImageOfPage\":{\"@id\":\"https:\/\/www.africa-press.net\/cotedivoire\/economie\/ramadan-et-careme-garantissent-stocks-suffisants-prix-encadres#primaryimage\"},\"image\":{\"@id\":\"https:\/\/www.africa-press.net\/cotedivoire\/economie\/ramadan-et-careme-garantissent-stocks-suffisants-prix-encadres#primaryimage\"},\"thumbnailUrl\":\"https:\/\/static.africa-press.net\/cote\/sites\/43\/2026\/02\/sm_1771408178.646527.jpg\",\"datePublished\":\"2026-02-18T13:17:31+00:00\",\"dateModified\":\"2026-02-18T13:20:17+00:00\",\"author\":{\"@id\":\"https:\/\/www.africa-press.net\/cotedivoire\/#\/schema\/person\/2b1cf3cd81a31e3cd26889ca66d677f1\"},\"description\":\"A\u0300 l\u2019approche du Ramadan et du Care\u0302me chre\u0301tien, pe\u0301riodes marque\u0301es par une forte hausse de la consommation, le gouver ...\",\"breadcrumb\":{\"@id\":\"https:\/\/www.africa-press.net\/cotedivoire\/economie\/ramadan-et-careme-garantissent-stocks-suffisants-prix-encadres#breadcrumb\"},\"inLanguage\":\"fr-FR\",\"potentialAction\":[{\"@type\":\"ReadAction\",\"target\":[\"https:\/\/www.africa-press.net\/cotedivoire\/economie\/ramadan-et-careme-garantissent-stocks-suffisants-prix-encadres\"]}]},{\"@type\":\"ImageObject\",\"inLanguage\":\"fr-FR\",\"@id\":\"https:\/\/www.africa-press.net\/cotedivoire\/economie\/ramadan-et-careme-garantissent-stocks-suffisants-prix-encadres#primaryimage\",\"url\":\"https:\/\/static.africa-press.net\/cote\/sites\/43\/2026\/02\/sm_1771408178.646527.jpg\",\"contentUrl\":\"https:\/\/static.africa-press.net\/cote\/sites\/43\/2026\/02\/sm_1771408178.646527.jpg\",\"width\":720,\"height\":480,\"caption\":\"Ramadan Et Car\u00eame Garantissent Stocks Suffisants Prix Encadr\u00e9s\"},{\"@type\":\"BreadcrumbList\",\"@id\":\"https:\/\/www.africa-press.net\/cotedivoire\/economie\/ramadan-et-careme-garantissent-stocks-suffisants-prix-encadres#breadcrumb\",\"itemListElement\":[{\"@type\":\"ListItem\",\"position\":1,\"name\":\"Accueil\",\"item\":\"https:\/\/www.africa-press.net\/cotedivoire\/\"},{\"@type\":\"ListItem\",\"position\":2,\"name\":\"Ramadan Et Car\u00eame Garantissent Stocks Suffisants Prix Encadr\u00e9s\"}]},{\"@type\":\"WebSite\",\"@id\":\"https:\/\/www.africa-press.net\/cotedivoire\/#website\",\"url\":\"https:\/\/www.africa-press.net\/cotedivoire\/\",\"name\":\"C\u00f4te d&#039;Ivoire\",\"description\":\"Just another Africa News Agency Sites site\",\"potentialAction\":[{\"@type\":\"SearchAction\",\"target\":{\"@type\":\"EntryPoint\",\"urlTemplate\":\"https:\/\/www.africa-press.net\/cotedivoire\/?s={search_term_string}\"},\"query-input\":{\"@type\":\"PropertyValueSpecification\",\"valueRequired\":true,\"valueName\":\"search_term_string\"}}],\"inLanguage\":\"fr-FR\"},{\"@type\":\"Person\",\"@id\":\"https:\/\/www.africa-press.net\/cotedivoire\/#\/schema\/person\/2b1cf3cd81a31e3cd26889ca66d677f1\",\"name\":\"cfeditorfr\"}]}<\/script>\n<!-- \/ Yoast SEO Premium plugin. -->","yoast_head_json":{"title":"Ramadan Et Car\u00eame Garantissent Stocks Suffisants Prix Encadr\u00e9s - C\u00f4te d&#039;Ivoire","description":"A\u0300 l\u2019approche du Ramadan et du Care\u0302me chre\u0301tien, pe\u0301riodes marque\u0301es par une forte hausse de la consommation, le gouver ...","robots":{"index":"index","follow":"follow","max-snippet":"max-snippet:-1","max-image-preview":"max-image-preview:large","max-video-preview":"max-video-preview:-1"},"canonical":"https:\/\/www.africa-press.net\/cotedivoire\/economie\/ramadan-et-careme-garantissent-stocks-suffisants-prix-encadres","og_locale":"fr_FR","og_type":"article","og_title":"Ramadan Et Car\u00eame Garantissent Stocks Suffisants Prix Encadr\u00e9s","og_description":"A\u0300 l\u2019approche du Ramadan et du Care\u0302me chre\u0301tien, pe\u0301riodes marque\u0301es par une forte hausse de la consommation, le gouver ...","og_url":"https:\/\/www.africa-press.net\/cotedivoire\/economie\/ramadan-et-careme-garantissent-stocks-suffisants-prix-encadres","og_site_name":"C\u00f4te d&#039;Ivoire","article_published_time":"2026-02-18T13:17:31+00:00","article_modified_time":"2026-02-18T13:20:17+00:00","og_image":[{"width":720,"height":480,"url":"https:\/\/static.africa-press.net\/cote\/sites\/43\/2026\/02\/sm_1771408178.646527.jpg","type":"image\/jpeg"}],"author":"cfeditorfr","twitter_card":"summary_large_image","twitter_misc":{"\u00c9crit par":"cfeditorfr","Dur\u00e9e de lecture estim\u00e9e":"3 minutes"},"schema":{"@context":"https:\/\/schema.org","@graph":[{"@type":"Article","@id":"https:\/\/www.africa-press.net\/cotedivoire\/economie\/ramadan-et-careme-garantissent-stocks-suffisants-prix-encadres#article","isPartOf":{"@id":"https:\/\/www.africa-press.net\/cotedivoire\/economie\/ramadan-et-careme-garantissent-stocks-suffisants-prix-encadres"},"author":{"name":"cfeditorfr","@id":"https:\/\/www.africa-press.net\/cotedivoire\/#\/schema\/person\/2b1cf3cd81a31e3cd26889ca66d677f1"},"headline":"Ramadan Et Car\u00eame Garantissent Stocks Suffisants Prix Encadr\u00e9s","datePublished":"2026-02-18T13:17:31+00:00","dateModified":"2026-02-18T13:20:17+00:00","mainEntityOfPage":{"@id":"https:\/\/www.africa-press.net\/cotedivoire\/economie\/ramadan-et-careme-garantissent-stocks-suffisants-prix-encadres"},"wordCount":585,"commentCount":0,"image":{"@id":"https:\/\/www.africa-press.net\/cotedivoire\/economie\/ramadan-et-careme-garantissent-stocks-suffisants-prix-encadres#primaryimage"},"thumbnailUrl":"https:\/\/static.africa-press.net\/cote\/sites\/43\/2026\/02\/sm_1771408178.646527.jpg","keywords":["Abidjan","car\u00eame","Commerce","C\u00d4TE D'IVOIRE","Ibrahim Kalil Konat\u00e9","Koumassi","prix des denr\u00e9es","Ramadan 2026","Riz","Sucre","Zone Industrielle"],"articleSection":["\u00c9conomie","Toutes les actualit\u00e9s"],"inLanguage":"fr-FR","potentialAction":[{"@type":"CommentAction","name":"Comment","target":["https:\/\/www.africa-press.net\/cotedivoire\/economie\/ramadan-et-careme-garantissent-stocks-suffisants-prix-encadres#respond"]}]},{"@type":"WebPage","@id":"https:\/\/www.africa-press.net\/cotedivoire\/economie\/ramadan-et-careme-garantissent-stocks-suffisants-prix-encadres","url":"https:\/\/www.africa-press.net\/cotedivoire\/economie\/ramadan-et-careme-garantissent-stocks-suffisants-prix-encadres","name":"Ramadan Et Car\u00eame Garantissent Stocks Suffisants Prix Encadr\u00e9s - C\u00f4te d&#039;Ivoire","isPartOf":{"@id":"https:\/\/www.africa-press.net\/cotedivoire\/#website"},"primaryImageOfPage":{"@id":"https:\/\/www.africa-press.net\/cotedivoire\/economie\/ramadan-et-careme-garantissent-stocks-suffisants-prix-encadres#primaryimage"},"image":{"@id":"https:\/\/www.africa-press.net\/cotedivoire\/economie\/ramadan-et-careme-garantissent-stocks-suffisants-prix-encadres#primaryimage"},"thumbnailUrl":"https:\/\/static.africa-press.net\/cote\/sites\/43\/2026\/02\/sm_1771408178.646527.jpg","datePublished":"2026-02-18T13:17:31+00:00","dateModified":"2026-02-18T13:20:17+00:00","author":{"@id":"https:\/\/www.africa-press.net\/cotedivoire\/#\/schema\/person\/2b1cf3cd81a31e3cd26889ca66d677f1"},"description":"A\u0300 l\u2019approche du Ramadan et du Care\u0302me chre\u0301tien, pe\u0301riodes marque\u0301es par une forte hausse de la consommation, le gouver ...","breadcrumb":{"@id":"https:\/\/www.africa-press.net\/cotedivoire\/economie\/ramadan-et-careme-garantissent-stocks-suffisants-prix-encadres#breadcrumb"},"inLanguage":"fr-FR","potentialAction":[{"@type":"ReadAction","target":["https:\/\/www.africa-press.net\/cotedivoire\/economie\/ramadan-et-careme-garantissent-stocks-suffisants-prix-encadres"]}]},{"@type":"ImageObject","inLanguage":"fr-FR","@id":"https:\/\/www.africa-press.net\/cotedivoire\/economie\/ramadan-et-careme-garantissent-stocks-suffisants-prix-encadres#primaryimage","url":"https:\/\/static.africa-press.net\/cote\/sites\/43\/2026\/02\/sm_1771408178.646527.jpg","contentUrl":"https:\/\/static.africa-press.net\/cote\/sites\/43\/2026\/02\/sm_1771408178.646527.jpg","width":720,"height":480,"caption":"Ramadan Et Car\u00eame Garantissent Stocks Suffisants Prix Encadr\u00e9s"},{"@type":"BreadcrumbList","@id":"https:\/\/www.africa-press.net\/cotedivoire\/economie\/ramadan-et-careme-garantissent-stocks-suffisants-prix-encadres#breadcrumb","itemListElement":[{"@type":"ListItem","position":1,"name":"Accueil","item":"https:\/\/www.africa-press.net\/cotedivoire\/"},{"@type":"ListItem","position":2,"name":"Ramadan Et Car\u00eame Garantissent Stocks Suffisants Prix Encadr\u00e9s"}]},{"@type":"WebSite","@id":"https:\/\/www.africa-press.net\/cotedivoire\/#website","url":"https:\/\/www.africa-press.net\/cotedivoire\/","name":"C\u00f4te d&#039;Ivoire","description":"Just another Africa News Agency Sites site","potentialAction":[{"@type":"SearchAction","target":{"@type":"EntryPoint","urlTemplate":"https:\/\/www.africa-press.net\/cotedivoire\/?s={search_term_string}"},"query-input":{"@type":"PropertyValueSpecification","valueRequired":true,"valueName":"search_term_string"}}],"inLanguage":"fr-FR"},{"@type":"Person","@id":"https:\/\/www.africa-press.net\/cotedivoire\/#\/schema\/person\/2b1cf3cd81a31e3cd26889ca66d677f1","name":"cfeditorfr"}]}},"_links":{"self":[{"href":"https:\/\/www.africa-press.net\/cotedivoire\/wp-json\/wp\/v2\/posts\/112950","targetHints":{"allow":["GET"]}}],"collection":[{"href":"https:\/\/www.africa-press.net\/cotedivoire\/wp-json\/wp\/v2\/posts"}],"about":[{"href":"https:\/\/www.africa-press.net\/cotedivoire\/wp-json\/wp\/v2\/types\/post"}],"author":[{"embeddable":true,"href":"https:\/\/www.africa-press.net\/cotedivoire\/wp-json\/wp\/v2\/users\/82"}],"replies":[{"embeddable":true,"href":"https:\/\/www.africa-press.net\/cotedivoire\/wp-json\/wp\/v2\/comments?post=112950"}],"version-history":[{"count":0,"href":"https:\/\/www.africa-press.net\/cotedivoire\/wp-json\/wp\/v2\/posts\/112950\/revisions"}],"wp:featuredmedia":[{"embeddable":true,"href":"https:\/\/www.africa-press.net\/cotedivoire\/wp-json\/wp\/v2\/media\/112948"}],"wp:attachment":[{"href":"https:\/\/www.africa-press.net\/cotedivoire\/wp-json\/wp\/v2\/media?parent=112950"}],"wp:term":[{"taxonomy":"category","embeddable":true,"href":"https:\/\/www.africa-press.net\/cotedivoire\/wp-json\/wp\/v2\/categories?post=112950"},{"taxonomy":"post_tag","embeddable":true,"href":"https:\/\/www.africa-press.net\/cotedivoire\/wp-json\/wp\/v2\/tags?post=112950"}],"curies":[{"name":"wp","href":"https:\/\/api.w.org\/{rel}","templated":true}]}}