{"id":11296,"date":"2021-08-13T12:34:42","date_gmt":"2021-08-13T12:34:42","guid":{"rendered":"https:\/\/www.africa-press.net\/cotedivoire\/?p=11296"},"modified":"2021-08-13T20:48:03","modified_gmt":"2021-08-13T20:48:03","slug":"cote-divoire-affaire-abidjan-est-remplie-le-ministre-adjoumani-repond-a-gbagbo","status":"publish","type":"post","link":"https:\/\/www.africa-press.net\/cotedivoire\/politique\/cote-divoire-affaire-abidjan-est-remplie-le-ministre-adjoumani-repond-a-gbagbo","title":{"rendered":"Affaire Abidjan est remplie, le ministre Adjoumani r\u00e9pond \u00e0 Gbagbo"},"content":{"rendered":"<p><span style=\"color: #ff6600\"><strong><a href=\"https:\/\/www.africa-press.net\/\">Africa-Press<\/a> &#8211; <a href=\"https:\/\/www.africa-press.net\/cotedivoire\">C\u00f4te d&rsquo;Ivoire<\/a>. <\/strong><\/span>\u00ab Vous savez, certaines personnes se sentent oblig\u00e9es de dire des choses, pour \u00e9gayer leurs auditoires, les faire rigoler ou applaudir, lorsqu\u2019elles se retrouvent devant les foules. L\u2019on peut comprendre que le pr\u00e9sident LAURENT GBAGBO qui retrouve un PAYS totalement transform\u00e9, soit amen\u00e9 \u00e0 \u00eatre \u00e9tonn\u00e9, comme l\u2019a d\u2019ailleurs relev\u00e9 SIMONE GBAGBO, dans son dernier livre, mais de l\u00e0 \u00e0 faire croire que les choses ont \u00e9volu\u00e9 dans le mauvais sens, cela est totalement inacceptable.<\/p>\n<p>Faut-il rappeler qu\u2019il a fallu le Pr\u00e9sident ALASSANE OUATTARA pour faire d\u00e9guerpir de nombreux BIDONVILLES dont certains sont n\u00e9s sous le m\u00eame LAURENT GBAGBO ? Faut-il rappeler que sous la GOUVERNANCE de LAURENT GBAGBO, aucun kilom\u00e8tre de bitume n\u2019a \u00e9t\u00e9 ajout\u00e9 aux routes \u00e0 Abidjan. Aujourd\u2019hui, vous avez le bitume partout, les routes se construisent, les voies s\u2019ouvrent, les \u00e9changeurs sont cr\u00e9\u00e9s.<\/p>\n<p>C\u2019est erron\u00e9 de faire croire qu\u2019il y a davantage des embouteillages aujourd\u2019hui qu\u2019hier. C\u2019est totalement faux. Mais ne lui en voulons pas, il est non seulement d\u00e9connect\u00e9 des r\u00e9alit\u00e9s, mais totalement sonn\u00e9 par les r\u00e9alisations.<\/p>\n<p>LAURENT GBAGBO \u00e9tait habitu\u00e9 \u00e0 ce que l\u2019on barre les routes, que l\u2019on emp\u00eache la circulation, au moins dix minutes avant son passage et au moins dix minutes apr\u00e8s son passage, dans quelque quartier dans lequel il se rend. Les d\u00e9sagr\u00e9ments que cela pouvait causer aux usagers, \u00e9taient le dernier de ses soucis. Il a \u00e9t\u00e9 habitu\u00e9 \u00e0 imposer cela \u00e0 ses compatriotes durant onze ans.<\/p>\n<p>Aujourd\u2019hui, bien qu\u2019il dispose d\u2019un cort\u00e8ge officiel offert par le gouvernement, celui-ci ne coupe plus la circulation sur son passage ; et des textes encadrent les cort\u00e8ges qui doivent passer dans la discipline. Le temps du m\u00e9pris pour ses compatriotes, le temps de l\u2019indiscipline sur les routes avec des cort\u00e8ges arrogants, est termin\u00e9 et c\u2019est ce temps que regrette LAURENT GBAGBO.<\/p>\n<p>Savez-vous qu\u2019il arrive au Pr\u00e9sident ALASSANE OUATTARA de descendre dans des quartiers, sans se faire voir, sans que l\u2019on barre des voies ? Le Pr\u00e9sident ALASSANE OUATTARA sait toucher du doigt les r\u00e9alit\u00e9s de ses compatriotes, sans chercher \u00e0 faire du spectacle, comme d\u2019autres. Aujourd\u2019hui, le PAYS est au travail.\u00bb<\/p>\n","protected":false},"excerpt":{"rendered":"<p>Africa-Press &#8211; C\u00f4te d&rsquo;Ivoire. \u00ab Vous savez, certaines personnes se sentent oblig\u00e9es de dire des choses, pour \u00e9gayer leurs auditoires, les faire rigoler ou applaudir, lorsqu\u2019elles se retrouvent devant les foules. L\u2019on peut comprendre que le pr\u00e9sident LAURENT GBAGBO qui retrouve un PAYS totalement transform\u00e9, soit amen\u00e9 \u00e0 \u00eatre \u00e9tonn\u00e9, comme l\u2019a d\u2019ailleurs relev\u00e9 SIMONE [&hellip;]<\/p>\n","protected":false},"author":82,"featured_media":11295,"comment_status":"open","ping_status":"closed","sticky":false,"template":"","format":"standard","meta":{"footnotes":""},"categories":[11,2,20,10],"tags":[56,63,29],"class_list":["post-11296","post","type-post","status-publish","format-standard","has-post-thumbnail","hentry","category-homepage-french","category-politique","category-top-nouvelles","category-toutes-les-actualites","tag-africa-press","tag-africa-press-cote-divoire","tag-cote-divoire"],"yoast_head":"<!-- This site is optimized with the Yoast SEO Premium plugin v26.1 (Yoast SEO v27.0) - https:\/\/yoast.com\/product\/yoast-seo-premium-wordpress\/ -->\n<title>Affaire Abidjan est remplie, le ministre Adjoumani r\u00e9pond \u00e0 Gbagbo - C\u00f4te d&#039;Ivoire<\/title>\n<meta name=\"description\" content=\"\u00ab Vous savez, certaines personnes se sentent oblig\u00e9es de dire des choses, pour \u00e9gayer leurs auditoires, les faire rigole ...\" \/>\n<meta name=\"robots\" content=\"index, follow, max-snippet:-1, max-image-preview:large, max-video-preview:-1\" \/>\n<link rel=\"canonical\" href=\"https:\/\/www.africa-press.net\/cotedivoire\/politique\/cote-divoire-affaire-abidjan-est-remplie-le-ministre-adjoumani-repond-a-gbagbo\" \/>\n<meta property=\"og:locale\" content=\"fr_FR\" \/>\n<meta property=\"og:type\" content=\"article\" \/>\n<meta property=\"og:title\" content=\"Affaire Abidjan est remplie, le ministre Adjoumani r\u00e9pond \u00e0 Gbagbo\" \/>\n<meta property=\"og:description\" content=\"\u00ab Vous savez, certaines personnes se sentent oblig\u00e9es de dire des choses, pour \u00e9gayer leurs auditoires, les faire rigole ...\" \/>\n<meta property=\"og:url\" content=\"https:\/\/www.africa-press.net\/cotedivoire\/politique\/cote-divoire-affaire-abidjan-est-remplie-le-ministre-adjoumani-repond-a-gbagbo\" \/>\n<meta property=\"og:site_name\" content=\"C\u00f4te d&#039;Ivoire\" \/>\n<meta property=\"article:published_time\" content=\"2021-08-13T12:34:42+00:00\" \/>\n<meta property=\"article:modified_time\" content=\"2021-08-13T20:48:03+00:00\" \/>\n<meta property=\"og:image\" content=\"https:\/\/static.africa-press.net\/cote\/sites\/43\/2021\/08\/img-61166408c713d.jpg\" \/>\n\t<meta property=\"og:image:width\" content=\"720\" \/>\n\t<meta property=\"og:image:height\" content=\"620\" \/>\n\t<meta property=\"og:image:type\" content=\"image\/jpeg\" \/>\n<meta name=\"author\" content=\"cfeditorfr\" \/>\n<meta name=\"twitter:card\" content=\"summary_large_image\" \/>\n<meta name=\"twitter:label1\" content=\"\u00c9crit par\" \/>\n\t<meta name=\"twitter:data1\" content=\"cfeditorfr\" \/>\n\t<meta name=\"twitter:label2\" content=\"Dur\u00e9e de lecture estim\u00e9e\" \/>\n\t<meta name=\"twitter:data2\" content=\"2 minutes\" \/>\n<script type=\"application\/ld+json\" class=\"yoast-schema-graph\">{\"@context\":\"https:\/\/schema.org\",\"@graph\":[{\"@type\":\"Article\",\"@id\":\"https:\/\/www.africa-press.net\/cotedivoire\/politique\/cote-divoire-affaire-abidjan-est-remplie-le-ministre-adjoumani-repond-a-gbagbo#article\",\"isPartOf\":{\"@id\":\"https:\/\/www.africa-press.net\/cotedivoire\/politique\/cote-divoire-affaire-abidjan-est-remplie-le-ministre-adjoumani-repond-a-gbagbo\"},\"author\":{\"name\":\"cfeditorfr\",\"@id\":\"https:\/\/www.africa-press.net\/cotedivoire\/#\/schema\/person\/2b1cf3cd81a31e3cd26889ca66d677f1\"},\"headline\":\"Affaire Abidjan est remplie, le ministre Adjoumani r\u00e9pond \u00e0 Gbagbo\",\"datePublished\":\"2021-08-13T12:34:42+00:00\",\"dateModified\":\"2021-08-13T20:48:03+00:00\",\"mainEntityOfPage\":{\"@id\":\"https:\/\/www.africa-press.net\/cotedivoire\/politique\/cote-divoire-affaire-abidjan-est-remplie-le-ministre-adjoumani-repond-a-gbagbo\"},\"wordCount\":402,\"commentCount\":0,\"image\":{\"@id\":\"https:\/\/www.africa-press.net\/cotedivoire\/politique\/cote-divoire-affaire-abidjan-est-remplie-le-ministre-adjoumani-repond-a-gbagbo#primaryimage\"},\"thumbnailUrl\":\"https:\/\/static.africa-press.net\/cote\/sites\/43\/2021\/08\/img-61166408c713d.jpg\",\"keywords\":[\"Africa Press\",\"Africa Press-C\u00f4te d'Ivoire\",\"C\u00d4TE D'IVOIRE\"],\"articleSection\":[\"homepage-french\",\"Politique\",\"Top Nouvelles\",\"Toutes les actualit\u00e9s\"],\"inLanguage\":\"fr-FR\",\"potentialAction\":[{\"@type\":\"CommentAction\",\"name\":\"Comment\",\"target\":[\"https:\/\/www.africa-press.net\/cotedivoire\/politique\/cote-divoire-affaire-abidjan-est-remplie-le-ministre-adjoumani-repond-a-gbagbo#respond\"]}]},{\"@type\":\"WebPage\",\"@id\":\"https:\/\/www.africa-press.net\/cotedivoire\/politique\/cote-divoire-affaire-abidjan-est-remplie-le-ministre-adjoumani-repond-a-gbagbo\",\"url\":\"https:\/\/www.africa-press.net\/cotedivoire\/politique\/cote-divoire-affaire-abidjan-est-remplie-le-ministre-adjoumani-repond-a-gbagbo\",\"name\":\"Affaire Abidjan est remplie, le ministre Adjoumani r\u00e9pond \u00e0 Gbagbo - C\u00f4te d&#039;Ivoire\",\"isPartOf\":{\"@id\":\"https:\/\/www.africa-press.net\/cotedivoire\/#website\"},\"primaryImageOfPage\":{\"@id\":\"https:\/\/www.africa-press.net\/cotedivoire\/politique\/cote-divoire-affaire-abidjan-est-remplie-le-ministre-adjoumani-repond-a-gbagbo#primaryimage\"},\"image\":{\"@id\":\"https:\/\/www.africa-press.net\/cotedivoire\/politique\/cote-divoire-affaire-abidjan-est-remplie-le-ministre-adjoumani-repond-a-gbagbo#primaryimage\"},\"thumbnailUrl\":\"https:\/\/static.africa-press.net\/cote\/sites\/43\/2021\/08\/img-61166408c713d.jpg\",\"datePublished\":\"2021-08-13T12:34:42+00:00\",\"dateModified\":\"2021-08-13T20:48:03+00:00\",\"author\":{\"@id\":\"https:\/\/www.africa-press.net\/cotedivoire\/#\/schema\/person\/2b1cf3cd81a31e3cd26889ca66d677f1\"},\"description\":\"\u00ab Vous savez, certaines personnes se sentent oblig\u00e9es de dire des choses, pour \u00e9gayer leurs auditoires, les faire rigole ...\",\"breadcrumb\":{\"@id\":\"https:\/\/www.africa-press.net\/cotedivoire\/politique\/cote-divoire-affaire-abidjan-est-remplie-le-ministre-adjoumani-repond-a-gbagbo#breadcrumb\"},\"inLanguage\":\"fr-FR\",\"potentialAction\":[{\"@type\":\"ReadAction\",\"target\":[\"https:\/\/www.africa-press.net\/cotedivoire\/politique\/cote-divoire-affaire-abidjan-est-remplie-le-ministre-adjoumani-repond-a-gbagbo\"]}]},{\"@type\":\"ImageObject\",\"inLanguage\":\"fr-FR\",\"@id\":\"https:\/\/www.africa-press.net\/cotedivoire\/politique\/cote-divoire-affaire-abidjan-est-remplie-le-ministre-adjoumani-repond-a-gbagbo#primaryimage\",\"url\":\"https:\/\/static.africa-press.net\/cote\/sites\/43\/2021\/08\/img-61166408c713d.jpg\",\"contentUrl\":\"https:\/\/static.africa-press.net\/cote\/sites\/43\/2021\/08\/img-61166408c713d.jpg\",\"width\":720,\"height\":620,\"caption\":\"C\u00f4te-d\u2019Ivoire: Affaire Abidjan est remplie, le ministre Adjoumani r\u00e9pond \u00e0 Gbagbo\"},{\"@type\":\"BreadcrumbList\",\"@id\":\"https:\/\/www.africa-press.net\/cotedivoire\/politique\/cote-divoire-affaire-abidjan-est-remplie-le-ministre-adjoumani-repond-a-gbagbo#breadcrumb\",\"itemListElement\":[{\"@type\":\"ListItem\",\"position\":1,\"name\":\"Accueil\",\"item\":\"https:\/\/www.africa-press.net\/cotedivoire\/\"},{\"@type\":\"ListItem\",\"position\":2,\"name\":\"Affaire Abidjan est remplie, le ministre Adjoumani r\u00e9pond \u00e0 Gbagbo\"}]},{\"@type\":\"WebSite\",\"@id\":\"https:\/\/www.africa-press.net\/cotedivoire\/#website\",\"url\":\"https:\/\/www.africa-press.net\/cotedivoire\/\",\"name\":\"C\u00f4te d&#039;Ivoire\",\"description\":\"Just another Africa News Agency Sites site\",\"potentialAction\":[{\"@type\":\"SearchAction\",\"target\":{\"@type\":\"EntryPoint\",\"urlTemplate\":\"https:\/\/www.africa-press.net\/cotedivoire\/?s={search_term_string}\"},\"query-input\":{\"@type\":\"PropertyValueSpecification\",\"valueRequired\":true,\"valueName\":\"search_term_string\"}}],\"inLanguage\":\"fr-FR\"},{\"@type\":\"Person\",\"@id\":\"https:\/\/www.africa-press.net\/cotedivoire\/#\/schema\/person\/2b1cf3cd81a31e3cd26889ca66d677f1\",\"name\":\"cfeditorfr\"}]}<\/script>\n<!-- \/ Yoast SEO Premium plugin. -->","yoast_head_json":{"title":"Affaire Abidjan est remplie, le ministre Adjoumani r\u00e9pond \u00e0 Gbagbo - C\u00f4te d&#039;Ivoire","description":"\u00ab Vous savez, certaines personnes se sentent oblig\u00e9es de dire des choses, pour \u00e9gayer leurs auditoires, les faire rigole ...","robots":{"index":"index","follow":"follow","max-snippet":"max-snippet:-1","max-image-preview":"max-image-preview:large","max-video-preview":"max-video-preview:-1"},"canonical":"https:\/\/www.africa-press.net\/cotedivoire\/politique\/cote-divoire-affaire-abidjan-est-remplie-le-ministre-adjoumani-repond-a-gbagbo","og_locale":"fr_FR","og_type":"article","og_title":"Affaire Abidjan est remplie, le ministre Adjoumani r\u00e9pond \u00e0 Gbagbo","og_description":"\u00ab Vous savez, certaines personnes se sentent oblig\u00e9es de dire des choses, pour \u00e9gayer leurs auditoires, les faire rigole ...","og_url":"https:\/\/www.africa-press.net\/cotedivoire\/politique\/cote-divoire-affaire-abidjan-est-remplie-le-ministre-adjoumani-repond-a-gbagbo","og_site_name":"C\u00f4te d&#039;Ivoire","article_published_time":"2021-08-13T12:34:42+00:00","article_modified_time":"2021-08-13T20:48:03+00:00","og_image":[{"width":720,"height":620,"url":"https:\/\/static.africa-press.net\/cote\/sites\/43\/2021\/08\/img-61166408c713d.jpg","type":"image\/jpeg"}],"author":"cfeditorfr","twitter_card":"summary_large_image","twitter_misc":{"\u00c9crit par":"cfeditorfr","Dur\u00e9e de lecture estim\u00e9e":"2 minutes"},"schema":{"@context":"https:\/\/schema.org","@graph":[{"@type":"Article","@id":"https:\/\/www.africa-press.net\/cotedivoire\/politique\/cote-divoire-affaire-abidjan-est-remplie-le-ministre-adjoumani-repond-a-gbagbo#article","isPartOf":{"@id":"https:\/\/www.africa-press.net\/cotedivoire\/politique\/cote-divoire-affaire-abidjan-est-remplie-le-ministre-adjoumani-repond-a-gbagbo"},"author":{"name":"cfeditorfr","@id":"https:\/\/www.africa-press.net\/cotedivoire\/#\/schema\/person\/2b1cf3cd81a31e3cd26889ca66d677f1"},"headline":"Affaire Abidjan est remplie, le ministre Adjoumani r\u00e9pond \u00e0 Gbagbo","datePublished":"2021-08-13T12:34:42+00:00","dateModified":"2021-08-13T20:48:03+00:00","mainEntityOfPage":{"@id":"https:\/\/www.africa-press.net\/cotedivoire\/politique\/cote-divoire-affaire-abidjan-est-remplie-le-ministre-adjoumani-repond-a-gbagbo"},"wordCount":402,"commentCount":0,"image":{"@id":"https:\/\/www.africa-press.net\/cotedivoire\/politique\/cote-divoire-affaire-abidjan-est-remplie-le-ministre-adjoumani-repond-a-gbagbo#primaryimage"},"thumbnailUrl":"https:\/\/static.africa-press.net\/cote\/sites\/43\/2021\/08\/img-61166408c713d.jpg","keywords":["Africa Press","Africa Press-C\u00f4te d'Ivoire","C\u00d4TE D'IVOIRE"],"articleSection":["homepage-french","Politique","Top Nouvelles","Toutes les actualit\u00e9s"],"inLanguage":"fr-FR","potentialAction":[{"@type":"CommentAction","name":"Comment","target":["https:\/\/www.africa-press.net\/cotedivoire\/politique\/cote-divoire-affaire-abidjan-est-remplie-le-ministre-adjoumani-repond-a-gbagbo#respond"]}]},{"@type":"WebPage","@id":"https:\/\/www.africa-press.net\/cotedivoire\/politique\/cote-divoire-affaire-abidjan-est-remplie-le-ministre-adjoumani-repond-a-gbagbo","url":"https:\/\/www.africa-press.net\/cotedivoire\/politique\/cote-divoire-affaire-abidjan-est-remplie-le-ministre-adjoumani-repond-a-gbagbo","name":"Affaire Abidjan est remplie, le ministre Adjoumani r\u00e9pond \u00e0 Gbagbo - C\u00f4te d&#039;Ivoire","isPartOf":{"@id":"https:\/\/www.africa-press.net\/cotedivoire\/#website"},"primaryImageOfPage":{"@id":"https:\/\/www.africa-press.net\/cotedivoire\/politique\/cote-divoire-affaire-abidjan-est-remplie-le-ministre-adjoumani-repond-a-gbagbo#primaryimage"},"image":{"@id":"https:\/\/www.africa-press.net\/cotedivoire\/politique\/cote-divoire-affaire-abidjan-est-remplie-le-ministre-adjoumani-repond-a-gbagbo#primaryimage"},"thumbnailUrl":"https:\/\/static.africa-press.net\/cote\/sites\/43\/2021\/08\/img-61166408c713d.jpg","datePublished":"2021-08-13T12:34:42+00:00","dateModified":"2021-08-13T20:48:03+00:00","author":{"@id":"https:\/\/www.africa-press.net\/cotedivoire\/#\/schema\/person\/2b1cf3cd81a31e3cd26889ca66d677f1"},"description":"\u00ab Vous savez, certaines personnes se sentent oblig\u00e9es de dire des choses, pour \u00e9gayer leurs auditoires, les faire rigole ...","breadcrumb":{"@id":"https:\/\/www.africa-press.net\/cotedivoire\/politique\/cote-divoire-affaire-abidjan-est-remplie-le-ministre-adjoumani-repond-a-gbagbo#breadcrumb"},"inLanguage":"fr-FR","potentialAction":[{"@type":"ReadAction","target":["https:\/\/www.africa-press.net\/cotedivoire\/politique\/cote-divoire-affaire-abidjan-est-remplie-le-ministre-adjoumani-repond-a-gbagbo"]}]},{"@type":"ImageObject","inLanguage":"fr-FR","@id":"https:\/\/www.africa-press.net\/cotedivoire\/politique\/cote-divoire-affaire-abidjan-est-remplie-le-ministre-adjoumani-repond-a-gbagbo#primaryimage","url":"https:\/\/static.africa-press.net\/cote\/sites\/43\/2021\/08\/img-61166408c713d.jpg","contentUrl":"https:\/\/static.africa-press.net\/cote\/sites\/43\/2021\/08\/img-61166408c713d.jpg","width":720,"height":620,"caption":"C\u00f4te-d\u2019Ivoire: Affaire Abidjan est remplie, le ministre Adjoumani r\u00e9pond \u00e0 Gbagbo"},{"@type":"BreadcrumbList","@id":"https:\/\/www.africa-press.net\/cotedivoire\/politique\/cote-divoire-affaire-abidjan-est-remplie-le-ministre-adjoumani-repond-a-gbagbo#breadcrumb","itemListElement":[{"@type":"ListItem","position":1,"name":"Accueil","item":"https:\/\/www.africa-press.net\/cotedivoire\/"},{"@type":"ListItem","position":2,"name":"Affaire Abidjan est remplie, le ministre Adjoumani r\u00e9pond \u00e0 Gbagbo"}]},{"@type":"WebSite","@id":"https:\/\/www.africa-press.net\/cotedivoire\/#website","url":"https:\/\/www.africa-press.net\/cotedivoire\/","name":"C\u00f4te d&#039;Ivoire","description":"Just another Africa News Agency Sites site","potentialAction":[{"@type":"SearchAction","target":{"@type":"EntryPoint","urlTemplate":"https:\/\/www.africa-press.net\/cotedivoire\/?s={search_term_string}"},"query-input":{"@type":"PropertyValueSpecification","valueRequired":true,"valueName":"search_term_string"}}],"inLanguage":"fr-FR"},{"@type":"Person","@id":"https:\/\/www.africa-press.net\/cotedivoire\/#\/schema\/person\/2b1cf3cd81a31e3cd26889ca66d677f1","name":"cfeditorfr"}]}},"_links":{"self":[{"href":"https:\/\/www.africa-press.net\/cotedivoire\/wp-json\/wp\/v2\/posts\/11296","targetHints":{"allow":["GET"]}}],"collection":[{"href":"https:\/\/www.africa-press.net\/cotedivoire\/wp-json\/wp\/v2\/posts"}],"about":[{"href":"https:\/\/www.africa-press.net\/cotedivoire\/wp-json\/wp\/v2\/types\/post"}],"author":[{"embeddable":true,"href":"https:\/\/www.africa-press.net\/cotedivoire\/wp-json\/wp\/v2\/users\/82"}],"replies":[{"embeddable":true,"href":"https:\/\/www.africa-press.net\/cotedivoire\/wp-json\/wp\/v2\/comments?post=11296"}],"version-history":[{"count":0,"href":"https:\/\/www.africa-press.net\/cotedivoire\/wp-json\/wp\/v2\/posts\/11296\/revisions"}],"wp:featuredmedia":[{"embeddable":true,"href":"https:\/\/www.africa-press.net\/cotedivoire\/wp-json\/wp\/v2\/media\/11295"}],"wp:attachment":[{"href":"https:\/\/www.africa-press.net\/cotedivoire\/wp-json\/wp\/v2\/media?parent=11296"}],"wp:term":[{"taxonomy":"category","embeddable":true,"href":"https:\/\/www.africa-press.net\/cotedivoire\/wp-json\/wp\/v2\/categories?post=11296"},{"taxonomy":"post_tag","embeddable":true,"href":"https:\/\/www.africa-press.net\/cotedivoire\/wp-json\/wp\/v2\/tags?post=11296"}],"curies":[{"name":"wp","href":"https:\/\/api.w.org\/{rel}","templated":true}]}}