{"id":112983,"date":"2026-02-18T12:06:00","date_gmt":"2026-02-18T12:06:00","guid":{"rendered":"https:\/\/www.africa-press.net\/cotedivoire\/politique\/mobilisation-des-recettes-publiques-a-yamoussoukro"},"modified":"2026-02-18T13:23:51","modified_gmt":"2026-02-18T13:23:51","slug":"mobilisation-des-recettes-publiques-a-yamoussoukro","status":"publish","type":"post","link":"https:\/\/www.africa-press.net\/cotedivoire\/economie\/mobilisation-des-recettes-publiques-a-yamoussoukro","title":{"rendered":"Mobilisation des Recettes Publiques \u00e0 Yamoussoukro"},"content":{"rendered":"<p><span style=\"color: #ff6600\"><strong>Africa-Press &#8211; C\u00f4te d&rsquo;Ivoire. <\/strong><\/span>La Direction ge\u0301ne\u0301rale des impo\u0302ts (DGI) affiche ses ambitions. Re\u0301unie en se\u0301minaire bilan annuel les 16 et 17 fe\u0301vrier 2026 a\u0300 l\u2019Ho\u0302tel Pre\u0301sident, l\u2019administration fiscale ivoirienne a dresse\u0301 le bilan de l\u2019exercice 2025 et fixe\u0301 le cap pour 2026, avec un objectif de mobilisation de recettes estime\u0301 a\u0300 5 988,1 milliards de FCFA.<\/p>\n<p>Place\u0301e sous la pre\u0301sidence de Vassogbo Bamba, Directeur de cabinet adjoint, repre\u0301sentant le ministre de l\u2019E\u0301conomie, des Finances et du Budget, Adama Coulibaly, cette rencontre strate\u0301gique a rassemble\u0301 les membres du Comite\u0301 de direction e\u0301largi, les sous-directeurs ainsi que les chefs de service.<\/p>\n<p>Au terme de l\u2019exercice 2025, la DGI a mobilise\u0301 4 897,3 milliards de FCFA, pour un objectif initial de 5 025,0 milliards, soit un taux de re\u0301alisation de 97,5 %.<\/p>\n<p>Si l\u2019objectif global n\u2019a pas e\u0301te\u0301 totalement atteint, les performances demeurent en nette progression par rapport a\u0300 2024, avec une hausse de 647,7 milliards de FCFA (+15,2 %).<\/p>\n<p>Le quatrie\u0300me trimestre 2025 illustre cette dynamique positive: 1 136,9 milliards de FCFA ont e\u0301te\u0301 recouvre\u0301s pour un objectif de 1 121,3 milliards, soit un de\u0301passement de 15,6 milliards et un taux de re\u0301alisation de 101,4 %. Compare\u0301es au quatrie\u0300me trimestre 2024, ces recettes progressent de 56,3 milliards (+5,2%).<\/p>\n<p>Fait notable: hors revenus pe\u0301troliers et gaziers, les recettes enregistrent une hausse de 775,5 milliards, soit une progression de 19,5 % par rapport a\u0300 2024, traduisant un e\u0301largissement de l\u2019assiette fiscale et une meilleure performance structurelle.<\/p>\n<p>Pour 2026, la DGI affiche une ambition forte: mobiliser 5 988,1 milliards de FCFA, soit une augmentation de 1 090,8 milliards par rapport a\u0300 2025 (+22,3 %).<\/p>\n<p>Hors pe\u0301trole et gaz, la progression attendue atteint 26 %, confirmant la volonte\u0301 de renforcer les recettes fiscales internes.<\/p>\n<p>Au premier trimestre 2026, l\u2019objectif est fixe\u0301 a\u0300 1 332,6 milliards, en hausse de 20,3 % par rapport aux re\u0301alisations de la me\u0302me pe\u0301riode en 2025.<\/p>\n<p>Le se\u0301minaire s\u2019est articule\u0301 autour du the\u0300me central: \u00ab La mise en \u0153uvre de la Strate\u0301gie nationale de mobilisation des Recettes a\u0300 Moyen Terme (SRMT) par la Direction ge\u0301ne\u0301rale des Impo\u0302ts \u00bb.<\/p>\n<p>Quatre ateliers ont approfondi les leviers de modernisation et de performance, la DGI a\u0300 l\u2019heure de la data science et de l\u2019intelligence artificielle, pour optimiser le contro\u0302le et la pre\u0301vision des recettes, le renforcement et la diversification des outils de recouvrement, la mobilisation des recettes du secteur de l\u2019e\u0301conomie nume\u0301rique, en pleine expansion et la gestion pre\u0301visionnelle des effectifs et le transfert des compe\u0301tences, enjeu majeur pour la pe\u0301rennite\u0301 de l\u2019administration fiscale.<\/p>\n<p>Les participants ont e\u0301galement suivi cinq communications majeures, la pre\u0301sentation de l\u2019Annexe fiscale 2026, les dysfonctionnements de gestion dans les services centraux et exte\u0301rieurs et leurs impacts sur la performance, le bilan du de\u0301ploiement de la comptabilite\u0301 en droits constate\u0301s, l\u2019ope\u0301rationnalisation de la facture normalise\u0301e e\u0301lectronique, le recensement e\u0301lectronique des parcelles et des activite\u0301s e\u0301conomiques (phase pilote).<\/p>\n<p>Ces re\u0301formes traduisent une volonte\u0301 affirme\u0301e d\u2019acce\u0301le\u0301rer la digitalisation et d\u2019ame\u0301liorer la trac\u0327abilite\u0301 des ope\u0301rations fiscales.<\/p>\n<p>Pour atteindre ses objectifs 2026, la DGI entend mettre en \u0153uvre efficacement l\u2019ensemble des mesures d\u2019administration et de politique fiscales, tout en intensifiant les actions de sensibilisation des contribuables.<\/p>\n<p>Un accent particulier sera mis sur, le renouvellement des de\u0301clarations des contribuables relevant des re\u0301gimes forfaitaires (Re\u0301gime des Microentreprises- RME et Re\u0301gime de l\u2019Entreprenant, RE), l\u2019e\u0301mission de l\u2019impo\u0302t foncier sur la base de la valeur marchande de\u0300s janvier 2026, le recouvrement des arrie\u0301re\u0301s d\u2019impo\u0302ts.<\/p>\n<p>Par ailleurs, l\u2019administration fiscale pre\u0301voit de renforcer l\u2019encadrement de ses agents a\u0300 travers l\u2019imple\u0301mentation du contro\u0302le interne, afin d\u2019ame\u0301liorer l\u2019e\u0301thique, la de\u0301ontologie et la gouvernance.<\/p>\n<p>Ce se\u0301minaire aura permis de mesurer les avance\u0301es re\u0301alise\u0301es, d\u2019identifier les de\u0301fis persistants et de consolider la strate\u0301gie pour 2026.<\/p>\n<p>A\u0300 travers la modernisation de ses outils, l\u2019inte\u0301gration des technologies nume\u0301riques et le renforcement de ses ressources humaines, la DGI confirme son ro\u0302le central dans le financement des politiques publiques et la consolidation des e\u0301quilibres budge\u0301taires de la Co\u0302te d\u2019Ivoire.<\/p>\n<p><strong>Pour plus d&rsquo;informations et d&rsquo;analyses sur la <span style=\"color: #ff6600\">C\u00f4te d&rsquo;Ivoire<\/span>, suivez <span style=\"color: #ff6600\">Africa-Press<\/span><\/strong><\/p>\n","protected":false},"excerpt":{"rendered":"<p>Africa-Press &#8211; C\u00f4te d&rsquo;Ivoire. La Direction ge\u0301ne\u0301rale des impo\u0302ts (DGI) affiche ses ambitions. Re\u0301unie en se\u0301minaire bilan annuel les 16 et 17 fe\u0301vrier 2026 a\u0300 l\u2019Ho\u0302tel Pre\u0301sident, l\u2019administration fiscale ivoirienne a dresse\u0301 le bilan de l\u2019exercice 2025 et fixe\u0301 le cap pour 2026, avec un objectif de mobilisation de recettes estime\u0301 a\u0300 5 988,1 milliards [&hellip;]<\/p>\n","protected":false},"author":82,"featured_media":112982,"comment_status":"open","ping_status":"closed","sticky":false,"template":"","format":"standard","meta":{"footnotes":""},"categories":[3,10],"tags":[29,3905,118,4563,12491,7054,2014,2720,3920,20362,33],"class_list":["post-112983","post","type-post","status-publish","format-standard","has-post-thumbnail","hentry","category-economie","category-toutes-les-actualites","tag-cote-divoire","tag-dgi","tag-economie","tag-finances","tag-fiscalite","tag-mobilisation","tag-numerique","tag-publiques","tag-recettes","tag-srmt","tag-yamoussoukro"],"yoast_head":"<!-- This site is optimized with the Yoast SEO Premium plugin v26.1 (Yoast SEO v27.0) - https:\/\/yoast.com\/product\/yoast-seo-premium-wordpress\/ -->\n<title>Mobilisation des Recettes Publiques \u00e0 Yamoussoukro - C\u00f4te d&#039;Ivoire<\/title>\n<meta name=\"description\" content=\"La Direction ge\u0301ne\u0301rale des impo\u0302ts (DGI) affiche ses ambitions. Re\u0301unie en se\u0301minaire bilan annuel les 16 et 17 fe\u0301vrie ...\" \/>\n<meta name=\"robots\" content=\"index, follow, max-snippet:-1, max-image-preview:large, max-video-preview:-1\" \/>\n<link rel=\"canonical\" href=\"https:\/\/www.africa-press.net\/cotedivoire\/economie\/mobilisation-des-recettes-publiques-a-yamoussoukro\" \/>\n<meta property=\"og:locale\" content=\"fr_FR\" \/>\n<meta property=\"og:type\" content=\"article\" \/>\n<meta property=\"og:title\" content=\"Mobilisation des Recettes Publiques \u00e0 Yamoussoukro\" \/>\n<meta property=\"og:description\" content=\"La Direction ge\u0301ne\u0301rale des impo\u0302ts (DGI) affiche ses ambitions. Re\u0301unie en se\u0301minaire bilan annuel les 16 et 17 fe\u0301vrie ...\" \/>\n<meta property=\"og:url\" content=\"https:\/\/www.africa-press.net\/cotedivoire\/economie\/mobilisation-des-recettes-publiques-a-yamoussoukro\" \/>\n<meta property=\"og:site_name\" content=\"C\u00f4te d&#039;Ivoire\" \/>\n<meta property=\"article:published_time\" content=\"2026-02-18T12:06:00+00:00\" \/>\n<meta property=\"article:modified_time\" content=\"2026-02-18T13:23:51+00:00\" \/>\n<meta property=\"og:image\" content=\"https:\/\/static.africa-press.net\/cote\/sites\/43\/2026\/02\/sm_1771408402.078751.jpg\" \/>\n\t<meta property=\"og:image:width\" content=\"720\" \/>\n\t<meta property=\"og:image:height\" content=\"386\" \/>\n\t<meta property=\"og:image:type\" content=\"image\/jpeg\" \/>\n<meta name=\"author\" content=\"cfeditorfr\" \/>\n<meta name=\"twitter:card\" content=\"summary_large_image\" \/>\n<meta name=\"twitter:label1\" content=\"\u00c9crit par\" \/>\n\t<meta name=\"twitter:data1\" content=\"cfeditorfr\" \/>\n\t<meta name=\"twitter:label2\" content=\"Dur\u00e9e de lecture estim\u00e9e\" \/>\n\t<meta name=\"twitter:data2\" content=\"4 minutes\" \/>\n<script type=\"application\/ld+json\" class=\"yoast-schema-graph\">{\"@context\":\"https:\/\/schema.org\",\"@graph\":[{\"@type\":\"Article\",\"@id\":\"https:\/\/www.africa-press.net\/cotedivoire\/economie\/mobilisation-des-recettes-publiques-a-yamoussoukro#article\",\"isPartOf\":{\"@id\":\"https:\/\/www.africa-press.net\/cotedivoire\/economie\/mobilisation-des-recettes-publiques-a-yamoussoukro\"},\"author\":{\"name\":\"cfeditorfr\",\"@id\":\"https:\/\/www.africa-press.net\/cotedivoire\/#\/schema\/person\/2b1cf3cd81a31e3cd26889ca66d677f1\"},\"headline\":\"Mobilisation des Recettes Publiques \u00e0 Yamoussoukro\",\"datePublished\":\"2026-02-18T12:06:00+00:00\",\"dateModified\":\"2026-02-18T13:23:51+00:00\",\"mainEntityOfPage\":{\"@id\":\"https:\/\/www.africa-press.net\/cotedivoire\/economie\/mobilisation-des-recettes-publiques-a-yamoussoukro\"},\"wordCount\":737,\"commentCount\":0,\"image\":{\"@id\":\"https:\/\/www.africa-press.net\/cotedivoire\/economie\/mobilisation-des-recettes-publiques-a-yamoussoukro#primaryimage\"},\"thumbnailUrl\":\"https:\/\/static.africa-press.net\/cote\/sites\/43\/2026\/02\/sm_1771408402.078751.jpg\",\"keywords\":[\"C\u00d4TE D'IVOIRE\",\"DGI\",\"Economie\",\"finances\",\"Fiscalit\u00e9\",\"mobilisation\",\"Num\u00e9rique\",\"publiques\",\"recettes\",\"SRMT\",\"Yamoussoukro\"],\"articleSection\":[\"\u00c9conomie\",\"Toutes les actualit\u00e9s\"],\"inLanguage\":\"fr-FR\",\"potentialAction\":[{\"@type\":\"CommentAction\",\"name\":\"Comment\",\"target\":[\"https:\/\/www.africa-press.net\/cotedivoire\/economie\/mobilisation-des-recettes-publiques-a-yamoussoukro#respond\"]}]},{\"@type\":\"WebPage\",\"@id\":\"https:\/\/www.africa-press.net\/cotedivoire\/economie\/mobilisation-des-recettes-publiques-a-yamoussoukro\",\"url\":\"https:\/\/www.africa-press.net\/cotedivoire\/economie\/mobilisation-des-recettes-publiques-a-yamoussoukro\",\"name\":\"Mobilisation des Recettes Publiques \u00e0 Yamoussoukro - C\u00f4te d&#039;Ivoire\",\"isPartOf\":{\"@id\":\"https:\/\/www.africa-press.net\/cotedivoire\/#website\"},\"primaryImageOfPage\":{\"@id\":\"https:\/\/www.africa-press.net\/cotedivoire\/economie\/mobilisation-des-recettes-publiques-a-yamoussoukro#primaryimage\"},\"image\":{\"@id\":\"https:\/\/www.africa-press.net\/cotedivoire\/economie\/mobilisation-des-recettes-publiques-a-yamoussoukro#primaryimage\"},\"thumbnailUrl\":\"https:\/\/static.africa-press.net\/cote\/sites\/43\/2026\/02\/sm_1771408402.078751.jpg\",\"datePublished\":\"2026-02-18T12:06:00+00:00\",\"dateModified\":\"2026-02-18T13:23:51+00:00\",\"author\":{\"@id\":\"https:\/\/www.africa-press.net\/cotedivoire\/#\/schema\/person\/2b1cf3cd81a31e3cd26889ca66d677f1\"},\"description\":\"La Direction ge\u0301ne\u0301rale des impo\u0302ts (DGI) affiche ses ambitions. Re\u0301unie en se\u0301minaire bilan annuel les 16 et 17 fe\u0301vrie ...\",\"breadcrumb\":{\"@id\":\"https:\/\/www.africa-press.net\/cotedivoire\/economie\/mobilisation-des-recettes-publiques-a-yamoussoukro#breadcrumb\"},\"inLanguage\":\"fr-FR\",\"potentialAction\":[{\"@type\":\"ReadAction\",\"target\":[\"https:\/\/www.africa-press.net\/cotedivoire\/economie\/mobilisation-des-recettes-publiques-a-yamoussoukro\"]}]},{\"@type\":\"ImageObject\",\"inLanguage\":\"fr-FR\",\"@id\":\"https:\/\/www.africa-press.net\/cotedivoire\/economie\/mobilisation-des-recettes-publiques-a-yamoussoukro#primaryimage\",\"url\":\"https:\/\/static.africa-press.net\/cote\/sites\/43\/2026\/02\/sm_1771408402.078751.jpg\",\"contentUrl\":\"https:\/\/static.africa-press.net\/cote\/sites\/43\/2026\/02\/sm_1771408402.078751.jpg\",\"width\":720,\"height\":386,\"caption\":\"Mobilisation des Recettes Publiques \u00e0 Yamoussoukro\"},{\"@type\":\"BreadcrumbList\",\"@id\":\"https:\/\/www.africa-press.net\/cotedivoire\/economie\/mobilisation-des-recettes-publiques-a-yamoussoukro#breadcrumb\",\"itemListElement\":[{\"@type\":\"ListItem\",\"position\":1,\"name\":\"Accueil\",\"item\":\"https:\/\/www.africa-press.net\/cotedivoire\/\"},{\"@type\":\"ListItem\",\"position\":2,\"name\":\"Mobilisation des Recettes Publiques \u00e0 Yamoussoukro\"}]},{\"@type\":\"WebSite\",\"@id\":\"https:\/\/www.africa-press.net\/cotedivoire\/#website\",\"url\":\"https:\/\/www.africa-press.net\/cotedivoire\/\",\"name\":\"C\u00f4te d&#039;Ivoire\",\"description\":\"Just another Africa News Agency Sites site\",\"potentialAction\":[{\"@type\":\"SearchAction\",\"target\":{\"@type\":\"EntryPoint\",\"urlTemplate\":\"https:\/\/www.africa-press.net\/cotedivoire\/?s={search_term_string}\"},\"query-input\":{\"@type\":\"PropertyValueSpecification\",\"valueRequired\":true,\"valueName\":\"search_term_string\"}}],\"inLanguage\":\"fr-FR\"},{\"@type\":\"Person\",\"@id\":\"https:\/\/www.africa-press.net\/cotedivoire\/#\/schema\/person\/2b1cf3cd81a31e3cd26889ca66d677f1\",\"name\":\"cfeditorfr\"}]}<\/script>\n<!-- \/ Yoast SEO Premium plugin. -->","yoast_head_json":{"title":"Mobilisation des Recettes Publiques \u00e0 Yamoussoukro - C\u00f4te d&#039;Ivoire","description":"La Direction ge\u0301ne\u0301rale des impo\u0302ts (DGI) affiche ses ambitions. Re\u0301unie en se\u0301minaire bilan annuel les 16 et 17 fe\u0301vrie ...","robots":{"index":"index","follow":"follow","max-snippet":"max-snippet:-1","max-image-preview":"max-image-preview:large","max-video-preview":"max-video-preview:-1"},"canonical":"https:\/\/www.africa-press.net\/cotedivoire\/economie\/mobilisation-des-recettes-publiques-a-yamoussoukro","og_locale":"fr_FR","og_type":"article","og_title":"Mobilisation des Recettes Publiques \u00e0 Yamoussoukro","og_description":"La Direction ge\u0301ne\u0301rale des impo\u0302ts (DGI) affiche ses ambitions. Re\u0301unie en se\u0301minaire bilan annuel les 16 et 17 fe\u0301vrie ...","og_url":"https:\/\/www.africa-press.net\/cotedivoire\/economie\/mobilisation-des-recettes-publiques-a-yamoussoukro","og_site_name":"C\u00f4te d&#039;Ivoire","article_published_time":"2026-02-18T12:06:00+00:00","article_modified_time":"2026-02-18T13:23:51+00:00","og_image":[{"width":720,"height":386,"url":"https:\/\/static.africa-press.net\/cote\/sites\/43\/2026\/02\/sm_1771408402.078751.jpg","type":"image\/jpeg"}],"author":"cfeditorfr","twitter_card":"summary_large_image","twitter_misc":{"\u00c9crit par":"cfeditorfr","Dur\u00e9e de lecture estim\u00e9e":"4 minutes"},"schema":{"@context":"https:\/\/schema.org","@graph":[{"@type":"Article","@id":"https:\/\/www.africa-press.net\/cotedivoire\/economie\/mobilisation-des-recettes-publiques-a-yamoussoukro#article","isPartOf":{"@id":"https:\/\/www.africa-press.net\/cotedivoire\/economie\/mobilisation-des-recettes-publiques-a-yamoussoukro"},"author":{"name":"cfeditorfr","@id":"https:\/\/www.africa-press.net\/cotedivoire\/#\/schema\/person\/2b1cf3cd81a31e3cd26889ca66d677f1"},"headline":"Mobilisation des Recettes Publiques \u00e0 Yamoussoukro","datePublished":"2026-02-18T12:06:00+00:00","dateModified":"2026-02-18T13:23:51+00:00","mainEntityOfPage":{"@id":"https:\/\/www.africa-press.net\/cotedivoire\/economie\/mobilisation-des-recettes-publiques-a-yamoussoukro"},"wordCount":737,"commentCount":0,"image":{"@id":"https:\/\/www.africa-press.net\/cotedivoire\/economie\/mobilisation-des-recettes-publiques-a-yamoussoukro#primaryimage"},"thumbnailUrl":"https:\/\/static.africa-press.net\/cote\/sites\/43\/2026\/02\/sm_1771408402.078751.jpg","keywords":["C\u00d4TE D'IVOIRE","DGI","Economie","finances","Fiscalit\u00e9","mobilisation","Num\u00e9rique","publiques","recettes","SRMT","Yamoussoukro"],"articleSection":["\u00c9conomie","Toutes les actualit\u00e9s"],"inLanguage":"fr-FR","potentialAction":[{"@type":"CommentAction","name":"Comment","target":["https:\/\/www.africa-press.net\/cotedivoire\/economie\/mobilisation-des-recettes-publiques-a-yamoussoukro#respond"]}]},{"@type":"WebPage","@id":"https:\/\/www.africa-press.net\/cotedivoire\/economie\/mobilisation-des-recettes-publiques-a-yamoussoukro","url":"https:\/\/www.africa-press.net\/cotedivoire\/economie\/mobilisation-des-recettes-publiques-a-yamoussoukro","name":"Mobilisation des Recettes Publiques \u00e0 Yamoussoukro - C\u00f4te d&#039;Ivoire","isPartOf":{"@id":"https:\/\/www.africa-press.net\/cotedivoire\/#website"},"primaryImageOfPage":{"@id":"https:\/\/www.africa-press.net\/cotedivoire\/economie\/mobilisation-des-recettes-publiques-a-yamoussoukro#primaryimage"},"image":{"@id":"https:\/\/www.africa-press.net\/cotedivoire\/economie\/mobilisation-des-recettes-publiques-a-yamoussoukro#primaryimage"},"thumbnailUrl":"https:\/\/static.africa-press.net\/cote\/sites\/43\/2026\/02\/sm_1771408402.078751.jpg","datePublished":"2026-02-18T12:06:00+00:00","dateModified":"2026-02-18T13:23:51+00:00","author":{"@id":"https:\/\/www.africa-press.net\/cotedivoire\/#\/schema\/person\/2b1cf3cd81a31e3cd26889ca66d677f1"},"description":"La Direction ge\u0301ne\u0301rale des impo\u0302ts (DGI) affiche ses ambitions. Re\u0301unie en se\u0301minaire bilan annuel les 16 et 17 fe\u0301vrie ...","breadcrumb":{"@id":"https:\/\/www.africa-press.net\/cotedivoire\/economie\/mobilisation-des-recettes-publiques-a-yamoussoukro#breadcrumb"},"inLanguage":"fr-FR","potentialAction":[{"@type":"ReadAction","target":["https:\/\/www.africa-press.net\/cotedivoire\/economie\/mobilisation-des-recettes-publiques-a-yamoussoukro"]}]},{"@type":"ImageObject","inLanguage":"fr-FR","@id":"https:\/\/www.africa-press.net\/cotedivoire\/economie\/mobilisation-des-recettes-publiques-a-yamoussoukro#primaryimage","url":"https:\/\/static.africa-press.net\/cote\/sites\/43\/2026\/02\/sm_1771408402.078751.jpg","contentUrl":"https:\/\/static.africa-press.net\/cote\/sites\/43\/2026\/02\/sm_1771408402.078751.jpg","width":720,"height":386,"caption":"Mobilisation des Recettes Publiques \u00e0 Yamoussoukro"},{"@type":"BreadcrumbList","@id":"https:\/\/www.africa-press.net\/cotedivoire\/economie\/mobilisation-des-recettes-publiques-a-yamoussoukro#breadcrumb","itemListElement":[{"@type":"ListItem","position":1,"name":"Accueil","item":"https:\/\/www.africa-press.net\/cotedivoire\/"},{"@type":"ListItem","position":2,"name":"Mobilisation des Recettes Publiques \u00e0 Yamoussoukro"}]},{"@type":"WebSite","@id":"https:\/\/www.africa-press.net\/cotedivoire\/#website","url":"https:\/\/www.africa-press.net\/cotedivoire\/","name":"C\u00f4te d&#039;Ivoire","description":"Just another Africa News Agency Sites site","potentialAction":[{"@type":"SearchAction","target":{"@type":"EntryPoint","urlTemplate":"https:\/\/www.africa-press.net\/cotedivoire\/?s={search_term_string}"},"query-input":{"@type":"PropertyValueSpecification","valueRequired":true,"valueName":"search_term_string"}}],"inLanguage":"fr-FR"},{"@type":"Person","@id":"https:\/\/www.africa-press.net\/cotedivoire\/#\/schema\/person\/2b1cf3cd81a31e3cd26889ca66d677f1","name":"cfeditorfr"}]}},"_links":{"self":[{"href":"https:\/\/www.africa-press.net\/cotedivoire\/wp-json\/wp\/v2\/posts\/112983","targetHints":{"allow":["GET"]}}],"collection":[{"href":"https:\/\/www.africa-press.net\/cotedivoire\/wp-json\/wp\/v2\/posts"}],"about":[{"href":"https:\/\/www.africa-press.net\/cotedivoire\/wp-json\/wp\/v2\/types\/post"}],"author":[{"embeddable":true,"href":"https:\/\/www.africa-press.net\/cotedivoire\/wp-json\/wp\/v2\/users\/82"}],"replies":[{"embeddable":true,"href":"https:\/\/www.africa-press.net\/cotedivoire\/wp-json\/wp\/v2\/comments?post=112983"}],"version-history":[{"count":0,"href":"https:\/\/www.africa-press.net\/cotedivoire\/wp-json\/wp\/v2\/posts\/112983\/revisions"}],"wp:featuredmedia":[{"embeddable":true,"href":"https:\/\/www.africa-press.net\/cotedivoire\/wp-json\/wp\/v2\/media\/112982"}],"wp:attachment":[{"href":"https:\/\/www.africa-press.net\/cotedivoire\/wp-json\/wp\/v2\/media?parent=112983"}],"wp:term":[{"taxonomy":"category","embeddable":true,"href":"https:\/\/www.africa-press.net\/cotedivoire\/wp-json\/wp\/v2\/categories?post=112983"},{"taxonomy":"post_tag","embeddable":true,"href":"https:\/\/www.africa-press.net\/cotedivoire\/wp-json\/wp\/v2\/tags?post=112983"}],"curies":[{"name":"wp","href":"https:\/\/api.w.org\/{rel}","templated":true}]}}