{"id":11299,"date":"2021-08-13T12:42:31","date_gmt":"2021-08-13T12:42:31","guid":{"rendered":"https:\/\/www.africa-press.net\/cotedivoire\/?p=11299"},"modified":"2021-08-13T20:48:13","modified_gmt":"2021-08-13T20:48:13","slug":"venance-konan-nest-plus-dg-de-fraternite-matin-en-cote-divoire-son-adjoint-prend-linterim","status":"publish","type":"post","link":"https:\/\/www.africa-press.net\/cotedivoire\/politique\/venance-konan-nest-plus-dg-de-fraternite-matin-en-cote-divoire-son-adjoint-prend-linterim","title":{"rendered":"Venance Konan n\u2019est plus DG de Fraternit\u00e9 Matin en C\u00f4te-d\u2019Ivoire, son adjoint prend l\u2019int\u00e9rim"},"content":{"rendered":"<p><span style=\"color: #ff6600\"><strong><a href=\"https:\/\/www.africa-press.net\/\">Africa-Press<\/a> &#8211; <a href=\"https:\/\/www.africa-press.net\/cotedivoire\">C\u00f4te d&rsquo;Ivoire<\/a>.\u00a0 <\/strong><\/span>R\u00e9uni jeudi 12 ao\u00fbt 2021, le conseil d\u2019administration de Fraternit\u00e9 Matin a proc\u00e9d\u00e9 \u00e0 la nomination du directeur g\u00e9n\u00e9ral adjoint, en qualit\u00e9 de directeur g\u00e9n\u00e9ral int\u00e9rimaire.<\/p>\n<p>Venance Konan n\u2019est plus directeur g\u00e9n\u00e9ral de Fraternit\u00e9 Matin. Il est remplac\u00e9 par son adjoint Nouho Abel, en qualit\u00e9 de directeur g\u00e9n\u00e9ral par int\u00e9rim, selon une d\u00e9lib\u00e9ration du conseil d\u2019administration.<\/p>\n<p>Rentr\u00e9 \u00e0 Abidjan le samedi 7 ao\u00fbt 2021 d\u2019un s\u00e9jour m\u00e9dical en France, Venance Konan a \u00e9t\u00e9 inform\u00e9 peu avant la session du Conseil d\u2019administration par le ministre de tutelle.<\/p>\n<p>Lire aussi &gt;&gt; S\u00e9curit\u00e9 routi\u00e8re : des mesures vigoureuses d\u00e8s le 1er septembre 2021 (C\u00f4te d\u2019Ivoire)<\/p>\n<p>\u00c0 travers cette d\u00e9cision, le conseil d\u2019administration fait droit \u00e0 une requ\u00eate adress\u00e9e par Venance Konan au chef de l\u2019\u00c9tat et au premier ministre, en vue de servir \u00e0 d\u2019autres fonctions, dans un contexte marqu\u00e9 par des menaces de gr\u00e8ve des agents de l\u2019entreprise de presse leader en C\u00f4te d\u2019Ivoire, malgr\u00e9 les difficult\u00e9s des m\u00e9dias en C\u00f4te d\u2019Ivoire.<\/p>\n<p>Nomm\u00e9 aux lendemains de la crise post \u00e9lectorale, Venance Konan aura pass\u00e9 10 ann\u00e9es \u00e0 la t\u00eate de l\u2019entreprise.<\/p>\n<p>Tous les articles sur le m\u00eame th\u00e8me ici.<\/p>\n<p>&nbsp;<\/p>\n","protected":false},"excerpt":{"rendered":"<p>Africa-Press &#8211; C\u00f4te d&rsquo;Ivoire.\u00a0 R\u00e9uni jeudi 12 ao\u00fbt 2021, le conseil d\u2019administration de Fraternit\u00e9 Matin a proc\u00e9d\u00e9 \u00e0 la nomination du directeur g\u00e9n\u00e9ral adjoint, en qualit\u00e9 de directeur g\u00e9n\u00e9ral int\u00e9rimaire. Venance Konan n\u2019est plus directeur g\u00e9n\u00e9ral de Fraternit\u00e9 Matin. Il est remplac\u00e9 par son adjoint Nouho Abel, en qualit\u00e9 de directeur g\u00e9n\u00e9ral par int\u00e9rim, selon [&hellip;]<\/p>\n","protected":false},"author":82,"featured_media":11298,"comment_status":"open","ping_status":"closed","sticky":false,"template":"","format":"standard","meta":{"footnotes":""},"categories":[11,2,10],"tags":[56,63,29],"class_list":["post-11299","post","type-post","status-publish","format-standard","has-post-thumbnail","hentry","category-homepage-french","category-politique","category-toutes-les-actualites","tag-africa-press","tag-africa-press-cote-divoire","tag-cote-divoire"],"yoast_head":"<!-- This site is optimized with the Yoast SEO Premium plugin v26.1 (Yoast SEO v27.0) - https:\/\/yoast.com\/product\/yoast-seo-premium-wordpress\/ -->\n<title>Venance Konan n\u2019est plus DG de Fraternit\u00e9 Matin en C\u00f4te-d\u2019Ivoire, son adjoint prend l\u2019int\u00e9rim - C\u00f4te d&#039;Ivoire<\/title>\n<meta name=\"description\" content=\"Par Charles Kouassi R\u00e9uni jeudi 12 ao\u00fbt 2021, le conseil d\u2019administration de Fraternit\u00e9 Matin a proc\u00e9d\u00e9 \u00e0 la nomination ...\" \/>\n<meta name=\"robots\" content=\"index, follow, max-snippet:-1, max-image-preview:large, max-video-preview:-1\" \/>\n<link rel=\"canonical\" href=\"https:\/\/www.africa-press.net\/cotedivoire\/politique\/venance-konan-nest-plus-dg-de-fraternite-matin-en-cote-divoire-son-adjoint-prend-linterim\" \/>\n<meta property=\"og:locale\" content=\"fr_FR\" \/>\n<meta property=\"og:type\" content=\"article\" \/>\n<meta property=\"og:title\" content=\"Venance Konan n\u2019est plus DG de Fraternit\u00e9 Matin en C\u00f4te-d\u2019Ivoire, son adjoint prend l\u2019int\u00e9rim\" \/>\n<meta property=\"og:description\" content=\"Par Charles Kouassi R\u00e9uni jeudi 12 ao\u00fbt 2021, le conseil d\u2019administration de Fraternit\u00e9 Matin a proc\u00e9d\u00e9 \u00e0 la nomination ...\" \/>\n<meta property=\"og:url\" content=\"https:\/\/www.africa-press.net\/cotedivoire\/politique\/venance-konan-nest-plus-dg-de-fraternite-matin-en-cote-divoire-son-adjoint-prend-linterim\" \/>\n<meta property=\"og:site_name\" content=\"C\u00f4te d&#039;Ivoire\" \/>\n<meta property=\"article:published_time\" content=\"2021-08-13T12:42:31+00:00\" \/>\n<meta property=\"article:modified_time\" content=\"2021-08-13T20:48:13+00:00\" \/>\n<meta property=\"og:image\" content=\"https:\/\/static.africa-press.net\/cote\/sites\/43\/2021\/08\/img-6116643767022.jpg\" \/>\n\t<meta property=\"og:image:width\" content=\"1920\" \/>\n\t<meta property=\"og:image:height\" content=\"1280\" \/>\n\t<meta property=\"og:image:type\" content=\"image\/jpeg\" \/>\n<meta name=\"author\" content=\"cfeditorfr\" \/>\n<meta name=\"twitter:card\" content=\"summary_large_image\" \/>\n<meta name=\"twitter:label1\" content=\"\u00c9crit par\" \/>\n\t<meta name=\"twitter:data1\" content=\"cfeditorfr\" \/>\n\t<meta name=\"twitter:label2\" content=\"Dur\u00e9e de lecture estim\u00e9e\" \/>\n\t<meta name=\"twitter:data2\" content=\"1 minute\" \/>\n<script type=\"application\/ld+json\" class=\"yoast-schema-graph\">{\"@context\":\"https:\/\/schema.org\",\"@graph\":[{\"@type\":\"Article\",\"@id\":\"https:\/\/www.africa-press.net\/cotedivoire\/politique\/venance-konan-nest-plus-dg-de-fraternite-matin-en-cote-divoire-son-adjoint-prend-linterim#article\",\"isPartOf\":{\"@id\":\"https:\/\/www.africa-press.net\/cotedivoire\/politique\/venance-konan-nest-plus-dg-de-fraternite-matin-en-cote-divoire-son-adjoint-prend-linterim\"},\"author\":{\"name\":\"cfeditorfr\",\"@id\":\"https:\/\/www.africa-press.net\/cotedivoire\/#\/schema\/person\/2b1cf3cd81a31e3cd26889ca66d677f1\"},\"headline\":\"Venance Konan n\u2019est plus DG de Fraternit\u00e9 Matin en C\u00f4te-d\u2019Ivoire, son adjoint prend l\u2019int\u00e9rim\",\"datePublished\":\"2021-08-13T12:42:31+00:00\",\"dateModified\":\"2021-08-13T20:48:13+00:00\",\"mainEntityOfPage\":{\"@id\":\"https:\/\/www.africa-press.net\/cotedivoire\/politique\/venance-konan-nest-plus-dg-de-fraternite-matin-en-cote-divoire-son-adjoint-prend-linterim\"},\"wordCount\":248,\"commentCount\":0,\"image\":{\"@id\":\"https:\/\/www.africa-press.net\/cotedivoire\/politique\/venance-konan-nest-plus-dg-de-fraternite-matin-en-cote-divoire-son-adjoint-prend-linterim#primaryimage\"},\"thumbnailUrl\":\"https:\/\/static.africa-press.net\/cote\/sites\/43\/2021\/08\/img-6116643767022.jpg\",\"keywords\":[\"Africa Press\",\"Africa Press-C\u00f4te d'Ivoire\",\"C\u00d4TE D'IVOIRE\"],\"articleSection\":[\"homepage-french\",\"Politique\",\"Toutes les actualit\u00e9s\"],\"inLanguage\":\"fr-FR\",\"potentialAction\":[{\"@type\":\"CommentAction\",\"name\":\"Comment\",\"target\":[\"https:\/\/www.africa-press.net\/cotedivoire\/politique\/venance-konan-nest-plus-dg-de-fraternite-matin-en-cote-divoire-son-adjoint-prend-linterim#respond\"]}]},{\"@type\":\"WebPage\",\"@id\":\"https:\/\/www.africa-press.net\/cotedivoire\/politique\/venance-konan-nest-plus-dg-de-fraternite-matin-en-cote-divoire-son-adjoint-prend-linterim\",\"url\":\"https:\/\/www.africa-press.net\/cotedivoire\/politique\/venance-konan-nest-plus-dg-de-fraternite-matin-en-cote-divoire-son-adjoint-prend-linterim\",\"name\":\"Venance Konan n\u2019est plus DG de Fraternit\u00e9 Matin en C\u00f4te-d\u2019Ivoire, son adjoint prend l\u2019int\u00e9rim - C\u00f4te d&#039;Ivoire\",\"isPartOf\":{\"@id\":\"https:\/\/www.africa-press.net\/cotedivoire\/#website\"},\"primaryImageOfPage\":{\"@id\":\"https:\/\/www.africa-press.net\/cotedivoire\/politique\/venance-konan-nest-plus-dg-de-fraternite-matin-en-cote-divoire-son-adjoint-prend-linterim#primaryimage\"},\"image\":{\"@id\":\"https:\/\/www.africa-press.net\/cotedivoire\/politique\/venance-konan-nest-plus-dg-de-fraternite-matin-en-cote-divoire-son-adjoint-prend-linterim#primaryimage\"},\"thumbnailUrl\":\"https:\/\/static.africa-press.net\/cote\/sites\/43\/2021\/08\/img-6116643767022.jpg\",\"datePublished\":\"2021-08-13T12:42:31+00:00\",\"dateModified\":\"2021-08-13T20:48:13+00:00\",\"author\":{\"@id\":\"https:\/\/www.africa-press.net\/cotedivoire\/#\/schema\/person\/2b1cf3cd81a31e3cd26889ca66d677f1\"},\"description\":\"Par Charles Kouassi R\u00e9uni jeudi 12 ao\u00fbt 2021, le conseil d\u2019administration de Fraternit\u00e9 Matin a proc\u00e9d\u00e9 \u00e0 la nomination ...\",\"breadcrumb\":{\"@id\":\"https:\/\/www.africa-press.net\/cotedivoire\/politique\/venance-konan-nest-plus-dg-de-fraternite-matin-en-cote-divoire-son-adjoint-prend-linterim#breadcrumb\"},\"inLanguage\":\"fr-FR\",\"potentialAction\":[{\"@type\":\"ReadAction\",\"target\":[\"https:\/\/www.africa-press.net\/cotedivoire\/politique\/venance-konan-nest-plus-dg-de-fraternite-matin-en-cote-divoire-son-adjoint-prend-linterim\"]}]},{\"@type\":\"ImageObject\",\"inLanguage\":\"fr-FR\",\"@id\":\"https:\/\/www.africa-press.net\/cotedivoire\/politique\/venance-konan-nest-plus-dg-de-fraternite-matin-en-cote-divoire-son-adjoint-prend-linterim#primaryimage\",\"url\":\"https:\/\/static.africa-press.net\/cote\/sites\/43\/2021\/08\/img-6116643767022.jpg\",\"contentUrl\":\"https:\/\/static.africa-press.net\/cote\/sites\/43\/2021\/08\/img-6116643767022.jpg\",\"width\":1920,\"height\":1280,\"caption\":\"Venance Konan n\u2019est plus DG de Fraternit\u00e9 Matin en C\u00f4te-d\u2019Ivoire, son adjoint prend l\u2019int\u00e9rim\"},{\"@type\":\"BreadcrumbList\",\"@id\":\"https:\/\/www.africa-press.net\/cotedivoire\/politique\/venance-konan-nest-plus-dg-de-fraternite-matin-en-cote-divoire-son-adjoint-prend-linterim#breadcrumb\",\"itemListElement\":[{\"@type\":\"ListItem\",\"position\":1,\"name\":\"Accueil\",\"item\":\"https:\/\/www.africa-press.net\/cotedivoire\/\"},{\"@type\":\"ListItem\",\"position\":2,\"name\":\"Venance Konan n\u2019est plus DG de Fraternit\u00e9 Matin en C\u00f4te-d\u2019Ivoire, son adjoint prend l\u2019int\u00e9rim\"}]},{\"@type\":\"WebSite\",\"@id\":\"https:\/\/www.africa-press.net\/cotedivoire\/#website\",\"url\":\"https:\/\/www.africa-press.net\/cotedivoire\/\",\"name\":\"C\u00f4te d&#039;Ivoire\",\"description\":\"Just another Africa News Agency Sites site\",\"potentialAction\":[{\"@type\":\"SearchAction\",\"target\":{\"@type\":\"EntryPoint\",\"urlTemplate\":\"https:\/\/www.africa-press.net\/cotedivoire\/?s={search_term_string}\"},\"query-input\":{\"@type\":\"PropertyValueSpecification\",\"valueRequired\":true,\"valueName\":\"search_term_string\"}}],\"inLanguage\":\"fr-FR\"},{\"@type\":\"Person\",\"@id\":\"https:\/\/www.africa-press.net\/cotedivoire\/#\/schema\/person\/2b1cf3cd81a31e3cd26889ca66d677f1\",\"name\":\"cfeditorfr\"}]}<\/script>\n<!-- \/ Yoast SEO Premium plugin. -->","yoast_head_json":{"title":"Venance Konan n\u2019est plus DG de Fraternit\u00e9 Matin en C\u00f4te-d\u2019Ivoire, son adjoint prend l\u2019int\u00e9rim - C\u00f4te d&#039;Ivoire","description":"Par Charles Kouassi R\u00e9uni jeudi 12 ao\u00fbt 2021, le conseil d\u2019administration de Fraternit\u00e9 Matin a proc\u00e9d\u00e9 \u00e0 la nomination ...","robots":{"index":"index","follow":"follow","max-snippet":"max-snippet:-1","max-image-preview":"max-image-preview:large","max-video-preview":"max-video-preview:-1"},"canonical":"https:\/\/www.africa-press.net\/cotedivoire\/politique\/venance-konan-nest-plus-dg-de-fraternite-matin-en-cote-divoire-son-adjoint-prend-linterim","og_locale":"fr_FR","og_type":"article","og_title":"Venance Konan n\u2019est plus DG de Fraternit\u00e9 Matin en C\u00f4te-d\u2019Ivoire, son adjoint prend l\u2019int\u00e9rim","og_description":"Par Charles Kouassi R\u00e9uni jeudi 12 ao\u00fbt 2021, le conseil d\u2019administration de Fraternit\u00e9 Matin a proc\u00e9d\u00e9 \u00e0 la nomination ...","og_url":"https:\/\/www.africa-press.net\/cotedivoire\/politique\/venance-konan-nest-plus-dg-de-fraternite-matin-en-cote-divoire-son-adjoint-prend-linterim","og_site_name":"C\u00f4te d&#039;Ivoire","article_published_time":"2021-08-13T12:42:31+00:00","article_modified_time":"2021-08-13T20:48:13+00:00","og_image":[{"width":1920,"height":1280,"url":"https:\/\/static.africa-press.net\/cote\/sites\/43\/2021\/08\/img-6116643767022.jpg","type":"image\/jpeg"}],"author":"cfeditorfr","twitter_card":"summary_large_image","twitter_misc":{"\u00c9crit par":"cfeditorfr","Dur\u00e9e de lecture estim\u00e9e":"1 minute"},"schema":{"@context":"https:\/\/schema.org","@graph":[{"@type":"Article","@id":"https:\/\/www.africa-press.net\/cotedivoire\/politique\/venance-konan-nest-plus-dg-de-fraternite-matin-en-cote-divoire-son-adjoint-prend-linterim#article","isPartOf":{"@id":"https:\/\/www.africa-press.net\/cotedivoire\/politique\/venance-konan-nest-plus-dg-de-fraternite-matin-en-cote-divoire-son-adjoint-prend-linterim"},"author":{"name":"cfeditorfr","@id":"https:\/\/www.africa-press.net\/cotedivoire\/#\/schema\/person\/2b1cf3cd81a31e3cd26889ca66d677f1"},"headline":"Venance Konan n\u2019est plus DG de Fraternit\u00e9 Matin en C\u00f4te-d\u2019Ivoire, son adjoint prend l\u2019int\u00e9rim","datePublished":"2021-08-13T12:42:31+00:00","dateModified":"2021-08-13T20:48:13+00:00","mainEntityOfPage":{"@id":"https:\/\/www.africa-press.net\/cotedivoire\/politique\/venance-konan-nest-plus-dg-de-fraternite-matin-en-cote-divoire-son-adjoint-prend-linterim"},"wordCount":248,"commentCount":0,"image":{"@id":"https:\/\/www.africa-press.net\/cotedivoire\/politique\/venance-konan-nest-plus-dg-de-fraternite-matin-en-cote-divoire-son-adjoint-prend-linterim#primaryimage"},"thumbnailUrl":"https:\/\/static.africa-press.net\/cote\/sites\/43\/2021\/08\/img-6116643767022.jpg","keywords":["Africa Press","Africa Press-C\u00f4te d'Ivoire","C\u00d4TE D'IVOIRE"],"articleSection":["homepage-french","Politique","Toutes les actualit\u00e9s"],"inLanguage":"fr-FR","potentialAction":[{"@type":"CommentAction","name":"Comment","target":["https:\/\/www.africa-press.net\/cotedivoire\/politique\/venance-konan-nest-plus-dg-de-fraternite-matin-en-cote-divoire-son-adjoint-prend-linterim#respond"]}]},{"@type":"WebPage","@id":"https:\/\/www.africa-press.net\/cotedivoire\/politique\/venance-konan-nest-plus-dg-de-fraternite-matin-en-cote-divoire-son-adjoint-prend-linterim","url":"https:\/\/www.africa-press.net\/cotedivoire\/politique\/venance-konan-nest-plus-dg-de-fraternite-matin-en-cote-divoire-son-adjoint-prend-linterim","name":"Venance Konan n\u2019est plus DG de Fraternit\u00e9 Matin en C\u00f4te-d\u2019Ivoire, son adjoint prend l\u2019int\u00e9rim - C\u00f4te d&#039;Ivoire","isPartOf":{"@id":"https:\/\/www.africa-press.net\/cotedivoire\/#website"},"primaryImageOfPage":{"@id":"https:\/\/www.africa-press.net\/cotedivoire\/politique\/venance-konan-nest-plus-dg-de-fraternite-matin-en-cote-divoire-son-adjoint-prend-linterim#primaryimage"},"image":{"@id":"https:\/\/www.africa-press.net\/cotedivoire\/politique\/venance-konan-nest-plus-dg-de-fraternite-matin-en-cote-divoire-son-adjoint-prend-linterim#primaryimage"},"thumbnailUrl":"https:\/\/static.africa-press.net\/cote\/sites\/43\/2021\/08\/img-6116643767022.jpg","datePublished":"2021-08-13T12:42:31+00:00","dateModified":"2021-08-13T20:48:13+00:00","author":{"@id":"https:\/\/www.africa-press.net\/cotedivoire\/#\/schema\/person\/2b1cf3cd81a31e3cd26889ca66d677f1"},"description":"Par Charles Kouassi R\u00e9uni jeudi 12 ao\u00fbt 2021, le conseil d\u2019administration de Fraternit\u00e9 Matin a proc\u00e9d\u00e9 \u00e0 la nomination ...","breadcrumb":{"@id":"https:\/\/www.africa-press.net\/cotedivoire\/politique\/venance-konan-nest-plus-dg-de-fraternite-matin-en-cote-divoire-son-adjoint-prend-linterim#breadcrumb"},"inLanguage":"fr-FR","potentialAction":[{"@type":"ReadAction","target":["https:\/\/www.africa-press.net\/cotedivoire\/politique\/venance-konan-nest-plus-dg-de-fraternite-matin-en-cote-divoire-son-adjoint-prend-linterim"]}]},{"@type":"ImageObject","inLanguage":"fr-FR","@id":"https:\/\/www.africa-press.net\/cotedivoire\/politique\/venance-konan-nest-plus-dg-de-fraternite-matin-en-cote-divoire-son-adjoint-prend-linterim#primaryimage","url":"https:\/\/static.africa-press.net\/cote\/sites\/43\/2021\/08\/img-6116643767022.jpg","contentUrl":"https:\/\/static.africa-press.net\/cote\/sites\/43\/2021\/08\/img-6116643767022.jpg","width":1920,"height":1280,"caption":"Venance Konan n\u2019est plus DG de Fraternit\u00e9 Matin en C\u00f4te-d\u2019Ivoire, son adjoint prend l\u2019int\u00e9rim"},{"@type":"BreadcrumbList","@id":"https:\/\/www.africa-press.net\/cotedivoire\/politique\/venance-konan-nest-plus-dg-de-fraternite-matin-en-cote-divoire-son-adjoint-prend-linterim#breadcrumb","itemListElement":[{"@type":"ListItem","position":1,"name":"Accueil","item":"https:\/\/www.africa-press.net\/cotedivoire\/"},{"@type":"ListItem","position":2,"name":"Venance Konan n\u2019est plus DG de Fraternit\u00e9 Matin en C\u00f4te-d\u2019Ivoire, son adjoint prend l\u2019int\u00e9rim"}]},{"@type":"WebSite","@id":"https:\/\/www.africa-press.net\/cotedivoire\/#website","url":"https:\/\/www.africa-press.net\/cotedivoire\/","name":"C\u00f4te d&#039;Ivoire","description":"Just another Africa News Agency Sites site","potentialAction":[{"@type":"SearchAction","target":{"@type":"EntryPoint","urlTemplate":"https:\/\/www.africa-press.net\/cotedivoire\/?s={search_term_string}"},"query-input":{"@type":"PropertyValueSpecification","valueRequired":true,"valueName":"search_term_string"}}],"inLanguage":"fr-FR"},{"@type":"Person","@id":"https:\/\/www.africa-press.net\/cotedivoire\/#\/schema\/person\/2b1cf3cd81a31e3cd26889ca66d677f1","name":"cfeditorfr"}]}},"_links":{"self":[{"href":"https:\/\/www.africa-press.net\/cotedivoire\/wp-json\/wp\/v2\/posts\/11299","targetHints":{"allow":["GET"]}}],"collection":[{"href":"https:\/\/www.africa-press.net\/cotedivoire\/wp-json\/wp\/v2\/posts"}],"about":[{"href":"https:\/\/www.africa-press.net\/cotedivoire\/wp-json\/wp\/v2\/types\/post"}],"author":[{"embeddable":true,"href":"https:\/\/www.africa-press.net\/cotedivoire\/wp-json\/wp\/v2\/users\/82"}],"replies":[{"embeddable":true,"href":"https:\/\/www.africa-press.net\/cotedivoire\/wp-json\/wp\/v2\/comments?post=11299"}],"version-history":[{"count":0,"href":"https:\/\/www.africa-press.net\/cotedivoire\/wp-json\/wp\/v2\/posts\/11299\/revisions"}],"wp:featuredmedia":[{"embeddable":true,"href":"https:\/\/www.africa-press.net\/cotedivoire\/wp-json\/wp\/v2\/media\/11298"}],"wp:attachment":[{"href":"https:\/\/www.africa-press.net\/cotedivoire\/wp-json\/wp\/v2\/media?parent=11299"}],"wp:term":[{"taxonomy":"category","embeddable":true,"href":"https:\/\/www.africa-press.net\/cotedivoire\/wp-json\/wp\/v2\/categories?post=11299"},{"taxonomy":"post_tag","embeddable":true,"href":"https:\/\/www.africa-press.net\/cotedivoire\/wp-json\/wp\/v2\/tags?post=11299"}],"curies":[{"name":"wp","href":"https:\/\/api.w.org\/{rel}","templated":true}]}}