{"id":113005,"date":"2026-02-18T13:17:36","date_gmt":"2026-02-18T13:17:36","guid":{"rendered":"https:\/\/www.africa-press.net\/cotedivoire\/politique\/partenariat-strategique-entre-abidjan-et-gaborone"},"modified":"2026-02-18T13:26:07","modified_gmt":"2026-02-18T13:26:07","slug":"partenariat-strategique-entre-abidjan-et-gaborone","status":"publish","type":"post","link":"https:\/\/www.africa-press.net\/cotedivoire\/economie\/partenariat-strategique-entre-abidjan-et-gaborone","title":{"rendered":"Partenariat strat\u00e9gique entre Abidjan et Gaborone"},"content":{"rendered":"<p><span style=\"color: #ff6600\"><strong>Africa-Press &#8211; C\u00f4te d&rsquo;Ivoire. <\/strong><\/span>Alors que la Co\u0302te d&rsquo;Ivoire connai\u0302t une dynamique sans pre\u0301ce\u0301dent dans son secteur extractif, porte\u0301e par d\u2019importantes de\u0301couvertes aurife\u0300res et pe\u0301trolie\u0300res, les autorite\u0301s entendent franchir une nouvelle e\u0301tape. Au-dela\u0300 de l\u2019exploitation des ressources, l\u2019enjeu est de\u0301sormais d\u2019asseoir une gouvernance capable de transformer ces richesses en ve\u0301ritable levier de de\u0301veloppement durable.<\/p>\n<p>C\u2019est dans cette perspective que le ministre des Mines, du Pe\u0301trole et de l\u2019E\u0301nergie, Mamadou Sangafowa Coulibaly, a effectue\u0301, a\u0300 partir du 16 fe\u0301vrier, une mission de travail a\u0300 Gaborone. Un de\u0301placement strate\u0301gique vers un pays re\u0301gulie\u0300rement cite\u0301 en exemple pour sa gestion rigoureuse et performante des ressources minie\u0300res: le Botswana.<\/p>\n<p>\u00ab La Co\u0302te d\u2019Ivoire a la chance de de\u0301couvrir longtemps apre\u0300s les autres pays africains la richesse de son sous-sol. Cela lui donne l\u2019avantage de tirer les lec\u0327ons de leurs expe\u0301riences et de ne pas reproduire les me\u0302mes erreurs \u00bb, souligne re\u0301gulie\u0300rement le ministre ivoirien.<\/p>\n<p>A\u0300 l\u2019ouverture de sa mission de trois jours, Mamadou Sangafowa Coulibaly a salue\u0301, aux co\u0302te\u0301s de son homologue botswanaise Bogolo Joy Kenewendo, un mode\u0300le qu\u2019il juge exemplaire. Il a notamment mis en avant la capacite\u0301 du Botswana a\u0300 transformer les revenus du diamant en infrastructures structurantes, en services sociaux renforce\u0301s et en ame\u0301lioration significative des conditions de vie des populations.<\/p>\n<p>L\u2019ambition ivoirienne est claire: comprendre les me\u0301canismes qui ont permis au Botswana d\u2019attirer des investisseurs tout en pre\u0301servant ses inte\u0301re\u0302ts strate\u0301giques, ne\u0301gocier des contrats e\u0301quilibre\u0301s, garantir la trac\u0327abilite\u0301 des ressources et instaurer une gouvernance transparente et efficace.<\/p>\n<p>Pour le ministre ivoirien, la performance d\u2019un secteur extractif ne se mesure pas uniquement a\u0300 l\u2019ampleur des gisements de\u0301couverts.<\/p>\n<p>\u00ab La de\u0301couverte n\u2019est que la premie\u0300re e\u0301tape ; la transformation, la gestion et la valorisation durable de ces ressources sont les ve\u0301ritables de\u0301fis \u00bb, a-t-il insiste\u0301.<\/p>\n<p>La Co\u0302te d\u2019Ivoire traverse actuellement une phase d\u2019expansion marque\u0301e par d\u2019importantes de\u0301couvertes dans l\u2019or et les hydrocarbures. Mais pour Abidjan, l\u2019enjeu prioritaire consiste de\u0301sormais a\u0300 ancrer localement la cre\u0301ation de valeur, a\u0300 renforcer le contenu local et a\u0300 ba\u0302tir un e\u0301cosyste\u0300me industriel solide capable de soutenir la croissance sur le long terme.<\/p>\n<p>Souhaitant observer concre\u0300tement les ressorts du mode\u0300le botswanais, le ministre a effectue\u0301, le 17 fe\u0301vrier, une visite de terrain a\u0300 la mine de Jwaneng Mine, situe\u0301e a\u0300 environ deux heures de Gaborone. Surnomme\u0301e \u00ab King of Mine \u00bb depuis son ouverture en 1982, elle compte parmi les exploitations diamantife\u0300res les plus riches au monde.<\/p>\n<p>Entie\u0300rement ope\u0301re\u0301e par des compe\u0301tences nationales, la mine illustre le succe\u0300s d\u2019une politique de contenu local conduite sur plusieurs de\u0301cennies. Son directeur ge\u0301ne\u0301ral, Goitseone Gadifelen, a souligne\u0301 l\u2019expertise accumule\u0301e par le pays dans le domaine minier, ainsi que la volonte\u0301 de promouvoir ce savoir-faire a\u0300 l\u2019international.<\/p>\n<p>Au-dela\u0300 de la performance industrielle, l\u2019impact de Jwaneng est visible dans les infrastructures, la sante\u0301, l\u2019e\u0301ducation et la formation technique. Les revenus du diamant ont permis au Botswana d\u2019investir massivement dans le capital humain et le de\u0301veloppement communautaire.<\/p>\n<p>\u00ab Le Botswana montre comment des ressources minie\u0300res, bien gouverne\u0301es, peuvent durablement transformer une e\u0301conomie. Les infrastructures, la sante\u0301, l\u2019e\u0301ducation, la formation des e\u0301lites: tout a e\u0301te\u0301 de\u0301veloppe\u0301 gra\u0302ce au diamant. C\u2019est ce que nous voulons concre\u0301tiser en Co\u0302te d\u2019Ivoire \u00bb, a de\u0301clare\u0301 Mamadou Sangafowa Coulibaly a\u0300 l\u2019issue de la visite.<\/p>\n<p>Au-dela\u0300 des e\u0301changes institutionnels, cette mission ouvre la voie a\u0300 un rapprochement structurant entre deux e\u0301conomies aux trajectoires comple\u0301mentaires: l\u2019une forte d\u2019une longue expe\u0301rience de gouvernance minie\u0300re re\u0301ussie, l\u2019autre engage\u0301e dans un nouveau cycle extractif majeur.<\/p>\n<p>Ce partenariat devrait connai\u0302tre une nouvelle impulsion avec la de\u0301signation du Botswana comme pays a\u0300 l\u2019honneur de la deuxie\u0300me e\u0301dition du Salon International des Ressources Extractives et E\u0301nerge\u0301tiques (SIREXE), pre\u0301vue du 18 au 22 novembre 2026 a\u0300 Abidjan.<\/p>\n<p>En s\u2019inspirant du mode\u0300le botswanais, la Co\u0302te d\u2019Ivoire affiche clairement son ambition: faire de ses richesses naturelles non pas une rente e\u0301phe\u0301me\u0300re, mais le socle d\u2019un de\u0301veloppement inclusif et durable.<\/p>\n<p><strong>Pour plus d&rsquo;informations et d&rsquo;analyses sur la <span style=\"color: #ff6600\">C\u00f4te d&rsquo;Ivoire<\/span>, suivez <span style=\"color: #ff6600\">Africa-Press<\/span><\/strong><\/p>\n","protected":false},"excerpt":{"rendered":"<p>Africa-Press &#8211; C\u00f4te d&rsquo;Ivoire. Alors que la Co\u0302te d&rsquo;Ivoire connai\u0302t une dynamique sans pre\u0301ce\u0301dent dans son secteur extractif, porte\u0301e par d\u2019importantes de\u0301couvertes aurife\u0300res et pe\u0301trolie\u0300res, les autorite\u0301s entendent franchir une nouvelle e\u0301tape. Au-dela\u0300 de l\u2019exploitation des ressources, l\u2019enjeu est de\u0301sormais d\u2019asseoir une gouvernance capable de transformer ces richesses en ve\u0301ritable levier de de\u0301veloppement durable. C\u2019est [&hellip;]<\/p>\n","protected":false},"author":82,"featured_media":113003,"comment_status":"open","ping_status":"closed","sticky":false,"template":"","format":"standard","meta":{"footnotes":""},"categories":[3,10],"tags":[20369,6810,13613,20095,29,18610,1549,20368,20367,4196,8075,19722],"class_list":["post-113005","post","type-post","status-publish","format-standard","has-post-thumbnail","hentry","category-economie","category-toutes-les-actualites","tag-bogolo-joy-kenewendo","tag-botswana","tag-contenu-local","tag-cooperation-sud-sud","tag-cote-divoire","tag-diamant","tag-gouvernance","tag-jwaneng-mine","tag-mamadou-sangafowa-coulibaly-4","tag-mines","tag-miniere","tag-sirexe-2026"],"yoast_head":"<!-- This site is optimized with the Yoast SEO Premium plugin v26.1 (Yoast SEO v27.0) - https:\/\/yoast.com\/product\/yoast-seo-premium-wordpress\/ -->\n<title>Partenariat strat\u00e9gique entre Abidjan et Gaborone - C\u00f4te d&#039;Ivoire<\/title>\n<meta name=\"description\" content=\"Alors que la Co\u0302te d&#039;Ivoire connai\u0302t une dynamique sans pre\u0301ce\u0301dent dans son secteur extractif, porte\u0301e par d\u2019importante ...\" \/>\n<meta name=\"robots\" content=\"index, follow, max-snippet:-1, max-image-preview:large, max-video-preview:-1\" \/>\n<link rel=\"canonical\" href=\"https:\/\/www.africa-press.net\/cotedivoire\/economie\/partenariat-strategique-entre-abidjan-et-gaborone\" \/>\n<meta property=\"og:locale\" content=\"fr_FR\" \/>\n<meta property=\"og:type\" content=\"article\" \/>\n<meta property=\"og:title\" content=\"Partenariat strat\u00e9gique entre Abidjan et Gaborone\" \/>\n<meta property=\"og:description\" content=\"Alors que la Co\u0302te d&#039;Ivoire connai\u0302t une dynamique sans pre\u0301ce\u0301dent dans son secteur extractif, porte\u0301e par d\u2019importante ...\" \/>\n<meta property=\"og:url\" content=\"https:\/\/www.africa-press.net\/cotedivoire\/economie\/partenariat-strategique-entre-abidjan-et-gaborone\" \/>\n<meta property=\"og:site_name\" content=\"C\u00f4te d&#039;Ivoire\" \/>\n<meta property=\"article:published_time\" content=\"2026-02-18T13:17:36+00:00\" \/>\n<meta property=\"article:modified_time\" content=\"2026-02-18T13:26:07+00:00\" \/>\n<meta property=\"og:image\" content=\"https:\/\/static.africa-press.net\/cote\/sites\/43\/2026\/02\/sm_1771408542.470708.jpg\" \/>\n\t<meta property=\"og:image:width\" content=\"720\" \/>\n\t<meta property=\"og:image:height\" content=\"507\" \/>\n\t<meta property=\"og:image:type\" content=\"image\/jpeg\" \/>\n<meta name=\"author\" content=\"cfeditorfr\" \/>\n<meta name=\"twitter:card\" content=\"summary_large_image\" \/>\n<meta name=\"twitter:label1\" content=\"\u00c9crit par\" \/>\n\t<meta name=\"twitter:data1\" content=\"cfeditorfr\" \/>\n\t<meta name=\"twitter:label2\" content=\"Dur\u00e9e de lecture estim\u00e9e\" \/>\n\t<meta name=\"twitter:data2\" content=\"4 minutes\" \/>\n<script type=\"application\/ld+json\" class=\"yoast-schema-graph\">{\"@context\":\"https:\/\/schema.org\",\"@graph\":[{\"@type\":\"Article\",\"@id\":\"https:\/\/www.africa-press.net\/cotedivoire\/economie\/partenariat-strategique-entre-abidjan-et-gaborone#article\",\"isPartOf\":{\"@id\":\"https:\/\/www.africa-press.net\/cotedivoire\/economie\/partenariat-strategique-entre-abidjan-et-gaborone\"},\"author\":{\"name\":\"cfeditorfr\",\"@id\":\"https:\/\/www.africa-press.net\/cotedivoire\/#\/schema\/person\/2b1cf3cd81a31e3cd26889ca66d677f1\"},\"headline\":\"Partenariat strat\u00e9gique entre Abidjan et Gaborone\",\"datePublished\":\"2026-02-18T13:17:36+00:00\",\"dateModified\":\"2026-02-18T13:26:07+00:00\",\"mainEntityOfPage\":{\"@id\":\"https:\/\/www.africa-press.net\/cotedivoire\/economie\/partenariat-strategique-entre-abidjan-et-gaborone\"},\"wordCount\":791,\"commentCount\":0,\"image\":{\"@id\":\"https:\/\/www.africa-press.net\/cotedivoire\/economie\/partenariat-strategique-entre-abidjan-et-gaborone#primaryimage\"},\"thumbnailUrl\":\"https:\/\/static.africa-press.net\/cote\/sites\/43\/2026\/02\/sm_1771408542.470708.jpg\",\"keywords\":[\"Bogolo Joy Kenewendo\",\"BOTSWANA\",\"Contenu local\",\"Coop\u00e9ration Sud-Sud\",\"C\u00d4TE D'IVOIRE\",\"diamant\",\"Gouvernance\",\"Jwaneng Mine\",\"Mamadou-Sangafowa Coulibaly\",\"Mines\",\"mini\u00e8re\",\"SIREXE 2026\"],\"articleSection\":[\"\u00c9conomie\",\"Toutes les actualit\u00e9s\"],\"inLanguage\":\"fr-FR\",\"potentialAction\":[{\"@type\":\"CommentAction\",\"name\":\"Comment\",\"target\":[\"https:\/\/www.africa-press.net\/cotedivoire\/economie\/partenariat-strategique-entre-abidjan-et-gaborone#respond\"]}]},{\"@type\":\"WebPage\",\"@id\":\"https:\/\/www.africa-press.net\/cotedivoire\/economie\/partenariat-strategique-entre-abidjan-et-gaborone\",\"url\":\"https:\/\/www.africa-press.net\/cotedivoire\/economie\/partenariat-strategique-entre-abidjan-et-gaborone\",\"name\":\"Partenariat strat\u00e9gique entre Abidjan et Gaborone - C\u00f4te d&#039;Ivoire\",\"isPartOf\":{\"@id\":\"https:\/\/www.africa-press.net\/cotedivoire\/#website\"},\"primaryImageOfPage\":{\"@id\":\"https:\/\/www.africa-press.net\/cotedivoire\/economie\/partenariat-strategique-entre-abidjan-et-gaborone#primaryimage\"},\"image\":{\"@id\":\"https:\/\/www.africa-press.net\/cotedivoire\/economie\/partenariat-strategique-entre-abidjan-et-gaborone#primaryimage\"},\"thumbnailUrl\":\"https:\/\/static.africa-press.net\/cote\/sites\/43\/2026\/02\/sm_1771408542.470708.jpg\",\"datePublished\":\"2026-02-18T13:17:36+00:00\",\"dateModified\":\"2026-02-18T13:26:07+00:00\",\"author\":{\"@id\":\"https:\/\/www.africa-press.net\/cotedivoire\/#\/schema\/person\/2b1cf3cd81a31e3cd26889ca66d677f1\"},\"description\":\"Alors que la Co\u0302te d'Ivoire connai\u0302t une dynamique sans pre\u0301ce\u0301dent dans son secteur extractif, porte\u0301e par d\u2019importante ...\",\"breadcrumb\":{\"@id\":\"https:\/\/www.africa-press.net\/cotedivoire\/economie\/partenariat-strategique-entre-abidjan-et-gaborone#breadcrumb\"},\"inLanguage\":\"fr-FR\",\"potentialAction\":[{\"@type\":\"ReadAction\",\"target\":[\"https:\/\/www.africa-press.net\/cotedivoire\/economie\/partenariat-strategique-entre-abidjan-et-gaborone\"]}]},{\"@type\":\"ImageObject\",\"inLanguage\":\"fr-FR\",\"@id\":\"https:\/\/www.africa-press.net\/cotedivoire\/economie\/partenariat-strategique-entre-abidjan-et-gaborone#primaryimage\",\"url\":\"https:\/\/static.africa-press.net\/cote\/sites\/43\/2026\/02\/sm_1771408542.470708.jpg\",\"contentUrl\":\"https:\/\/static.africa-press.net\/cote\/sites\/43\/2026\/02\/sm_1771408542.470708.jpg\",\"width\":720,\"height\":507,\"caption\":\"Partenariat strat\u00e9gique entre Abidjan et Gaborone\"},{\"@type\":\"BreadcrumbList\",\"@id\":\"https:\/\/www.africa-press.net\/cotedivoire\/economie\/partenariat-strategique-entre-abidjan-et-gaborone#breadcrumb\",\"itemListElement\":[{\"@type\":\"ListItem\",\"position\":1,\"name\":\"Accueil\",\"item\":\"https:\/\/www.africa-press.net\/cotedivoire\/\"},{\"@type\":\"ListItem\",\"position\":2,\"name\":\"Partenariat strat\u00e9gique entre Abidjan et Gaborone\"}]},{\"@type\":\"WebSite\",\"@id\":\"https:\/\/www.africa-press.net\/cotedivoire\/#website\",\"url\":\"https:\/\/www.africa-press.net\/cotedivoire\/\",\"name\":\"C\u00f4te d&#039;Ivoire\",\"description\":\"Just another Africa News Agency Sites site\",\"potentialAction\":[{\"@type\":\"SearchAction\",\"target\":{\"@type\":\"EntryPoint\",\"urlTemplate\":\"https:\/\/www.africa-press.net\/cotedivoire\/?s={search_term_string}\"},\"query-input\":{\"@type\":\"PropertyValueSpecification\",\"valueRequired\":true,\"valueName\":\"search_term_string\"}}],\"inLanguage\":\"fr-FR\"},{\"@type\":\"Person\",\"@id\":\"https:\/\/www.africa-press.net\/cotedivoire\/#\/schema\/person\/2b1cf3cd81a31e3cd26889ca66d677f1\",\"name\":\"cfeditorfr\"}]}<\/script>\n<!-- \/ Yoast SEO Premium plugin. -->","yoast_head_json":{"title":"Partenariat strat\u00e9gique entre Abidjan et Gaborone - C\u00f4te d&#039;Ivoire","description":"Alors que la Co\u0302te d'Ivoire connai\u0302t une dynamique sans pre\u0301ce\u0301dent dans son secteur extractif, porte\u0301e par d\u2019importante ...","robots":{"index":"index","follow":"follow","max-snippet":"max-snippet:-1","max-image-preview":"max-image-preview:large","max-video-preview":"max-video-preview:-1"},"canonical":"https:\/\/www.africa-press.net\/cotedivoire\/economie\/partenariat-strategique-entre-abidjan-et-gaborone","og_locale":"fr_FR","og_type":"article","og_title":"Partenariat strat\u00e9gique entre Abidjan et Gaborone","og_description":"Alors que la Co\u0302te d'Ivoire connai\u0302t une dynamique sans pre\u0301ce\u0301dent dans son secteur extractif, porte\u0301e par d\u2019importante ...","og_url":"https:\/\/www.africa-press.net\/cotedivoire\/economie\/partenariat-strategique-entre-abidjan-et-gaborone","og_site_name":"C\u00f4te d&#039;Ivoire","article_published_time":"2026-02-18T13:17:36+00:00","article_modified_time":"2026-02-18T13:26:07+00:00","og_image":[{"width":720,"height":507,"url":"https:\/\/static.africa-press.net\/cote\/sites\/43\/2026\/02\/sm_1771408542.470708.jpg","type":"image\/jpeg"}],"author":"cfeditorfr","twitter_card":"summary_large_image","twitter_misc":{"\u00c9crit par":"cfeditorfr","Dur\u00e9e de lecture estim\u00e9e":"4 minutes"},"schema":{"@context":"https:\/\/schema.org","@graph":[{"@type":"Article","@id":"https:\/\/www.africa-press.net\/cotedivoire\/economie\/partenariat-strategique-entre-abidjan-et-gaborone#article","isPartOf":{"@id":"https:\/\/www.africa-press.net\/cotedivoire\/economie\/partenariat-strategique-entre-abidjan-et-gaborone"},"author":{"name":"cfeditorfr","@id":"https:\/\/www.africa-press.net\/cotedivoire\/#\/schema\/person\/2b1cf3cd81a31e3cd26889ca66d677f1"},"headline":"Partenariat strat\u00e9gique entre Abidjan et Gaborone","datePublished":"2026-02-18T13:17:36+00:00","dateModified":"2026-02-18T13:26:07+00:00","mainEntityOfPage":{"@id":"https:\/\/www.africa-press.net\/cotedivoire\/economie\/partenariat-strategique-entre-abidjan-et-gaborone"},"wordCount":791,"commentCount":0,"image":{"@id":"https:\/\/www.africa-press.net\/cotedivoire\/economie\/partenariat-strategique-entre-abidjan-et-gaborone#primaryimage"},"thumbnailUrl":"https:\/\/static.africa-press.net\/cote\/sites\/43\/2026\/02\/sm_1771408542.470708.jpg","keywords":["Bogolo Joy Kenewendo","BOTSWANA","Contenu local","Coop\u00e9ration Sud-Sud","C\u00d4TE D'IVOIRE","diamant","Gouvernance","Jwaneng Mine","Mamadou-Sangafowa Coulibaly","Mines","mini\u00e8re","SIREXE 2026"],"articleSection":["\u00c9conomie","Toutes les actualit\u00e9s"],"inLanguage":"fr-FR","potentialAction":[{"@type":"CommentAction","name":"Comment","target":["https:\/\/www.africa-press.net\/cotedivoire\/economie\/partenariat-strategique-entre-abidjan-et-gaborone#respond"]}]},{"@type":"WebPage","@id":"https:\/\/www.africa-press.net\/cotedivoire\/economie\/partenariat-strategique-entre-abidjan-et-gaborone","url":"https:\/\/www.africa-press.net\/cotedivoire\/economie\/partenariat-strategique-entre-abidjan-et-gaborone","name":"Partenariat strat\u00e9gique entre Abidjan et Gaborone - C\u00f4te d&#039;Ivoire","isPartOf":{"@id":"https:\/\/www.africa-press.net\/cotedivoire\/#website"},"primaryImageOfPage":{"@id":"https:\/\/www.africa-press.net\/cotedivoire\/economie\/partenariat-strategique-entre-abidjan-et-gaborone#primaryimage"},"image":{"@id":"https:\/\/www.africa-press.net\/cotedivoire\/economie\/partenariat-strategique-entre-abidjan-et-gaborone#primaryimage"},"thumbnailUrl":"https:\/\/static.africa-press.net\/cote\/sites\/43\/2026\/02\/sm_1771408542.470708.jpg","datePublished":"2026-02-18T13:17:36+00:00","dateModified":"2026-02-18T13:26:07+00:00","author":{"@id":"https:\/\/www.africa-press.net\/cotedivoire\/#\/schema\/person\/2b1cf3cd81a31e3cd26889ca66d677f1"},"description":"Alors que la Co\u0302te d'Ivoire connai\u0302t une dynamique sans pre\u0301ce\u0301dent dans son secteur extractif, porte\u0301e par d\u2019importante ...","breadcrumb":{"@id":"https:\/\/www.africa-press.net\/cotedivoire\/economie\/partenariat-strategique-entre-abidjan-et-gaborone#breadcrumb"},"inLanguage":"fr-FR","potentialAction":[{"@type":"ReadAction","target":["https:\/\/www.africa-press.net\/cotedivoire\/economie\/partenariat-strategique-entre-abidjan-et-gaborone"]}]},{"@type":"ImageObject","inLanguage":"fr-FR","@id":"https:\/\/www.africa-press.net\/cotedivoire\/economie\/partenariat-strategique-entre-abidjan-et-gaborone#primaryimage","url":"https:\/\/static.africa-press.net\/cote\/sites\/43\/2026\/02\/sm_1771408542.470708.jpg","contentUrl":"https:\/\/static.africa-press.net\/cote\/sites\/43\/2026\/02\/sm_1771408542.470708.jpg","width":720,"height":507,"caption":"Partenariat strat\u00e9gique entre Abidjan et Gaborone"},{"@type":"BreadcrumbList","@id":"https:\/\/www.africa-press.net\/cotedivoire\/economie\/partenariat-strategique-entre-abidjan-et-gaborone#breadcrumb","itemListElement":[{"@type":"ListItem","position":1,"name":"Accueil","item":"https:\/\/www.africa-press.net\/cotedivoire\/"},{"@type":"ListItem","position":2,"name":"Partenariat strat\u00e9gique entre Abidjan et Gaborone"}]},{"@type":"WebSite","@id":"https:\/\/www.africa-press.net\/cotedivoire\/#website","url":"https:\/\/www.africa-press.net\/cotedivoire\/","name":"C\u00f4te d&#039;Ivoire","description":"Just another Africa News Agency Sites site","potentialAction":[{"@type":"SearchAction","target":{"@type":"EntryPoint","urlTemplate":"https:\/\/www.africa-press.net\/cotedivoire\/?s={search_term_string}"},"query-input":{"@type":"PropertyValueSpecification","valueRequired":true,"valueName":"search_term_string"}}],"inLanguage":"fr-FR"},{"@type":"Person","@id":"https:\/\/www.africa-press.net\/cotedivoire\/#\/schema\/person\/2b1cf3cd81a31e3cd26889ca66d677f1","name":"cfeditorfr"}]}},"_links":{"self":[{"href":"https:\/\/www.africa-press.net\/cotedivoire\/wp-json\/wp\/v2\/posts\/113005","targetHints":{"allow":["GET"]}}],"collection":[{"href":"https:\/\/www.africa-press.net\/cotedivoire\/wp-json\/wp\/v2\/posts"}],"about":[{"href":"https:\/\/www.africa-press.net\/cotedivoire\/wp-json\/wp\/v2\/types\/post"}],"author":[{"embeddable":true,"href":"https:\/\/www.africa-press.net\/cotedivoire\/wp-json\/wp\/v2\/users\/82"}],"replies":[{"embeddable":true,"href":"https:\/\/www.africa-press.net\/cotedivoire\/wp-json\/wp\/v2\/comments?post=113005"}],"version-history":[{"count":0,"href":"https:\/\/www.africa-press.net\/cotedivoire\/wp-json\/wp\/v2\/posts\/113005\/revisions"}],"wp:featuredmedia":[{"embeddable":true,"href":"https:\/\/www.africa-press.net\/cotedivoire\/wp-json\/wp\/v2\/media\/113003"}],"wp:attachment":[{"href":"https:\/\/www.africa-press.net\/cotedivoire\/wp-json\/wp\/v2\/media?parent=113005"}],"wp:term":[{"taxonomy":"category","embeddable":true,"href":"https:\/\/www.africa-press.net\/cotedivoire\/wp-json\/wp\/v2\/categories?post=113005"},{"taxonomy":"post_tag","embeddable":true,"href":"https:\/\/www.africa-press.net\/cotedivoire\/wp-json\/wp\/v2\/tags?post=113005"}],"curies":[{"name":"wp","href":"https:\/\/api.w.org\/{rel}","templated":true}]}}