{"id":11302,"date":"2021-08-13T12:50:08","date_gmt":"2021-08-13T12:50:08","guid":{"rendered":"https:\/\/www.africa-press.net\/cotedivoire\/?p=11302"},"modified":"2021-08-13T20:48:26","modified_gmt":"2021-08-13T20:48:26","slug":"venance-konan-debarque-a-sa-demande-de-fratmat-letonnante-ascension-du-dga-nomme-interimaire","status":"publish","type":"post","link":"https:\/\/www.africa-press.net\/cotedivoire\/culture-et-art\/venance-konan-debarque-a-sa-demande-de-fratmat-letonnante-ascension-du-dga-nomme-interimaire","title":{"rendered":"Venance Konan d\u00e9barqu\u00e9 \u00e0 sa demande de FratMat,  l\u2019\u00e9tonnante ascension du Dga nomm\u00e9 int\u00e9rimaire"},"content":{"rendered":"<p><span style=\"color: #ff6600\"><strong><a href=\"https:\/\/www.africa-press.net\/\">Africa-Press<\/a> &#8211; <a href=\"https:\/\/www.africa-press.net\/cotedivoire\">C\u00f4te d&rsquo;Ivoire<\/a>. <\/strong><\/span>C\u2019est l\u2019information du jour en C\u00f4te-d\u2019Ivoire. Apr\u00e8s de bons et loyaux services \u00e0 la t\u00eate du quotidien \u00e0 capitaux publics Fraternit\u00e9 Matin, Venance Konan vient d\u2019\u00eatre d\u00e9charg\u00e9.<\/p>\n<p>Une chose est cependant s\u00fbre, Venance n\u2019est pas sanctionn\u00e9 pour mauvaise prestation. Il n\u2019est pas non plus parti par \u00ab ingratitude \u00bb du r\u00e9gime. Selon des travailleurs de Fratmat, c\u2019est bien \u00e0 sa demande apr\u00e8s deux \u00e9vacuations sanitaires en France qu\u2019il a voulu servir ailleurs o\u00f9 il aura s\u00fbrement moins de pression.<\/p>\n<p>Fraternit\u00e9 Matin est en proie aux gr\u00e8ves ces derni\u00e8res ann\u00e9es avec des travailleurs de plus en plus pr\u00e9occup\u00e9s par leur condition de travail et de vie. Par des mouvements de gr\u00e8ve, ils r\u00e9clamaient la t\u00eate du Dg et de son adjoint Abdel Nouho.<\/p>\n<p>La d\u00e9cision du conseil d\u2019administration qui vient de tomber et qui remplace VK par son adjoint contest\u00e9 par les travailleurs est \u00ab surprenante \u00bb, selon un employ\u00e9 de la maison joint par Connectionivoirienne.net.<\/p>\n<p>En effet, la nomination de Abdel Nouho, qui est en charge des finances de l\u2019entreprise cristallise les m\u00e9contentements de certains travailleurs qui l\u2019accusent de mauvaise gestion. De plus M. Nouho n\u2019est pas journaliste de m\u00e9tier. Sa nomination m\u00eame int\u00e9rimaire rompt une certaine habitude, \u00e0 savoir que jusque-l\u00e0 les directeurs g\u00e9n\u00e9raux depuis Laurent Dona Fologo ont \u00e9t\u00e9 des journalistes. Except\u00e9s les Dg Am\u00e9d\u00e9e Kouakou Bl\u00e9 et Kokora.<\/p>\n<p>Venance Konan, l\u2019homme aux \u00e9ditoriaux sal\u00e9s quand il s\u2019agit de mener bataille contre l\u2019opposition en C\u00f4te-d\u2019Ivoire aura pass\u00e9 10 ans \u00e0 la t\u00eate de l\u2019entreprise publique. Dix ans de bons et loyaux services rendus au r\u00e9gime en place, rarement \u00e9gratign\u00e9 dans les colonnes du journal. Dix ans \u00e0 l\u2019issue desquels Fraternit\u00e9 Matin a laiss\u00e9 des chiffres dans le rouge.<\/p>\n<p>&nbsp;<\/p>\n","protected":false},"excerpt":{"rendered":"<p>Africa-Press &#8211; C\u00f4te d&rsquo;Ivoire. C\u2019est l\u2019information du jour en C\u00f4te-d\u2019Ivoire. Apr\u00e8s de bons et loyaux services \u00e0 la t\u00eate du quotidien \u00e0 capitaux publics Fraternit\u00e9 Matin, Venance Konan vient d\u2019\u00eatre d\u00e9charg\u00e9. Une chose est cependant s\u00fbre, Venance n\u2019est pas sanctionn\u00e9 pour mauvaise prestation. Il n\u2019est pas non plus parti par \u00ab ingratitude \u00bb du r\u00e9gime. [&hellip;]<\/p>\n","protected":false},"author":82,"featured_media":11301,"comment_status":"open","ping_status":"closed","sticky":false,"template":"","format":"standard","meta":{"footnotes":""},"categories":[5,11,20,10],"tags":[56,63,29],"class_list":["post-11302","post","type-post","status-publish","format-standard","has-post-thumbnail","hentry","category-culture-et-art","category-homepage-french","category-top-nouvelles","category-toutes-les-actualites","tag-africa-press","tag-africa-press-cote-divoire","tag-cote-divoire"],"yoast_head":"<!-- This site is optimized with the Yoast SEO Premium plugin v26.1 (Yoast SEO v27.0) - https:\/\/yoast.com\/product\/yoast-seo-premium-wordpress\/ -->\n<title>Venance Konan d\u00e9barqu\u00e9 \u00e0 sa demande de FratMat, l\u2019\u00e9tonnante ascension du Dga nomm\u00e9 int\u00e9rimaire - C\u00f4te d&#039;Ivoire<\/title>\n<meta name=\"description\" content=\"C\u2019est l\u2019information du jour en C\u00f4te-d\u2019Ivoire. Apr\u00e8s de bons et loyaux services \u00e0 la t\u00eate du quotidien \u00e0 capitaux publics ...\" \/>\n<meta name=\"robots\" content=\"index, follow, max-snippet:-1, max-image-preview:large, max-video-preview:-1\" \/>\n<link rel=\"canonical\" href=\"https:\/\/www.africa-press.net\/cotedivoire\/culture-et-art\/venance-konan-debarque-a-sa-demande-de-fratmat-letonnante-ascension-du-dga-nomme-interimaire\" \/>\n<meta property=\"og:locale\" content=\"fr_FR\" \/>\n<meta property=\"og:type\" content=\"article\" \/>\n<meta property=\"og:title\" content=\"Venance Konan d\u00e9barqu\u00e9 \u00e0 sa demande de FratMat, l\u2019\u00e9tonnante ascension du Dga nomm\u00e9 int\u00e9rimaire\" \/>\n<meta property=\"og:description\" content=\"C\u2019est l\u2019information du jour en C\u00f4te-d\u2019Ivoire. Apr\u00e8s de bons et loyaux services \u00e0 la t\u00eate du quotidien \u00e0 capitaux publics ...\" \/>\n<meta property=\"og:url\" content=\"https:\/\/www.africa-press.net\/cotedivoire\/culture-et-art\/venance-konan-debarque-a-sa-demande-de-fratmat-letonnante-ascension-du-dga-nomme-interimaire\" \/>\n<meta property=\"og:site_name\" content=\"C\u00f4te d&#039;Ivoire\" \/>\n<meta property=\"article:published_time\" content=\"2021-08-13T12:50:08+00:00\" \/>\n<meta property=\"article:modified_time\" content=\"2021-08-13T20:48:26+00:00\" \/>\n<meta property=\"og:image\" content=\"https:\/\/static.africa-press.net\/cote\/sites\/43\/2021\/08\/img-6116645ee637a.jpg\" \/>\n\t<meta property=\"og:image:width\" content=\"720\" \/>\n\t<meta property=\"og:image:height\" content=\"404\" \/>\n\t<meta property=\"og:image:type\" content=\"image\/jpeg\" \/>\n<meta name=\"author\" content=\"cfeditorfr\" \/>\n<meta name=\"twitter:card\" content=\"summary_large_image\" \/>\n<meta name=\"twitter:label1\" content=\"\u00c9crit par\" \/>\n\t<meta name=\"twitter:data1\" content=\"cfeditorfr\" \/>\n\t<meta name=\"twitter:label2\" content=\"Dur\u00e9e de lecture estim\u00e9e\" \/>\n\t<meta name=\"twitter:data2\" content=\"2 minutes\" \/>\n<script type=\"application\/ld+json\" class=\"yoast-schema-graph\">{\"@context\":\"https:\/\/schema.org\",\"@graph\":[{\"@type\":\"Article\",\"@id\":\"https:\/\/www.africa-press.net\/cotedivoire\/culture-et-art\/venance-konan-debarque-a-sa-demande-de-fratmat-letonnante-ascension-du-dga-nomme-interimaire#article\",\"isPartOf\":{\"@id\":\"https:\/\/www.africa-press.net\/cotedivoire\/culture-et-art\/venance-konan-debarque-a-sa-demande-de-fratmat-letonnante-ascension-du-dga-nomme-interimaire\"},\"author\":{\"name\":\"cfeditorfr\",\"@id\":\"https:\/\/www.africa-press.net\/cotedivoire\/#\/schema\/person\/2b1cf3cd81a31e3cd26889ca66d677f1\"},\"headline\":\"Venance Konan d\u00e9barqu\u00e9 \u00e0 sa demande de FratMat, l\u2019\u00e9tonnante ascension du Dga nomm\u00e9 int\u00e9rimaire\",\"datePublished\":\"2021-08-13T12:50:08+00:00\",\"dateModified\":\"2021-08-13T20:48:26+00:00\",\"mainEntityOfPage\":{\"@id\":\"https:\/\/www.africa-press.net\/cotedivoire\/culture-et-art\/venance-konan-debarque-a-sa-demande-de-fratmat-letonnante-ascension-du-dga-nomme-interimaire\"},\"wordCount\":341,\"commentCount\":0,\"image\":{\"@id\":\"https:\/\/www.africa-press.net\/cotedivoire\/culture-et-art\/venance-konan-debarque-a-sa-demande-de-fratmat-letonnante-ascension-du-dga-nomme-interimaire#primaryimage\"},\"thumbnailUrl\":\"https:\/\/static.africa-press.net\/cote\/sites\/43\/2021\/08\/img-6116645ee637a.jpg\",\"keywords\":[\"Africa Press\",\"Africa Press-C\u00f4te d'Ivoire\",\"C\u00d4TE D'IVOIRE\"],\"articleSection\":[\"Culture et Art\",\"homepage-french\",\"Top Nouvelles\",\"Toutes les actualit\u00e9s\"],\"inLanguage\":\"fr-FR\",\"potentialAction\":[{\"@type\":\"CommentAction\",\"name\":\"Comment\",\"target\":[\"https:\/\/www.africa-press.net\/cotedivoire\/culture-et-art\/venance-konan-debarque-a-sa-demande-de-fratmat-letonnante-ascension-du-dga-nomme-interimaire#respond\"]}]},{\"@type\":\"WebPage\",\"@id\":\"https:\/\/www.africa-press.net\/cotedivoire\/culture-et-art\/venance-konan-debarque-a-sa-demande-de-fratmat-letonnante-ascension-du-dga-nomme-interimaire\",\"url\":\"https:\/\/www.africa-press.net\/cotedivoire\/culture-et-art\/venance-konan-debarque-a-sa-demande-de-fratmat-letonnante-ascension-du-dga-nomme-interimaire\",\"name\":\"Venance Konan d\u00e9barqu\u00e9 \u00e0 sa demande de FratMat, l\u2019\u00e9tonnante ascension du Dga nomm\u00e9 int\u00e9rimaire - C\u00f4te d&#039;Ivoire\",\"isPartOf\":{\"@id\":\"https:\/\/www.africa-press.net\/cotedivoire\/#website\"},\"primaryImageOfPage\":{\"@id\":\"https:\/\/www.africa-press.net\/cotedivoire\/culture-et-art\/venance-konan-debarque-a-sa-demande-de-fratmat-letonnante-ascension-du-dga-nomme-interimaire#primaryimage\"},\"image\":{\"@id\":\"https:\/\/www.africa-press.net\/cotedivoire\/culture-et-art\/venance-konan-debarque-a-sa-demande-de-fratmat-letonnante-ascension-du-dga-nomme-interimaire#primaryimage\"},\"thumbnailUrl\":\"https:\/\/static.africa-press.net\/cote\/sites\/43\/2021\/08\/img-6116645ee637a.jpg\",\"datePublished\":\"2021-08-13T12:50:08+00:00\",\"dateModified\":\"2021-08-13T20:48:26+00:00\",\"author\":{\"@id\":\"https:\/\/www.africa-press.net\/cotedivoire\/#\/schema\/person\/2b1cf3cd81a31e3cd26889ca66d677f1\"},\"description\":\"C\u2019est l\u2019information du jour en C\u00f4te-d\u2019Ivoire. Apr\u00e8s de bons et loyaux services \u00e0 la t\u00eate du quotidien \u00e0 capitaux publics ...\",\"breadcrumb\":{\"@id\":\"https:\/\/www.africa-press.net\/cotedivoire\/culture-et-art\/venance-konan-debarque-a-sa-demande-de-fratmat-letonnante-ascension-du-dga-nomme-interimaire#breadcrumb\"},\"inLanguage\":\"fr-FR\",\"potentialAction\":[{\"@type\":\"ReadAction\",\"target\":[\"https:\/\/www.africa-press.net\/cotedivoire\/culture-et-art\/venance-konan-debarque-a-sa-demande-de-fratmat-letonnante-ascension-du-dga-nomme-interimaire\"]}]},{\"@type\":\"ImageObject\",\"inLanguage\":\"fr-FR\",\"@id\":\"https:\/\/www.africa-press.net\/cotedivoire\/culture-et-art\/venance-konan-debarque-a-sa-demande-de-fratmat-letonnante-ascension-du-dga-nomme-interimaire#primaryimage\",\"url\":\"https:\/\/static.africa-press.net\/cote\/sites\/43\/2021\/08\/img-6116645ee637a.jpg\",\"contentUrl\":\"https:\/\/static.africa-press.net\/cote\/sites\/43\/2021\/08\/img-6116645ee637a.jpg\",\"width\":720,\"height\":404,\"caption\":\"Venance Konan d\u00e9barqu\u00e9 \u00e0 sa demande de FratMat, l\u2019\u00e9tonnante ascension du Dga nomm\u00e9 int\u00e9rimaire\"},{\"@type\":\"BreadcrumbList\",\"@id\":\"https:\/\/www.africa-press.net\/cotedivoire\/culture-et-art\/venance-konan-debarque-a-sa-demande-de-fratmat-letonnante-ascension-du-dga-nomme-interimaire#breadcrumb\",\"itemListElement\":[{\"@type\":\"ListItem\",\"position\":1,\"name\":\"Accueil\",\"item\":\"https:\/\/www.africa-press.net\/cotedivoire\/\"},{\"@type\":\"ListItem\",\"position\":2,\"name\":\"Venance Konan d\u00e9barqu\u00e9 \u00e0 sa demande de FratMat, l\u2019\u00e9tonnante ascension du Dga nomm\u00e9 int\u00e9rimaire\"}]},{\"@type\":\"WebSite\",\"@id\":\"https:\/\/www.africa-press.net\/cotedivoire\/#website\",\"url\":\"https:\/\/www.africa-press.net\/cotedivoire\/\",\"name\":\"C\u00f4te d&#039;Ivoire\",\"description\":\"Just another Africa News Agency Sites site\",\"potentialAction\":[{\"@type\":\"SearchAction\",\"target\":{\"@type\":\"EntryPoint\",\"urlTemplate\":\"https:\/\/www.africa-press.net\/cotedivoire\/?s={search_term_string}\"},\"query-input\":{\"@type\":\"PropertyValueSpecification\",\"valueRequired\":true,\"valueName\":\"search_term_string\"}}],\"inLanguage\":\"fr-FR\"},{\"@type\":\"Person\",\"@id\":\"https:\/\/www.africa-press.net\/cotedivoire\/#\/schema\/person\/2b1cf3cd81a31e3cd26889ca66d677f1\",\"name\":\"cfeditorfr\"}]}<\/script>\n<!-- \/ Yoast SEO Premium plugin. -->","yoast_head_json":{"title":"Venance Konan d\u00e9barqu\u00e9 \u00e0 sa demande de FratMat, l\u2019\u00e9tonnante ascension du Dga nomm\u00e9 int\u00e9rimaire - C\u00f4te d&#039;Ivoire","description":"C\u2019est l\u2019information du jour en C\u00f4te-d\u2019Ivoire. Apr\u00e8s de bons et loyaux services \u00e0 la t\u00eate du quotidien \u00e0 capitaux publics ...","robots":{"index":"index","follow":"follow","max-snippet":"max-snippet:-1","max-image-preview":"max-image-preview:large","max-video-preview":"max-video-preview:-1"},"canonical":"https:\/\/www.africa-press.net\/cotedivoire\/culture-et-art\/venance-konan-debarque-a-sa-demande-de-fratmat-letonnante-ascension-du-dga-nomme-interimaire","og_locale":"fr_FR","og_type":"article","og_title":"Venance Konan d\u00e9barqu\u00e9 \u00e0 sa demande de FratMat, l\u2019\u00e9tonnante ascension du Dga nomm\u00e9 int\u00e9rimaire","og_description":"C\u2019est l\u2019information du jour en C\u00f4te-d\u2019Ivoire. Apr\u00e8s de bons et loyaux services \u00e0 la t\u00eate du quotidien \u00e0 capitaux publics ...","og_url":"https:\/\/www.africa-press.net\/cotedivoire\/culture-et-art\/venance-konan-debarque-a-sa-demande-de-fratmat-letonnante-ascension-du-dga-nomme-interimaire","og_site_name":"C\u00f4te d&#039;Ivoire","article_published_time":"2021-08-13T12:50:08+00:00","article_modified_time":"2021-08-13T20:48:26+00:00","og_image":[{"width":720,"height":404,"url":"https:\/\/static.africa-press.net\/cote\/sites\/43\/2021\/08\/img-6116645ee637a.jpg","type":"image\/jpeg"}],"author":"cfeditorfr","twitter_card":"summary_large_image","twitter_misc":{"\u00c9crit par":"cfeditorfr","Dur\u00e9e de lecture estim\u00e9e":"2 minutes"},"schema":{"@context":"https:\/\/schema.org","@graph":[{"@type":"Article","@id":"https:\/\/www.africa-press.net\/cotedivoire\/culture-et-art\/venance-konan-debarque-a-sa-demande-de-fratmat-letonnante-ascension-du-dga-nomme-interimaire#article","isPartOf":{"@id":"https:\/\/www.africa-press.net\/cotedivoire\/culture-et-art\/venance-konan-debarque-a-sa-demande-de-fratmat-letonnante-ascension-du-dga-nomme-interimaire"},"author":{"name":"cfeditorfr","@id":"https:\/\/www.africa-press.net\/cotedivoire\/#\/schema\/person\/2b1cf3cd81a31e3cd26889ca66d677f1"},"headline":"Venance Konan d\u00e9barqu\u00e9 \u00e0 sa demande de FratMat, l\u2019\u00e9tonnante ascension du Dga nomm\u00e9 int\u00e9rimaire","datePublished":"2021-08-13T12:50:08+00:00","dateModified":"2021-08-13T20:48:26+00:00","mainEntityOfPage":{"@id":"https:\/\/www.africa-press.net\/cotedivoire\/culture-et-art\/venance-konan-debarque-a-sa-demande-de-fratmat-letonnante-ascension-du-dga-nomme-interimaire"},"wordCount":341,"commentCount":0,"image":{"@id":"https:\/\/www.africa-press.net\/cotedivoire\/culture-et-art\/venance-konan-debarque-a-sa-demande-de-fratmat-letonnante-ascension-du-dga-nomme-interimaire#primaryimage"},"thumbnailUrl":"https:\/\/static.africa-press.net\/cote\/sites\/43\/2021\/08\/img-6116645ee637a.jpg","keywords":["Africa Press","Africa Press-C\u00f4te d'Ivoire","C\u00d4TE D'IVOIRE"],"articleSection":["Culture et Art","homepage-french","Top Nouvelles","Toutes les actualit\u00e9s"],"inLanguage":"fr-FR","potentialAction":[{"@type":"CommentAction","name":"Comment","target":["https:\/\/www.africa-press.net\/cotedivoire\/culture-et-art\/venance-konan-debarque-a-sa-demande-de-fratmat-letonnante-ascension-du-dga-nomme-interimaire#respond"]}]},{"@type":"WebPage","@id":"https:\/\/www.africa-press.net\/cotedivoire\/culture-et-art\/venance-konan-debarque-a-sa-demande-de-fratmat-letonnante-ascension-du-dga-nomme-interimaire","url":"https:\/\/www.africa-press.net\/cotedivoire\/culture-et-art\/venance-konan-debarque-a-sa-demande-de-fratmat-letonnante-ascension-du-dga-nomme-interimaire","name":"Venance Konan d\u00e9barqu\u00e9 \u00e0 sa demande de FratMat, l\u2019\u00e9tonnante ascension du Dga nomm\u00e9 int\u00e9rimaire - C\u00f4te d&#039;Ivoire","isPartOf":{"@id":"https:\/\/www.africa-press.net\/cotedivoire\/#website"},"primaryImageOfPage":{"@id":"https:\/\/www.africa-press.net\/cotedivoire\/culture-et-art\/venance-konan-debarque-a-sa-demande-de-fratmat-letonnante-ascension-du-dga-nomme-interimaire#primaryimage"},"image":{"@id":"https:\/\/www.africa-press.net\/cotedivoire\/culture-et-art\/venance-konan-debarque-a-sa-demande-de-fratmat-letonnante-ascension-du-dga-nomme-interimaire#primaryimage"},"thumbnailUrl":"https:\/\/static.africa-press.net\/cote\/sites\/43\/2021\/08\/img-6116645ee637a.jpg","datePublished":"2021-08-13T12:50:08+00:00","dateModified":"2021-08-13T20:48:26+00:00","author":{"@id":"https:\/\/www.africa-press.net\/cotedivoire\/#\/schema\/person\/2b1cf3cd81a31e3cd26889ca66d677f1"},"description":"C\u2019est l\u2019information du jour en C\u00f4te-d\u2019Ivoire. Apr\u00e8s de bons et loyaux services \u00e0 la t\u00eate du quotidien \u00e0 capitaux publics ...","breadcrumb":{"@id":"https:\/\/www.africa-press.net\/cotedivoire\/culture-et-art\/venance-konan-debarque-a-sa-demande-de-fratmat-letonnante-ascension-du-dga-nomme-interimaire#breadcrumb"},"inLanguage":"fr-FR","potentialAction":[{"@type":"ReadAction","target":["https:\/\/www.africa-press.net\/cotedivoire\/culture-et-art\/venance-konan-debarque-a-sa-demande-de-fratmat-letonnante-ascension-du-dga-nomme-interimaire"]}]},{"@type":"ImageObject","inLanguage":"fr-FR","@id":"https:\/\/www.africa-press.net\/cotedivoire\/culture-et-art\/venance-konan-debarque-a-sa-demande-de-fratmat-letonnante-ascension-du-dga-nomme-interimaire#primaryimage","url":"https:\/\/static.africa-press.net\/cote\/sites\/43\/2021\/08\/img-6116645ee637a.jpg","contentUrl":"https:\/\/static.africa-press.net\/cote\/sites\/43\/2021\/08\/img-6116645ee637a.jpg","width":720,"height":404,"caption":"Venance Konan d\u00e9barqu\u00e9 \u00e0 sa demande de FratMat, l\u2019\u00e9tonnante ascension du Dga nomm\u00e9 int\u00e9rimaire"},{"@type":"BreadcrumbList","@id":"https:\/\/www.africa-press.net\/cotedivoire\/culture-et-art\/venance-konan-debarque-a-sa-demande-de-fratmat-letonnante-ascension-du-dga-nomme-interimaire#breadcrumb","itemListElement":[{"@type":"ListItem","position":1,"name":"Accueil","item":"https:\/\/www.africa-press.net\/cotedivoire\/"},{"@type":"ListItem","position":2,"name":"Venance Konan d\u00e9barqu\u00e9 \u00e0 sa demande de FratMat, l\u2019\u00e9tonnante ascension du Dga nomm\u00e9 int\u00e9rimaire"}]},{"@type":"WebSite","@id":"https:\/\/www.africa-press.net\/cotedivoire\/#website","url":"https:\/\/www.africa-press.net\/cotedivoire\/","name":"C\u00f4te d&#039;Ivoire","description":"Just another Africa News Agency Sites site","potentialAction":[{"@type":"SearchAction","target":{"@type":"EntryPoint","urlTemplate":"https:\/\/www.africa-press.net\/cotedivoire\/?s={search_term_string}"},"query-input":{"@type":"PropertyValueSpecification","valueRequired":true,"valueName":"search_term_string"}}],"inLanguage":"fr-FR"},{"@type":"Person","@id":"https:\/\/www.africa-press.net\/cotedivoire\/#\/schema\/person\/2b1cf3cd81a31e3cd26889ca66d677f1","name":"cfeditorfr"}]}},"_links":{"self":[{"href":"https:\/\/www.africa-press.net\/cotedivoire\/wp-json\/wp\/v2\/posts\/11302","targetHints":{"allow":["GET"]}}],"collection":[{"href":"https:\/\/www.africa-press.net\/cotedivoire\/wp-json\/wp\/v2\/posts"}],"about":[{"href":"https:\/\/www.africa-press.net\/cotedivoire\/wp-json\/wp\/v2\/types\/post"}],"author":[{"embeddable":true,"href":"https:\/\/www.africa-press.net\/cotedivoire\/wp-json\/wp\/v2\/users\/82"}],"replies":[{"embeddable":true,"href":"https:\/\/www.africa-press.net\/cotedivoire\/wp-json\/wp\/v2\/comments?post=11302"}],"version-history":[{"count":0,"href":"https:\/\/www.africa-press.net\/cotedivoire\/wp-json\/wp\/v2\/posts\/11302\/revisions"}],"wp:featuredmedia":[{"embeddable":true,"href":"https:\/\/www.africa-press.net\/cotedivoire\/wp-json\/wp\/v2\/media\/11301"}],"wp:attachment":[{"href":"https:\/\/www.africa-press.net\/cotedivoire\/wp-json\/wp\/v2\/media?parent=11302"}],"wp:term":[{"taxonomy":"category","embeddable":true,"href":"https:\/\/www.africa-press.net\/cotedivoire\/wp-json\/wp\/v2\/categories?post=11302"},{"taxonomy":"post_tag","embeddable":true,"href":"https:\/\/www.africa-press.net\/cotedivoire\/wp-json\/wp\/v2\/tags?post=11302"}],"curies":[{"name":"wp","href":"https:\/\/api.w.org\/{rel}","templated":true}]}}