{"id":113121,"date":"2026-02-20T13:27:27","date_gmt":"2026-02-20T13:27:27","guid":{"rendered":"https:\/\/www.africa-press.net\/cotedivoire\/politique\/soutien-de-la-fegescoopaci-au-dg-du-conseil-cacao"},"modified":"2026-02-20T14:17:35","modified_gmt":"2026-02-20T14:17:35","slug":"soutien-de-la-fegescoopaci-au-dg-du-conseil-cacao","status":"publish","type":"post","link":"https:\/\/www.africa-press.net\/cotedivoire\/economie\/soutien-de-la-fegescoopaci-au-dg-du-conseil-cacao","title":{"rendered":"Soutien de la FEGESCOOPACI au DG du Conseil Cacao"},"content":{"rendered":"<p><span style=\"color: #ff6600\"><strong>Africa-Press &#8211; C\u00f4te d&rsquo;Ivoire. <\/strong><\/span>Des remous ont e\u0301te\u0301 constate\u0301s dans la filie\u0300re Cacao les semaines dernie\u0300res avec des attaques contre le Conseil de la part de certains syndicalistes.<\/p>\n<p>En confe\u0301rence de presse, le jeudi 19 fe\u0301vrier 2026, la Fe\u0301de\u0301ration Ge\u0301ne\u0301rale des Socie\u0301te\u0301s Coope\u0301ratives Agricoles de Co\u0302te d\u2019Ivoire (FEGESCOOPACI) a apporte\u0301 son soutien au Directeur Ge\u0301ne\u0301ral du Conseil Cafe\u0301-Cacao M. Kone\u0301 Brahima Yves et par la me\u0302me occasion pre\u0301sente\u0301 des excuses au nom des agriculteurs de Cafe\u0301 Cacao, les organisations Syndicales et les Socie\u0301te\u0301s Coope\u0301ratives agricoles<\/p>\n<p>En sa qualite\u0301 de Pre\u0301sident du Conseil d&rsquo;administration de l&rsquo;Organisation Syndicale, a\u0300 caracte\u0300re fe\u0301de\u0301ral FEGESCOOPACI, M. Mele\u0300dje Gnagne Modeste a invite\u0301 ses camarades syndicalistes et dirigeants des socie\u0301te\u0301s coope\u0301ratives au dialogue, gage de de\u0301veloppement.<\/p>\n<p>\u00ab E\u0301vitons de chercher des coupables a\u0300 chaque fois que la filie\u0300re cafe\u0301-cacao traverse une situation difficile. Et c&rsquo;est un constat de\u0301plorable. Lorsqu\u2019on appartient a\u0300 une famille et que la famille traverse un moment difficile, on n&rsquo;indexe pas imme\u0301diatement le chef de famille en voulant le vilipender, c&rsquo;est injuste, il faudrait se souvenir, au moins des bonnes actions que celui-ci a pose\u0301es ante\u0301rieurement pour le bonheur de la famille \u00bb, a-t-il de\u0301clare\u0301, et d\u2019ajouter.<\/p>\n<p>\u00ab Je cite le cas de notre filie\u0300re Cafe\u0301 &#8211; Cacao, ne culpabilisons pas notre Chef de famille qui est notre cher Directeur General M. Kone\u0301 Brahima Yves Aujourd&rsquo;hui, conside\u0301rons que sommes nous tous matures dans la filie\u0300re cafe\u0301-cacao. Alors, devrions-nous tous comprendre les difficulte\u0301s de la filie\u0300re cafe\u0301-cacao au plan mondial et nous y habituer de\u0301sormais et trouver des solutions par le dialogue, que d\u2019accuser le Directeur Ge\u0301ne\u0301ral. Ceci e\u0301tant, Je vous invite tous au nom de la FEGESCOOPACI a\u0300 soutenir notre cher Directeur Ge\u0301ne\u0301ral M. Kone\u0301 Brahima Yves pour ses efforts relatifs au de\u0301veloppement de filie\u0300re Cafe\u0301 CACAO en Co\u0302te d&rsquo;Ivoire \u00bb, a exhorte\u0301 M. Mele\u0300dje.<\/p>\n<p>Aussi, il a pre\u0301sente\u0301 des excuses Au Directeur Ge\u0301ne\u0301ral du Conseil, au Nom des camarades du secteur Agricole et de tous les dirigeants des Socie\u0301te\u0301s Coope\u0301ratives de la filie\u0300re Cafe\u0301-Cacao.<\/p>\n<p>\u00ab Que cela ne se re\u0301pe\u0300te plus. Soyons Unis autour de notre Directeur Ge\u0301ne\u0301ral pour le bonheur de tous et de chacun. Vive la filie\u0300re Cafe\u0301 Cacao \u00bb, a martele\u0301 le PCA de la FEGESCOOPACI.<\/p>\n<p><strong>Pour plus d&rsquo;informations et d&rsquo;analyses sur la <span style=\"color: #ff6600\">C\u00f4te d&rsquo;Ivoire<\/span>, suivez <span style=\"color: #ff6600\">Africa-Press<\/span><\/strong><\/p>\n","protected":false},"excerpt":{"rendered":"<p>Africa-Press &#8211; C\u00f4te d&rsquo;Ivoire. Des remous ont e\u0301te\u0301 constate\u0301s dans la filie\u0300re Cacao les semaines dernie\u0300res avec des attaques contre le Conseil de la part de certains syndicalistes. En confe\u0301rence de presse, le jeudi 19 fe\u0301vrier 2026, la Fe\u0301de\u0301ration Ge\u0301ne\u0301rale des Socie\u0301te\u0301s Coope\u0301ratives Agricoles de Co\u0302te d\u2019Ivoire (FEGESCOOPACI) a apporte\u0301 son soutien au Directeur Ge\u0301ne\u0301ral [&hellip;]<\/p>\n","protected":false},"author":82,"featured_media":113119,"comment_status":"open","ping_status":"closed","sticky":false,"template":"","format":"standard","meta":{"footnotes":""},"categories":[3,10],"tags":[29,20401,6427,20400,1686],"class_list":["post-113121","post","type-post","status-publish","format-standard","has-post-thumbnail","hentry","category-economie","category-toutes-les-actualites","tag-cote-divoire","tag-fegescoopaci","tag-kone-brahima-yves","tag-meledje-gnagne","tag-syndicalistes"],"yoast_head":"<!-- This site is optimized with the Yoast SEO Premium plugin v26.1 (Yoast SEO v27.0) - https:\/\/yoast.com\/product\/yoast-seo-premium-wordpress\/ -->\n<title>Soutien de la FEGESCOOPACI au DG du Conseil Cacao - C\u00f4te d&#039;Ivoire<\/title>\n<meta name=\"description\" content=\"Des remous ont e\u0301te\u0301 constate\u0301s dans la filie\u0300re Cacao les semaines dernie\u0300res avec des attaques contre le Conseil de la ...\" \/>\n<meta name=\"robots\" content=\"index, follow, max-snippet:-1, max-image-preview:large, max-video-preview:-1\" \/>\n<link rel=\"canonical\" href=\"https:\/\/www.africa-press.net\/cotedivoire\/economie\/soutien-de-la-fegescoopaci-au-dg-du-conseil-cacao\" \/>\n<meta property=\"og:locale\" content=\"fr_FR\" \/>\n<meta property=\"og:type\" content=\"article\" \/>\n<meta property=\"og:title\" content=\"Soutien de la FEGESCOOPACI au DG du Conseil Cacao\" \/>\n<meta property=\"og:description\" content=\"Des remous ont e\u0301te\u0301 constate\u0301s dans la filie\u0300re Cacao les semaines dernie\u0300res avec des attaques contre le Conseil de la ...\" \/>\n<meta property=\"og:url\" content=\"https:\/\/www.africa-press.net\/cotedivoire\/economie\/soutien-de-la-fegescoopaci-au-dg-du-conseil-cacao\" \/>\n<meta property=\"og:site_name\" content=\"C\u00f4te d&#039;Ivoire\" \/>\n<meta property=\"article:published_time\" content=\"2026-02-20T13:27:27+00:00\" \/>\n<meta property=\"article:modified_time\" content=\"2026-02-20T14:17:35+00:00\" \/>\n<meta property=\"og:image\" content=\"https:\/\/static.africa-press.net\/cote\/sites\/43\/2026\/02\/sm_1771584394.295965.jpg\" \/>\n\t<meta property=\"og:image:width\" content=\"1280\" \/>\n\t<meta property=\"og:image:height\" content=\"720\" \/>\n\t<meta property=\"og:image:type\" content=\"image\/jpeg\" \/>\n<meta name=\"author\" content=\"cfeditorfr\" \/>\n<meta name=\"twitter:card\" content=\"summary_large_image\" \/>\n<meta name=\"twitter:label1\" content=\"\u00c9crit par\" \/>\n\t<meta name=\"twitter:data1\" content=\"cfeditorfr\" \/>\n\t<meta name=\"twitter:label2\" content=\"Dur\u00e9e de lecture estim\u00e9e\" \/>\n\t<meta name=\"twitter:data2\" content=\"3 minutes\" \/>\n<script type=\"application\/ld+json\" class=\"yoast-schema-graph\">{\"@context\":\"https:\/\/schema.org\",\"@graph\":[{\"@type\":\"Article\",\"@id\":\"https:\/\/www.africa-press.net\/cotedivoire\/economie\/soutien-de-la-fegescoopaci-au-dg-du-conseil-cacao#article\",\"isPartOf\":{\"@id\":\"https:\/\/www.africa-press.net\/cotedivoire\/economie\/soutien-de-la-fegescoopaci-au-dg-du-conseil-cacao\"},\"author\":{\"name\":\"cfeditorfr\",\"@id\":\"https:\/\/www.africa-press.net\/cotedivoire\/#\/schema\/person\/2b1cf3cd81a31e3cd26889ca66d677f1\"},\"headline\":\"Soutien de la FEGESCOOPACI au DG du Conseil Cacao\",\"datePublished\":\"2026-02-20T13:27:27+00:00\",\"dateModified\":\"2026-02-20T14:17:35+00:00\",\"mainEntityOfPage\":{\"@id\":\"https:\/\/www.africa-press.net\/cotedivoire\/economie\/soutien-de-la-fegescoopaci-au-dg-du-conseil-cacao\"},\"wordCount\":464,\"commentCount\":0,\"image\":{\"@id\":\"https:\/\/www.africa-press.net\/cotedivoire\/economie\/soutien-de-la-fegescoopaci-au-dg-du-conseil-cacao#primaryimage\"},\"thumbnailUrl\":\"https:\/\/static.africa-press.net\/cote\/sites\/43\/2026\/02\/sm_1771584394.295965.jpg\",\"keywords\":[\"C\u00d4TE D'IVOIRE\",\"FEGESCOOPACI\",\"Kon\u00e9 Brahima Yves\",\"Mel\u00e8dje Gnagne\",\"syndicalistes\"],\"articleSection\":[\"\u00c9conomie\",\"Toutes les actualit\u00e9s\"],\"inLanguage\":\"fr-FR\",\"potentialAction\":[{\"@type\":\"CommentAction\",\"name\":\"Comment\",\"target\":[\"https:\/\/www.africa-press.net\/cotedivoire\/economie\/soutien-de-la-fegescoopaci-au-dg-du-conseil-cacao#respond\"]}]},{\"@type\":\"WebPage\",\"@id\":\"https:\/\/www.africa-press.net\/cotedivoire\/economie\/soutien-de-la-fegescoopaci-au-dg-du-conseil-cacao\",\"url\":\"https:\/\/www.africa-press.net\/cotedivoire\/economie\/soutien-de-la-fegescoopaci-au-dg-du-conseil-cacao\",\"name\":\"Soutien de la FEGESCOOPACI au DG du Conseil Cacao - C\u00f4te d&#039;Ivoire\",\"isPartOf\":{\"@id\":\"https:\/\/www.africa-press.net\/cotedivoire\/#website\"},\"primaryImageOfPage\":{\"@id\":\"https:\/\/www.africa-press.net\/cotedivoire\/economie\/soutien-de-la-fegescoopaci-au-dg-du-conseil-cacao#primaryimage\"},\"image\":{\"@id\":\"https:\/\/www.africa-press.net\/cotedivoire\/economie\/soutien-de-la-fegescoopaci-au-dg-du-conseil-cacao#primaryimage\"},\"thumbnailUrl\":\"https:\/\/static.africa-press.net\/cote\/sites\/43\/2026\/02\/sm_1771584394.295965.jpg\",\"datePublished\":\"2026-02-20T13:27:27+00:00\",\"dateModified\":\"2026-02-20T14:17:35+00:00\",\"author\":{\"@id\":\"https:\/\/www.africa-press.net\/cotedivoire\/#\/schema\/person\/2b1cf3cd81a31e3cd26889ca66d677f1\"},\"description\":\"Des remous ont e\u0301te\u0301 constate\u0301s dans la filie\u0300re Cacao les semaines dernie\u0300res avec des attaques contre le Conseil de la ...\",\"breadcrumb\":{\"@id\":\"https:\/\/www.africa-press.net\/cotedivoire\/economie\/soutien-de-la-fegescoopaci-au-dg-du-conseil-cacao#breadcrumb\"},\"inLanguage\":\"fr-FR\",\"potentialAction\":[{\"@type\":\"ReadAction\",\"target\":[\"https:\/\/www.africa-press.net\/cotedivoire\/economie\/soutien-de-la-fegescoopaci-au-dg-du-conseil-cacao\"]}]},{\"@type\":\"ImageObject\",\"inLanguage\":\"fr-FR\",\"@id\":\"https:\/\/www.africa-press.net\/cotedivoire\/economie\/soutien-de-la-fegescoopaci-au-dg-du-conseil-cacao#primaryimage\",\"url\":\"https:\/\/static.africa-press.net\/cote\/sites\/43\/2026\/02\/sm_1771584394.295965.jpg\",\"contentUrl\":\"https:\/\/static.africa-press.net\/cote\/sites\/43\/2026\/02\/sm_1771584394.295965.jpg\",\"width\":1280,\"height\":720,\"caption\":\"Soutien de la FEGESCOOPACI au DG du Conseil Cacao\"},{\"@type\":\"BreadcrumbList\",\"@id\":\"https:\/\/www.africa-press.net\/cotedivoire\/economie\/soutien-de-la-fegescoopaci-au-dg-du-conseil-cacao#breadcrumb\",\"itemListElement\":[{\"@type\":\"ListItem\",\"position\":1,\"name\":\"Accueil\",\"item\":\"https:\/\/www.africa-press.net\/cotedivoire\/\"},{\"@type\":\"ListItem\",\"position\":2,\"name\":\"Soutien de la FEGESCOOPACI au DG du Conseil Cacao\"}]},{\"@type\":\"WebSite\",\"@id\":\"https:\/\/www.africa-press.net\/cotedivoire\/#website\",\"url\":\"https:\/\/www.africa-press.net\/cotedivoire\/\",\"name\":\"C\u00f4te d&#039;Ivoire\",\"description\":\"Just another Africa News Agency Sites site\",\"potentialAction\":[{\"@type\":\"SearchAction\",\"target\":{\"@type\":\"EntryPoint\",\"urlTemplate\":\"https:\/\/www.africa-press.net\/cotedivoire\/?s={search_term_string}\"},\"query-input\":{\"@type\":\"PropertyValueSpecification\",\"valueRequired\":true,\"valueName\":\"search_term_string\"}}],\"inLanguage\":\"fr-FR\"},{\"@type\":\"Person\",\"@id\":\"https:\/\/www.africa-press.net\/cotedivoire\/#\/schema\/person\/2b1cf3cd81a31e3cd26889ca66d677f1\",\"name\":\"cfeditorfr\"}]}<\/script>\n<!-- \/ Yoast SEO Premium plugin. -->","yoast_head_json":{"title":"Soutien de la FEGESCOOPACI au DG du Conseil Cacao - C\u00f4te d&#039;Ivoire","description":"Des remous ont e\u0301te\u0301 constate\u0301s dans la filie\u0300re Cacao les semaines dernie\u0300res avec des attaques contre le Conseil de la ...","robots":{"index":"index","follow":"follow","max-snippet":"max-snippet:-1","max-image-preview":"max-image-preview:large","max-video-preview":"max-video-preview:-1"},"canonical":"https:\/\/www.africa-press.net\/cotedivoire\/economie\/soutien-de-la-fegescoopaci-au-dg-du-conseil-cacao","og_locale":"fr_FR","og_type":"article","og_title":"Soutien de la FEGESCOOPACI au DG du Conseil Cacao","og_description":"Des remous ont e\u0301te\u0301 constate\u0301s dans la filie\u0300re Cacao les semaines dernie\u0300res avec des attaques contre le Conseil de la ...","og_url":"https:\/\/www.africa-press.net\/cotedivoire\/economie\/soutien-de-la-fegescoopaci-au-dg-du-conseil-cacao","og_site_name":"C\u00f4te d&#039;Ivoire","article_published_time":"2026-02-20T13:27:27+00:00","article_modified_time":"2026-02-20T14:17:35+00:00","og_image":[{"width":1280,"height":720,"url":"https:\/\/static.africa-press.net\/cote\/sites\/43\/2026\/02\/sm_1771584394.295965.jpg","type":"image\/jpeg"}],"author":"cfeditorfr","twitter_card":"summary_large_image","twitter_misc":{"\u00c9crit par":"cfeditorfr","Dur\u00e9e de lecture estim\u00e9e":"3 minutes"},"schema":{"@context":"https:\/\/schema.org","@graph":[{"@type":"Article","@id":"https:\/\/www.africa-press.net\/cotedivoire\/economie\/soutien-de-la-fegescoopaci-au-dg-du-conseil-cacao#article","isPartOf":{"@id":"https:\/\/www.africa-press.net\/cotedivoire\/economie\/soutien-de-la-fegescoopaci-au-dg-du-conseil-cacao"},"author":{"name":"cfeditorfr","@id":"https:\/\/www.africa-press.net\/cotedivoire\/#\/schema\/person\/2b1cf3cd81a31e3cd26889ca66d677f1"},"headline":"Soutien de la FEGESCOOPACI au DG du Conseil Cacao","datePublished":"2026-02-20T13:27:27+00:00","dateModified":"2026-02-20T14:17:35+00:00","mainEntityOfPage":{"@id":"https:\/\/www.africa-press.net\/cotedivoire\/economie\/soutien-de-la-fegescoopaci-au-dg-du-conseil-cacao"},"wordCount":464,"commentCount":0,"image":{"@id":"https:\/\/www.africa-press.net\/cotedivoire\/economie\/soutien-de-la-fegescoopaci-au-dg-du-conseil-cacao#primaryimage"},"thumbnailUrl":"https:\/\/static.africa-press.net\/cote\/sites\/43\/2026\/02\/sm_1771584394.295965.jpg","keywords":["C\u00d4TE D'IVOIRE","FEGESCOOPACI","Kon\u00e9 Brahima Yves","Mel\u00e8dje Gnagne","syndicalistes"],"articleSection":["\u00c9conomie","Toutes les actualit\u00e9s"],"inLanguage":"fr-FR","potentialAction":[{"@type":"CommentAction","name":"Comment","target":["https:\/\/www.africa-press.net\/cotedivoire\/economie\/soutien-de-la-fegescoopaci-au-dg-du-conseil-cacao#respond"]}]},{"@type":"WebPage","@id":"https:\/\/www.africa-press.net\/cotedivoire\/economie\/soutien-de-la-fegescoopaci-au-dg-du-conseil-cacao","url":"https:\/\/www.africa-press.net\/cotedivoire\/economie\/soutien-de-la-fegescoopaci-au-dg-du-conseil-cacao","name":"Soutien de la FEGESCOOPACI au DG du Conseil Cacao - C\u00f4te d&#039;Ivoire","isPartOf":{"@id":"https:\/\/www.africa-press.net\/cotedivoire\/#website"},"primaryImageOfPage":{"@id":"https:\/\/www.africa-press.net\/cotedivoire\/economie\/soutien-de-la-fegescoopaci-au-dg-du-conseil-cacao#primaryimage"},"image":{"@id":"https:\/\/www.africa-press.net\/cotedivoire\/economie\/soutien-de-la-fegescoopaci-au-dg-du-conseil-cacao#primaryimage"},"thumbnailUrl":"https:\/\/static.africa-press.net\/cote\/sites\/43\/2026\/02\/sm_1771584394.295965.jpg","datePublished":"2026-02-20T13:27:27+00:00","dateModified":"2026-02-20T14:17:35+00:00","author":{"@id":"https:\/\/www.africa-press.net\/cotedivoire\/#\/schema\/person\/2b1cf3cd81a31e3cd26889ca66d677f1"},"description":"Des remous ont e\u0301te\u0301 constate\u0301s dans la filie\u0300re Cacao les semaines dernie\u0300res avec des attaques contre le Conseil de la ...","breadcrumb":{"@id":"https:\/\/www.africa-press.net\/cotedivoire\/economie\/soutien-de-la-fegescoopaci-au-dg-du-conseil-cacao#breadcrumb"},"inLanguage":"fr-FR","potentialAction":[{"@type":"ReadAction","target":["https:\/\/www.africa-press.net\/cotedivoire\/economie\/soutien-de-la-fegescoopaci-au-dg-du-conseil-cacao"]}]},{"@type":"ImageObject","inLanguage":"fr-FR","@id":"https:\/\/www.africa-press.net\/cotedivoire\/economie\/soutien-de-la-fegescoopaci-au-dg-du-conseil-cacao#primaryimage","url":"https:\/\/static.africa-press.net\/cote\/sites\/43\/2026\/02\/sm_1771584394.295965.jpg","contentUrl":"https:\/\/static.africa-press.net\/cote\/sites\/43\/2026\/02\/sm_1771584394.295965.jpg","width":1280,"height":720,"caption":"Soutien de la FEGESCOOPACI au DG du Conseil Cacao"},{"@type":"BreadcrumbList","@id":"https:\/\/www.africa-press.net\/cotedivoire\/economie\/soutien-de-la-fegescoopaci-au-dg-du-conseil-cacao#breadcrumb","itemListElement":[{"@type":"ListItem","position":1,"name":"Accueil","item":"https:\/\/www.africa-press.net\/cotedivoire\/"},{"@type":"ListItem","position":2,"name":"Soutien de la FEGESCOOPACI au DG du Conseil Cacao"}]},{"@type":"WebSite","@id":"https:\/\/www.africa-press.net\/cotedivoire\/#website","url":"https:\/\/www.africa-press.net\/cotedivoire\/","name":"C\u00f4te d&#039;Ivoire","description":"Just another Africa News Agency Sites site","potentialAction":[{"@type":"SearchAction","target":{"@type":"EntryPoint","urlTemplate":"https:\/\/www.africa-press.net\/cotedivoire\/?s={search_term_string}"},"query-input":{"@type":"PropertyValueSpecification","valueRequired":true,"valueName":"search_term_string"}}],"inLanguage":"fr-FR"},{"@type":"Person","@id":"https:\/\/www.africa-press.net\/cotedivoire\/#\/schema\/person\/2b1cf3cd81a31e3cd26889ca66d677f1","name":"cfeditorfr"}]}},"_links":{"self":[{"href":"https:\/\/www.africa-press.net\/cotedivoire\/wp-json\/wp\/v2\/posts\/113121","targetHints":{"allow":["GET"]}}],"collection":[{"href":"https:\/\/www.africa-press.net\/cotedivoire\/wp-json\/wp\/v2\/posts"}],"about":[{"href":"https:\/\/www.africa-press.net\/cotedivoire\/wp-json\/wp\/v2\/types\/post"}],"author":[{"embeddable":true,"href":"https:\/\/www.africa-press.net\/cotedivoire\/wp-json\/wp\/v2\/users\/82"}],"replies":[{"embeddable":true,"href":"https:\/\/www.africa-press.net\/cotedivoire\/wp-json\/wp\/v2\/comments?post=113121"}],"version-history":[{"count":0,"href":"https:\/\/www.africa-press.net\/cotedivoire\/wp-json\/wp\/v2\/posts\/113121\/revisions"}],"wp:featuredmedia":[{"embeddable":true,"href":"https:\/\/www.africa-press.net\/cotedivoire\/wp-json\/wp\/v2\/media\/113119"}],"wp:attachment":[{"href":"https:\/\/www.africa-press.net\/cotedivoire\/wp-json\/wp\/v2\/media?parent=113121"}],"wp:term":[{"taxonomy":"category","embeddable":true,"href":"https:\/\/www.africa-press.net\/cotedivoire\/wp-json\/wp\/v2\/categories?post=113121"},{"taxonomy":"post_tag","embeddable":true,"href":"https:\/\/www.africa-press.net\/cotedivoire\/wp-json\/wp\/v2\/tags?post=113121"}],"curies":[{"name":"wp","href":"https:\/\/api.w.org\/{rel}","templated":true}]}}