{"id":11313,"date":"2021-08-13T13:19:32","date_gmt":"2021-08-13T13:19:32","guid":{"rendered":"https:\/\/www.africa-press.net\/cotedivoire\/?p=11313"},"modified":"2021-08-13T20:49:08","modified_gmt":"2021-08-13T20:49:08","slug":"yasmina-ouegnin-perplexe-face-au-refus-du-ministre-thomas-camara-declairer-lassemblee-nationale-sur-la-situation-energetique","status":"publish","type":"post","link":"https:\/\/www.africa-press.net\/cotedivoire\/politique\/yasmina-ouegnin-perplexe-face-au-refus-du-ministre-thomas-camara-declairer-lassemblee-nationale-sur-la-situation-energetique","title":{"rendered":"Yasmina Ou\u00e9gnin \u00ab\u00a0perplexe\u00a0\u00bb face au refus du ministre Thomas Camara d\u2019\u00e9clairer l\u2019Assembl\u00e9e nationale sur la situation \u00e9nerg\u00e9tique"},"content":{"rendered":"<p><span style=\"color: #ff6600\"><strong><a href=\"https:\/\/www.africa-press.net\/\">Africa-Press<\/a> &#8211; <a href=\"https:\/\/www.africa-press.net\/cotedivoire\">C\u00f4te d&rsquo;Ivoire<\/a>. <\/strong><\/span>La d\u00e9put\u00e9e du PDCI-RDA (opposition) Yasmina Ou\u00e9gnin a manifest\u00e9 hier jeudi son agacement face au refus du ministre de l\u2019\u00c9nergie, Thomas Camara, invit\u00e9 par les d\u00e9put\u00e9s de son parti pour \u00abdes questions orales avec d\u00e9bat\u00bb en vue de les \u00e9clairer sur la situation \u00e9nerg\u00e9tique r\u00e9elle que traverse la C\u00f4te-d\u2019Ivoire depuis mai 2021. En effet, cela fait plusieurs mois que le pays est livr\u00e9 \u00e0 des s\u00e9ries de d\u00e9lestages. \u00c0 plusieurs reprises les autorit\u00e9s ont annonc\u00e9 la fin des d\u00e9sagr\u00e9ments caus\u00e9s aux particuliers et entreprises, sans que cela ne se traduise dans les faits. (Adiko Etien)<\/p>\n<p><b>L\u2019int\u00e9gralit\u00e9 des propos tenus par la deput\u00e9e sur sa page Facebook<\/b><\/p>\n<p>\u00ab Dans le cadre des travaux de la R\u00e9union d\u00e9localis\u00e9e de la Commission Mixte du Parlement de la CEDEAO, Monsieur le Ministre des Mines, du P\u00e9trole et de l\u2019Energie de C\u00f4te d\u2019Ivoire a prit part, ce jeudi 12 ao\u00fbt , aux d\u00e9bats qui ont lieu au sein m\u00eame de l\u2019Assembl\u00e9e nationale ivoirienne sur le th\u00e8me : \u00bb Assurer l\u2019efficacit\u00e9 \u00e9nerg\u00e9tique en Afrique de l\u2019Ouest\u2026 \u00bb<\/p>\n<p>Faudrait-il se r\u00e9jouir de voir le Ministre s\u2019associer aux r\u00e9flexions men\u00e9es par les parlementaires ouest-africains sur l\u2019\u00e9pineuse pr\u00e9occupation de la production et de la distribution des \u00e9nergies vitales et indispensables \u00e0 nos \u00e9conomies et aux bien-\u00eatre des populations de la Sous-r\u00e9gion ? Assur\u00e9ment Oui !!!<\/p>\n<p>Sauf que je reste perplexe de voir que pour les m\u00eames objets et pour la m\u00eame cause, Monsieur le Ministre a boud\u00e9 l\u2019invitation \u00e0 lui faite par le Groupe parlementaire PDCI-RDA, depuis le 10 mai dernier, aux fins d\u2019intervenir devant la Repr\u00e9sentation nationale dans le cadre de l\u2019exercice constitutionnel des questions orales avec d\u00e9bats.<\/p>\n<p>L\u2019opinion nationale est donc ainsi prise \u00e0 t\u00e9moin de l\u2019indiff\u00e9rence du Responsable de l\u2019\u00e9nergie du Gouvernement de notre pays, \u00e0 porter devant les Elus de la Nation l\u2019\u00e9clairage (sans jeu de mots) n\u00e9cessaire \u00e0 la bonne compr\u00e9hension de la situation \u00e9nerg\u00e9tique qui pr\u00e9vaut depuis plusieurs mois maintenant.<\/p>\n<p>Une attitude qui contraste avec le grand empressement et le bel enthousiasme affich\u00e9s lorsqu\u2019il s\u2019agit d\u2019\u00e9voquer des solutions, \u00e0 l\u2019\u00e9chelle r\u00e9gionale\u2026 qu\u2019on a du mal \u00e0 exposer \u00e0 ses propres Compatriotes\u2026<\/p>\n<p>&nbsp;<\/p>\n","protected":false},"excerpt":{"rendered":"<p>Africa-Press &#8211; C\u00f4te d&rsquo;Ivoire. La d\u00e9put\u00e9e du PDCI-RDA (opposition) Yasmina Ou\u00e9gnin a manifest\u00e9 hier jeudi son agacement face au refus du ministre de l\u2019\u00c9nergie, Thomas Camara, invit\u00e9 par les d\u00e9put\u00e9s de son parti pour \u00abdes questions orales avec d\u00e9bat\u00bb en vue de les \u00e9clairer sur la situation \u00e9nerg\u00e9tique r\u00e9elle que traverse la C\u00f4te-d\u2019Ivoire depuis mai [&hellip;]<\/p>\n","protected":false},"author":82,"featured_media":11312,"comment_status":"open","ping_status":"closed","sticky":false,"template":"","format":"standard","meta":{"footnotes":""},"categories":[11,2,20,10],"tags":[56,63,29],"class_list":["post-11313","post","type-post","status-publish","format-standard","has-post-thumbnail","hentry","category-homepage-french","category-politique","category-top-nouvelles","category-toutes-les-actualites","tag-africa-press","tag-africa-press-cote-divoire","tag-cote-divoire"],"yoast_head":"<!-- This site is optimized with the Yoast SEO Premium plugin v26.1 (Yoast SEO v27.0) - https:\/\/yoast.com\/product\/yoast-seo-premium-wordpress\/ -->\n<title>Yasmina Ou\u00e9gnin \u00ab\u00a0perplexe\u00a0\u00bb face au refus du ministre Thomas Camara d\u2019\u00e9clairer l\u2019Assembl\u00e9e nationale sur la situation \u00e9nerg\u00e9tique - C\u00f4te d&#039;Ivoire<\/title>\n<meta name=\"description\" content=\"C\u00f4te d\u2019Ivoire \/ La d\u00e9put\u00e9e du PDCI-RDA (opposition) Yasmina Ou\u00e9gnin a manifest\u00e9 hier jeudi son agacement face au refus d ...\" \/>\n<meta name=\"robots\" content=\"index, follow, max-snippet:-1, max-image-preview:large, max-video-preview:-1\" \/>\n<link rel=\"canonical\" href=\"https:\/\/www.africa-press.net\/cotedivoire\/politique\/yasmina-ouegnin-perplexe-face-au-refus-du-ministre-thomas-camara-declairer-lassemblee-nationale-sur-la-situation-energetique\" \/>\n<meta property=\"og:locale\" content=\"fr_FR\" \/>\n<meta property=\"og:type\" content=\"article\" \/>\n<meta property=\"og:title\" content=\"Yasmina Ou\u00e9gnin \u00ab\u00a0perplexe\u00a0\u00bb face au refus du ministre Thomas Camara d\u2019\u00e9clairer l\u2019Assembl\u00e9e nationale sur la situation \u00e9nerg\u00e9tique\" \/>\n<meta property=\"og:description\" content=\"C\u00f4te d\u2019Ivoire \/ La d\u00e9put\u00e9e du PDCI-RDA (opposition) Yasmina Ou\u00e9gnin a manifest\u00e9 hier jeudi son agacement face au refus d ...\" \/>\n<meta property=\"og:url\" content=\"https:\/\/www.africa-press.net\/cotedivoire\/politique\/yasmina-ouegnin-perplexe-face-au-refus-du-ministre-thomas-camara-declairer-lassemblee-nationale-sur-la-situation-energetique\" \/>\n<meta property=\"og:site_name\" content=\"C\u00f4te d&#039;Ivoire\" \/>\n<meta property=\"article:published_time\" content=\"2021-08-13T13:19:32+00:00\" \/>\n<meta property=\"article:modified_time\" content=\"2021-08-13T20:49:08+00:00\" \/>\n<meta property=\"og:image\" content=\"https:\/\/static.africa-press.net\/cote\/sites\/43\/2021\/08\/img-611665a29ac83.jpg\" \/>\n\t<meta property=\"og:image:width\" content=\"810\" \/>\n\t<meta property=\"og:image:height\" content=\"810\" \/>\n\t<meta property=\"og:image:type\" content=\"image\/jpeg\" \/>\n<meta name=\"author\" content=\"cfeditorfr\" \/>\n<meta name=\"twitter:card\" content=\"summary_large_image\" \/>\n<meta name=\"twitter:label1\" content=\"\u00c9crit par\" \/>\n\t<meta name=\"twitter:data1\" content=\"cfeditorfr\" \/>\n\t<meta name=\"twitter:label2\" content=\"Dur\u00e9e de lecture estim\u00e9e\" \/>\n\t<meta name=\"twitter:data2\" content=\"2 minutes\" \/>\n<script type=\"application\/ld+json\" class=\"yoast-schema-graph\">{\"@context\":\"https:\/\/schema.org\",\"@graph\":[{\"@type\":\"Article\",\"@id\":\"https:\/\/www.africa-press.net\/cotedivoire\/politique\/yasmina-ouegnin-perplexe-face-au-refus-du-ministre-thomas-camara-declairer-lassemblee-nationale-sur-la-situation-energetique#article\",\"isPartOf\":{\"@id\":\"https:\/\/www.africa-press.net\/cotedivoire\/politique\/yasmina-ouegnin-perplexe-face-au-refus-du-ministre-thomas-camara-declairer-lassemblee-nationale-sur-la-situation-energetique\"},\"author\":{\"name\":\"cfeditorfr\",\"@id\":\"https:\/\/www.africa-press.net\/cotedivoire\/#\/schema\/person\/2b1cf3cd81a31e3cd26889ca66d677f1\"},\"headline\":\"Yasmina Ou\u00e9gnin \u00ab\u00a0perplexe\u00a0\u00bb face au refus du ministre Thomas Camara d\u2019\u00e9clairer l\u2019Assembl\u00e9e nationale sur la situation \u00e9nerg\u00e9tique\",\"datePublished\":\"2021-08-13T13:19:32+00:00\",\"dateModified\":\"2021-08-13T20:49:08+00:00\",\"mainEntityOfPage\":{\"@id\":\"https:\/\/www.africa-press.net\/cotedivoire\/politique\/yasmina-ouegnin-perplexe-face-au-refus-du-ministre-thomas-camara-declairer-lassemblee-nationale-sur-la-situation-energetique\"},\"wordCount\":426,\"commentCount\":0,\"image\":{\"@id\":\"https:\/\/www.africa-press.net\/cotedivoire\/politique\/yasmina-ouegnin-perplexe-face-au-refus-du-ministre-thomas-camara-declairer-lassemblee-nationale-sur-la-situation-energetique#primaryimage\"},\"thumbnailUrl\":\"https:\/\/static.africa-press.net\/cote\/sites\/43\/2021\/08\/img-611665a29ac83.jpg\",\"keywords\":[\"Africa Press\",\"Africa Press-C\u00f4te d'Ivoire\",\"C\u00d4TE D'IVOIRE\"],\"articleSection\":[\"homepage-french\",\"Politique\",\"Top Nouvelles\",\"Toutes les actualit\u00e9s\"],\"inLanguage\":\"fr-FR\",\"potentialAction\":[{\"@type\":\"CommentAction\",\"name\":\"Comment\",\"target\":[\"https:\/\/www.africa-press.net\/cotedivoire\/politique\/yasmina-ouegnin-perplexe-face-au-refus-du-ministre-thomas-camara-declairer-lassemblee-nationale-sur-la-situation-energetique#respond\"]}]},{\"@type\":\"WebPage\",\"@id\":\"https:\/\/www.africa-press.net\/cotedivoire\/politique\/yasmina-ouegnin-perplexe-face-au-refus-du-ministre-thomas-camara-declairer-lassemblee-nationale-sur-la-situation-energetique\",\"url\":\"https:\/\/www.africa-press.net\/cotedivoire\/politique\/yasmina-ouegnin-perplexe-face-au-refus-du-ministre-thomas-camara-declairer-lassemblee-nationale-sur-la-situation-energetique\",\"name\":\"Yasmina Ou\u00e9gnin \u00ab\u00a0perplexe\u00a0\u00bb face au refus du ministre Thomas Camara d\u2019\u00e9clairer l\u2019Assembl\u00e9e nationale sur la situation \u00e9nerg\u00e9tique - C\u00f4te d&#039;Ivoire\",\"isPartOf\":{\"@id\":\"https:\/\/www.africa-press.net\/cotedivoire\/#website\"},\"primaryImageOfPage\":{\"@id\":\"https:\/\/www.africa-press.net\/cotedivoire\/politique\/yasmina-ouegnin-perplexe-face-au-refus-du-ministre-thomas-camara-declairer-lassemblee-nationale-sur-la-situation-energetique#primaryimage\"},\"image\":{\"@id\":\"https:\/\/www.africa-press.net\/cotedivoire\/politique\/yasmina-ouegnin-perplexe-face-au-refus-du-ministre-thomas-camara-declairer-lassemblee-nationale-sur-la-situation-energetique#primaryimage\"},\"thumbnailUrl\":\"https:\/\/static.africa-press.net\/cote\/sites\/43\/2021\/08\/img-611665a29ac83.jpg\",\"datePublished\":\"2021-08-13T13:19:32+00:00\",\"dateModified\":\"2021-08-13T20:49:08+00:00\",\"author\":{\"@id\":\"https:\/\/www.africa-press.net\/cotedivoire\/#\/schema\/person\/2b1cf3cd81a31e3cd26889ca66d677f1\"},\"description\":\"C\u00f4te d\u2019Ivoire \/ La d\u00e9put\u00e9e du PDCI-RDA (opposition) Yasmina Ou\u00e9gnin a manifest\u00e9 hier jeudi son agacement face au refus d ...\",\"breadcrumb\":{\"@id\":\"https:\/\/www.africa-press.net\/cotedivoire\/politique\/yasmina-ouegnin-perplexe-face-au-refus-du-ministre-thomas-camara-declairer-lassemblee-nationale-sur-la-situation-energetique#breadcrumb\"},\"inLanguage\":\"fr-FR\",\"potentialAction\":[{\"@type\":\"ReadAction\",\"target\":[\"https:\/\/www.africa-press.net\/cotedivoire\/politique\/yasmina-ouegnin-perplexe-face-au-refus-du-ministre-thomas-camara-declairer-lassemblee-nationale-sur-la-situation-energetique\"]}]},{\"@type\":\"ImageObject\",\"inLanguage\":\"fr-FR\",\"@id\":\"https:\/\/www.africa-press.net\/cotedivoire\/politique\/yasmina-ouegnin-perplexe-face-au-refus-du-ministre-thomas-camara-declairer-lassemblee-nationale-sur-la-situation-energetique#primaryimage\",\"url\":\"https:\/\/static.africa-press.net\/cote\/sites\/43\/2021\/08\/img-611665a29ac83.jpg\",\"contentUrl\":\"https:\/\/static.africa-press.net\/cote\/sites\/43\/2021\/08\/img-611665a29ac83.jpg\",\"width\":810,\"height\":810,\"caption\":\"Yasmina Ou\u00e9gnin \u00ab\u00a0perplexe\u00a0\u00bb face au refus du ministre Thomas Camara d\u2019\u00e9clairer l\u2019Assembl\u00e9e nationale sur la situation \u00e9nerg\u00e9tique\"},{\"@type\":\"BreadcrumbList\",\"@id\":\"https:\/\/www.africa-press.net\/cotedivoire\/politique\/yasmina-ouegnin-perplexe-face-au-refus-du-ministre-thomas-camara-declairer-lassemblee-nationale-sur-la-situation-energetique#breadcrumb\",\"itemListElement\":[{\"@type\":\"ListItem\",\"position\":1,\"name\":\"Accueil\",\"item\":\"https:\/\/www.africa-press.net\/cotedivoire\/\"},{\"@type\":\"ListItem\",\"position\":2,\"name\":\"Yasmina Ou\u00e9gnin \u00ab\u00a0perplexe\u00a0\u00bb face au refus du ministre Thomas Camara d\u2019\u00e9clairer l\u2019Assembl\u00e9e nationale sur la situation \u00e9nerg\u00e9tique\"}]},{\"@type\":\"WebSite\",\"@id\":\"https:\/\/www.africa-press.net\/cotedivoire\/#website\",\"url\":\"https:\/\/www.africa-press.net\/cotedivoire\/\",\"name\":\"C\u00f4te d&#039;Ivoire\",\"description\":\"Just another Africa News Agency Sites site\",\"potentialAction\":[{\"@type\":\"SearchAction\",\"target\":{\"@type\":\"EntryPoint\",\"urlTemplate\":\"https:\/\/www.africa-press.net\/cotedivoire\/?s={search_term_string}\"},\"query-input\":{\"@type\":\"PropertyValueSpecification\",\"valueRequired\":true,\"valueName\":\"search_term_string\"}}],\"inLanguage\":\"fr-FR\"},{\"@type\":\"Person\",\"@id\":\"https:\/\/www.africa-press.net\/cotedivoire\/#\/schema\/person\/2b1cf3cd81a31e3cd26889ca66d677f1\",\"name\":\"cfeditorfr\"}]}<\/script>\n<!-- \/ Yoast SEO Premium plugin. -->","yoast_head_json":{"title":"Yasmina Ou\u00e9gnin \u00ab\u00a0perplexe\u00a0\u00bb face au refus du ministre Thomas Camara d\u2019\u00e9clairer l\u2019Assembl\u00e9e nationale sur la situation \u00e9nerg\u00e9tique - C\u00f4te d&#039;Ivoire","description":"C\u00f4te d\u2019Ivoire \/ La d\u00e9put\u00e9e du PDCI-RDA (opposition) Yasmina Ou\u00e9gnin a manifest\u00e9 hier jeudi son agacement face au refus d ...","robots":{"index":"index","follow":"follow","max-snippet":"max-snippet:-1","max-image-preview":"max-image-preview:large","max-video-preview":"max-video-preview:-1"},"canonical":"https:\/\/www.africa-press.net\/cotedivoire\/politique\/yasmina-ouegnin-perplexe-face-au-refus-du-ministre-thomas-camara-declairer-lassemblee-nationale-sur-la-situation-energetique","og_locale":"fr_FR","og_type":"article","og_title":"Yasmina Ou\u00e9gnin \u00ab\u00a0perplexe\u00a0\u00bb face au refus du ministre Thomas Camara d\u2019\u00e9clairer l\u2019Assembl\u00e9e nationale sur la situation \u00e9nerg\u00e9tique","og_description":"C\u00f4te d\u2019Ivoire \/ La d\u00e9put\u00e9e du PDCI-RDA (opposition) Yasmina Ou\u00e9gnin a manifest\u00e9 hier jeudi son agacement face au refus d ...","og_url":"https:\/\/www.africa-press.net\/cotedivoire\/politique\/yasmina-ouegnin-perplexe-face-au-refus-du-ministre-thomas-camara-declairer-lassemblee-nationale-sur-la-situation-energetique","og_site_name":"C\u00f4te d&#039;Ivoire","article_published_time":"2021-08-13T13:19:32+00:00","article_modified_time":"2021-08-13T20:49:08+00:00","og_image":[{"width":810,"height":810,"url":"https:\/\/static.africa-press.net\/cote\/sites\/43\/2021\/08\/img-611665a29ac83.jpg","type":"image\/jpeg"}],"author":"cfeditorfr","twitter_card":"summary_large_image","twitter_misc":{"\u00c9crit par":"cfeditorfr","Dur\u00e9e de lecture estim\u00e9e":"2 minutes"},"schema":{"@context":"https:\/\/schema.org","@graph":[{"@type":"Article","@id":"https:\/\/www.africa-press.net\/cotedivoire\/politique\/yasmina-ouegnin-perplexe-face-au-refus-du-ministre-thomas-camara-declairer-lassemblee-nationale-sur-la-situation-energetique#article","isPartOf":{"@id":"https:\/\/www.africa-press.net\/cotedivoire\/politique\/yasmina-ouegnin-perplexe-face-au-refus-du-ministre-thomas-camara-declairer-lassemblee-nationale-sur-la-situation-energetique"},"author":{"name":"cfeditorfr","@id":"https:\/\/www.africa-press.net\/cotedivoire\/#\/schema\/person\/2b1cf3cd81a31e3cd26889ca66d677f1"},"headline":"Yasmina Ou\u00e9gnin \u00ab\u00a0perplexe\u00a0\u00bb face au refus du ministre Thomas Camara d\u2019\u00e9clairer l\u2019Assembl\u00e9e nationale sur la situation \u00e9nerg\u00e9tique","datePublished":"2021-08-13T13:19:32+00:00","dateModified":"2021-08-13T20:49:08+00:00","mainEntityOfPage":{"@id":"https:\/\/www.africa-press.net\/cotedivoire\/politique\/yasmina-ouegnin-perplexe-face-au-refus-du-ministre-thomas-camara-declairer-lassemblee-nationale-sur-la-situation-energetique"},"wordCount":426,"commentCount":0,"image":{"@id":"https:\/\/www.africa-press.net\/cotedivoire\/politique\/yasmina-ouegnin-perplexe-face-au-refus-du-ministre-thomas-camara-declairer-lassemblee-nationale-sur-la-situation-energetique#primaryimage"},"thumbnailUrl":"https:\/\/static.africa-press.net\/cote\/sites\/43\/2021\/08\/img-611665a29ac83.jpg","keywords":["Africa Press","Africa Press-C\u00f4te d'Ivoire","C\u00d4TE D'IVOIRE"],"articleSection":["homepage-french","Politique","Top Nouvelles","Toutes les actualit\u00e9s"],"inLanguage":"fr-FR","potentialAction":[{"@type":"CommentAction","name":"Comment","target":["https:\/\/www.africa-press.net\/cotedivoire\/politique\/yasmina-ouegnin-perplexe-face-au-refus-du-ministre-thomas-camara-declairer-lassemblee-nationale-sur-la-situation-energetique#respond"]}]},{"@type":"WebPage","@id":"https:\/\/www.africa-press.net\/cotedivoire\/politique\/yasmina-ouegnin-perplexe-face-au-refus-du-ministre-thomas-camara-declairer-lassemblee-nationale-sur-la-situation-energetique","url":"https:\/\/www.africa-press.net\/cotedivoire\/politique\/yasmina-ouegnin-perplexe-face-au-refus-du-ministre-thomas-camara-declairer-lassemblee-nationale-sur-la-situation-energetique","name":"Yasmina Ou\u00e9gnin \u00ab\u00a0perplexe\u00a0\u00bb face au refus du ministre Thomas Camara d\u2019\u00e9clairer l\u2019Assembl\u00e9e nationale sur la situation \u00e9nerg\u00e9tique - C\u00f4te d&#039;Ivoire","isPartOf":{"@id":"https:\/\/www.africa-press.net\/cotedivoire\/#website"},"primaryImageOfPage":{"@id":"https:\/\/www.africa-press.net\/cotedivoire\/politique\/yasmina-ouegnin-perplexe-face-au-refus-du-ministre-thomas-camara-declairer-lassemblee-nationale-sur-la-situation-energetique#primaryimage"},"image":{"@id":"https:\/\/www.africa-press.net\/cotedivoire\/politique\/yasmina-ouegnin-perplexe-face-au-refus-du-ministre-thomas-camara-declairer-lassemblee-nationale-sur-la-situation-energetique#primaryimage"},"thumbnailUrl":"https:\/\/static.africa-press.net\/cote\/sites\/43\/2021\/08\/img-611665a29ac83.jpg","datePublished":"2021-08-13T13:19:32+00:00","dateModified":"2021-08-13T20:49:08+00:00","author":{"@id":"https:\/\/www.africa-press.net\/cotedivoire\/#\/schema\/person\/2b1cf3cd81a31e3cd26889ca66d677f1"},"description":"C\u00f4te d\u2019Ivoire \/ La d\u00e9put\u00e9e du PDCI-RDA (opposition) Yasmina Ou\u00e9gnin a manifest\u00e9 hier jeudi son agacement face au refus d ...","breadcrumb":{"@id":"https:\/\/www.africa-press.net\/cotedivoire\/politique\/yasmina-ouegnin-perplexe-face-au-refus-du-ministre-thomas-camara-declairer-lassemblee-nationale-sur-la-situation-energetique#breadcrumb"},"inLanguage":"fr-FR","potentialAction":[{"@type":"ReadAction","target":["https:\/\/www.africa-press.net\/cotedivoire\/politique\/yasmina-ouegnin-perplexe-face-au-refus-du-ministre-thomas-camara-declairer-lassemblee-nationale-sur-la-situation-energetique"]}]},{"@type":"ImageObject","inLanguage":"fr-FR","@id":"https:\/\/www.africa-press.net\/cotedivoire\/politique\/yasmina-ouegnin-perplexe-face-au-refus-du-ministre-thomas-camara-declairer-lassemblee-nationale-sur-la-situation-energetique#primaryimage","url":"https:\/\/static.africa-press.net\/cote\/sites\/43\/2021\/08\/img-611665a29ac83.jpg","contentUrl":"https:\/\/static.africa-press.net\/cote\/sites\/43\/2021\/08\/img-611665a29ac83.jpg","width":810,"height":810,"caption":"Yasmina Ou\u00e9gnin \u00ab\u00a0perplexe\u00a0\u00bb face au refus du ministre Thomas Camara d\u2019\u00e9clairer l\u2019Assembl\u00e9e nationale sur la situation \u00e9nerg\u00e9tique"},{"@type":"BreadcrumbList","@id":"https:\/\/www.africa-press.net\/cotedivoire\/politique\/yasmina-ouegnin-perplexe-face-au-refus-du-ministre-thomas-camara-declairer-lassemblee-nationale-sur-la-situation-energetique#breadcrumb","itemListElement":[{"@type":"ListItem","position":1,"name":"Accueil","item":"https:\/\/www.africa-press.net\/cotedivoire\/"},{"@type":"ListItem","position":2,"name":"Yasmina Ou\u00e9gnin \u00ab\u00a0perplexe\u00a0\u00bb face au refus du ministre Thomas Camara d\u2019\u00e9clairer l\u2019Assembl\u00e9e nationale sur la situation \u00e9nerg\u00e9tique"}]},{"@type":"WebSite","@id":"https:\/\/www.africa-press.net\/cotedivoire\/#website","url":"https:\/\/www.africa-press.net\/cotedivoire\/","name":"C\u00f4te d&#039;Ivoire","description":"Just another Africa News Agency Sites site","potentialAction":[{"@type":"SearchAction","target":{"@type":"EntryPoint","urlTemplate":"https:\/\/www.africa-press.net\/cotedivoire\/?s={search_term_string}"},"query-input":{"@type":"PropertyValueSpecification","valueRequired":true,"valueName":"search_term_string"}}],"inLanguage":"fr-FR"},{"@type":"Person","@id":"https:\/\/www.africa-press.net\/cotedivoire\/#\/schema\/person\/2b1cf3cd81a31e3cd26889ca66d677f1","name":"cfeditorfr"}]}},"_links":{"self":[{"href":"https:\/\/www.africa-press.net\/cotedivoire\/wp-json\/wp\/v2\/posts\/11313","targetHints":{"allow":["GET"]}}],"collection":[{"href":"https:\/\/www.africa-press.net\/cotedivoire\/wp-json\/wp\/v2\/posts"}],"about":[{"href":"https:\/\/www.africa-press.net\/cotedivoire\/wp-json\/wp\/v2\/types\/post"}],"author":[{"embeddable":true,"href":"https:\/\/www.africa-press.net\/cotedivoire\/wp-json\/wp\/v2\/users\/82"}],"replies":[{"embeddable":true,"href":"https:\/\/www.africa-press.net\/cotedivoire\/wp-json\/wp\/v2\/comments?post=11313"}],"version-history":[{"count":0,"href":"https:\/\/www.africa-press.net\/cotedivoire\/wp-json\/wp\/v2\/posts\/11313\/revisions"}],"wp:featuredmedia":[{"embeddable":true,"href":"https:\/\/www.africa-press.net\/cotedivoire\/wp-json\/wp\/v2\/media\/11312"}],"wp:attachment":[{"href":"https:\/\/www.africa-press.net\/cotedivoire\/wp-json\/wp\/v2\/media?parent=11313"}],"wp:term":[{"taxonomy":"category","embeddable":true,"href":"https:\/\/www.africa-press.net\/cotedivoire\/wp-json\/wp\/v2\/categories?post=11313"},{"taxonomy":"post_tag","embeddable":true,"href":"https:\/\/www.africa-press.net\/cotedivoire\/wp-json\/wp\/v2\/tags?post=11313"}],"curies":[{"name":"wp","href":"https:\/\/api.w.org\/{rel}","templated":true}]}}