{"id":113136,"date":"2026-02-20T13:06:07","date_gmt":"2026-02-20T13:06:07","guid":{"rendered":"https:\/\/www.africa-press.net\/cotedivoire\/politique\/vaccination-infantile-campagne-de-rattrapage-en-cote-divoire"},"modified":"2026-02-20T14:51:39","modified_gmt":"2026-02-20T14:51:39","slug":"vaccination-infantile-campagne-de-rattrapage-en-cote-divoire","status":"publish","type":"post","link":"https:\/\/www.africa-press.net\/cotedivoire\/toutes-les-actualites\/vaccination-infantile-campagne-de-rattrapage-en-cote-divoire","title":{"rendered":"Vaccination Infantile: Campagne de Rattrapage en C\u00f4te d&rsquo;Ivoire"},"content":{"rendered":"<p><span style=\"color: #ff6600\"><strong>Africa-Press &#8211; C\u00f4te d&rsquo;Ivoire. <\/strong><\/span>La lutte contre les retards vaccinaux entre dans une nouvelle phase. A\u0300 Yopougon Wassakara, le Ministe\u0300re de la Sante\u0301, de l\u2019Hygie\u0300ne Publique et de la Couverture Maladie Universelle (MSHPCMU) a officiellement lance\u0301 les activite\u0301s ope\u0301rationnelles 2026 du Programme E\u0301largi de Vaccination (PEV), couple\u0301es a\u0300 la prolongation du Big Catch-Up, vaste initiative de rattrapage des enfants non vaccine\u0301s ou insuffisamment vaccine\u0301s.<\/p>\n<p>Repre\u0301sentant le ministre Pierre N\u2019Gou Dimba, le Directeur de cabinet, Soro Kounte\u0301le\u0301 Gonan, a pre\u0301side\u0301 la ce\u0301re\u0301monie marque\u0301e par une rencontre de redevabilite\u0301 avec les structures sanitaires d\u2019Abidjan et la remise d\u2019e\u0301quipements aux districts sanitaires.<\/p>\n<p>Dans son allocution, le Directeur de cabinet a rappele\u0301 que le Big Catch-Up, lance\u0301 en 2023 a\u0300 la suite des perturbations cause\u0301es par la pande\u0301mie de COVID-19, re\u0301pond a\u0300 une urgence sanitaire majeure.<\/p>\n<p>\u00ab Entre 2020 et 2023, les mesures restrictives et la peur des parents de fre\u0301quenter les centres de sante\u0301 ont entrai\u0302ne\u0301 une accumulation importante d\u2019enfants non vaccine\u0301s ou insuffisamment vaccine\u0301s \u00bb, a-t-il souligne\u0301.<\/p>\n<p>Aujourd\u2019hui, plus de deux millions d\u2019enfants a\u0302ge\u0301s de 0 a\u0300 59 mois n\u2019ont pas rec\u0327u une vaccination comple\u0300te en Co\u0302te d\u2019Ivoire. Pre\u0301sents dans tous les districts sanitaires, ces enfants dits \u00ab ze\u0301ro dose \u00bb constituent, selon lui, \u00ab une menace directe pour la sante\u0301 publique, l\u2019e\u0301quite\u0301 sociale et le de\u0301veloppement e\u0301conomique de la Nation \u00bb.<\/p>\n<p>Face a\u0300 cette situation, le gouvernement a engage\u0301 une riposte multisectorielle ambitieuse. Il s&rsquo;agit de l&rsquo;augmentation des ressources humaines de\u0301die\u0301es aux soins de sante\u0301 primaires, passe\u0301es de 18 000 agents en 2021 a\u0300 29 437 en 2025, la mise en place de 11 de\u0301po\u0302ts re\u0301gionaux de vaccins, la distribution rapide de produits de sante\u0301 par voie ae\u0301rienne, l&rsquo;extension des sites de vaccination, de 2 650 en 2022 a\u0300 3 186 en 2026, de\u0301ploiement du programme nume\u0301rique M-Vaccin dans les 113 districts sanitaires, acquisition de 286 re\u0301frige\u0301rateurs solaires et la distribution prochaine de 165 kits logistiques (ba\u0302ches, tables, chaises) et de mate\u0301riels de sonorisation pour renforcer la sensibilisation communautaire.<\/p>\n<p>Gra\u0302ce au soutien de Gavi, plus de 8,8 millions de doses de vaccins ont e\u0301te\u0301 mises a\u0300 la disposition du pays. Malgre\u0301 des progre\u0300s notables et une ame\u0301lioration des performances dans plusieurs districts, des poches de faiblesse persistent, notamment dans certaines re\u0301gions du Sud et du Nord ainsi qu\u2019a\u0300 Abidjan. D\u2019ou\u0300 la de\u0301cision de prolonger exceptionnellement le Big Catch-Up jusqu\u2019au 31 mars 2026, afin d\u2019optimiser l\u2019utilisation des doses disponibles.<\/p>\n<p>\u00ab La vaccination est un droit pour l\u2019enfant, un devoir pour les parents et une responsabilite\u0301 collective \u00bb, a martele\u0301 Soro Kounte\u0301le\u0301 Gonan en de\u0301clarant officiellement ouverte la nouvelle phase du programme.<\/p>\n<p>Prenant la parole au nom de la Confe\u0301de\u0301ration nationale des formations sanitaires urbaines a\u0300 base communautaire (FSUCOM), son pre\u0301sident, Ouattara Cle\u0301ment, a salue\u0301 les efforts du ministe\u0300re et rendu un hommage appuye\u0301 au Directeur-Coordonnateur du DCPEV, le Dr Brou Raymond, \u00ab pur produit de l\u2019ESCOM de Wassakara \u00bb.<\/p>\n<p>Il a toutefois rappele\u0301 les de\u0301fis structurels auxquels font face les e\u0301tablissements communautaires: \u00ab La pre\u0301vention cou\u0302te cher. Re\u0301ussir la vaccination implique de sortir des murs des centres de sante\u0301 pour aller vers les populations. Cela ne\u0301cessite des moyens logistiques que nos e\u0301tablissements ne posse\u0300dent pas toujours. \u00bb<\/p>\n<p>Le pre\u0301sident des FSUCOM a plaide\u0301 pour un renforcement du parc ambulancier. Sur 40 structures, seules 15 ambulances sont actuellement disponibles. Certaines zones comme Niangon n\u2019en disposent toujours pas, tandis qu\u2019Abobo, qui compte 12 structures, ne posse\u0300de qu\u2019une seule ambulance.<\/p>\n<p>\u00ab Nous sollicitons respectueusement un renforcement du parc ambulancier afin d\u2019assurer une couverture e\u0301quitable et une e\u0301vacuation sanitaire efficace pour toutes nos populations \u00bb, a-t-il insiste\u0301.<\/p>\n<p>Il a e\u0301galement salue\u0301 la de\u0301marche de redevabilite\u0301 du DCPEV, qualifie\u0301e de \u00ab gouvernance moderne et responsable \u00bb, permettant aux partenaires techniques et financiers de constater sur le terrain l\u2019impact concret de leurs appuis.<\/p>\n<p>Moment fort de la ce\u0301re\u0301monie, la distinction des formations sanitaires les plus performantes des dix districts d\u2019Abidjan pour l\u2019anne\u0301e 2025.<\/p>\n<p>Le Directeur-Coordonnateur du DCPEV, Dr Brou Raymond, a pre\u0301sente\u0301 les laure\u0301ats avant la remise symbolique des prix: Cocody-Bingerville: Centre de sante\u0301 urbain de Ge\u0301nie 2000, Yopougon-Songon: Centre me\u0301dical Eden 2, Anyama: Centre de sante\u0301 rurale d\u2019Awabo, Abobo-Est: Formation sanitaire urbaine prive\u0301e Inne\u0301, Abobo-Ouest: Formation sanitaire communautaire d\u2019Anoumabo, Koumassi: Centre me\u0301dical Enfant-Je\u0301sus<\/p>\n<p>Port-Boue\u0308t-Vridi: Centre de sante\u0301 urbain d\u2019Akobrake, Treichville-Marcory: EPSD<\/p>\n<p>Ajame\u0301-Plateau-Atte\u0301coube\u0301: Centre de sante\u0301 communautaire de Williamsville.<\/p>\n<p>Pour le DCPEV, cette reconnaissance vise a\u0300 encourager l\u2019e\u0301mulation et a\u0300 valoriser les efforts des e\u0301quipes de terrain.<\/p>\n<p>\u00ab C\u2019est la premie\u0300re fois qu\u2019une institution vient sur le terrain pre\u0301senter les chiffres, valoriser les performances et re\u0301compenser les acteurs \u00bb, s\u2019est fe\u0301licite\u0301 Ouattara Cle\u0301ment.<\/p>\n<p>Apre\u0300s 24 mois de mise en \u0153uvre du Big Catch-Up, 5 637 355 doses ont e\u0301te\u0301 administre\u0301es, soit 63 % de la dotation initiale. Un stock re\u0301siduel de 3 247 745 doses reste a\u0300 e\u0301couler avant fin mars 2026.<\/p>\n<p>Pour les autorite\u0301s sanitaires, l\u2019enjeu est clair: e\u0301viter toute re\u0301affectation des doses et garantir une couverture vaccinale e\u0301quitable sur l\u2019ensemble du territoire.<\/p>\n<p>Au-dela\u0300 des chiffres, le message politique est fort: la vaccination demeure le pilier de la pre\u0301vention et un investissement strate\u0301gique pour l\u2019avenir du pays.<\/p>\n<p>A\u0300 Yopougon, le ton e\u0301tait a\u0300 la mobilisation collective. Car, comme l\u2019a rappele\u0301 le repre\u0301sentant du ministre: prote\u0301ger chaque enfant, c\u2019est prote\u0301ger la Nation tout entie\u0300re.<\/p>\n<p><strong>Pour plus d&rsquo;informations et d&rsquo;analyses sur la <span style=\"color: #ff6600\">C\u00f4te d&rsquo;Ivoire<\/span>, suivez <span style=\"color: #ff6600\">Africa-Press<\/span><\/strong><\/p>\n","protected":false},"excerpt":{"rendered":"<p>Africa-Press &#8211; C\u00f4te d&rsquo;Ivoire. La lutte contre les retards vaccinaux entre dans une nouvelle phase. A\u0300 Yopougon Wassakara, le Ministe\u0300re de la Sante\u0301, de l\u2019Hygie\u0300ne Publique et de la Couverture Maladie Universelle (MSHPCMU) a officiellement lance\u0301 les activite\u0301s ope\u0301rationnelles 2026 du Programme E\u0301largi de Vaccination (PEV), couple\u0301es a\u0300 la prolongation du Big Catch-Up, vaste initiative [&hellip;]<\/p>\n","protected":false},"author":82,"featured_media":113135,"comment_status":"open","ping_status":"closed","sticky":false,"template":"","format":"standard","meta":{"footnotes":""},"categories":[21,10],"tags":[20404,4287,29,20405,4935,11203,3316,541,4950,142,3311,540],"class_list":["post-113136","post","type-post","status-publish","format-standard","has-post-thumbnail","hentry","category-communaute","category-toutes-les-actualites","tag-big-catch-up2026","tag-communautaire","tag-cote-divoire","tag-dcpev","tag-fsucom","tag-pev","tag-publique","tag-revendication","tag-sanitaire","tag-sante","tag-vaccination","tag-yopougon"],"yoast_head":"<!-- This site is optimized with the Yoast SEO Premium plugin v26.1 (Yoast SEO v27.0) - https:\/\/yoast.com\/product\/yoast-seo-premium-wordpress\/ -->\n<title>Vaccination Infantile: Campagne de Rattrapage en C\u00f4te d&#039;Ivoire - C\u00f4te d&#039;Ivoire<\/title>\n<meta name=\"description\" content=\"La lutte contre les retards vaccinaux entre dans une nouvelle phase. A\u0300 Yopougon Wassakara, le Ministe\u0300re de la Sante\u0301, ...\" \/>\n<meta name=\"robots\" content=\"index, follow, max-snippet:-1, max-image-preview:large, max-video-preview:-1\" \/>\n<link rel=\"canonical\" href=\"https:\/\/www.africa-press.net\/cotedivoire\/toutes-les-actualites\/vaccination-infantile-campagne-de-rattrapage-en-cote-divoire\" \/>\n<meta property=\"og:locale\" content=\"fr_FR\" \/>\n<meta property=\"og:type\" content=\"article\" \/>\n<meta property=\"og:title\" content=\"Vaccination Infantile: Campagne de Rattrapage en C\u00f4te d&#039;Ivoire\" \/>\n<meta property=\"og:description\" content=\"La lutte contre les retards vaccinaux entre dans une nouvelle phase. A\u0300 Yopougon Wassakara, le Ministe\u0300re de la Sante\u0301, ...\" \/>\n<meta property=\"og:url\" content=\"https:\/\/www.africa-press.net\/cotedivoire\/toutes-les-actualites\/vaccination-infantile-campagne-de-rattrapage-en-cote-divoire\" \/>\n<meta property=\"og:site_name\" content=\"C\u00f4te d&#039;Ivoire\" \/>\n<meta property=\"article:published_time\" content=\"2026-02-20T13:06:07+00:00\" \/>\n<meta property=\"article:modified_time\" content=\"2026-02-20T14:51:39+00:00\" \/>\n<meta property=\"og:image\" content=\"https:\/\/static.africa-press.net\/cote\/sites\/43\/2026\/02\/sm_1771586441.446786.jpg\" \/>\n\t<meta property=\"og:image:width\" content=\"1280\" \/>\n\t<meta property=\"og:image:height\" content=\"720\" \/>\n\t<meta property=\"og:image:type\" content=\"image\/jpeg\" \/>\n<meta name=\"author\" content=\"cfeditorfr\" \/>\n<meta name=\"twitter:card\" content=\"summary_large_image\" \/>\n<meta name=\"twitter:label1\" content=\"\u00c9crit par\" \/>\n\t<meta name=\"twitter:data1\" content=\"cfeditorfr\" \/>\n\t<meta name=\"twitter:label2\" content=\"Dur\u00e9e de lecture estim\u00e9e\" \/>\n\t<meta name=\"twitter:data2\" content=\"5 minutes\" \/>\n<script type=\"application\/ld+json\" class=\"yoast-schema-graph\">{\"@context\":\"https:\/\/schema.org\",\"@graph\":[{\"@type\":\"Article\",\"@id\":\"https:\/\/www.africa-press.net\/cotedivoire\/toutes-les-actualites\/vaccination-infantile-campagne-de-rattrapage-en-cote-divoire#article\",\"isPartOf\":{\"@id\":\"https:\/\/www.africa-press.net\/cotedivoire\/toutes-les-actualites\/vaccination-infantile-campagne-de-rattrapage-en-cote-divoire\"},\"author\":{\"name\":\"cfeditorfr\",\"@id\":\"https:\/\/www.africa-press.net\/cotedivoire\/#\/schema\/person\/2b1cf3cd81a31e3cd26889ca66d677f1\"},\"headline\":\"Vaccination Infantile: Campagne de Rattrapage en C\u00f4te d&rsquo;Ivoire\",\"datePublished\":\"2026-02-20T13:06:07+00:00\",\"dateModified\":\"2026-02-20T14:51:39+00:00\",\"mainEntityOfPage\":{\"@id\":\"https:\/\/www.africa-press.net\/cotedivoire\/toutes-les-actualites\/vaccination-infantile-campagne-de-rattrapage-en-cote-divoire\"},\"wordCount\":982,\"commentCount\":0,\"image\":{\"@id\":\"https:\/\/www.africa-press.net\/cotedivoire\/toutes-les-actualites\/vaccination-infantile-campagne-de-rattrapage-en-cote-divoire#primaryimage\"},\"thumbnailUrl\":\"https:\/\/static.africa-press.net\/cote\/sites\/43\/2026\/02\/sm_1771586441.446786.jpg\",\"keywords\":[\"Big Catch Up2026\",\"communautaire\",\"C\u00d4TE D'IVOIRE\",\"DCPEV\",\"FSUCOM\",\"PEV\",\"Publique\",\"revendication\",\"sanitaire\",\"sant\u00e9\",\"vaccination\",\"Yopougon\"],\"articleSection\":[\"Communaut\u00e9\",\"Toutes les actualit\u00e9s\"],\"inLanguage\":\"fr-FR\",\"potentialAction\":[{\"@type\":\"CommentAction\",\"name\":\"Comment\",\"target\":[\"https:\/\/www.africa-press.net\/cotedivoire\/toutes-les-actualites\/vaccination-infantile-campagne-de-rattrapage-en-cote-divoire#respond\"]}]},{\"@type\":\"WebPage\",\"@id\":\"https:\/\/www.africa-press.net\/cotedivoire\/toutes-les-actualites\/vaccination-infantile-campagne-de-rattrapage-en-cote-divoire\",\"url\":\"https:\/\/www.africa-press.net\/cotedivoire\/toutes-les-actualites\/vaccination-infantile-campagne-de-rattrapage-en-cote-divoire\",\"name\":\"Vaccination Infantile: Campagne de Rattrapage en C\u00f4te d'Ivoire - C\u00f4te d&#039;Ivoire\",\"isPartOf\":{\"@id\":\"https:\/\/www.africa-press.net\/cotedivoire\/#website\"},\"primaryImageOfPage\":{\"@id\":\"https:\/\/www.africa-press.net\/cotedivoire\/toutes-les-actualites\/vaccination-infantile-campagne-de-rattrapage-en-cote-divoire#primaryimage\"},\"image\":{\"@id\":\"https:\/\/www.africa-press.net\/cotedivoire\/toutes-les-actualites\/vaccination-infantile-campagne-de-rattrapage-en-cote-divoire#primaryimage\"},\"thumbnailUrl\":\"https:\/\/static.africa-press.net\/cote\/sites\/43\/2026\/02\/sm_1771586441.446786.jpg\",\"datePublished\":\"2026-02-20T13:06:07+00:00\",\"dateModified\":\"2026-02-20T14:51:39+00:00\",\"author\":{\"@id\":\"https:\/\/www.africa-press.net\/cotedivoire\/#\/schema\/person\/2b1cf3cd81a31e3cd26889ca66d677f1\"},\"description\":\"La lutte contre les retards vaccinaux entre dans une nouvelle phase. A\u0300 Yopougon Wassakara, le Ministe\u0300re de la Sante\u0301, ...\",\"breadcrumb\":{\"@id\":\"https:\/\/www.africa-press.net\/cotedivoire\/toutes-les-actualites\/vaccination-infantile-campagne-de-rattrapage-en-cote-divoire#breadcrumb\"},\"inLanguage\":\"fr-FR\",\"potentialAction\":[{\"@type\":\"ReadAction\",\"target\":[\"https:\/\/www.africa-press.net\/cotedivoire\/toutes-les-actualites\/vaccination-infantile-campagne-de-rattrapage-en-cote-divoire\"]}]},{\"@type\":\"ImageObject\",\"inLanguage\":\"fr-FR\",\"@id\":\"https:\/\/www.africa-press.net\/cotedivoire\/toutes-les-actualites\/vaccination-infantile-campagne-de-rattrapage-en-cote-divoire#primaryimage\",\"url\":\"https:\/\/static.africa-press.net\/cote\/sites\/43\/2026\/02\/sm_1771586441.446786.jpg\",\"contentUrl\":\"https:\/\/static.africa-press.net\/cote\/sites\/43\/2026\/02\/sm_1771586441.446786.jpg\",\"width\":1280,\"height\":720,\"caption\":\"Vaccination Infantile: Campagne de Rattrapage en C\u00f4te d'Ivoire\"},{\"@type\":\"BreadcrumbList\",\"@id\":\"https:\/\/www.africa-press.net\/cotedivoire\/toutes-les-actualites\/vaccination-infantile-campagne-de-rattrapage-en-cote-divoire#breadcrumb\",\"itemListElement\":[{\"@type\":\"ListItem\",\"position\":1,\"name\":\"Accueil\",\"item\":\"https:\/\/www.africa-press.net\/cotedivoire\/\"},{\"@type\":\"ListItem\",\"position\":2,\"name\":\"Vaccination Infantile: Campagne de Rattrapage en C\u00f4te d&#8217;Ivoire\"}]},{\"@type\":\"WebSite\",\"@id\":\"https:\/\/www.africa-press.net\/cotedivoire\/#website\",\"url\":\"https:\/\/www.africa-press.net\/cotedivoire\/\",\"name\":\"C\u00f4te d&#039;Ivoire\",\"description\":\"Just another Africa News Agency Sites site\",\"potentialAction\":[{\"@type\":\"SearchAction\",\"target\":{\"@type\":\"EntryPoint\",\"urlTemplate\":\"https:\/\/www.africa-press.net\/cotedivoire\/?s={search_term_string}\"},\"query-input\":{\"@type\":\"PropertyValueSpecification\",\"valueRequired\":true,\"valueName\":\"search_term_string\"}}],\"inLanguage\":\"fr-FR\"},{\"@type\":\"Person\",\"@id\":\"https:\/\/www.africa-press.net\/cotedivoire\/#\/schema\/person\/2b1cf3cd81a31e3cd26889ca66d677f1\",\"name\":\"cfeditorfr\"}]}<\/script>\n<!-- \/ Yoast SEO Premium plugin. -->","yoast_head_json":{"title":"Vaccination Infantile: Campagne de Rattrapage en C\u00f4te d'Ivoire - C\u00f4te d&#039;Ivoire","description":"La lutte contre les retards vaccinaux entre dans une nouvelle phase. A\u0300 Yopougon Wassakara, le Ministe\u0300re de la Sante\u0301, ...","robots":{"index":"index","follow":"follow","max-snippet":"max-snippet:-1","max-image-preview":"max-image-preview:large","max-video-preview":"max-video-preview:-1"},"canonical":"https:\/\/www.africa-press.net\/cotedivoire\/toutes-les-actualites\/vaccination-infantile-campagne-de-rattrapage-en-cote-divoire","og_locale":"fr_FR","og_type":"article","og_title":"Vaccination Infantile: Campagne de Rattrapage en C\u00f4te d'Ivoire","og_description":"La lutte contre les retards vaccinaux entre dans une nouvelle phase. A\u0300 Yopougon Wassakara, le Ministe\u0300re de la Sante\u0301, ...","og_url":"https:\/\/www.africa-press.net\/cotedivoire\/toutes-les-actualites\/vaccination-infantile-campagne-de-rattrapage-en-cote-divoire","og_site_name":"C\u00f4te d&#039;Ivoire","article_published_time":"2026-02-20T13:06:07+00:00","article_modified_time":"2026-02-20T14:51:39+00:00","og_image":[{"width":1280,"height":720,"url":"https:\/\/static.africa-press.net\/cote\/sites\/43\/2026\/02\/sm_1771586441.446786.jpg","type":"image\/jpeg"}],"author":"cfeditorfr","twitter_card":"summary_large_image","twitter_misc":{"\u00c9crit par":"cfeditorfr","Dur\u00e9e de lecture estim\u00e9e":"5 minutes"},"schema":{"@context":"https:\/\/schema.org","@graph":[{"@type":"Article","@id":"https:\/\/www.africa-press.net\/cotedivoire\/toutes-les-actualites\/vaccination-infantile-campagne-de-rattrapage-en-cote-divoire#article","isPartOf":{"@id":"https:\/\/www.africa-press.net\/cotedivoire\/toutes-les-actualites\/vaccination-infantile-campagne-de-rattrapage-en-cote-divoire"},"author":{"name":"cfeditorfr","@id":"https:\/\/www.africa-press.net\/cotedivoire\/#\/schema\/person\/2b1cf3cd81a31e3cd26889ca66d677f1"},"headline":"Vaccination Infantile: Campagne de Rattrapage en C\u00f4te d&rsquo;Ivoire","datePublished":"2026-02-20T13:06:07+00:00","dateModified":"2026-02-20T14:51:39+00:00","mainEntityOfPage":{"@id":"https:\/\/www.africa-press.net\/cotedivoire\/toutes-les-actualites\/vaccination-infantile-campagne-de-rattrapage-en-cote-divoire"},"wordCount":982,"commentCount":0,"image":{"@id":"https:\/\/www.africa-press.net\/cotedivoire\/toutes-les-actualites\/vaccination-infantile-campagne-de-rattrapage-en-cote-divoire#primaryimage"},"thumbnailUrl":"https:\/\/static.africa-press.net\/cote\/sites\/43\/2026\/02\/sm_1771586441.446786.jpg","keywords":["Big Catch Up2026","communautaire","C\u00d4TE D'IVOIRE","DCPEV","FSUCOM","PEV","Publique","revendication","sanitaire","sant\u00e9","vaccination","Yopougon"],"articleSection":["Communaut\u00e9","Toutes les actualit\u00e9s"],"inLanguage":"fr-FR","potentialAction":[{"@type":"CommentAction","name":"Comment","target":["https:\/\/www.africa-press.net\/cotedivoire\/toutes-les-actualites\/vaccination-infantile-campagne-de-rattrapage-en-cote-divoire#respond"]}]},{"@type":"WebPage","@id":"https:\/\/www.africa-press.net\/cotedivoire\/toutes-les-actualites\/vaccination-infantile-campagne-de-rattrapage-en-cote-divoire","url":"https:\/\/www.africa-press.net\/cotedivoire\/toutes-les-actualites\/vaccination-infantile-campagne-de-rattrapage-en-cote-divoire","name":"Vaccination Infantile: Campagne de Rattrapage en C\u00f4te d'Ivoire - C\u00f4te d&#039;Ivoire","isPartOf":{"@id":"https:\/\/www.africa-press.net\/cotedivoire\/#website"},"primaryImageOfPage":{"@id":"https:\/\/www.africa-press.net\/cotedivoire\/toutes-les-actualites\/vaccination-infantile-campagne-de-rattrapage-en-cote-divoire#primaryimage"},"image":{"@id":"https:\/\/www.africa-press.net\/cotedivoire\/toutes-les-actualites\/vaccination-infantile-campagne-de-rattrapage-en-cote-divoire#primaryimage"},"thumbnailUrl":"https:\/\/static.africa-press.net\/cote\/sites\/43\/2026\/02\/sm_1771586441.446786.jpg","datePublished":"2026-02-20T13:06:07+00:00","dateModified":"2026-02-20T14:51:39+00:00","author":{"@id":"https:\/\/www.africa-press.net\/cotedivoire\/#\/schema\/person\/2b1cf3cd81a31e3cd26889ca66d677f1"},"description":"La lutte contre les retards vaccinaux entre dans une nouvelle phase. A\u0300 Yopougon Wassakara, le Ministe\u0300re de la Sante\u0301, ...","breadcrumb":{"@id":"https:\/\/www.africa-press.net\/cotedivoire\/toutes-les-actualites\/vaccination-infantile-campagne-de-rattrapage-en-cote-divoire#breadcrumb"},"inLanguage":"fr-FR","potentialAction":[{"@type":"ReadAction","target":["https:\/\/www.africa-press.net\/cotedivoire\/toutes-les-actualites\/vaccination-infantile-campagne-de-rattrapage-en-cote-divoire"]}]},{"@type":"ImageObject","inLanguage":"fr-FR","@id":"https:\/\/www.africa-press.net\/cotedivoire\/toutes-les-actualites\/vaccination-infantile-campagne-de-rattrapage-en-cote-divoire#primaryimage","url":"https:\/\/static.africa-press.net\/cote\/sites\/43\/2026\/02\/sm_1771586441.446786.jpg","contentUrl":"https:\/\/static.africa-press.net\/cote\/sites\/43\/2026\/02\/sm_1771586441.446786.jpg","width":1280,"height":720,"caption":"Vaccination Infantile: Campagne de Rattrapage en C\u00f4te d'Ivoire"},{"@type":"BreadcrumbList","@id":"https:\/\/www.africa-press.net\/cotedivoire\/toutes-les-actualites\/vaccination-infantile-campagne-de-rattrapage-en-cote-divoire#breadcrumb","itemListElement":[{"@type":"ListItem","position":1,"name":"Accueil","item":"https:\/\/www.africa-press.net\/cotedivoire\/"},{"@type":"ListItem","position":2,"name":"Vaccination Infantile: Campagne de Rattrapage en C\u00f4te d&#8217;Ivoire"}]},{"@type":"WebSite","@id":"https:\/\/www.africa-press.net\/cotedivoire\/#website","url":"https:\/\/www.africa-press.net\/cotedivoire\/","name":"C\u00f4te d&#039;Ivoire","description":"Just another Africa News Agency Sites site","potentialAction":[{"@type":"SearchAction","target":{"@type":"EntryPoint","urlTemplate":"https:\/\/www.africa-press.net\/cotedivoire\/?s={search_term_string}"},"query-input":{"@type":"PropertyValueSpecification","valueRequired":true,"valueName":"search_term_string"}}],"inLanguage":"fr-FR"},{"@type":"Person","@id":"https:\/\/www.africa-press.net\/cotedivoire\/#\/schema\/person\/2b1cf3cd81a31e3cd26889ca66d677f1","name":"cfeditorfr"}]}},"_links":{"self":[{"href":"https:\/\/www.africa-press.net\/cotedivoire\/wp-json\/wp\/v2\/posts\/113136","targetHints":{"allow":["GET"]}}],"collection":[{"href":"https:\/\/www.africa-press.net\/cotedivoire\/wp-json\/wp\/v2\/posts"}],"about":[{"href":"https:\/\/www.africa-press.net\/cotedivoire\/wp-json\/wp\/v2\/types\/post"}],"author":[{"embeddable":true,"href":"https:\/\/www.africa-press.net\/cotedivoire\/wp-json\/wp\/v2\/users\/82"}],"replies":[{"embeddable":true,"href":"https:\/\/www.africa-press.net\/cotedivoire\/wp-json\/wp\/v2\/comments?post=113136"}],"version-history":[{"count":0,"href":"https:\/\/www.africa-press.net\/cotedivoire\/wp-json\/wp\/v2\/posts\/113136\/revisions"}],"wp:featuredmedia":[{"embeddable":true,"href":"https:\/\/www.africa-press.net\/cotedivoire\/wp-json\/wp\/v2\/media\/113135"}],"wp:attachment":[{"href":"https:\/\/www.africa-press.net\/cotedivoire\/wp-json\/wp\/v2\/media?parent=113136"}],"wp:term":[{"taxonomy":"category","embeddable":true,"href":"https:\/\/www.africa-press.net\/cotedivoire\/wp-json\/wp\/v2\/categories?post=113136"},{"taxonomy":"post_tag","embeddable":true,"href":"https:\/\/www.africa-press.net\/cotedivoire\/wp-json\/wp\/v2\/tags?post=113136"}],"curies":[{"name":"wp","href":"https:\/\/api.w.org\/{rel}","templated":true}]}}