{"id":11316,"date":"2021-08-13T13:27:06","date_gmt":"2021-08-13T13:27:06","guid":{"rendered":"https:\/\/www.africa-press.net\/cotedivoire\/?p=11316"},"modified":"2021-08-13T20:49:15","modified_gmt":"2021-08-13T20:49:15","slug":"cloture-a-abidjan-de-la-reunion-delocalisee-du-parlement-de-la-cedeao-plusieurs-recommandations-adoptees","status":"publish","type":"post","link":"https:\/\/www.africa-press.net\/cotedivoire\/politique\/cloture-a-abidjan-de-la-reunion-delocalisee-du-parlement-de-la-cedeao-plusieurs-recommandations-adoptees","title":{"rendered":"Cl\u00f4ture \u00e0 Abidjan de la r\u00e9union d\u00e9localis\u00e9e du parlement de la CEDEAO : Plusieurs recommandations adopt\u00e9es"},"content":{"rendered":"<p><span style=\"color: #ff6600\"><strong><a href=\"https:\/\/www.africa-press.net\/\">Africa-Press<\/a> &#8211; <a href=\"https:\/\/www.africa-press.net\/cotedivoire\">C\u00f4te d&rsquo;Ivoire<\/a>. <\/strong><\/span>La r\u00e9union d\u00e9localis\u00e9e du parlement de la communaut\u00e9 \u00e9conomique des Etats de l\u2019Afrique de l\u2019Ouest (CEDEAO) \u00e0 Abidjan (C\u00f4te d\u2019Ivoire), a clos ses travaux, ce jeudi 12 ao\u00fbt 2021, par l\u2019adoption de plusieurs recommandations touchant la vie de l\u2019espace communautaire, particuli\u00e8rement dans le domaine de l\u2019\u00e9nergie.<\/p>\n<p>Organis\u00e9e par la commission mixte \u00e9nergie et mines, industrie et secteur priv\u00e9 de l\u2019institution, cette r\u00e9union, qui a port\u00e9 sur le th\u00e8me de \u2018\u2019assurer l\u2019efficacit\u00e9 \u00e9nerg\u00e9tique en Afrique de l\u2019Ouest en mettant l\u2019accent sur l\u2019innovation, l\u2019implication active du secteur priv\u00e9 et la participation citoyenne\u2019\u2019 a \u00e9t\u00e9 un cadre d\u2019\u00e9changes importants sur la probl\u00e9matique de l\u2019\u00e9nergie dans la communaut\u00e9.<\/p>\n<p>Elle visait sp\u00e9cifiquement \u00e0 bien appr\u00e9hender les enjeux majeurs que pr\u00e9sentent les mesures relatives \u00e0 l\u2019efficacit\u00e9 \u00e9nerg\u00e9tique, de renforcer les capacit\u00e9s en mati\u00e8re de gestion de l\u2019\u00e9nergie, d\u2019encourager la recherche et le d\u00e9veloppement de technologies efficaces sur le plan \u00e9nerg\u00e9tique et de sensibiliser le public au r\u00f4le du secteur priv\u00e9 dans la conservation de l\u2019\u00e9nergie.<\/p>\n<p>Au terme, donc, des travaux, les parlementaires de la CEDEAO ont adopt\u00e9 plusieurs recommandations.<\/p>\n<p>C\u2019est ainsi qu\u2019ils ont encourag\u00e9 la commission de la CEDEAO \u00e0 cr\u00e9er une plateforme pour un engagement continu avec les op\u00e9rateurs du secteur priv\u00e9, demand\u00e9 aux diff\u00e9rents gouvernements de l\u2019espace de prendre activement des mesures pour r\u00e9duire les tarifs de l\u2019\u00e9lectricit\u00e9, d\u2019accorder la priorit\u00e9 aux investissements dans les infrastructures du secteur de l\u2019\u00e9nergie, de cr\u00e9er un environnement politique et juridique n\u00e9cessaire pour soutenir le secteur priv\u00e9 op\u00e9rant dans le domaine de l\u2019\u00e9nergie \u00e9lectrique.<\/p>\n<p>Ils ont \u00e9galement recommand\u00e9 aux gouvernements d\u2019explorer les possibilit\u00e9s d\u2019impliquer le secteur priv\u00e9 dans la mise en \u0153uvre des projets d\u2019\u00e9lectrification r\u00e9gionale, d\u2019identifier clairement les domaines susceptibles de contribuer \u00e0 la r\u00e9duction de la pauvret\u00e9, aux soci\u00e9t\u00e9s d\u2019\u00e9lectricit\u00e9 de la sous-r\u00e9gion de prendre la port\u00e9e r\u00e9elle de l\u2019importance des \u00e9nergies renouvelables et d\u2019effectuer des changements de strat\u00e9gies de d\u00e9veloppement.<\/p>\n<p>Les parlementaires de la communaut\u00e9 ont, par ailleurs, encourag\u00e9 la CEDEAO \u00e0 allouer des fonds sp\u00e9ciaux pour accroitre l\u2019acc\u00e8s \u00e0 l\u2019\u00e9nergie durable dans la r\u00e9gion, \u00e0 \u00e9laborer des programmes d\u2019\u00e9ducation et de sensibilisation ainsi que des initiatives de promotion des choix \u00e9nerg\u00e9tiques respectueux de l\u2019environnement et de l\u2019efficacit\u00e9 \u00e9nerg\u00e9tique, et \u00e0 cr\u00e9er un cadre de concertation et d\u2019information permanent entre les parlementaires et les entit\u00e9s en charge de l\u2019\u00e9nergie de la CEDEAO.<\/p>\n<p>La r\u00e9union d\u00e9localis\u00e9e du parlement de la CEDEAO a, enfin, recommand\u00e9 au parlement de communaut\u00e9 d\u2019user du levier de la diplomatie parlementaire pour accompagner la commission dans la mobilisation des financements n\u00e9cessaires pour la mise en \u0153uvre des projets \u00e9nerg\u00e9tiques r\u00e9gionaux.<\/p>\n<p>A la cl\u00f4ture des travaux de cette r\u00e9union, le Pr\u00e9sident du parlement de la CEDEAO, Mohamed Sidie Tunis a indiqu\u00e9 qu\u2019elle a \u00e9t\u00e9 \u2018\u2019pour les participants l\u2019occasion d\u2019\u00e9changer des informations, des approches et des exp\u00e9riences pratiques en mati\u00e8re de gestion efficace de l\u2019\u00e9nergie\u2019\u2019.<\/p>\n<p>Pour atteindre l\u2019objectif de l\u2019efficacit\u00e9 \u00e9nerg\u00e9tique, l\u2019engagement, a-t-il soutenu, du secteur priv\u00e9 est \u2018\u2019fondamental\u2019\u2019 car il repr\u00e9sente \u2018\u2019l\u2019une des forces les plus puissantes \u00e0 m\u00eame d\u2019am\u00e9liorer les vies, de renforcer les communaut\u00e9s et d\u2019acc\u00e9l\u00e9rer l\u2019autonomie des pays de la r\u00e9gion\u2019\u2019.<\/p>\n<p>\u2018\u2019Pour relever le niveau de vie dans la r\u00e9gion, il est n\u00e9cessaire d\u2019explorer en permanence les nouvelles technologies et les innovations\u2019\u2019 a fait savoir le pr\u00e9sident du parlement de la CEDEAO qui s\u2019est dit \u2018\u2019convaincu\u2019\u2019 que cette r\u00e9union constitue \u2018\u2019un nouveau d\u00e9part\u2019\u2019 vers l\u2019efficacit\u00e9 \u00e9nerg\u00e9tique.<\/p>\n<p>Cependant pour y parvenir, \u2018\u2019 nous devons faire preuve de volont\u00e9 politique\u2019\u2019 a-t-il conclu.<\/p>\n<p>Notons qu\u2019au cours cette c\u00e9r\u00e9monie de cl\u00f4ture, les parlementaires de la communaut\u00e9 ont tenu, \u00e0 travers une motion, \u00e0 saluer et \u00e0 remercier le peuple et les autorit\u00e9s ivoiriens pour les facilit\u00e9s mises \u00e0 leur disposition pour la tenue et le bon d\u00e9roulement des travaux de cette r\u00e9union d\u00e9localis\u00e9e de la commission mixte \u00e9nergie et mines, industrie et secteur priv\u00e9 du parlement de la CEDEAO.<\/p>\n","protected":false},"excerpt":{"rendered":"<p>Africa-Press &#8211; C\u00f4te d&rsquo;Ivoire. La r\u00e9union d\u00e9localis\u00e9e du parlement de la communaut\u00e9 \u00e9conomique des Etats de l\u2019Afrique de l\u2019Ouest (CEDEAO) \u00e0 Abidjan (C\u00f4te d\u2019Ivoire), a clos ses travaux, ce jeudi 12 ao\u00fbt 2021, par l\u2019adoption de plusieurs recommandations touchant la vie de l\u2019espace communautaire, particuli\u00e8rement dans le domaine de l\u2019\u00e9nergie. Organis\u00e9e par la commission mixte [&hellip;]<\/p>\n","protected":false},"author":82,"featured_media":11315,"comment_status":"open","ping_status":"closed","sticky":false,"template":"","format":"standard","meta":{"footnotes":""},"categories":[11,2,20,10],"tags":[56,63,29],"class_list":["post-11316","post","type-post","status-publish","format-standard","has-post-thumbnail","hentry","category-homepage-french","category-politique","category-top-nouvelles","category-toutes-les-actualites","tag-africa-press","tag-africa-press-cote-divoire","tag-cote-divoire"],"yoast_head":"<!-- This site is optimized with the Yoast SEO Premium plugin v26.1 (Yoast SEO v27.0) - https:\/\/yoast.com\/product\/yoast-seo-premium-wordpress\/ -->\n<title>Cl\u00f4ture \u00e0 Abidjan de la r\u00e9union d\u00e9localis\u00e9e du parlement de la CEDEAO : Plusieurs recommandations adopt\u00e9es - C\u00f4te d&#039;Ivoire<\/title>\n<meta name=\"description\" content=\"La r\u00e9union d\u00e9localis\u00e9e du parlement de la communaut\u00e9 \u00e9conomique des Etats de l\u2019Afrique de l\u2019Ouest (CEDEAO) \u00e0 Abidjan (C\u00f4 ...\" \/>\n<meta name=\"robots\" content=\"index, follow, max-snippet:-1, max-image-preview:large, max-video-preview:-1\" \/>\n<link rel=\"canonical\" href=\"https:\/\/www.africa-press.net\/cotedivoire\/politique\/cloture-a-abidjan-de-la-reunion-delocalisee-du-parlement-de-la-cedeao-plusieurs-recommandations-adoptees\" \/>\n<meta property=\"og:locale\" content=\"fr_FR\" \/>\n<meta property=\"og:type\" content=\"article\" \/>\n<meta property=\"og:title\" content=\"Cl\u00f4ture \u00e0 Abidjan de la r\u00e9union d\u00e9localis\u00e9e du parlement de la CEDEAO : Plusieurs recommandations adopt\u00e9es\" \/>\n<meta property=\"og:description\" content=\"La r\u00e9union d\u00e9localis\u00e9e du parlement de la communaut\u00e9 \u00e9conomique des Etats de l\u2019Afrique de l\u2019Ouest (CEDEAO) \u00e0 Abidjan (C\u00f4 ...\" \/>\n<meta property=\"og:url\" content=\"https:\/\/www.africa-press.net\/cotedivoire\/politique\/cloture-a-abidjan-de-la-reunion-delocalisee-du-parlement-de-la-cedeao-plusieurs-recommandations-adoptees\" \/>\n<meta property=\"og:site_name\" content=\"C\u00f4te d&#039;Ivoire\" \/>\n<meta property=\"article:published_time\" content=\"2021-08-13T13:27:06+00:00\" \/>\n<meta property=\"article:modified_time\" content=\"2021-08-13T20:49:15+00:00\" \/>\n<meta property=\"og:image\" content=\"https:\/\/static.africa-press.net\/cote\/sites\/43\/2021\/08\/img-611665c2c5f0f.jpg\" \/>\n\t<meta property=\"og:image:width\" content=\"1080\" \/>\n\t<meta property=\"og:image:height\" content=\"720\" \/>\n\t<meta property=\"og:image:type\" content=\"image\/jpeg\" \/>\n<meta name=\"author\" content=\"cfeditorfr\" \/>\n<meta name=\"twitter:card\" content=\"summary_large_image\" \/>\n<meta name=\"twitter:label1\" content=\"\u00c9crit par\" \/>\n\t<meta name=\"twitter:data1\" content=\"cfeditorfr\" \/>\n\t<meta name=\"twitter:label2\" content=\"Dur\u00e9e de lecture estim\u00e9e\" \/>\n\t<meta name=\"twitter:data2\" content=\"4 minutes\" \/>\n<script type=\"application\/ld+json\" class=\"yoast-schema-graph\">{\"@context\":\"https:\/\/schema.org\",\"@graph\":[{\"@type\":\"Article\",\"@id\":\"https:\/\/www.africa-press.net\/cotedivoire\/politique\/cloture-a-abidjan-de-la-reunion-delocalisee-du-parlement-de-la-cedeao-plusieurs-recommandations-adoptees#article\",\"isPartOf\":{\"@id\":\"https:\/\/www.africa-press.net\/cotedivoire\/politique\/cloture-a-abidjan-de-la-reunion-delocalisee-du-parlement-de-la-cedeao-plusieurs-recommandations-adoptees\"},\"author\":{\"name\":\"cfeditorfr\",\"@id\":\"https:\/\/www.africa-press.net\/cotedivoire\/#\/schema\/person\/2b1cf3cd81a31e3cd26889ca66d677f1\"},\"headline\":\"Cl\u00f4ture \u00e0 Abidjan de la r\u00e9union d\u00e9localis\u00e9e du parlement de la CEDEAO : Plusieurs recommandations adopt\u00e9es\",\"datePublished\":\"2021-08-13T13:27:06+00:00\",\"dateModified\":\"2021-08-13T20:49:15+00:00\",\"mainEntityOfPage\":{\"@id\":\"https:\/\/www.africa-press.net\/cotedivoire\/politique\/cloture-a-abidjan-de-la-reunion-delocalisee-du-parlement-de-la-cedeao-plusieurs-recommandations-adoptees\"},\"wordCount\":766,\"commentCount\":0,\"image\":{\"@id\":\"https:\/\/www.africa-press.net\/cotedivoire\/politique\/cloture-a-abidjan-de-la-reunion-delocalisee-du-parlement-de-la-cedeao-plusieurs-recommandations-adoptees#primaryimage\"},\"thumbnailUrl\":\"https:\/\/static.africa-press.net\/cote\/sites\/43\/2021\/08\/img-611665c2c5f0f.jpg\",\"keywords\":[\"Africa Press\",\"Africa Press-C\u00f4te d'Ivoire\",\"C\u00d4TE D'IVOIRE\"],\"articleSection\":[\"homepage-french\",\"Politique\",\"Top Nouvelles\",\"Toutes les actualit\u00e9s\"],\"inLanguage\":\"fr-FR\",\"potentialAction\":[{\"@type\":\"CommentAction\",\"name\":\"Comment\",\"target\":[\"https:\/\/www.africa-press.net\/cotedivoire\/politique\/cloture-a-abidjan-de-la-reunion-delocalisee-du-parlement-de-la-cedeao-plusieurs-recommandations-adoptees#respond\"]}]},{\"@type\":\"WebPage\",\"@id\":\"https:\/\/www.africa-press.net\/cotedivoire\/politique\/cloture-a-abidjan-de-la-reunion-delocalisee-du-parlement-de-la-cedeao-plusieurs-recommandations-adoptees\",\"url\":\"https:\/\/www.africa-press.net\/cotedivoire\/politique\/cloture-a-abidjan-de-la-reunion-delocalisee-du-parlement-de-la-cedeao-plusieurs-recommandations-adoptees\",\"name\":\"Cl\u00f4ture \u00e0 Abidjan de la r\u00e9union d\u00e9localis\u00e9e du parlement de la CEDEAO : Plusieurs recommandations adopt\u00e9es - C\u00f4te d&#039;Ivoire\",\"isPartOf\":{\"@id\":\"https:\/\/www.africa-press.net\/cotedivoire\/#website\"},\"primaryImageOfPage\":{\"@id\":\"https:\/\/www.africa-press.net\/cotedivoire\/politique\/cloture-a-abidjan-de-la-reunion-delocalisee-du-parlement-de-la-cedeao-plusieurs-recommandations-adoptees#primaryimage\"},\"image\":{\"@id\":\"https:\/\/www.africa-press.net\/cotedivoire\/politique\/cloture-a-abidjan-de-la-reunion-delocalisee-du-parlement-de-la-cedeao-plusieurs-recommandations-adoptees#primaryimage\"},\"thumbnailUrl\":\"https:\/\/static.africa-press.net\/cote\/sites\/43\/2021\/08\/img-611665c2c5f0f.jpg\",\"datePublished\":\"2021-08-13T13:27:06+00:00\",\"dateModified\":\"2021-08-13T20:49:15+00:00\",\"author\":{\"@id\":\"https:\/\/www.africa-press.net\/cotedivoire\/#\/schema\/person\/2b1cf3cd81a31e3cd26889ca66d677f1\"},\"description\":\"La r\u00e9union d\u00e9localis\u00e9e du parlement de la communaut\u00e9 \u00e9conomique des Etats de l\u2019Afrique de l\u2019Ouest (CEDEAO) \u00e0 Abidjan (C\u00f4 ...\",\"breadcrumb\":{\"@id\":\"https:\/\/www.africa-press.net\/cotedivoire\/politique\/cloture-a-abidjan-de-la-reunion-delocalisee-du-parlement-de-la-cedeao-plusieurs-recommandations-adoptees#breadcrumb\"},\"inLanguage\":\"fr-FR\",\"potentialAction\":[{\"@type\":\"ReadAction\",\"target\":[\"https:\/\/www.africa-press.net\/cotedivoire\/politique\/cloture-a-abidjan-de-la-reunion-delocalisee-du-parlement-de-la-cedeao-plusieurs-recommandations-adoptees\"]}]},{\"@type\":\"ImageObject\",\"inLanguage\":\"fr-FR\",\"@id\":\"https:\/\/www.africa-press.net\/cotedivoire\/politique\/cloture-a-abidjan-de-la-reunion-delocalisee-du-parlement-de-la-cedeao-plusieurs-recommandations-adoptees#primaryimage\",\"url\":\"https:\/\/static.africa-press.net\/cote\/sites\/43\/2021\/08\/img-611665c2c5f0f.jpg\",\"contentUrl\":\"https:\/\/static.africa-press.net\/cote\/sites\/43\/2021\/08\/img-611665c2c5f0f.jpg\",\"width\":1080,\"height\":720,\"caption\":\"Cl\u00f4ture \u00e0 Abidjan de la r\u00e9union d\u00e9localis\u00e9e du parlement de la CEDEAO : Plusieurs recommandations adopt\u00e9es\"},{\"@type\":\"BreadcrumbList\",\"@id\":\"https:\/\/www.africa-press.net\/cotedivoire\/politique\/cloture-a-abidjan-de-la-reunion-delocalisee-du-parlement-de-la-cedeao-plusieurs-recommandations-adoptees#breadcrumb\",\"itemListElement\":[{\"@type\":\"ListItem\",\"position\":1,\"name\":\"Accueil\",\"item\":\"https:\/\/www.africa-press.net\/cotedivoire\/\"},{\"@type\":\"ListItem\",\"position\":2,\"name\":\"Cl\u00f4ture \u00e0 Abidjan de la r\u00e9union d\u00e9localis\u00e9e du parlement de la CEDEAO : Plusieurs recommandations adopt\u00e9es\"}]},{\"@type\":\"WebSite\",\"@id\":\"https:\/\/www.africa-press.net\/cotedivoire\/#website\",\"url\":\"https:\/\/www.africa-press.net\/cotedivoire\/\",\"name\":\"C\u00f4te d&#039;Ivoire\",\"description\":\"Just another Africa News Agency Sites site\",\"potentialAction\":[{\"@type\":\"SearchAction\",\"target\":{\"@type\":\"EntryPoint\",\"urlTemplate\":\"https:\/\/www.africa-press.net\/cotedivoire\/?s={search_term_string}\"},\"query-input\":{\"@type\":\"PropertyValueSpecification\",\"valueRequired\":true,\"valueName\":\"search_term_string\"}}],\"inLanguage\":\"fr-FR\"},{\"@type\":\"Person\",\"@id\":\"https:\/\/www.africa-press.net\/cotedivoire\/#\/schema\/person\/2b1cf3cd81a31e3cd26889ca66d677f1\",\"name\":\"cfeditorfr\"}]}<\/script>\n<!-- \/ Yoast SEO Premium plugin. -->","yoast_head_json":{"title":"Cl\u00f4ture \u00e0 Abidjan de la r\u00e9union d\u00e9localis\u00e9e du parlement de la CEDEAO : Plusieurs recommandations adopt\u00e9es - C\u00f4te d&#039;Ivoire","description":"La r\u00e9union d\u00e9localis\u00e9e du parlement de la communaut\u00e9 \u00e9conomique des Etats de l\u2019Afrique de l\u2019Ouest (CEDEAO) \u00e0 Abidjan (C\u00f4 ...","robots":{"index":"index","follow":"follow","max-snippet":"max-snippet:-1","max-image-preview":"max-image-preview:large","max-video-preview":"max-video-preview:-1"},"canonical":"https:\/\/www.africa-press.net\/cotedivoire\/politique\/cloture-a-abidjan-de-la-reunion-delocalisee-du-parlement-de-la-cedeao-plusieurs-recommandations-adoptees","og_locale":"fr_FR","og_type":"article","og_title":"Cl\u00f4ture \u00e0 Abidjan de la r\u00e9union d\u00e9localis\u00e9e du parlement de la CEDEAO : Plusieurs recommandations adopt\u00e9es","og_description":"La r\u00e9union d\u00e9localis\u00e9e du parlement de la communaut\u00e9 \u00e9conomique des Etats de l\u2019Afrique de l\u2019Ouest (CEDEAO) \u00e0 Abidjan (C\u00f4 ...","og_url":"https:\/\/www.africa-press.net\/cotedivoire\/politique\/cloture-a-abidjan-de-la-reunion-delocalisee-du-parlement-de-la-cedeao-plusieurs-recommandations-adoptees","og_site_name":"C\u00f4te d&#039;Ivoire","article_published_time":"2021-08-13T13:27:06+00:00","article_modified_time":"2021-08-13T20:49:15+00:00","og_image":[{"width":1080,"height":720,"url":"https:\/\/static.africa-press.net\/cote\/sites\/43\/2021\/08\/img-611665c2c5f0f.jpg","type":"image\/jpeg"}],"author":"cfeditorfr","twitter_card":"summary_large_image","twitter_misc":{"\u00c9crit par":"cfeditorfr","Dur\u00e9e de lecture estim\u00e9e":"4 minutes"},"schema":{"@context":"https:\/\/schema.org","@graph":[{"@type":"Article","@id":"https:\/\/www.africa-press.net\/cotedivoire\/politique\/cloture-a-abidjan-de-la-reunion-delocalisee-du-parlement-de-la-cedeao-plusieurs-recommandations-adoptees#article","isPartOf":{"@id":"https:\/\/www.africa-press.net\/cotedivoire\/politique\/cloture-a-abidjan-de-la-reunion-delocalisee-du-parlement-de-la-cedeao-plusieurs-recommandations-adoptees"},"author":{"name":"cfeditorfr","@id":"https:\/\/www.africa-press.net\/cotedivoire\/#\/schema\/person\/2b1cf3cd81a31e3cd26889ca66d677f1"},"headline":"Cl\u00f4ture \u00e0 Abidjan de la r\u00e9union d\u00e9localis\u00e9e du parlement de la CEDEAO : Plusieurs recommandations adopt\u00e9es","datePublished":"2021-08-13T13:27:06+00:00","dateModified":"2021-08-13T20:49:15+00:00","mainEntityOfPage":{"@id":"https:\/\/www.africa-press.net\/cotedivoire\/politique\/cloture-a-abidjan-de-la-reunion-delocalisee-du-parlement-de-la-cedeao-plusieurs-recommandations-adoptees"},"wordCount":766,"commentCount":0,"image":{"@id":"https:\/\/www.africa-press.net\/cotedivoire\/politique\/cloture-a-abidjan-de-la-reunion-delocalisee-du-parlement-de-la-cedeao-plusieurs-recommandations-adoptees#primaryimage"},"thumbnailUrl":"https:\/\/static.africa-press.net\/cote\/sites\/43\/2021\/08\/img-611665c2c5f0f.jpg","keywords":["Africa Press","Africa Press-C\u00f4te d'Ivoire","C\u00d4TE D'IVOIRE"],"articleSection":["homepage-french","Politique","Top Nouvelles","Toutes les actualit\u00e9s"],"inLanguage":"fr-FR","potentialAction":[{"@type":"CommentAction","name":"Comment","target":["https:\/\/www.africa-press.net\/cotedivoire\/politique\/cloture-a-abidjan-de-la-reunion-delocalisee-du-parlement-de-la-cedeao-plusieurs-recommandations-adoptees#respond"]}]},{"@type":"WebPage","@id":"https:\/\/www.africa-press.net\/cotedivoire\/politique\/cloture-a-abidjan-de-la-reunion-delocalisee-du-parlement-de-la-cedeao-plusieurs-recommandations-adoptees","url":"https:\/\/www.africa-press.net\/cotedivoire\/politique\/cloture-a-abidjan-de-la-reunion-delocalisee-du-parlement-de-la-cedeao-plusieurs-recommandations-adoptees","name":"Cl\u00f4ture \u00e0 Abidjan de la r\u00e9union d\u00e9localis\u00e9e du parlement de la CEDEAO : Plusieurs recommandations adopt\u00e9es - C\u00f4te d&#039;Ivoire","isPartOf":{"@id":"https:\/\/www.africa-press.net\/cotedivoire\/#website"},"primaryImageOfPage":{"@id":"https:\/\/www.africa-press.net\/cotedivoire\/politique\/cloture-a-abidjan-de-la-reunion-delocalisee-du-parlement-de-la-cedeao-plusieurs-recommandations-adoptees#primaryimage"},"image":{"@id":"https:\/\/www.africa-press.net\/cotedivoire\/politique\/cloture-a-abidjan-de-la-reunion-delocalisee-du-parlement-de-la-cedeao-plusieurs-recommandations-adoptees#primaryimage"},"thumbnailUrl":"https:\/\/static.africa-press.net\/cote\/sites\/43\/2021\/08\/img-611665c2c5f0f.jpg","datePublished":"2021-08-13T13:27:06+00:00","dateModified":"2021-08-13T20:49:15+00:00","author":{"@id":"https:\/\/www.africa-press.net\/cotedivoire\/#\/schema\/person\/2b1cf3cd81a31e3cd26889ca66d677f1"},"description":"La r\u00e9union d\u00e9localis\u00e9e du parlement de la communaut\u00e9 \u00e9conomique des Etats de l\u2019Afrique de l\u2019Ouest (CEDEAO) \u00e0 Abidjan (C\u00f4 ...","breadcrumb":{"@id":"https:\/\/www.africa-press.net\/cotedivoire\/politique\/cloture-a-abidjan-de-la-reunion-delocalisee-du-parlement-de-la-cedeao-plusieurs-recommandations-adoptees#breadcrumb"},"inLanguage":"fr-FR","potentialAction":[{"@type":"ReadAction","target":["https:\/\/www.africa-press.net\/cotedivoire\/politique\/cloture-a-abidjan-de-la-reunion-delocalisee-du-parlement-de-la-cedeao-plusieurs-recommandations-adoptees"]}]},{"@type":"ImageObject","inLanguage":"fr-FR","@id":"https:\/\/www.africa-press.net\/cotedivoire\/politique\/cloture-a-abidjan-de-la-reunion-delocalisee-du-parlement-de-la-cedeao-plusieurs-recommandations-adoptees#primaryimage","url":"https:\/\/static.africa-press.net\/cote\/sites\/43\/2021\/08\/img-611665c2c5f0f.jpg","contentUrl":"https:\/\/static.africa-press.net\/cote\/sites\/43\/2021\/08\/img-611665c2c5f0f.jpg","width":1080,"height":720,"caption":"Cl\u00f4ture \u00e0 Abidjan de la r\u00e9union d\u00e9localis\u00e9e du parlement de la CEDEAO : Plusieurs recommandations adopt\u00e9es"},{"@type":"BreadcrumbList","@id":"https:\/\/www.africa-press.net\/cotedivoire\/politique\/cloture-a-abidjan-de-la-reunion-delocalisee-du-parlement-de-la-cedeao-plusieurs-recommandations-adoptees#breadcrumb","itemListElement":[{"@type":"ListItem","position":1,"name":"Accueil","item":"https:\/\/www.africa-press.net\/cotedivoire\/"},{"@type":"ListItem","position":2,"name":"Cl\u00f4ture \u00e0 Abidjan de la r\u00e9union d\u00e9localis\u00e9e du parlement de la CEDEAO : Plusieurs recommandations adopt\u00e9es"}]},{"@type":"WebSite","@id":"https:\/\/www.africa-press.net\/cotedivoire\/#website","url":"https:\/\/www.africa-press.net\/cotedivoire\/","name":"C\u00f4te d&#039;Ivoire","description":"Just another Africa News Agency Sites site","potentialAction":[{"@type":"SearchAction","target":{"@type":"EntryPoint","urlTemplate":"https:\/\/www.africa-press.net\/cotedivoire\/?s={search_term_string}"},"query-input":{"@type":"PropertyValueSpecification","valueRequired":true,"valueName":"search_term_string"}}],"inLanguage":"fr-FR"},{"@type":"Person","@id":"https:\/\/www.africa-press.net\/cotedivoire\/#\/schema\/person\/2b1cf3cd81a31e3cd26889ca66d677f1","name":"cfeditorfr"}]}},"_links":{"self":[{"href":"https:\/\/www.africa-press.net\/cotedivoire\/wp-json\/wp\/v2\/posts\/11316","targetHints":{"allow":["GET"]}}],"collection":[{"href":"https:\/\/www.africa-press.net\/cotedivoire\/wp-json\/wp\/v2\/posts"}],"about":[{"href":"https:\/\/www.africa-press.net\/cotedivoire\/wp-json\/wp\/v2\/types\/post"}],"author":[{"embeddable":true,"href":"https:\/\/www.africa-press.net\/cotedivoire\/wp-json\/wp\/v2\/users\/82"}],"replies":[{"embeddable":true,"href":"https:\/\/www.africa-press.net\/cotedivoire\/wp-json\/wp\/v2\/comments?post=11316"}],"version-history":[{"count":0,"href":"https:\/\/www.africa-press.net\/cotedivoire\/wp-json\/wp\/v2\/posts\/11316\/revisions"}],"wp:featuredmedia":[{"embeddable":true,"href":"https:\/\/www.africa-press.net\/cotedivoire\/wp-json\/wp\/v2\/media\/11315"}],"wp:attachment":[{"href":"https:\/\/www.africa-press.net\/cotedivoire\/wp-json\/wp\/v2\/media?parent=11316"}],"wp:term":[{"taxonomy":"category","embeddable":true,"href":"https:\/\/www.africa-press.net\/cotedivoire\/wp-json\/wp\/v2\/categories?post=11316"},{"taxonomy":"post_tag","embeddable":true,"href":"https:\/\/www.africa-press.net\/cotedivoire\/wp-json\/wp\/v2\/tags?post=11316"}],"curies":[{"name":"wp","href":"https:\/\/api.w.org\/{rel}","templated":true}]}}