{"id":11319,"date":"2021-08-13T13:45:58","date_gmt":"2021-08-13T13:45:58","guid":{"rendered":"https:\/\/www.africa-press.net\/cotedivoire\/?p=11319"},"modified":"2021-08-13T20:49:42","modified_gmt":"2021-08-13T20:49:42","slug":"cote-divoire-issiaka-sangare-un-parti-nest-pas-un-bien-patrimonial","status":"publish","type":"post","link":"https:\/\/www.africa-press.net\/cotedivoire\/politique\/cote-divoire-issiaka-sangare-un-parti-nest-pas-un-bien-patrimonial","title":{"rendered":"Issiaka Sangar\u00e9 : \u00ab Un parti n\u2019est pas un bien patrimonial \u00bb"},"content":{"rendered":"<p><span style=\"color: #ff6600\"><strong><a href=\"https:\/\/www.africa-press.net\/\">Africa-Press<\/a> &#8211; <a href=\"https:\/\/www.africa-press.net\/cotedivoire\">C\u00f4te d&rsquo;Ivoire<\/a>. <\/strong><\/span>Le secr\u00e9taire g\u00e9n\u00e9ral du Front populaire ivoirien revient sur la d\u00e9cision de Laurent Gbagbo de c\u00e9der le parti \u00e0 Pascal Affi N\u2019Guessan et sur les projets de sa famille politique.<\/p>\n<p>Depuis quelques ann\u00e9es, deux camps se menaient une gu\u00e9guerre, parfois ouverte, au sein du Front populaire ivoirien. L\u2019un compos\u00e9 d\u2019inconditionnels du fondateur du parti, Laurent Gbagbo, les GOR (Gbagbo ou rien), l\u2019autre fid\u00e8le \u00e0 Pascal Affi N\u2019Guessan, actuel pr\u00e9sident de la formation muni du sceau de la l\u00e9galit\u00e9. Mais depuis le retour du premier en C\u00f4te d\u2019Ivoire le 17 juin, apr\u00e8s dix ann\u00e9es pass\u00e9es \u00e0 faire face \u00e0 la Cour p\u00e9nale internationale, la tension est mont\u00e9e d\u2019un cran.<\/p>\n<p>Si Gbagbo est pr\u00e9sent\u00e9 comme le pr\u00e9sident du FPI par ses partisans, le clan l\u00e9gal du parti, lui, n\u2019h\u00e9site pas \u00e0 rappeler qu\u2019il n\u2019en est rien. L\u2019ancien chef de l\u2019\u00c9tat ne cache pas ses ambitions et sa volont\u00e9 de jouer un r\u00f4le de premier plan, mais la division au sein de sa famille politique constituait un frein important \u00e0 ses vis\u00e9es. C\u2019est donc sans surprise que l\u2019annonce, le 9 ao\u00fbt, qu\u2019il allait cr\u00e9er un nouveau parti a \u00e9t\u00e9 accueillie.<\/p>\n<p>Pascal Affi N\u2019Guessan, qui s\u2019\u00e9tait mur\u00e9 dans le silence depuis le retour de l\u2019ancien pr\u00e9sident, s\u2019exprimera le 14 ao\u00fbt \u00e0 l\u2019issue d\u2019un comit\u00e9 central extraordinaire. En attendant, c\u2019est Issiaka Sangar\u00e9, son secr\u00e9taire g\u00e9n\u00e9ral, qui est mont\u00e9 au cr\u00e9neau ces derni\u00e8res semaines, \u00e0 chaque fois que le parti estimait que les GOR outrepassaient leurs droits.<\/p>\n<p>Dans cette interview qu\u2019il a accord\u00e9e \u00e0 Jeune Afrique le 12 ao\u00fbt, quelques heures avant de rejoindre ses camarades pour une r\u00e9union du secr\u00e9tariat g\u00e9n\u00e9ral de la direction du parti destin\u00e9e \u00e0 pr\u00e9parer le comit\u00e9 central du lendemain, Issiaka Sangar\u00e9 a \u00e9voqu\u00e9 les raisons de cette s\u00e9paration et les ambitions du FPI.<\/p>\n<p><b>Jeune Afrique : L\u2019ancien pr\u00e9sident Laurent Gbagbo a annonc\u00e9 vouloir cr\u00e9er un nouveau parti, mettant fin \u00e0 des ann\u00e9es de division au sein du FPI. Cette d\u00e9cision vous a-t-elle surpris ?<\/b><\/p>\n<p><b>Issiaka Sangar\u00e9<\/b><\/p>\n<p>: Nous nous y attendions dans une certaine mesure parce que nous savions qu\u2019il ne pouvait pas contourner la loi. S\u2019engager dans cette voie aurait \u00e9t\u00e9 une impasse. Pascal Affi N\u2019Guessan a \u00e9t\u00e9 \u00e9lu pr\u00e9sident du FPI en 2001, lorsque Laurent Gabgbo a \u00e9t\u00e9 \u00e9lu \u00e0 la t\u00eate du pays, la premi\u00e8re fois que nous avons acc\u00e9d\u00e9 au pouvoir d\u2019\u00c9tat. C\u2019est un ensemble de congr\u00e8s qui l\u2019ont reconduit \u00e0 ce poste, jusqu\u2019au dernier, en 2018. Nous sommes all\u00e9s aux \u00e9lections avec le logo du FPI. Les pro-Gbagbo, eux, ont particip\u00e9 \u00e0 ces scrutins sous le sigle EDS [Ensemble pour la d\u00e9mocratie et la souverainet\u00e9]. Nous avons pris acte de cette d\u00e9cision.<\/p>\n","protected":false},"excerpt":{"rendered":"<p>Africa-Press &#8211; C\u00f4te d&rsquo;Ivoire. Le secr\u00e9taire g\u00e9n\u00e9ral du Front populaire ivoirien revient sur la d\u00e9cision de Laurent Gbagbo de c\u00e9der le parti \u00e0 Pascal Affi N\u2019Guessan et sur les projets de sa famille politique. Depuis quelques ann\u00e9es, deux camps se menaient une gu\u00e9guerre, parfois ouverte, au sein du Front populaire ivoirien. L\u2019un compos\u00e9 d\u2019inconditionnels du [&hellip;]<\/p>\n","protected":false},"author":82,"featured_media":11318,"comment_status":"open","ping_status":"closed","sticky":false,"template":"","format":"standard","meta":{"footnotes":""},"categories":[11,2,20,10],"tags":[56,63,29],"class_list":["post-11319","post","type-post","status-publish","format-standard","has-post-thumbnail","hentry","category-homepage-french","category-politique","category-top-nouvelles","category-toutes-les-actualites","tag-africa-press","tag-africa-press-cote-divoire","tag-cote-divoire"],"yoast_head":"<!-- This site is optimized with the Yoast SEO Premium plugin v26.1 (Yoast SEO v27.0) - https:\/\/yoast.com\/product\/yoast-seo-premium-wordpress\/ -->\n<title>Issiaka Sangar\u00e9 : \u00ab Un parti n\u2019est pas un bien patrimonial \u00bb - C\u00f4te d&#039;Ivoire<\/title>\n<meta name=\"description\" content=\"Le secr\u00e9taire g\u00e9n\u00e9ral du Front populaire ivoirien revient sur la d\u00e9cision de Laurent Gbagbo de c\u00e9der le parti \u00e0 Pascal A ...\" \/>\n<meta name=\"robots\" content=\"index, follow, max-snippet:-1, max-image-preview:large, max-video-preview:-1\" \/>\n<link rel=\"canonical\" href=\"https:\/\/www.africa-press.net\/cotedivoire\/politique\/cote-divoire-issiaka-sangare-un-parti-nest-pas-un-bien-patrimonial\" \/>\n<meta property=\"og:locale\" content=\"fr_FR\" \/>\n<meta property=\"og:type\" content=\"article\" \/>\n<meta property=\"og:title\" content=\"Issiaka Sangar\u00e9 : \u00ab Un parti n\u2019est pas un bien patrimonial \u00bb\" \/>\n<meta property=\"og:description\" content=\"Le secr\u00e9taire g\u00e9n\u00e9ral du Front populaire ivoirien revient sur la d\u00e9cision de Laurent Gbagbo de c\u00e9der le parti \u00e0 Pascal A ...\" \/>\n<meta property=\"og:url\" content=\"https:\/\/www.africa-press.net\/cotedivoire\/politique\/cote-divoire-issiaka-sangare-un-parti-nest-pas-un-bien-patrimonial\" \/>\n<meta property=\"og:site_name\" content=\"C\u00f4te d&#039;Ivoire\" \/>\n<meta property=\"article:published_time\" content=\"2021-08-13T13:45:58+00:00\" \/>\n<meta property=\"article:modified_time\" content=\"2021-08-13T20:49:42+00:00\" \/>\n<meta property=\"og:image\" content=\"https:\/\/static.africa-press.net\/cote\/sites\/43\/2021\/08\/img-611667d73bee3.jpg\" \/>\n\t<meta property=\"og:image:width\" content=\"720\" \/>\n\t<meta property=\"og:image:height\" content=\"360\" \/>\n\t<meta property=\"og:image:type\" content=\"image\/jpeg\" \/>\n<meta name=\"author\" content=\"cfeditorfr\" \/>\n<meta name=\"twitter:card\" content=\"summary_large_image\" \/>\n<meta name=\"twitter:label1\" content=\"\u00c9crit par\" \/>\n\t<meta name=\"twitter:data1\" content=\"cfeditorfr\" \/>\n\t<meta name=\"twitter:label2\" content=\"Dur\u00e9e de lecture estim\u00e9e\" \/>\n\t<meta name=\"twitter:data2\" content=\"3 minutes\" \/>\n<script type=\"application\/ld+json\" class=\"yoast-schema-graph\">{\"@context\":\"https:\/\/schema.org\",\"@graph\":[{\"@type\":\"Article\",\"@id\":\"https:\/\/www.africa-press.net\/cotedivoire\/politique\/cote-divoire-issiaka-sangare-un-parti-nest-pas-un-bien-patrimonial#article\",\"isPartOf\":{\"@id\":\"https:\/\/www.africa-press.net\/cotedivoire\/politique\/cote-divoire-issiaka-sangare-un-parti-nest-pas-un-bien-patrimonial\"},\"author\":{\"name\":\"cfeditorfr\",\"@id\":\"https:\/\/www.africa-press.net\/cotedivoire\/#\/schema\/person\/2b1cf3cd81a31e3cd26889ca66d677f1\"},\"headline\":\"Issiaka Sangar\u00e9 : \u00ab Un parti n\u2019est pas un bien patrimonial \u00bb\",\"datePublished\":\"2021-08-13T13:45:58+00:00\",\"dateModified\":\"2021-08-13T20:49:42+00:00\",\"mainEntityOfPage\":{\"@id\":\"https:\/\/www.africa-press.net\/cotedivoire\/politique\/cote-divoire-issiaka-sangare-un-parti-nest-pas-un-bien-patrimonial\"},\"wordCount\":513,\"commentCount\":0,\"image\":{\"@id\":\"https:\/\/www.africa-press.net\/cotedivoire\/politique\/cote-divoire-issiaka-sangare-un-parti-nest-pas-un-bien-patrimonial#primaryimage\"},\"thumbnailUrl\":\"https:\/\/static.africa-press.net\/cote\/sites\/43\/2021\/08\/img-611667d73bee3.jpg\",\"keywords\":[\"Africa Press\",\"Africa Press-C\u00f4te d'Ivoire\",\"C\u00d4TE D'IVOIRE\"],\"articleSection\":[\"homepage-french\",\"Politique\",\"Top Nouvelles\",\"Toutes les actualit\u00e9s\"],\"inLanguage\":\"fr-FR\",\"potentialAction\":[{\"@type\":\"CommentAction\",\"name\":\"Comment\",\"target\":[\"https:\/\/www.africa-press.net\/cotedivoire\/politique\/cote-divoire-issiaka-sangare-un-parti-nest-pas-un-bien-patrimonial#respond\"]}]},{\"@type\":\"WebPage\",\"@id\":\"https:\/\/www.africa-press.net\/cotedivoire\/politique\/cote-divoire-issiaka-sangare-un-parti-nest-pas-un-bien-patrimonial\",\"url\":\"https:\/\/www.africa-press.net\/cotedivoire\/politique\/cote-divoire-issiaka-sangare-un-parti-nest-pas-un-bien-patrimonial\",\"name\":\"Issiaka Sangar\u00e9 : \u00ab Un parti n\u2019est pas un bien patrimonial \u00bb - C\u00f4te d&#039;Ivoire\",\"isPartOf\":{\"@id\":\"https:\/\/www.africa-press.net\/cotedivoire\/#website\"},\"primaryImageOfPage\":{\"@id\":\"https:\/\/www.africa-press.net\/cotedivoire\/politique\/cote-divoire-issiaka-sangare-un-parti-nest-pas-un-bien-patrimonial#primaryimage\"},\"image\":{\"@id\":\"https:\/\/www.africa-press.net\/cotedivoire\/politique\/cote-divoire-issiaka-sangare-un-parti-nest-pas-un-bien-patrimonial#primaryimage\"},\"thumbnailUrl\":\"https:\/\/static.africa-press.net\/cote\/sites\/43\/2021\/08\/img-611667d73bee3.jpg\",\"datePublished\":\"2021-08-13T13:45:58+00:00\",\"dateModified\":\"2021-08-13T20:49:42+00:00\",\"author\":{\"@id\":\"https:\/\/www.africa-press.net\/cotedivoire\/#\/schema\/person\/2b1cf3cd81a31e3cd26889ca66d677f1\"},\"description\":\"Le secr\u00e9taire g\u00e9n\u00e9ral du Front populaire ivoirien revient sur la d\u00e9cision de Laurent Gbagbo de c\u00e9der le parti \u00e0 Pascal A ...\",\"breadcrumb\":{\"@id\":\"https:\/\/www.africa-press.net\/cotedivoire\/politique\/cote-divoire-issiaka-sangare-un-parti-nest-pas-un-bien-patrimonial#breadcrumb\"},\"inLanguage\":\"fr-FR\",\"potentialAction\":[{\"@type\":\"ReadAction\",\"target\":[\"https:\/\/www.africa-press.net\/cotedivoire\/politique\/cote-divoire-issiaka-sangare-un-parti-nest-pas-un-bien-patrimonial\"]}]},{\"@type\":\"ImageObject\",\"inLanguage\":\"fr-FR\",\"@id\":\"https:\/\/www.africa-press.net\/cotedivoire\/politique\/cote-divoire-issiaka-sangare-un-parti-nest-pas-un-bien-patrimonial#primaryimage\",\"url\":\"https:\/\/static.africa-press.net\/cote\/sites\/43\/2021\/08\/img-611667d73bee3.jpg\",\"contentUrl\":\"https:\/\/static.africa-press.net\/cote\/sites\/43\/2021\/08\/img-611667d73bee3.jpg\",\"width\":720,\"height\":360,\"caption\":\"C\u00f4te d\u2019Ivoire \u2013 Issiaka Sangar\u00e9 : \u00ab Un parti n\u2019est pas un bien patrimonial \u00bb\"},{\"@type\":\"BreadcrumbList\",\"@id\":\"https:\/\/www.africa-press.net\/cotedivoire\/politique\/cote-divoire-issiaka-sangare-un-parti-nest-pas-un-bien-patrimonial#breadcrumb\",\"itemListElement\":[{\"@type\":\"ListItem\",\"position\":1,\"name\":\"Accueil\",\"item\":\"https:\/\/www.africa-press.net\/cotedivoire\/\"},{\"@type\":\"ListItem\",\"position\":2,\"name\":\"Issiaka Sangar\u00e9 : \u00ab Un parti n\u2019est pas un bien patrimonial \u00bb\"}]},{\"@type\":\"WebSite\",\"@id\":\"https:\/\/www.africa-press.net\/cotedivoire\/#website\",\"url\":\"https:\/\/www.africa-press.net\/cotedivoire\/\",\"name\":\"C\u00f4te d&#039;Ivoire\",\"description\":\"Just another Africa News Agency Sites site\",\"potentialAction\":[{\"@type\":\"SearchAction\",\"target\":{\"@type\":\"EntryPoint\",\"urlTemplate\":\"https:\/\/www.africa-press.net\/cotedivoire\/?s={search_term_string}\"},\"query-input\":{\"@type\":\"PropertyValueSpecification\",\"valueRequired\":true,\"valueName\":\"search_term_string\"}}],\"inLanguage\":\"fr-FR\"},{\"@type\":\"Person\",\"@id\":\"https:\/\/www.africa-press.net\/cotedivoire\/#\/schema\/person\/2b1cf3cd81a31e3cd26889ca66d677f1\",\"name\":\"cfeditorfr\"}]}<\/script>\n<!-- \/ Yoast SEO Premium plugin. -->","yoast_head_json":{"title":"Issiaka Sangar\u00e9 : \u00ab Un parti n\u2019est pas un bien patrimonial \u00bb - C\u00f4te d&#039;Ivoire","description":"Le secr\u00e9taire g\u00e9n\u00e9ral du Front populaire ivoirien revient sur la d\u00e9cision de Laurent Gbagbo de c\u00e9der le parti \u00e0 Pascal A ...","robots":{"index":"index","follow":"follow","max-snippet":"max-snippet:-1","max-image-preview":"max-image-preview:large","max-video-preview":"max-video-preview:-1"},"canonical":"https:\/\/www.africa-press.net\/cotedivoire\/politique\/cote-divoire-issiaka-sangare-un-parti-nest-pas-un-bien-patrimonial","og_locale":"fr_FR","og_type":"article","og_title":"Issiaka Sangar\u00e9 : \u00ab Un parti n\u2019est pas un bien patrimonial \u00bb","og_description":"Le secr\u00e9taire g\u00e9n\u00e9ral du Front populaire ivoirien revient sur la d\u00e9cision de Laurent Gbagbo de c\u00e9der le parti \u00e0 Pascal A ...","og_url":"https:\/\/www.africa-press.net\/cotedivoire\/politique\/cote-divoire-issiaka-sangare-un-parti-nest-pas-un-bien-patrimonial","og_site_name":"C\u00f4te d&#039;Ivoire","article_published_time":"2021-08-13T13:45:58+00:00","article_modified_time":"2021-08-13T20:49:42+00:00","og_image":[{"width":720,"height":360,"url":"https:\/\/static.africa-press.net\/cote\/sites\/43\/2021\/08\/img-611667d73bee3.jpg","type":"image\/jpeg"}],"author":"cfeditorfr","twitter_card":"summary_large_image","twitter_misc":{"\u00c9crit par":"cfeditorfr","Dur\u00e9e de lecture estim\u00e9e":"3 minutes"},"schema":{"@context":"https:\/\/schema.org","@graph":[{"@type":"Article","@id":"https:\/\/www.africa-press.net\/cotedivoire\/politique\/cote-divoire-issiaka-sangare-un-parti-nest-pas-un-bien-patrimonial#article","isPartOf":{"@id":"https:\/\/www.africa-press.net\/cotedivoire\/politique\/cote-divoire-issiaka-sangare-un-parti-nest-pas-un-bien-patrimonial"},"author":{"name":"cfeditorfr","@id":"https:\/\/www.africa-press.net\/cotedivoire\/#\/schema\/person\/2b1cf3cd81a31e3cd26889ca66d677f1"},"headline":"Issiaka Sangar\u00e9 : \u00ab Un parti n\u2019est pas un bien patrimonial \u00bb","datePublished":"2021-08-13T13:45:58+00:00","dateModified":"2021-08-13T20:49:42+00:00","mainEntityOfPage":{"@id":"https:\/\/www.africa-press.net\/cotedivoire\/politique\/cote-divoire-issiaka-sangare-un-parti-nest-pas-un-bien-patrimonial"},"wordCount":513,"commentCount":0,"image":{"@id":"https:\/\/www.africa-press.net\/cotedivoire\/politique\/cote-divoire-issiaka-sangare-un-parti-nest-pas-un-bien-patrimonial#primaryimage"},"thumbnailUrl":"https:\/\/static.africa-press.net\/cote\/sites\/43\/2021\/08\/img-611667d73bee3.jpg","keywords":["Africa Press","Africa Press-C\u00f4te d'Ivoire","C\u00d4TE D'IVOIRE"],"articleSection":["homepage-french","Politique","Top Nouvelles","Toutes les actualit\u00e9s"],"inLanguage":"fr-FR","potentialAction":[{"@type":"CommentAction","name":"Comment","target":["https:\/\/www.africa-press.net\/cotedivoire\/politique\/cote-divoire-issiaka-sangare-un-parti-nest-pas-un-bien-patrimonial#respond"]}]},{"@type":"WebPage","@id":"https:\/\/www.africa-press.net\/cotedivoire\/politique\/cote-divoire-issiaka-sangare-un-parti-nest-pas-un-bien-patrimonial","url":"https:\/\/www.africa-press.net\/cotedivoire\/politique\/cote-divoire-issiaka-sangare-un-parti-nest-pas-un-bien-patrimonial","name":"Issiaka Sangar\u00e9 : \u00ab Un parti n\u2019est pas un bien patrimonial \u00bb - C\u00f4te d&#039;Ivoire","isPartOf":{"@id":"https:\/\/www.africa-press.net\/cotedivoire\/#website"},"primaryImageOfPage":{"@id":"https:\/\/www.africa-press.net\/cotedivoire\/politique\/cote-divoire-issiaka-sangare-un-parti-nest-pas-un-bien-patrimonial#primaryimage"},"image":{"@id":"https:\/\/www.africa-press.net\/cotedivoire\/politique\/cote-divoire-issiaka-sangare-un-parti-nest-pas-un-bien-patrimonial#primaryimage"},"thumbnailUrl":"https:\/\/static.africa-press.net\/cote\/sites\/43\/2021\/08\/img-611667d73bee3.jpg","datePublished":"2021-08-13T13:45:58+00:00","dateModified":"2021-08-13T20:49:42+00:00","author":{"@id":"https:\/\/www.africa-press.net\/cotedivoire\/#\/schema\/person\/2b1cf3cd81a31e3cd26889ca66d677f1"},"description":"Le secr\u00e9taire g\u00e9n\u00e9ral du Front populaire ivoirien revient sur la d\u00e9cision de Laurent Gbagbo de c\u00e9der le parti \u00e0 Pascal A ...","breadcrumb":{"@id":"https:\/\/www.africa-press.net\/cotedivoire\/politique\/cote-divoire-issiaka-sangare-un-parti-nest-pas-un-bien-patrimonial#breadcrumb"},"inLanguage":"fr-FR","potentialAction":[{"@type":"ReadAction","target":["https:\/\/www.africa-press.net\/cotedivoire\/politique\/cote-divoire-issiaka-sangare-un-parti-nest-pas-un-bien-patrimonial"]}]},{"@type":"ImageObject","inLanguage":"fr-FR","@id":"https:\/\/www.africa-press.net\/cotedivoire\/politique\/cote-divoire-issiaka-sangare-un-parti-nest-pas-un-bien-patrimonial#primaryimage","url":"https:\/\/static.africa-press.net\/cote\/sites\/43\/2021\/08\/img-611667d73bee3.jpg","contentUrl":"https:\/\/static.africa-press.net\/cote\/sites\/43\/2021\/08\/img-611667d73bee3.jpg","width":720,"height":360,"caption":"C\u00f4te d\u2019Ivoire \u2013 Issiaka Sangar\u00e9 : \u00ab Un parti n\u2019est pas un bien patrimonial \u00bb"},{"@type":"BreadcrumbList","@id":"https:\/\/www.africa-press.net\/cotedivoire\/politique\/cote-divoire-issiaka-sangare-un-parti-nest-pas-un-bien-patrimonial#breadcrumb","itemListElement":[{"@type":"ListItem","position":1,"name":"Accueil","item":"https:\/\/www.africa-press.net\/cotedivoire\/"},{"@type":"ListItem","position":2,"name":"Issiaka Sangar\u00e9 : \u00ab Un parti n\u2019est pas un bien patrimonial \u00bb"}]},{"@type":"WebSite","@id":"https:\/\/www.africa-press.net\/cotedivoire\/#website","url":"https:\/\/www.africa-press.net\/cotedivoire\/","name":"C\u00f4te d&#039;Ivoire","description":"Just another Africa News Agency Sites site","potentialAction":[{"@type":"SearchAction","target":{"@type":"EntryPoint","urlTemplate":"https:\/\/www.africa-press.net\/cotedivoire\/?s={search_term_string}"},"query-input":{"@type":"PropertyValueSpecification","valueRequired":true,"valueName":"search_term_string"}}],"inLanguage":"fr-FR"},{"@type":"Person","@id":"https:\/\/www.africa-press.net\/cotedivoire\/#\/schema\/person\/2b1cf3cd81a31e3cd26889ca66d677f1","name":"cfeditorfr"}]}},"_links":{"self":[{"href":"https:\/\/www.africa-press.net\/cotedivoire\/wp-json\/wp\/v2\/posts\/11319","targetHints":{"allow":["GET"]}}],"collection":[{"href":"https:\/\/www.africa-press.net\/cotedivoire\/wp-json\/wp\/v2\/posts"}],"about":[{"href":"https:\/\/www.africa-press.net\/cotedivoire\/wp-json\/wp\/v2\/types\/post"}],"author":[{"embeddable":true,"href":"https:\/\/www.africa-press.net\/cotedivoire\/wp-json\/wp\/v2\/users\/82"}],"replies":[{"embeddable":true,"href":"https:\/\/www.africa-press.net\/cotedivoire\/wp-json\/wp\/v2\/comments?post=11319"}],"version-history":[{"count":0,"href":"https:\/\/www.africa-press.net\/cotedivoire\/wp-json\/wp\/v2\/posts\/11319\/revisions"}],"wp:featuredmedia":[{"embeddable":true,"href":"https:\/\/www.africa-press.net\/cotedivoire\/wp-json\/wp\/v2\/media\/11318"}],"wp:attachment":[{"href":"https:\/\/www.africa-press.net\/cotedivoire\/wp-json\/wp\/v2\/media?parent=11319"}],"wp:term":[{"taxonomy":"category","embeddable":true,"href":"https:\/\/www.africa-press.net\/cotedivoire\/wp-json\/wp\/v2\/categories?post=11319"},{"taxonomy":"post_tag","embeddable":true,"href":"https:\/\/www.africa-press.net\/cotedivoire\/wp-json\/wp\/v2\/tags?post=11319"}],"curies":[{"name":"wp","href":"https:\/\/api.w.org\/{rel}","templated":true}]}}