{"id":11322,"date":"2021-08-13T13:51:46","date_gmt":"2021-08-13T13:51:46","guid":{"rendered":"https:\/\/www.africa-press.net\/cotedivoire\/?p=11322"},"modified":"2021-08-13T20:49:34","modified_gmt":"2021-08-13T20:49:34","slug":"cote-divoire-le-ministre-koffi-nguessan-donne-le-coup-denvoi-de-la-rehabilitation-des-lycees-techniques-et-professionnels","status":"publish","type":"post","link":"https:\/\/www.africa-press.net\/cotedivoire\/culture-et-art\/cote-divoire-le-ministre-koffi-nguessan-donne-le-coup-denvoi-de-la-rehabilitation-des-lycees-techniques-et-professionnels","title":{"rendered":"Le ministre Koffi N\u2019guessan donne le coup d\u2019envoi de la r\u00e9habilitation des lyc\u00e9es techniques et professionnels"},"content":{"rendered":"<p><span style=\"color: #ff6600\"><strong><a href=\"https:\/\/www.africa-press.net\/\">Africa-Press<\/a> &#8211; <a href=\"https:\/\/www.africa-press.net\/cotedivoire\">C\u00f4te d&rsquo;Ivoire<\/a>. <\/strong><\/span>Envoy\u00e9 depuis moLe lyc\u00e9e technique d\u2019Abidjan a abrit\u00e9 mercredi la c\u00e9r\u00e9monie de lancement du programme d\u2019urgence de r\u00e9habilitation des \u00e9tablissements de formation professionnelle et technique. En donnant le coup d\u2019envoi de ce programme ambitieux du gouvernement \u00e0 travers le premier pinceau de peinture, le ministre Koffi N\u2019guessan qui a en charge ce d\u00e9partement entend redonner aux \u00e9l\u00e8ves, au corps enseignant et administratif le go\u00fbt du travail dans un environnement enviable et aux normes.<\/p>\n<p>Au lyc\u00e9e technique de Cocody, fleuron de l\u2019enseignement technique depuis les ann\u00e9es 60 (ce lyc\u00e9e est construit en 1959), les murs, les pelouses, les galeries sont en place. Mais un tour dans les b\u00e2timents permet de se rendre compte de la v\u00e9tust\u00e9 du mat\u00e9riel didactique avec des murs d\u00e9cr\u00e9pis, des plafonds en lambeaux, des machines frapp\u00e9es d\u2019obsolescence dont plusieurs ne fonctionnent m\u00eame plus. Les tables-bancs y compris ceux command\u00e9s en Chine par Kandia Camara en son temps laissent \u00e0 d\u00e9sirer. C\u2019est dans ces conditions drastiques que les enseignants au prix de mille efforts dans des classes surchauff\u00e9es donnent encore les cours.<\/p>\n<p>Koffi N\u2019guessan a eu droit \u00e0 une visite guid\u00e9e et a touch\u00e9 du doigt ces r\u00e9alit\u00e9s.<\/p>\n<p>Le lyc\u00e9e technique de Cocody va \u00eatre r\u00e9habilit\u00e9 et dans quelques mois cet environnement d\u00e9l\u00e9t\u00e8re sera un vieux souvenir. Certainement. Si l\u2019on en croit le directeur g\u00e9n\u00e9ral d\u2019Omni Travaux, l\u2019entreprise du groupe Snedai du magnat Adama Bictogo qui va ex\u00e9cuter les travaux. Diabat\u00e9 Boubakar, le Dg a rassur\u00e9 que les b\u00e2timents seront r\u00e9nov\u00e9s, les circuits \u00e9lectriques remis \u00e0 neufs et les ateliers \u00e9quip\u00e9s en machines d\u2019apprentissage de derni\u00e8re g\u00e9n\u00e9ration.<\/p>\n<p>Outre le lyc\u00e9e technique de Cocody, le programme prend en compte les lyc\u00e9es technique et professionnel de Yopougon et bien d\u2019autres \u00e0 l\u2019int\u00e9rieur du pays. Le montant global de ces r\u00e9habilitations-r\u00e9novations n\u2019a pas \u00e9t\u00e9 pr\u00e9cis\u00e9. Toujours est-il qu\u2019Omni Travaux a d\u00e9j\u00e0 install\u00e9 ses bases et les travaux ont d\u00e9marr\u00e9 ce jeudi sur le site de Cocody.<\/p>\n<p>Pour le ministre de l\u2019enseignement technique, de la formation professionnelle et de l\u2019apprentissage, la capacit\u00e9 d\u2019accueil de ce lyc\u00e9e devrait passer de 2000 \u00e0 3000 places apr\u00e8s sa r\u00e9habilitation. Face aux journalistes Koffi N\u2019guessan a annonc\u00e9 que la gestion des \u00e9tablissements professionnels et techniques va changer. Selon lui, le secteur priv\u00e9, les anciens \u00e9l\u00e8ves et tous ceux qui y ont des int\u00e9r\u00eats doivent apporter leur concours aussi bien dans la d\u00e9finition des curricula de formation que dans la gestion proprement dite des \u00e9tablissements. \u00ab Sinon on aura d\u00e9pens\u00e9 pour rien \u00bb, fait-il valoir.<\/p>\n<p>&nbsp;<\/p>\n","protected":false},"excerpt":{"rendered":"<p>Africa-Press &#8211; C\u00f4te d&rsquo;Ivoire. Envoy\u00e9 depuis moLe lyc\u00e9e technique d\u2019Abidjan a abrit\u00e9 mercredi la c\u00e9r\u00e9monie de lancement du programme d\u2019urgence de r\u00e9habilitation des \u00e9tablissements de formation professionnelle et technique. En donnant le coup d\u2019envoi de ce programme ambitieux du gouvernement \u00e0 travers le premier pinceau de peinture, le ministre Koffi N\u2019guessan qui a en charge [&hellip;]<\/p>\n","protected":false},"author":82,"featured_media":11321,"comment_status":"open","ping_status":"closed","sticky":false,"template":"","format":"standard","meta":{"footnotes":""},"categories":[5,11,10],"tags":[56,63,29],"class_list":["post-11322","post","type-post","status-publish","format-standard","has-post-thumbnail","hentry","category-culture-et-art","category-homepage-french","category-toutes-les-actualites","tag-africa-press","tag-africa-press-cote-divoire","tag-cote-divoire"],"yoast_head":"<!-- This site is optimized with the Yoast SEO Premium plugin v26.1 (Yoast SEO v27.0) - https:\/\/yoast.com\/product\/yoast-seo-premium-wordpress\/ -->\n<title>Le ministre Koffi N\u2019guessan donne le coup d\u2019envoi de la r\u00e9habilitation des lyc\u00e9es techniques et professionnels - C\u00f4te d&#039;Ivoire<\/title>\n<meta name=\"description\" content=\"Envoy\u00e9 depuis moLe lyc\u00e9e technique d\u2019Abidjan a abrit\u00e9 mercredi la c\u00e9r\u00e9monie de lancement du programme d\u2019urgence de r\u00e9hab ...\" \/>\n<meta name=\"robots\" content=\"index, follow, max-snippet:-1, max-image-preview:large, max-video-preview:-1\" \/>\n<link rel=\"canonical\" href=\"https:\/\/www.africa-press.net\/cotedivoire\/culture-et-art\/cote-divoire-le-ministre-koffi-nguessan-donne-le-coup-denvoi-de-la-rehabilitation-des-lycees-techniques-et-professionnels\" \/>\n<meta property=\"og:locale\" content=\"fr_FR\" \/>\n<meta property=\"og:type\" content=\"article\" \/>\n<meta property=\"og:title\" content=\"Le ministre Koffi N\u2019guessan donne le coup d\u2019envoi de la r\u00e9habilitation des lyc\u00e9es techniques et professionnels\" \/>\n<meta property=\"og:description\" content=\"Envoy\u00e9 depuis moLe lyc\u00e9e technique d\u2019Abidjan a abrit\u00e9 mercredi la c\u00e9r\u00e9monie de lancement du programme d\u2019urgence de r\u00e9hab ...\" \/>\n<meta property=\"og:url\" content=\"https:\/\/www.africa-press.net\/cotedivoire\/culture-et-art\/cote-divoire-le-ministre-koffi-nguessan-donne-le-coup-denvoi-de-la-rehabilitation-des-lycees-techniques-et-professionnels\" \/>\n<meta property=\"og:site_name\" content=\"C\u00f4te d&#039;Ivoire\" \/>\n<meta property=\"article:published_time\" content=\"2021-08-13T13:51:46+00:00\" \/>\n<meta property=\"article:modified_time\" content=\"2021-08-13T20:49:34+00:00\" \/>\n<meta property=\"og:image\" content=\"https:\/\/static.africa-press.net\/cote\/sites\/43\/2021\/08\/img-61166806ad18d.jpg\" \/>\n\t<meta property=\"og:image:width\" content=\"1920\" \/>\n\t<meta property=\"og:image:height\" content=\"1084\" \/>\n\t<meta property=\"og:image:type\" content=\"image\/jpeg\" \/>\n<meta name=\"author\" content=\"cfeditorfr\" \/>\n<meta name=\"twitter:card\" content=\"summary_large_image\" \/>\n<meta name=\"twitter:label1\" content=\"\u00c9crit par\" \/>\n\t<meta name=\"twitter:data1\" content=\"cfeditorfr\" \/>\n\t<meta name=\"twitter:label2\" content=\"Dur\u00e9e de lecture estim\u00e9e\" \/>\n\t<meta name=\"twitter:data2\" content=\"2 minutes\" \/>\n<script type=\"application\/ld+json\" class=\"yoast-schema-graph\">{\"@context\":\"https:\/\/schema.org\",\"@graph\":[{\"@type\":\"Article\",\"@id\":\"https:\/\/www.africa-press.net\/cotedivoire\/culture-et-art\/cote-divoire-le-ministre-koffi-nguessan-donne-le-coup-denvoi-de-la-rehabilitation-des-lycees-techniques-et-professionnels#article\",\"isPartOf\":{\"@id\":\"https:\/\/www.africa-press.net\/cotedivoire\/culture-et-art\/cote-divoire-le-ministre-koffi-nguessan-donne-le-coup-denvoi-de-la-rehabilitation-des-lycees-techniques-et-professionnels\"},\"author\":{\"name\":\"cfeditorfr\",\"@id\":\"https:\/\/www.africa-press.net\/cotedivoire\/#\/schema\/person\/2b1cf3cd81a31e3cd26889ca66d677f1\"},\"headline\":\"Le ministre Koffi N\u2019guessan donne le coup d\u2019envoi de la r\u00e9habilitation des lyc\u00e9es techniques et professionnels\",\"datePublished\":\"2021-08-13T13:51:46+00:00\",\"dateModified\":\"2021-08-13T20:49:34+00:00\",\"mainEntityOfPage\":{\"@id\":\"https:\/\/www.africa-press.net\/cotedivoire\/culture-et-art\/cote-divoire-le-ministre-koffi-nguessan-donne-le-coup-denvoi-de-la-rehabilitation-des-lycees-techniques-et-professionnels\"},\"wordCount\":497,\"commentCount\":0,\"image\":{\"@id\":\"https:\/\/www.africa-press.net\/cotedivoire\/culture-et-art\/cote-divoire-le-ministre-koffi-nguessan-donne-le-coup-denvoi-de-la-rehabilitation-des-lycees-techniques-et-professionnels#primaryimage\"},\"thumbnailUrl\":\"https:\/\/static.africa-press.net\/cote\/sites\/43\/2021\/08\/img-61166806ad18d.jpg\",\"keywords\":[\"Africa Press\",\"Africa Press-C\u00f4te d'Ivoire\",\"C\u00d4TE D'IVOIRE\"],\"articleSection\":[\"Culture et Art\",\"homepage-french\",\"Toutes les actualit\u00e9s\"],\"inLanguage\":\"fr-FR\",\"potentialAction\":[{\"@type\":\"CommentAction\",\"name\":\"Comment\",\"target\":[\"https:\/\/www.africa-press.net\/cotedivoire\/culture-et-art\/cote-divoire-le-ministre-koffi-nguessan-donne-le-coup-denvoi-de-la-rehabilitation-des-lycees-techniques-et-professionnels#respond\"]}]},{\"@type\":\"WebPage\",\"@id\":\"https:\/\/www.africa-press.net\/cotedivoire\/culture-et-art\/cote-divoire-le-ministre-koffi-nguessan-donne-le-coup-denvoi-de-la-rehabilitation-des-lycees-techniques-et-professionnels\",\"url\":\"https:\/\/www.africa-press.net\/cotedivoire\/culture-et-art\/cote-divoire-le-ministre-koffi-nguessan-donne-le-coup-denvoi-de-la-rehabilitation-des-lycees-techniques-et-professionnels\",\"name\":\"Le ministre Koffi N\u2019guessan donne le coup d\u2019envoi de la r\u00e9habilitation des lyc\u00e9es techniques et professionnels - C\u00f4te d&#039;Ivoire\",\"isPartOf\":{\"@id\":\"https:\/\/www.africa-press.net\/cotedivoire\/#website\"},\"primaryImageOfPage\":{\"@id\":\"https:\/\/www.africa-press.net\/cotedivoire\/culture-et-art\/cote-divoire-le-ministre-koffi-nguessan-donne-le-coup-denvoi-de-la-rehabilitation-des-lycees-techniques-et-professionnels#primaryimage\"},\"image\":{\"@id\":\"https:\/\/www.africa-press.net\/cotedivoire\/culture-et-art\/cote-divoire-le-ministre-koffi-nguessan-donne-le-coup-denvoi-de-la-rehabilitation-des-lycees-techniques-et-professionnels#primaryimage\"},\"thumbnailUrl\":\"https:\/\/static.africa-press.net\/cote\/sites\/43\/2021\/08\/img-61166806ad18d.jpg\",\"datePublished\":\"2021-08-13T13:51:46+00:00\",\"dateModified\":\"2021-08-13T20:49:34+00:00\",\"author\":{\"@id\":\"https:\/\/www.africa-press.net\/cotedivoire\/#\/schema\/person\/2b1cf3cd81a31e3cd26889ca66d677f1\"},\"description\":\"Envoy\u00e9 depuis moLe lyc\u00e9e technique d\u2019Abidjan a abrit\u00e9 mercredi la c\u00e9r\u00e9monie de lancement du programme d\u2019urgence de r\u00e9hab ...\",\"breadcrumb\":{\"@id\":\"https:\/\/www.africa-press.net\/cotedivoire\/culture-et-art\/cote-divoire-le-ministre-koffi-nguessan-donne-le-coup-denvoi-de-la-rehabilitation-des-lycees-techniques-et-professionnels#breadcrumb\"},\"inLanguage\":\"fr-FR\",\"potentialAction\":[{\"@type\":\"ReadAction\",\"target\":[\"https:\/\/www.africa-press.net\/cotedivoire\/culture-et-art\/cote-divoire-le-ministre-koffi-nguessan-donne-le-coup-denvoi-de-la-rehabilitation-des-lycees-techniques-et-professionnels\"]}]},{\"@type\":\"ImageObject\",\"inLanguage\":\"fr-FR\",\"@id\":\"https:\/\/www.africa-press.net\/cotedivoire\/culture-et-art\/cote-divoire-le-ministre-koffi-nguessan-donne-le-coup-denvoi-de-la-rehabilitation-des-lycees-techniques-et-professionnels#primaryimage\",\"url\":\"https:\/\/static.africa-press.net\/cote\/sites\/43\/2021\/08\/img-61166806ad18d.jpg\",\"contentUrl\":\"https:\/\/static.africa-press.net\/cote\/sites\/43\/2021\/08\/img-61166806ad18d.jpg\",\"width\":1920,\"height\":1084,\"caption\":\"C\u00f4te-d\u2019Ivoire: Le ministre Koffi N\u2019guessan donne le coup d\u2019envoi de la r\u00e9habilitation des lyc\u00e9es techniques et professionnels\"},{\"@type\":\"BreadcrumbList\",\"@id\":\"https:\/\/www.africa-press.net\/cotedivoire\/culture-et-art\/cote-divoire-le-ministre-koffi-nguessan-donne-le-coup-denvoi-de-la-rehabilitation-des-lycees-techniques-et-professionnels#breadcrumb\",\"itemListElement\":[{\"@type\":\"ListItem\",\"position\":1,\"name\":\"Accueil\",\"item\":\"https:\/\/www.africa-press.net\/cotedivoire\/\"},{\"@type\":\"ListItem\",\"position\":2,\"name\":\"Le ministre Koffi N\u2019guessan donne le coup d\u2019envoi de la r\u00e9habilitation des lyc\u00e9es techniques et professionnels\"}]},{\"@type\":\"WebSite\",\"@id\":\"https:\/\/www.africa-press.net\/cotedivoire\/#website\",\"url\":\"https:\/\/www.africa-press.net\/cotedivoire\/\",\"name\":\"C\u00f4te d&#039;Ivoire\",\"description\":\"Just another Africa News Agency Sites site\",\"potentialAction\":[{\"@type\":\"SearchAction\",\"target\":{\"@type\":\"EntryPoint\",\"urlTemplate\":\"https:\/\/www.africa-press.net\/cotedivoire\/?s={search_term_string}\"},\"query-input\":{\"@type\":\"PropertyValueSpecification\",\"valueRequired\":true,\"valueName\":\"search_term_string\"}}],\"inLanguage\":\"fr-FR\"},{\"@type\":\"Person\",\"@id\":\"https:\/\/www.africa-press.net\/cotedivoire\/#\/schema\/person\/2b1cf3cd81a31e3cd26889ca66d677f1\",\"name\":\"cfeditorfr\"}]}<\/script>\n<!-- \/ Yoast SEO Premium plugin. -->","yoast_head_json":{"title":"Le ministre Koffi N\u2019guessan donne le coup d\u2019envoi de la r\u00e9habilitation des lyc\u00e9es techniques et professionnels - C\u00f4te d&#039;Ivoire","description":"Envoy\u00e9 depuis moLe lyc\u00e9e technique d\u2019Abidjan a abrit\u00e9 mercredi la c\u00e9r\u00e9monie de lancement du programme d\u2019urgence de r\u00e9hab ...","robots":{"index":"index","follow":"follow","max-snippet":"max-snippet:-1","max-image-preview":"max-image-preview:large","max-video-preview":"max-video-preview:-1"},"canonical":"https:\/\/www.africa-press.net\/cotedivoire\/culture-et-art\/cote-divoire-le-ministre-koffi-nguessan-donne-le-coup-denvoi-de-la-rehabilitation-des-lycees-techniques-et-professionnels","og_locale":"fr_FR","og_type":"article","og_title":"Le ministre Koffi N\u2019guessan donne le coup d\u2019envoi de la r\u00e9habilitation des lyc\u00e9es techniques et professionnels","og_description":"Envoy\u00e9 depuis moLe lyc\u00e9e technique d\u2019Abidjan a abrit\u00e9 mercredi la c\u00e9r\u00e9monie de lancement du programme d\u2019urgence de r\u00e9hab ...","og_url":"https:\/\/www.africa-press.net\/cotedivoire\/culture-et-art\/cote-divoire-le-ministre-koffi-nguessan-donne-le-coup-denvoi-de-la-rehabilitation-des-lycees-techniques-et-professionnels","og_site_name":"C\u00f4te d&#039;Ivoire","article_published_time":"2021-08-13T13:51:46+00:00","article_modified_time":"2021-08-13T20:49:34+00:00","og_image":[{"width":1920,"height":1084,"url":"https:\/\/static.africa-press.net\/cote\/sites\/43\/2021\/08\/img-61166806ad18d.jpg","type":"image\/jpeg"}],"author":"cfeditorfr","twitter_card":"summary_large_image","twitter_misc":{"\u00c9crit par":"cfeditorfr","Dur\u00e9e de lecture estim\u00e9e":"2 minutes"},"schema":{"@context":"https:\/\/schema.org","@graph":[{"@type":"Article","@id":"https:\/\/www.africa-press.net\/cotedivoire\/culture-et-art\/cote-divoire-le-ministre-koffi-nguessan-donne-le-coup-denvoi-de-la-rehabilitation-des-lycees-techniques-et-professionnels#article","isPartOf":{"@id":"https:\/\/www.africa-press.net\/cotedivoire\/culture-et-art\/cote-divoire-le-ministre-koffi-nguessan-donne-le-coup-denvoi-de-la-rehabilitation-des-lycees-techniques-et-professionnels"},"author":{"name":"cfeditorfr","@id":"https:\/\/www.africa-press.net\/cotedivoire\/#\/schema\/person\/2b1cf3cd81a31e3cd26889ca66d677f1"},"headline":"Le ministre Koffi N\u2019guessan donne le coup d\u2019envoi de la r\u00e9habilitation des lyc\u00e9es techniques et professionnels","datePublished":"2021-08-13T13:51:46+00:00","dateModified":"2021-08-13T20:49:34+00:00","mainEntityOfPage":{"@id":"https:\/\/www.africa-press.net\/cotedivoire\/culture-et-art\/cote-divoire-le-ministre-koffi-nguessan-donne-le-coup-denvoi-de-la-rehabilitation-des-lycees-techniques-et-professionnels"},"wordCount":497,"commentCount":0,"image":{"@id":"https:\/\/www.africa-press.net\/cotedivoire\/culture-et-art\/cote-divoire-le-ministre-koffi-nguessan-donne-le-coup-denvoi-de-la-rehabilitation-des-lycees-techniques-et-professionnels#primaryimage"},"thumbnailUrl":"https:\/\/static.africa-press.net\/cote\/sites\/43\/2021\/08\/img-61166806ad18d.jpg","keywords":["Africa Press","Africa Press-C\u00f4te d'Ivoire","C\u00d4TE D'IVOIRE"],"articleSection":["Culture et Art","homepage-french","Toutes les actualit\u00e9s"],"inLanguage":"fr-FR","potentialAction":[{"@type":"CommentAction","name":"Comment","target":["https:\/\/www.africa-press.net\/cotedivoire\/culture-et-art\/cote-divoire-le-ministre-koffi-nguessan-donne-le-coup-denvoi-de-la-rehabilitation-des-lycees-techniques-et-professionnels#respond"]}]},{"@type":"WebPage","@id":"https:\/\/www.africa-press.net\/cotedivoire\/culture-et-art\/cote-divoire-le-ministre-koffi-nguessan-donne-le-coup-denvoi-de-la-rehabilitation-des-lycees-techniques-et-professionnels","url":"https:\/\/www.africa-press.net\/cotedivoire\/culture-et-art\/cote-divoire-le-ministre-koffi-nguessan-donne-le-coup-denvoi-de-la-rehabilitation-des-lycees-techniques-et-professionnels","name":"Le ministre Koffi N\u2019guessan donne le coup d\u2019envoi de la r\u00e9habilitation des lyc\u00e9es techniques et professionnels - C\u00f4te d&#039;Ivoire","isPartOf":{"@id":"https:\/\/www.africa-press.net\/cotedivoire\/#website"},"primaryImageOfPage":{"@id":"https:\/\/www.africa-press.net\/cotedivoire\/culture-et-art\/cote-divoire-le-ministre-koffi-nguessan-donne-le-coup-denvoi-de-la-rehabilitation-des-lycees-techniques-et-professionnels#primaryimage"},"image":{"@id":"https:\/\/www.africa-press.net\/cotedivoire\/culture-et-art\/cote-divoire-le-ministre-koffi-nguessan-donne-le-coup-denvoi-de-la-rehabilitation-des-lycees-techniques-et-professionnels#primaryimage"},"thumbnailUrl":"https:\/\/static.africa-press.net\/cote\/sites\/43\/2021\/08\/img-61166806ad18d.jpg","datePublished":"2021-08-13T13:51:46+00:00","dateModified":"2021-08-13T20:49:34+00:00","author":{"@id":"https:\/\/www.africa-press.net\/cotedivoire\/#\/schema\/person\/2b1cf3cd81a31e3cd26889ca66d677f1"},"description":"Envoy\u00e9 depuis moLe lyc\u00e9e technique d\u2019Abidjan a abrit\u00e9 mercredi la c\u00e9r\u00e9monie de lancement du programme d\u2019urgence de r\u00e9hab ...","breadcrumb":{"@id":"https:\/\/www.africa-press.net\/cotedivoire\/culture-et-art\/cote-divoire-le-ministre-koffi-nguessan-donne-le-coup-denvoi-de-la-rehabilitation-des-lycees-techniques-et-professionnels#breadcrumb"},"inLanguage":"fr-FR","potentialAction":[{"@type":"ReadAction","target":["https:\/\/www.africa-press.net\/cotedivoire\/culture-et-art\/cote-divoire-le-ministre-koffi-nguessan-donne-le-coup-denvoi-de-la-rehabilitation-des-lycees-techniques-et-professionnels"]}]},{"@type":"ImageObject","inLanguage":"fr-FR","@id":"https:\/\/www.africa-press.net\/cotedivoire\/culture-et-art\/cote-divoire-le-ministre-koffi-nguessan-donne-le-coup-denvoi-de-la-rehabilitation-des-lycees-techniques-et-professionnels#primaryimage","url":"https:\/\/static.africa-press.net\/cote\/sites\/43\/2021\/08\/img-61166806ad18d.jpg","contentUrl":"https:\/\/static.africa-press.net\/cote\/sites\/43\/2021\/08\/img-61166806ad18d.jpg","width":1920,"height":1084,"caption":"C\u00f4te-d\u2019Ivoire: Le ministre Koffi N\u2019guessan donne le coup d\u2019envoi de la r\u00e9habilitation des lyc\u00e9es techniques et professionnels"},{"@type":"BreadcrumbList","@id":"https:\/\/www.africa-press.net\/cotedivoire\/culture-et-art\/cote-divoire-le-ministre-koffi-nguessan-donne-le-coup-denvoi-de-la-rehabilitation-des-lycees-techniques-et-professionnels#breadcrumb","itemListElement":[{"@type":"ListItem","position":1,"name":"Accueil","item":"https:\/\/www.africa-press.net\/cotedivoire\/"},{"@type":"ListItem","position":2,"name":"Le ministre Koffi N\u2019guessan donne le coup d\u2019envoi de la r\u00e9habilitation des lyc\u00e9es techniques et professionnels"}]},{"@type":"WebSite","@id":"https:\/\/www.africa-press.net\/cotedivoire\/#website","url":"https:\/\/www.africa-press.net\/cotedivoire\/","name":"C\u00f4te d&#039;Ivoire","description":"Just another Africa News Agency Sites site","potentialAction":[{"@type":"SearchAction","target":{"@type":"EntryPoint","urlTemplate":"https:\/\/www.africa-press.net\/cotedivoire\/?s={search_term_string}"},"query-input":{"@type":"PropertyValueSpecification","valueRequired":true,"valueName":"search_term_string"}}],"inLanguage":"fr-FR"},{"@type":"Person","@id":"https:\/\/www.africa-press.net\/cotedivoire\/#\/schema\/person\/2b1cf3cd81a31e3cd26889ca66d677f1","name":"cfeditorfr"}]}},"_links":{"self":[{"href":"https:\/\/www.africa-press.net\/cotedivoire\/wp-json\/wp\/v2\/posts\/11322","targetHints":{"allow":["GET"]}}],"collection":[{"href":"https:\/\/www.africa-press.net\/cotedivoire\/wp-json\/wp\/v2\/posts"}],"about":[{"href":"https:\/\/www.africa-press.net\/cotedivoire\/wp-json\/wp\/v2\/types\/post"}],"author":[{"embeddable":true,"href":"https:\/\/www.africa-press.net\/cotedivoire\/wp-json\/wp\/v2\/users\/82"}],"replies":[{"embeddable":true,"href":"https:\/\/www.africa-press.net\/cotedivoire\/wp-json\/wp\/v2\/comments?post=11322"}],"version-history":[{"count":0,"href":"https:\/\/www.africa-press.net\/cotedivoire\/wp-json\/wp\/v2\/posts\/11322\/revisions"}],"wp:featuredmedia":[{"embeddable":true,"href":"https:\/\/www.africa-press.net\/cotedivoire\/wp-json\/wp\/v2\/media\/11321"}],"wp:attachment":[{"href":"https:\/\/www.africa-press.net\/cotedivoire\/wp-json\/wp\/v2\/media?parent=11322"}],"wp:term":[{"taxonomy":"category","embeddable":true,"href":"https:\/\/www.africa-press.net\/cotedivoire\/wp-json\/wp\/v2\/categories?post=11322"},{"taxonomy":"post_tag","embeddable":true,"href":"https:\/\/www.africa-press.net\/cotedivoire\/wp-json\/wp\/v2\/tags?post=11322"}],"curies":[{"name":"wp","href":"https:\/\/api.w.org\/{rel}","templated":true}]}}