{"id":113287,"date":"2026-02-22T19:33:12","date_gmt":"2026-02-22T19:33:12","guid":{"rendered":"https:\/\/www.africa-press.net\/cotedivoire\/politique\/rebondissement-snedai-ex-daf-fugitif-saisit-ppef"},"modified":"2026-02-22T20:31:22","modified_gmt":"2026-02-22T20:31:22","slug":"rebondissement-snedai-ex-daf-fugitif-saisit-ppef","status":"publish","type":"post","link":"https:\/\/www.africa-press.net\/cotedivoire\/toutes-les-actualites\/rebondissement-snedai-ex-daf-fugitif-saisit-ppef","title":{"rendered":"Rebondissement SNEDAI Ex-DAF Fugitif Saisit PPEF"},"content":{"rendered":"<p><span style=\"color: #ff6600\"><strong>Africa-Press &#8211; C\u00f4te d&rsquo;Ivoire. <\/strong><\/span>Un rebondissement dans l\u2019affaire du groupe SNEDAI (Socie\u0301te\u0301 Nationale d&rsquo;Edition de Documents Administratifs et d&rsquo;Identification) fonde\u0301 par l\u2019homme politique, proche du pouvoir, Adama Bictogo.<\/p>\n<p>Nous apprenons que, apre\u0300s sa condamnation pour \u00ab de\u0301tournement de fonds \u00bb par Po\u0302le Pe\u0301nal, Economique et Financier (PPEF), l\u2019ex Directeur Administratif et Financier (DAF), N&rsquo;Da Hive\u0301 Kouame\u0301, toujours en fuite a de\u0301cide\u0301 d\u2019apporter la re\u0301plique a\u0300 la justice.<\/p>\n<p>Selon nos informations, il a saisi le PPEF, pour faire opposition au jugement qui l&rsquo;avait condamne\u0301 a\u0300 7 ans de prison ferme, 5,538 milliards de FCFA d&rsquo;amende.<\/p>\n<p>Il serait donc pre\u0302t se mettre a\u0300 la disposition de la justice, dire sa part de ve\u0301rite\u0301, dans cette affaire qui porte sur le de\u0301tournement de fonds et le blanchiment des capitaux.<\/p>\n<p><strong>Pour plus d&rsquo;informations et d&rsquo;analyses sur la <span style=\"color: #ff6600\">C\u00f4te d&rsquo;Ivoire<\/span>, suivez <span style=\"color: #ff6600\">Africa-Press<\/span><\/strong><\/p>\n","protected":false},"excerpt":{"rendered":"<p>Africa-Press &#8211; C\u00f4te d&rsquo;Ivoire. Un rebondissement dans l\u2019affaire du groupe SNEDAI (Socie\u0301te\u0301 Nationale d&rsquo;Edition de Documents Administratifs et d&rsquo;Identification) fonde\u0301 par l\u2019homme politique, proche du pouvoir, Adama Bictogo. Nous apprenons que, apre\u0300s sa condamnation pour \u00ab de\u0301tournement de fonds \u00bb par Po\u0302le Pe\u0301nal, Economique et Financier (PPEF), l\u2019ex Directeur Administratif et Financier (DAF), N&rsquo;Da Hive\u0301 [&hellip;]<\/p>\n","protected":false},"author":82,"featured_media":113286,"comment_status":"open","ping_status":"closed","sticky":false,"template":"","format":"standard","meta":{"footnotes":""},"categories":[21,10],"tags":[1265,29,2824,8570,20433,5958,6436],"class_list":["post-113287","post","type-post","status-publish","format-standard","has-post-thumbnail","hentry","category-communaute","category-toutes-les-actualites","tag-adama-bictogo","tag-cote-divoire","tag-daf","tag-jugement","tag-nda-kouame","tag-ppef","tag-snedai"],"yoast_head":"<!-- This site is optimized with the Yoast SEO Premium plugin v26.1 (Yoast SEO v27.0) - https:\/\/yoast.com\/product\/yoast-seo-premium-wordpress\/ -->\n<title>Rebondissement SNEDAI Ex-DAF Fugitif Saisit PPEF - C\u00f4te d&#039;Ivoire<\/title>\n<meta name=\"description\" content=\"Un rebondissement dans l\u2019affaire du groupe SNEDAI (Socie\u0301te\u0301 Nationale d&#039;Edition de Documents Administratifs et d&#039;Identi ...\" \/>\n<meta name=\"robots\" content=\"index, follow, max-snippet:-1, max-image-preview:large, max-video-preview:-1\" \/>\n<link rel=\"canonical\" href=\"https:\/\/www.africa-press.net\/cotedivoire\/toutes-les-actualites\/rebondissement-snedai-ex-daf-fugitif-saisit-ppef\" \/>\n<meta property=\"og:locale\" content=\"fr_FR\" \/>\n<meta property=\"og:type\" content=\"article\" \/>\n<meta property=\"og:title\" content=\"Rebondissement SNEDAI Ex-DAF Fugitif Saisit PPEF\" \/>\n<meta property=\"og:description\" content=\"Un rebondissement dans l\u2019affaire du groupe SNEDAI (Socie\u0301te\u0301 Nationale d&#039;Edition de Documents Administratifs et d&#039;Identi ...\" \/>\n<meta property=\"og:url\" content=\"https:\/\/www.africa-press.net\/cotedivoire\/toutes-les-actualites\/rebondissement-snedai-ex-daf-fugitif-saisit-ppef\" \/>\n<meta property=\"og:site_name\" content=\"C\u00f4te d&#039;Ivoire\" \/>\n<meta property=\"article:published_time\" content=\"2026-02-22T19:33:12+00:00\" \/>\n<meta property=\"article:modified_time\" content=\"2026-02-22T20:31:22+00:00\" \/>\n<meta property=\"og:image\" content=\"https:\/\/static.africa-press.net\/cote\/sites\/43\/2026\/02\/sm_1771779527.710698.jpg\" \/>\n\t<meta property=\"og:image:width\" content=\"720\" \/>\n\t<meta property=\"og:image:height\" content=\"480\" \/>\n\t<meta property=\"og:image:type\" content=\"image\/jpeg\" \/>\n<meta name=\"author\" content=\"cfeditorfr\" \/>\n<meta name=\"twitter:card\" content=\"summary_large_image\" \/>\n<meta name=\"twitter:label1\" content=\"\u00c9crit par\" \/>\n\t<meta name=\"twitter:data1\" content=\"cfeditorfr\" \/>\n\t<meta name=\"twitter:label2\" content=\"Dur\u00e9e de lecture estim\u00e9e\" \/>\n\t<meta name=\"twitter:data2\" content=\"1 minute\" \/>\n<script type=\"application\/ld+json\" class=\"yoast-schema-graph\">{\"@context\":\"https:\/\/schema.org\",\"@graph\":[{\"@type\":\"Article\",\"@id\":\"https:\/\/www.africa-press.net\/cotedivoire\/toutes-les-actualites\/rebondissement-snedai-ex-daf-fugitif-saisit-ppef#article\",\"isPartOf\":{\"@id\":\"https:\/\/www.africa-press.net\/cotedivoire\/toutes-les-actualites\/rebondissement-snedai-ex-daf-fugitif-saisit-ppef\"},\"author\":{\"name\":\"cfeditorfr\",\"@id\":\"https:\/\/www.africa-press.net\/cotedivoire\/#\/schema\/person\/2b1cf3cd81a31e3cd26889ca66d677f1\"},\"headline\":\"Rebondissement SNEDAI Ex-DAF Fugitif Saisit PPEF\",\"datePublished\":\"2026-02-22T19:33:12+00:00\",\"dateModified\":\"2026-02-22T20:31:22+00:00\",\"mainEntityOfPage\":{\"@id\":\"https:\/\/www.africa-press.net\/cotedivoire\/toutes-les-actualites\/rebondissement-snedai-ex-daf-fugitif-saisit-ppef\"},\"wordCount\":164,\"commentCount\":0,\"image\":{\"@id\":\"https:\/\/www.africa-press.net\/cotedivoire\/toutes-les-actualites\/rebondissement-snedai-ex-daf-fugitif-saisit-ppef#primaryimage\"},\"thumbnailUrl\":\"https:\/\/static.africa-press.net\/cote\/sites\/43\/2026\/02\/sm_1771779527.710698.jpg\",\"keywords\":[\"Adama Bictogo\",\"C\u00d4TE D'IVOIRE\",\"DAF\",\"jugement\",\"N'Da Kouam\u00e9\",\"PPEF\",\"Snedai\"],\"articleSection\":[\"Communaut\u00e9\",\"Toutes les actualit\u00e9s\"],\"inLanguage\":\"fr-FR\",\"potentialAction\":[{\"@type\":\"CommentAction\",\"name\":\"Comment\",\"target\":[\"https:\/\/www.africa-press.net\/cotedivoire\/toutes-les-actualites\/rebondissement-snedai-ex-daf-fugitif-saisit-ppef#respond\"]}]},{\"@type\":\"WebPage\",\"@id\":\"https:\/\/www.africa-press.net\/cotedivoire\/toutes-les-actualites\/rebondissement-snedai-ex-daf-fugitif-saisit-ppef\",\"url\":\"https:\/\/www.africa-press.net\/cotedivoire\/toutes-les-actualites\/rebondissement-snedai-ex-daf-fugitif-saisit-ppef\",\"name\":\"Rebondissement SNEDAI Ex-DAF Fugitif Saisit PPEF - C\u00f4te d&#039;Ivoire\",\"isPartOf\":{\"@id\":\"https:\/\/www.africa-press.net\/cotedivoire\/#website\"},\"primaryImageOfPage\":{\"@id\":\"https:\/\/www.africa-press.net\/cotedivoire\/toutes-les-actualites\/rebondissement-snedai-ex-daf-fugitif-saisit-ppef#primaryimage\"},\"image\":{\"@id\":\"https:\/\/www.africa-press.net\/cotedivoire\/toutes-les-actualites\/rebondissement-snedai-ex-daf-fugitif-saisit-ppef#primaryimage\"},\"thumbnailUrl\":\"https:\/\/static.africa-press.net\/cote\/sites\/43\/2026\/02\/sm_1771779527.710698.jpg\",\"datePublished\":\"2026-02-22T19:33:12+00:00\",\"dateModified\":\"2026-02-22T20:31:22+00:00\",\"author\":{\"@id\":\"https:\/\/www.africa-press.net\/cotedivoire\/#\/schema\/person\/2b1cf3cd81a31e3cd26889ca66d677f1\"},\"description\":\"Un rebondissement dans l\u2019affaire du groupe SNEDAI (Socie\u0301te\u0301 Nationale d'Edition de Documents Administratifs et d'Identi ...\",\"breadcrumb\":{\"@id\":\"https:\/\/www.africa-press.net\/cotedivoire\/toutes-les-actualites\/rebondissement-snedai-ex-daf-fugitif-saisit-ppef#breadcrumb\"},\"inLanguage\":\"fr-FR\",\"potentialAction\":[{\"@type\":\"ReadAction\",\"target\":[\"https:\/\/www.africa-press.net\/cotedivoire\/toutes-les-actualites\/rebondissement-snedai-ex-daf-fugitif-saisit-ppef\"]}]},{\"@type\":\"ImageObject\",\"inLanguage\":\"fr-FR\",\"@id\":\"https:\/\/www.africa-press.net\/cotedivoire\/toutes-les-actualites\/rebondissement-snedai-ex-daf-fugitif-saisit-ppef#primaryimage\",\"url\":\"https:\/\/static.africa-press.net\/cote\/sites\/43\/2026\/02\/sm_1771779527.710698.jpg\",\"contentUrl\":\"https:\/\/static.africa-press.net\/cote\/sites\/43\/2026\/02\/sm_1771779527.710698.jpg\",\"width\":720,\"height\":480,\"caption\":\"Rebondissement SNEDAI Ex-DAF Fugitif Saisit PPEF\"},{\"@type\":\"BreadcrumbList\",\"@id\":\"https:\/\/www.africa-press.net\/cotedivoire\/toutes-les-actualites\/rebondissement-snedai-ex-daf-fugitif-saisit-ppef#breadcrumb\",\"itemListElement\":[{\"@type\":\"ListItem\",\"position\":1,\"name\":\"Accueil\",\"item\":\"https:\/\/www.africa-press.net\/cotedivoire\/\"},{\"@type\":\"ListItem\",\"position\":2,\"name\":\"Rebondissement SNEDAI Ex-DAF Fugitif Saisit PPEF\"}]},{\"@type\":\"WebSite\",\"@id\":\"https:\/\/www.africa-press.net\/cotedivoire\/#website\",\"url\":\"https:\/\/www.africa-press.net\/cotedivoire\/\",\"name\":\"C\u00f4te d&#039;Ivoire\",\"description\":\"Just another Africa News Agency Sites site\",\"potentialAction\":[{\"@type\":\"SearchAction\",\"target\":{\"@type\":\"EntryPoint\",\"urlTemplate\":\"https:\/\/www.africa-press.net\/cotedivoire\/?s={search_term_string}\"},\"query-input\":{\"@type\":\"PropertyValueSpecification\",\"valueRequired\":true,\"valueName\":\"search_term_string\"}}],\"inLanguage\":\"fr-FR\"},{\"@type\":\"Person\",\"@id\":\"https:\/\/www.africa-press.net\/cotedivoire\/#\/schema\/person\/2b1cf3cd81a31e3cd26889ca66d677f1\",\"name\":\"cfeditorfr\"}]}<\/script>\n<!-- \/ Yoast SEO Premium plugin. -->","yoast_head_json":{"title":"Rebondissement SNEDAI Ex-DAF Fugitif Saisit PPEF - C\u00f4te d&#039;Ivoire","description":"Un rebondissement dans l\u2019affaire du groupe SNEDAI (Socie\u0301te\u0301 Nationale d'Edition de Documents Administratifs et d'Identi ...","robots":{"index":"index","follow":"follow","max-snippet":"max-snippet:-1","max-image-preview":"max-image-preview:large","max-video-preview":"max-video-preview:-1"},"canonical":"https:\/\/www.africa-press.net\/cotedivoire\/toutes-les-actualites\/rebondissement-snedai-ex-daf-fugitif-saisit-ppef","og_locale":"fr_FR","og_type":"article","og_title":"Rebondissement SNEDAI Ex-DAF Fugitif Saisit PPEF","og_description":"Un rebondissement dans l\u2019affaire du groupe SNEDAI (Socie\u0301te\u0301 Nationale d'Edition de Documents Administratifs et d'Identi ...","og_url":"https:\/\/www.africa-press.net\/cotedivoire\/toutes-les-actualites\/rebondissement-snedai-ex-daf-fugitif-saisit-ppef","og_site_name":"C\u00f4te d&#039;Ivoire","article_published_time":"2026-02-22T19:33:12+00:00","article_modified_time":"2026-02-22T20:31:22+00:00","og_image":[{"width":720,"height":480,"url":"https:\/\/static.africa-press.net\/cote\/sites\/43\/2026\/02\/sm_1771779527.710698.jpg","type":"image\/jpeg"}],"author":"cfeditorfr","twitter_card":"summary_large_image","twitter_misc":{"\u00c9crit par":"cfeditorfr","Dur\u00e9e de lecture estim\u00e9e":"1 minute"},"schema":{"@context":"https:\/\/schema.org","@graph":[{"@type":"Article","@id":"https:\/\/www.africa-press.net\/cotedivoire\/toutes-les-actualites\/rebondissement-snedai-ex-daf-fugitif-saisit-ppef#article","isPartOf":{"@id":"https:\/\/www.africa-press.net\/cotedivoire\/toutes-les-actualites\/rebondissement-snedai-ex-daf-fugitif-saisit-ppef"},"author":{"name":"cfeditorfr","@id":"https:\/\/www.africa-press.net\/cotedivoire\/#\/schema\/person\/2b1cf3cd81a31e3cd26889ca66d677f1"},"headline":"Rebondissement SNEDAI Ex-DAF Fugitif Saisit PPEF","datePublished":"2026-02-22T19:33:12+00:00","dateModified":"2026-02-22T20:31:22+00:00","mainEntityOfPage":{"@id":"https:\/\/www.africa-press.net\/cotedivoire\/toutes-les-actualites\/rebondissement-snedai-ex-daf-fugitif-saisit-ppef"},"wordCount":164,"commentCount":0,"image":{"@id":"https:\/\/www.africa-press.net\/cotedivoire\/toutes-les-actualites\/rebondissement-snedai-ex-daf-fugitif-saisit-ppef#primaryimage"},"thumbnailUrl":"https:\/\/static.africa-press.net\/cote\/sites\/43\/2026\/02\/sm_1771779527.710698.jpg","keywords":["Adama Bictogo","C\u00d4TE D'IVOIRE","DAF","jugement","N'Da Kouam\u00e9","PPEF","Snedai"],"articleSection":["Communaut\u00e9","Toutes les actualit\u00e9s"],"inLanguage":"fr-FR","potentialAction":[{"@type":"CommentAction","name":"Comment","target":["https:\/\/www.africa-press.net\/cotedivoire\/toutes-les-actualites\/rebondissement-snedai-ex-daf-fugitif-saisit-ppef#respond"]}]},{"@type":"WebPage","@id":"https:\/\/www.africa-press.net\/cotedivoire\/toutes-les-actualites\/rebondissement-snedai-ex-daf-fugitif-saisit-ppef","url":"https:\/\/www.africa-press.net\/cotedivoire\/toutes-les-actualites\/rebondissement-snedai-ex-daf-fugitif-saisit-ppef","name":"Rebondissement SNEDAI Ex-DAF Fugitif Saisit PPEF - C\u00f4te d&#039;Ivoire","isPartOf":{"@id":"https:\/\/www.africa-press.net\/cotedivoire\/#website"},"primaryImageOfPage":{"@id":"https:\/\/www.africa-press.net\/cotedivoire\/toutes-les-actualites\/rebondissement-snedai-ex-daf-fugitif-saisit-ppef#primaryimage"},"image":{"@id":"https:\/\/www.africa-press.net\/cotedivoire\/toutes-les-actualites\/rebondissement-snedai-ex-daf-fugitif-saisit-ppef#primaryimage"},"thumbnailUrl":"https:\/\/static.africa-press.net\/cote\/sites\/43\/2026\/02\/sm_1771779527.710698.jpg","datePublished":"2026-02-22T19:33:12+00:00","dateModified":"2026-02-22T20:31:22+00:00","author":{"@id":"https:\/\/www.africa-press.net\/cotedivoire\/#\/schema\/person\/2b1cf3cd81a31e3cd26889ca66d677f1"},"description":"Un rebondissement dans l\u2019affaire du groupe SNEDAI (Socie\u0301te\u0301 Nationale d'Edition de Documents Administratifs et d'Identi ...","breadcrumb":{"@id":"https:\/\/www.africa-press.net\/cotedivoire\/toutes-les-actualites\/rebondissement-snedai-ex-daf-fugitif-saisit-ppef#breadcrumb"},"inLanguage":"fr-FR","potentialAction":[{"@type":"ReadAction","target":["https:\/\/www.africa-press.net\/cotedivoire\/toutes-les-actualites\/rebondissement-snedai-ex-daf-fugitif-saisit-ppef"]}]},{"@type":"ImageObject","inLanguage":"fr-FR","@id":"https:\/\/www.africa-press.net\/cotedivoire\/toutes-les-actualites\/rebondissement-snedai-ex-daf-fugitif-saisit-ppef#primaryimage","url":"https:\/\/static.africa-press.net\/cote\/sites\/43\/2026\/02\/sm_1771779527.710698.jpg","contentUrl":"https:\/\/static.africa-press.net\/cote\/sites\/43\/2026\/02\/sm_1771779527.710698.jpg","width":720,"height":480,"caption":"Rebondissement SNEDAI Ex-DAF Fugitif Saisit PPEF"},{"@type":"BreadcrumbList","@id":"https:\/\/www.africa-press.net\/cotedivoire\/toutes-les-actualites\/rebondissement-snedai-ex-daf-fugitif-saisit-ppef#breadcrumb","itemListElement":[{"@type":"ListItem","position":1,"name":"Accueil","item":"https:\/\/www.africa-press.net\/cotedivoire\/"},{"@type":"ListItem","position":2,"name":"Rebondissement SNEDAI Ex-DAF Fugitif Saisit PPEF"}]},{"@type":"WebSite","@id":"https:\/\/www.africa-press.net\/cotedivoire\/#website","url":"https:\/\/www.africa-press.net\/cotedivoire\/","name":"C\u00f4te d&#039;Ivoire","description":"Just another Africa News Agency Sites site","potentialAction":[{"@type":"SearchAction","target":{"@type":"EntryPoint","urlTemplate":"https:\/\/www.africa-press.net\/cotedivoire\/?s={search_term_string}"},"query-input":{"@type":"PropertyValueSpecification","valueRequired":true,"valueName":"search_term_string"}}],"inLanguage":"fr-FR"},{"@type":"Person","@id":"https:\/\/www.africa-press.net\/cotedivoire\/#\/schema\/person\/2b1cf3cd81a31e3cd26889ca66d677f1","name":"cfeditorfr"}]}},"_links":{"self":[{"href":"https:\/\/www.africa-press.net\/cotedivoire\/wp-json\/wp\/v2\/posts\/113287","targetHints":{"allow":["GET"]}}],"collection":[{"href":"https:\/\/www.africa-press.net\/cotedivoire\/wp-json\/wp\/v2\/posts"}],"about":[{"href":"https:\/\/www.africa-press.net\/cotedivoire\/wp-json\/wp\/v2\/types\/post"}],"author":[{"embeddable":true,"href":"https:\/\/www.africa-press.net\/cotedivoire\/wp-json\/wp\/v2\/users\/82"}],"replies":[{"embeddable":true,"href":"https:\/\/www.africa-press.net\/cotedivoire\/wp-json\/wp\/v2\/comments?post=113287"}],"version-history":[{"count":0,"href":"https:\/\/www.africa-press.net\/cotedivoire\/wp-json\/wp\/v2\/posts\/113287\/revisions"}],"wp:featuredmedia":[{"embeddable":true,"href":"https:\/\/www.africa-press.net\/cotedivoire\/wp-json\/wp\/v2\/media\/113286"}],"wp:attachment":[{"href":"https:\/\/www.africa-press.net\/cotedivoire\/wp-json\/wp\/v2\/media?parent=113287"}],"wp:term":[{"taxonomy":"category","embeddable":true,"href":"https:\/\/www.africa-press.net\/cotedivoire\/wp-json\/wp\/v2\/categories?post=113287"},{"taxonomy":"post_tag","embeddable":true,"href":"https:\/\/www.africa-press.net\/cotedivoire\/wp-json\/wp\/v2\/tags?post=113287"}],"curies":[{"name":"wp","href":"https:\/\/api.w.org\/{rel}","templated":true}]}}