{"id":113333,"date":"2026-02-23T13:17:19","date_gmt":"2026-02-23T13:17:19","guid":{"rendered":"https:\/\/www.africa-press.net\/cotedivoire\/politique\/pdci-rda-triomphe-a-toumodi-et-montre-sa-force"},"modified":"2026-02-23T13:22:37","modified_gmt":"2026-02-23T13:22:37","slug":"pdci-rda-triomphe-a-toumodi-et-montre-sa-force","status":"publish","type":"post","link":"https:\/\/www.africa-press.net\/cotedivoire\/politique\/pdci-rda-triomphe-a-toumodi-et-montre-sa-force","title":{"rendered":"PDCI-RDA Triomphe \u00e0 Toumodi et Montre Sa Force"},"content":{"rendered":"<p><span style=\"color: #ff6600\"><strong>Africa-Press &#8211; C\u00f4te d&rsquo;Ivoire. <\/strong><\/span>La reprise des e\u0301lections le\u0301gislatives dans la circonscription de Toumodi-Commune restera comme l\u2019un des e\u0301pisodes politiques les plus re\u0301ve\u0301lateurs de la dynamique actuelle du Parti de\u0301mocratique de Co\u0302te d&rsquo;Ivoire-Rassemblement de\u0301mocratique africain (PDCI-RDA). Bien au-dela\u0300 d\u2019un scrutin local, le rendez-vous e\u0301lectoral a pris des allures de test grandeur nature pour une formation en pleine recomposition interne.<\/p>\n<p>Re\u0301sultat, une victoire nette du candidat investi, Herve\u0301 Alliali, et surtout, une de\u0301monstration e\u0301clatante de cohe\u0301sion.<\/p>\n<p>Porte\u0301 par une mobilisation soutenue, Herve\u0301 Alliali s\u2019est impose\u0301 avec clarte\u0301 dans les urnes. Si le succe\u0300s est arithme\u0301tique, il est aussi politique. Car derrie\u0300re le score, c\u2019est l\u2019image d\u2019un parti capable de transcender ses divergences internes qui s\u2019est impose\u0301e.<\/p>\n<p>Dans un contexte ou\u0300 les grandes formations politiques sont souvent traverse\u0301es par des sensibilite\u0301s concurrentes, Toumodi a offert un contre-exemple, celui d\u2019un rassemblement assume\u0301 autour d\u2019un objectif commun.<\/p>\n<p>La ville a semble\u0301 lancer un appel a\u0300 ses fils et filles pour resserrer les rangs autour du parti et de son pre\u0301sident, Tidjane Thiam. Plusieurs figures majeures ont re\u0301pondu pre\u0301sentes.<\/p>\n<p>Parmi elles, le professeur Maurice Kakou Guikahue\u0301, ancien secre\u0301taire exe\u0301cutif du parti, ainsi que des de\u0301pute\u0301s venus notamment de Cocody et du Plateau.<\/p>\n<p>Fait notable, des militants parfois critiques a\u0300 l\u2019e\u0301gard de la direction ont e\u0301galement effectue\u0301 le de\u0301placement pour soutenir le candidat investi.<\/p>\n<p>Cette mobilisation transversale, rare dans un paysage politique souvent marque\u0301 par les rivalite\u0301s internes, traduit une maturite\u0301 nouvelle.<\/p>\n<p>A\u0300 Toumodi, les ambitions personnelles ont ce\u0301de\u0301 le pas a\u0300 l\u2019inte\u0301re\u0302t supe\u0301rieur du parti.<\/p>\n<p>Au-dela\u0300 de la symbolique, l\u2019enjeu e\u0301tait clair, renforcer la pre\u0301sence institutionnelle du PDCI-RDA et consolider son ancrage aupre\u0300s des populations. Dans cette optique, Toumodi apparai\u0302t comme un laboratoire politique ou\u0300 l\u2019unite\u0301 devient une me\u0301thode et non plus un simple slogan.<\/p>\n<p>Le message adresse\u0301 a\u0300 la classe politique ivoirienne est limpide, malgre\u0301 les de\u0301bats internes inhe\u0301rents a\u0300 toute grande formation de\u0301mocratique, le PDCI-RDA demeure une force structure\u0301e, capable de se rassembler lorsque l\u2019essentiel est en jeu.<\/p>\n<p>Toumodi n\u2019a pas seulement e\u0301lu un de\u0301pute\u0301. La commune a rappele\u0301 une ve\u0301rite\u0301 intemporelle de la vie politique: l\u2019unite\u0301 constitue souvent la premie\u0300re des victoires.<\/p>\n<p>En transformant un scrutin local en de\u0301monstration strate\u0301gique, le PDCI-RDA envoie un signal fort a\u0300 ses militants comme a\u0300 ses adversaires. A\u0300 l\u2019heure des recompositions et des incertitudes, la cohe\u0301sion pourrait bien s\u2019imposer comme sa principale boussole.<\/p>\n<p><strong>Pour plus d&rsquo;informations et d&rsquo;analyses sur la <span style=\"color: #ff6600\">C\u00f4te d&rsquo;Ivoire<\/span>, suivez <span style=\"color: #ff6600\">Africa-Press<\/span><\/strong><\/p>\n","protected":false},"excerpt":{"rendered":"<p>Africa-Press &#8211; C\u00f4te d&rsquo;Ivoire. La reprise des e\u0301lections le\u0301gislatives dans la circonscription de Toumodi-Commune restera comme l\u2019un des e\u0301pisodes politiques les plus re\u0301ve\u0301lateurs de la dynamique actuelle du Parti de\u0301mocratique de Co\u0302te d&rsquo;Ivoire-Rassemblement de\u0301mocratique africain (PDCI-RDA). Bien au-dela\u0300 d\u2019un scrutin local, le rendez-vous e\u0301lectoral a pris des allures de test grandeur nature pour une formation [&hellip;]<\/p>\n","protected":false},"author":82,"featured_media":113332,"comment_status":"open","ping_status":"closed","sticky":false,"template":"","format":"standard","meta":{"footnotes":""},"categories":[2,20,10],"tags":[29,7257,6517,739,60,2442,983,3016],"class_list":["post-113333","post","type-post","status-publish","format-standard","has-post-thumbnail","hentry","category-politique","category-top-nouvelles","category-toutes-les-actualites","tag-cote-divoire","tag-ivoirienne","tag-legislatives","tag-pdci-rda","tag-politique","tag-tidjane-thiam","tag-toumodi","tag-unite"],"yoast_head":"<!-- This site is optimized with the Yoast SEO Premium plugin v26.1 (Yoast SEO v27.0) - https:\/\/yoast.com\/product\/yoast-seo-premium-wordpress\/ -->\n<title>PDCI-RDA Triomphe \u00e0 Toumodi et Montre Sa Force - C\u00f4te d&#039;Ivoire<\/title>\n<meta name=\"description\" content=\"La reprise des e\u0301lections le\u0301gislatives dans la circonscription de Toumodi-Commune restera comme l\u2019un des e\u0301pisodes poli ...\" \/>\n<meta name=\"robots\" content=\"index, follow, max-snippet:-1, max-image-preview:large, max-video-preview:-1\" \/>\n<link rel=\"canonical\" href=\"https:\/\/www.africa-press.net\/cotedivoire\/politique\/pdci-rda-triomphe-a-toumodi-et-montre-sa-force\" \/>\n<meta property=\"og:locale\" content=\"fr_FR\" \/>\n<meta property=\"og:type\" content=\"article\" \/>\n<meta property=\"og:title\" content=\"PDCI-RDA Triomphe \u00e0 Toumodi et Montre Sa Force\" \/>\n<meta property=\"og:description\" content=\"La reprise des e\u0301lections le\u0301gislatives dans la circonscription de Toumodi-Commune restera comme l\u2019un des e\u0301pisodes poli ...\" \/>\n<meta property=\"og:url\" content=\"https:\/\/www.africa-press.net\/cotedivoire\/politique\/pdci-rda-triomphe-a-toumodi-et-montre-sa-force\" \/>\n<meta property=\"og:site_name\" content=\"C\u00f4te d&#039;Ivoire\" \/>\n<meta property=\"article:published_time\" content=\"2026-02-23T13:17:19+00:00\" \/>\n<meta property=\"article:modified_time\" content=\"2026-02-23T13:22:37+00:00\" \/>\n<meta property=\"og:image\" content=\"https:\/\/static.africa-press.net\/cote\/sites\/43\/2026\/02\/sm_1771840332.005149.jpg\" \/>\n\t<meta property=\"og:image:width\" content=\"720\" \/>\n\t<meta property=\"og:image:height\" content=\"541\" \/>\n\t<meta property=\"og:image:type\" content=\"image\/jpeg\" \/>\n<meta name=\"author\" content=\"cfeditorfr\" \/>\n<meta name=\"twitter:card\" content=\"summary_large_image\" \/>\n<meta name=\"twitter:label1\" content=\"\u00c9crit par\" \/>\n\t<meta name=\"twitter:data1\" content=\"cfeditorfr\" \/>\n\t<meta name=\"twitter:label2\" content=\"Dur\u00e9e de lecture estim\u00e9e\" \/>\n\t<meta name=\"twitter:data2\" content=\"3 minutes\" \/>\n<script type=\"application\/ld+json\" class=\"yoast-schema-graph\">{\"@context\":\"https:\/\/schema.org\",\"@graph\":[{\"@type\":\"Article\",\"@id\":\"https:\/\/www.africa-press.net\/cotedivoire\/politique\/pdci-rda-triomphe-a-toumodi-et-montre-sa-force#article\",\"isPartOf\":{\"@id\":\"https:\/\/www.africa-press.net\/cotedivoire\/politique\/pdci-rda-triomphe-a-toumodi-et-montre-sa-force\"},\"author\":{\"name\":\"cfeditorfr\",\"@id\":\"https:\/\/www.africa-press.net\/cotedivoire\/#\/schema\/person\/2b1cf3cd81a31e3cd26889ca66d677f1\"},\"headline\":\"PDCI-RDA Triomphe \u00e0 Toumodi et Montre Sa Force\",\"datePublished\":\"2026-02-23T13:17:19+00:00\",\"dateModified\":\"2026-02-23T13:22:37+00:00\",\"mainEntityOfPage\":{\"@id\":\"https:\/\/www.africa-press.net\/cotedivoire\/politique\/pdci-rda-triomphe-a-toumodi-et-montre-sa-force\"},\"wordCount\":480,\"commentCount\":0,\"image\":{\"@id\":\"https:\/\/www.africa-press.net\/cotedivoire\/politique\/pdci-rda-triomphe-a-toumodi-et-montre-sa-force#primaryimage\"},\"thumbnailUrl\":\"https:\/\/static.africa-press.net\/cote\/sites\/43\/2026\/02\/sm_1771840332.005149.jpg\",\"keywords\":[\"C\u00d4TE D'IVOIRE\",\"ivoirienne\",\"L\u00e9gislatives\",\"PDCI-RDA\",\"Politique\",\"Tidjane Thiam\",\"Toumodi\",\"unit\u00e9\"],\"articleSection\":[\"Politique\",\"Top Nouvelles\",\"Toutes les actualit\u00e9s\"],\"inLanguage\":\"fr-FR\",\"potentialAction\":[{\"@type\":\"CommentAction\",\"name\":\"Comment\",\"target\":[\"https:\/\/www.africa-press.net\/cotedivoire\/politique\/pdci-rda-triomphe-a-toumodi-et-montre-sa-force#respond\"]}]},{\"@type\":\"WebPage\",\"@id\":\"https:\/\/www.africa-press.net\/cotedivoire\/politique\/pdci-rda-triomphe-a-toumodi-et-montre-sa-force\",\"url\":\"https:\/\/www.africa-press.net\/cotedivoire\/politique\/pdci-rda-triomphe-a-toumodi-et-montre-sa-force\",\"name\":\"PDCI-RDA Triomphe \u00e0 Toumodi et Montre Sa Force - C\u00f4te d&#039;Ivoire\",\"isPartOf\":{\"@id\":\"https:\/\/www.africa-press.net\/cotedivoire\/#website\"},\"primaryImageOfPage\":{\"@id\":\"https:\/\/www.africa-press.net\/cotedivoire\/politique\/pdci-rda-triomphe-a-toumodi-et-montre-sa-force#primaryimage\"},\"image\":{\"@id\":\"https:\/\/www.africa-press.net\/cotedivoire\/politique\/pdci-rda-triomphe-a-toumodi-et-montre-sa-force#primaryimage\"},\"thumbnailUrl\":\"https:\/\/static.africa-press.net\/cote\/sites\/43\/2026\/02\/sm_1771840332.005149.jpg\",\"datePublished\":\"2026-02-23T13:17:19+00:00\",\"dateModified\":\"2026-02-23T13:22:37+00:00\",\"author\":{\"@id\":\"https:\/\/www.africa-press.net\/cotedivoire\/#\/schema\/person\/2b1cf3cd81a31e3cd26889ca66d677f1\"},\"description\":\"La reprise des e\u0301lections le\u0301gislatives dans la circonscription de Toumodi-Commune restera comme l\u2019un des e\u0301pisodes poli ...\",\"breadcrumb\":{\"@id\":\"https:\/\/www.africa-press.net\/cotedivoire\/politique\/pdci-rda-triomphe-a-toumodi-et-montre-sa-force#breadcrumb\"},\"inLanguage\":\"fr-FR\",\"potentialAction\":[{\"@type\":\"ReadAction\",\"target\":[\"https:\/\/www.africa-press.net\/cotedivoire\/politique\/pdci-rda-triomphe-a-toumodi-et-montre-sa-force\"]}]},{\"@type\":\"ImageObject\",\"inLanguage\":\"fr-FR\",\"@id\":\"https:\/\/www.africa-press.net\/cotedivoire\/politique\/pdci-rda-triomphe-a-toumodi-et-montre-sa-force#primaryimage\",\"url\":\"https:\/\/static.africa-press.net\/cote\/sites\/43\/2026\/02\/sm_1771840332.005149.jpg\",\"contentUrl\":\"https:\/\/static.africa-press.net\/cote\/sites\/43\/2026\/02\/sm_1771840332.005149.jpg\",\"width\":720,\"height\":541,\"caption\":\"PDCI-RDA Triomphe \u00e0 Toumodi et Montre Sa Force\"},{\"@type\":\"BreadcrumbList\",\"@id\":\"https:\/\/www.africa-press.net\/cotedivoire\/politique\/pdci-rda-triomphe-a-toumodi-et-montre-sa-force#breadcrumb\",\"itemListElement\":[{\"@type\":\"ListItem\",\"position\":1,\"name\":\"Accueil\",\"item\":\"https:\/\/www.africa-press.net\/cotedivoire\/\"},{\"@type\":\"ListItem\",\"position\":2,\"name\":\"PDCI-RDA Triomphe \u00e0 Toumodi et Montre Sa Force\"}]},{\"@type\":\"WebSite\",\"@id\":\"https:\/\/www.africa-press.net\/cotedivoire\/#website\",\"url\":\"https:\/\/www.africa-press.net\/cotedivoire\/\",\"name\":\"C\u00f4te d&#039;Ivoire\",\"description\":\"Just another Africa News Agency Sites site\",\"potentialAction\":[{\"@type\":\"SearchAction\",\"target\":{\"@type\":\"EntryPoint\",\"urlTemplate\":\"https:\/\/www.africa-press.net\/cotedivoire\/?s={search_term_string}\"},\"query-input\":{\"@type\":\"PropertyValueSpecification\",\"valueRequired\":true,\"valueName\":\"search_term_string\"}}],\"inLanguage\":\"fr-FR\"},{\"@type\":\"Person\",\"@id\":\"https:\/\/www.africa-press.net\/cotedivoire\/#\/schema\/person\/2b1cf3cd81a31e3cd26889ca66d677f1\",\"name\":\"cfeditorfr\"}]}<\/script>\n<!-- \/ Yoast SEO Premium plugin. -->","yoast_head_json":{"title":"PDCI-RDA Triomphe \u00e0 Toumodi et Montre Sa Force - C\u00f4te d&#039;Ivoire","description":"La reprise des e\u0301lections le\u0301gislatives dans la circonscription de Toumodi-Commune restera comme l\u2019un des e\u0301pisodes poli ...","robots":{"index":"index","follow":"follow","max-snippet":"max-snippet:-1","max-image-preview":"max-image-preview:large","max-video-preview":"max-video-preview:-1"},"canonical":"https:\/\/www.africa-press.net\/cotedivoire\/politique\/pdci-rda-triomphe-a-toumodi-et-montre-sa-force","og_locale":"fr_FR","og_type":"article","og_title":"PDCI-RDA Triomphe \u00e0 Toumodi et Montre Sa Force","og_description":"La reprise des e\u0301lections le\u0301gislatives dans la circonscription de Toumodi-Commune restera comme l\u2019un des e\u0301pisodes poli ...","og_url":"https:\/\/www.africa-press.net\/cotedivoire\/politique\/pdci-rda-triomphe-a-toumodi-et-montre-sa-force","og_site_name":"C\u00f4te d&#039;Ivoire","article_published_time":"2026-02-23T13:17:19+00:00","article_modified_time":"2026-02-23T13:22:37+00:00","og_image":[{"width":720,"height":541,"url":"https:\/\/static.africa-press.net\/cote\/sites\/43\/2026\/02\/sm_1771840332.005149.jpg","type":"image\/jpeg"}],"author":"cfeditorfr","twitter_card":"summary_large_image","twitter_misc":{"\u00c9crit par":"cfeditorfr","Dur\u00e9e de lecture estim\u00e9e":"3 minutes"},"schema":{"@context":"https:\/\/schema.org","@graph":[{"@type":"Article","@id":"https:\/\/www.africa-press.net\/cotedivoire\/politique\/pdci-rda-triomphe-a-toumodi-et-montre-sa-force#article","isPartOf":{"@id":"https:\/\/www.africa-press.net\/cotedivoire\/politique\/pdci-rda-triomphe-a-toumodi-et-montre-sa-force"},"author":{"name":"cfeditorfr","@id":"https:\/\/www.africa-press.net\/cotedivoire\/#\/schema\/person\/2b1cf3cd81a31e3cd26889ca66d677f1"},"headline":"PDCI-RDA Triomphe \u00e0 Toumodi et Montre Sa Force","datePublished":"2026-02-23T13:17:19+00:00","dateModified":"2026-02-23T13:22:37+00:00","mainEntityOfPage":{"@id":"https:\/\/www.africa-press.net\/cotedivoire\/politique\/pdci-rda-triomphe-a-toumodi-et-montre-sa-force"},"wordCount":480,"commentCount":0,"image":{"@id":"https:\/\/www.africa-press.net\/cotedivoire\/politique\/pdci-rda-triomphe-a-toumodi-et-montre-sa-force#primaryimage"},"thumbnailUrl":"https:\/\/static.africa-press.net\/cote\/sites\/43\/2026\/02\/sm_1771840332.005149.jpg","keywords":["C\u00d4TE D'IVOIRE","ivoirienne","L\u00e9gislatives","PDCI-RDA","Politique","Tidjane Thiam","Toumodi","unit\u00e9"],"articleSection":["Politique","Top Nouvelles","Toutes les actualit\u00e9s"],"inLanguage":"fr-FR","potentialAction":[{"@type":"CommentAction","name":"Comment","target":["https:\/\/www.africa-press.net\/cotedivoire\/politique\/pdci-rda-triomphe-a-toumodi-et-montre-sa-force#respond"]}]},{"@type":"WebPage","@id":"https:\/\/www.africa-press.net\/cotedivoire\/politique\/pdci-rda-triomphe-a-toumodi-et-montre-sa-force","url":"https:\/\/www.africa-press.net\/cotedivoire\/politique\/pdci-rda-triomphe-a-toumodi-et-montre-sa-force","name":"PDCI-RDA Triomphe \u00e0 Toumodi et Montre Sa Force - C\u00f4te d&#039;Ivoire","isPartOf":{"@id":"https:\/\/www.africa-press.net\/cotedivoire\/#website"},"primaryImageOfPage":{"@id":"https:\/\/www.africa-press.net\/cotedivoire\/politique\/pdci-rda-triomphe-a-toumodi-et-montre-sa-force#primaryimage"},"image":{"@id":"https:\/\/www.africa-press.net\/cotedivoire\/politique\/pdci-rda-triomphe-a-toumodi-et-montre-sa-force#primaryimage"},"thumbnailUrl":"https:\/\/static.africa-press.net\/cote\/sites\/43\/2026\/02\/sm_1771840332.005149.jpg","datePublished":"2026-02-23T13:17:19+00:00","dateModified":"2026-02-23T13:22:37+00:00","author":{"@id":"https:\/\/www.africa-press.net\/cotedivoire\/#\/schema\/person\/2b1cf3cd81a31e3cd26889ca66d677f1"},"description":"La reprise des e\u0301lections le\u0301gislatives dans la circonscription de Toumodi-Commune restera comme l\u2019un des e\u0301pisodes poli ...","breadcrumb":{"@id":"https:\/\/www.africa-press.net\/cotedivoire\/politique\/pdci-rda-triomphe-a-toumodi-et-montre-sa-force#breadcrumb"},"inLanguage":"fr-FR","potentialAction":[{"@type":"ReadAction","target":["https:\/\/www.africa-press.net\/cotedivoire\/politique\/pdci-rda-triomphe-a-toumodi-et-montre-sa-force"]}]},{"@type":"ImageObject","inLanguage":"fr-FR","@id":"https:\/\/www.africa-press.net\/cotedivoire\/politique\/pdci-rda-triomphe-a-toumodi-et-montre-sa-force#primaryimage","url":"https:\/\/static.africa-press.net\/cote\/sites\/43\/2026\/02\/sm_1771840332.005149.jpg","contentUrl":"https:\/\/static.africa-press.net\/cote\/sites\/43\/2026\/02\/sm_1771840332.005149.jpg","width":720,"height":541,"caption":"PDCI-RDA Triomphe \u00e0 Toumodi et Montre Sa Force"},{"@type":"BreadcrumbList","@id":"https:\/\/www.africa-press.net\/cotedivoire\/politique\/pdci-rda-triomphe-a-toumodi-et-montre-sa-force#breadcrumb","itemListElement":[{"@type":"ListItem","position":1,"name":"Accueil","item":"https:\/\/www.africa-press.net\/cotedivoire\/"},{"@type":"ListItem","position":2,"name":"PDCI-RDA Triomphe \u00e0 Toumodi et Montre Sa Force"}]},{"@type":"WebSite","@id":"https:\/\/www.africa-press.net\/cotedivoire\/#website","url":"https:\/\/www.africa-press.net\/cotedivoire\/","name":"C\u00f4te d&#039;Ivoire","description":"Just another Africa News Agency Sites site","potentialAction":[{"@type":"SearchAction","target":{"@type":"EntryPoint","urlTemplate":"https:\/\/www.africa-press.net\/cotedivoire\/?s={search_term_string}"},"query-input":{"@type":"PropertyValueSpecification","valueRequired":true,"valueName":"search_term_string"}}],"inLanguage":"fr-FR"},{"@type":"Person","@id":"https:\/\/www.africa-press.net\/cotedivoire\/#\/schema\/person\/2b1cf3cd81a31e3cd26889ca66d677f1","name":"cfeditorfr"}]}},"_links":{"self":[{"href":"https:\/\/www.africa-press.net\/cotedivoire\/wp-json\/wp\/v2\/posts\/113333","targetHints":{"allow":["GET"]}}],"collection":[{"href":"https:\/\/www.africa-press.net\/cotedivoire\/wp-json\/wp\/v2\/posts"}],"about":[{"href":"https:\/\/www.africa-press.net\/cotedivoire\/wp-json\/wp\/v2\/types\/post"}],"author":[{"embeddable":true,"href":"https:\/\/www.africa-press.net\/cotedivoire\/wp-json\/wp\/v2\/users\/82"}],"replies":[{"embeddable":true,"href":"https:\/\/www.africa-press.net\/cotedivoire\/wp-json\/wp\/v2\/comments?post=113333"}],"version-history":[{"count":0,"href":"https:\/\/www.africa-press.net\/cotedivoire\/wp-json\/wp\/v2\/posts\/113333\/revisions"}],"wp:featuredmedia":[{"embeddable":true,"href":"https:\/\/www.africa-press.net\/cotedivoire\/wp-json\/wp\/v2\/media\/113332"}],"wp:attachment":[{"href":"https:\/\/www.africa-press.net\/cotedivoire\/wp-json\/wp\/v2\/media?parent=113333"}],"wp:term":[{"taxonomy":"category","embeddable":true,"href":"https:\/\/www.africa-press.net\/cotedivoire\/wp-json\/wp\/v2\/categories?post=113333"},{"taxonomy":"post_tag","embeddable":true,"href":"https:\/\/www.africa-press.net\/cotedivoire\/wp-json\/wp\/v2\/tags?post=113333"}],"curies":[{"name":"wp","href":"https:\/\/api.w.org\/{rel}","templated":true}]}}