{"id":113389,"date":"2026-02-24T18:14:49","date_gmt":"2026-02-24T18:14:49","guid":{"rendered":"https:\/\/www.africa-press.net\/cotedivoire\/politique\/commercants-douragahio-sommes-de-payer-les-taxes"},"modified":"2026-02-24T19:11:28","modified_gmt":"2026-02-24T19:11:28","slug":"commercants-douragahio-sommes-de-payer-les-taxes","status":"publish","type":"post","link":"https:\/\/www.africa-press.net\/cotedivoire\/economie\/commercants-douragahio-sommes-de-payer-les-taxes","title":{"rendered":"Commer\u00e7ants d&rsquo;Ouragahio somm\u00e9s de payer les taxes"},"content":{"rendered":"<p><span style=\"color: #ff6600\"><strong>Africa-Press &#8211; C\u00f4te d&rsquo;Ivoire. <\/strong><\/span>Le commerce a e\u0301te\u0301 totalement ferme\u0301 le mercredi 18 fe\u0301vrier 2026 dans la ville de Ouragahio causant de nombreux de\u0301sagre\u0301ments. Face a\u0300 cette situation qui met a\u0300 mal la quie\u0301tude dans cette cite\u0301 assez paisible, le premier magistrat de cette commune Pierre Dacoury-Tabley, a organise\u0301 un point de presse le jeudi 19 fe\u0301vrier dernier pour dissiper le mal attendu. Selon le maire, cette fermeture du commerce est le re\u0301sultat d&rsquo;une gre\u0300ve entame\u0301e par les commerc\u0327ants depuis le 9 fe\u0301vrier 2026 pour exprimer leur de\u0301sapprobation de la de\u0301cision de la session ordinaire du conseil municipal d&rsquo;octobre 2025 d&rsquo;instituer les taxes communales pour l&rsquo;exercice 2026.<\/p>\n<p>Il faut rappeler que depuis plus de quinze anne\u0301es, certains commerc\u0327ants qui ont eux-me\u0302mes construit leur magasin, e\u0301taient exempte\u0301s de payer les taxes communales afin de leur permettre d&rsquo;amortir les de\u0301penses de leur investissement. Face a\u0300 cela, les transporteurs qui ont obligation de payer les taxes de stationnement, ont eux aussi de\u0301cide\u0301 de ne plus s&rsquo;acquitter de ce devoir citoyen jusqu&rsquo;a\u0300 ce que ces commerc\u0327ants reprennent a\u0300 payer leurs diffe\u0301rentes taxes communales.<\/p>\n<p>Le maire a donc pre\u0301sente\u0301 cette re\u0301alite\u0301 au conseil municipal qui a de\u0301cide\u0301 que les commerc\u0327ants et transporteurs se mettent a\u0300 jour, afin de permettre a\u0300 la mairie d&rsquo;atteindre les 100 millions de fcfa de recouvrement que lui exige la direction ge\u0301ne\u0301rale de la de\u0301centralisation. Toujours selon le maire Pierre Dacoury-Tabley, il est tre\u0300s important que les choses rentre vite dans l&rsquo;ordre au cours de cette anne\u0301e 2026, afin de lui permettre d&rsquo;atteindre ses objectifs. Surtout qu&rsquo;il a pre\u0301vu dans son programme triennal 2025-2026-2027 plusieurs projets, notamment des e\u0301coles pre\u0301scolaires et scolaires qu&rsquo;il doit clo\u0302turer, y mettre de l&rsquo;eau potable et des cantines pour mettre les apprenants a\u0300 l&rsquo;abri de la faim qui peut e\u0302tre un obstacle a\u0300 leur formation.<\/p>\n<p>Le renforcement du re\u0301seau e\u0301lectrique de la commune de Ouragahio pour un cou\u0302t global de pre\u0300s de 200 millions. L&rsquo;acce\u0300s a\u0300 l&rsquo;information et au nume\u0301rique en y construisant un centre virtuel qui mettra l&rsquo;accent sur l&rsquo;intelligence artificielle (IA), faire de la commune de Ouragahio une ville verte par le projet finance verte loge\u0301 au ministe\u0300re de l&rsquo;environnement. Dans ce programme il y est e\u0301galement pre\u0301vu la construction d&rsquo;un jardin municipal, le reprofilage des voies rurales et celles des diffe\u0301rents quartiers.<\/p>\n<p>C&rsquo;est la raison pour laquelle il invite de nouveau, tous les commerc\u0327ants et les transporteurs a\u0300 la table d&rsquo;e\u0301change afin que Ouragahio sorte afin de sa le\u0301thargie. Concernant le pourcentage de 2% ou 2,5% de taxes communales que doivent payer les commerc\u0327ants et les transporteurs, le maire a donne\u0301 plus de pre\u0301cision a\u0300 ce sujet. \u00ab Il ne s&rsquo;agit pas ici d&rsquo;une quelconque augmentation sur les taxes. Le pourcentage de 2% voire 2,5% est fixe\u0301 par l&rsquo;E\u0301tat pour toutes les communes de notre pays selon les activite\u0301s commerciales qui y sont mene\u0301es. Ce n&rsquo;est pas propre a\u0300 notre commune. Il faut bien comprendre cela.<\/p>\n<p>C&rsquo;est un peu de notre faute si les commerc\u0327ants ont eu cette re\u0301action. Mais qu&rsquo;ils comprennent qu&rsquo;apre\u0300s 15 a\u0300 20 ans sans avoir paye\u0301 les taxes, il faut bien qu&rsquo;ils s&rsquo;y mettent maintenant parce que le de\u0301veloppement de Ouragahio est la participation de chacun et de chacune. Si nous re\u0302vons d&rsquo;une ville prospe\u0300re, il faut que nos commerc\u0327ants et nos transporteurs pratiquent le civisme citoyen&#8230;\u00bb a-t-il fait savoir avant d&rsquo;annoncer qu&rsquo;il a propose\u0301 au corps pre\u0301fectoral de s&rsquo;associer a\u0300 cette phase d&rsquo;information et de sensibilisation des commerc\u0327ants pour le retour a\u0300 la cohe\u0301sion sociale gage d&rsquo;un de\u0301veloppement harmonieux et durable.<\/p>\n<p><strong>Pour plus d&rsquo;informations et d&rsquo;analyses sur la <span style=\"color: #ff6600\">C\u00f4te d&rsquo;Ivoire<\/span>, suivez <span style=\"color: #ff6600\">Africa-Press<\/span><\/strong><\/p>\n","protected":false},"excerpt":{"rendered":"<p>Africa-Press &#8211; C\u00f4te d&rsquo;Ivoire. Le commerce a e\u0301te\u0301 totalement ferme\u0301 le mercredi 18 fe\u0301vrier 2026 dans la ville de Ouragahio causant de nombreux de\u0301sagre\u0301ments. Face a\u0300 cette situation qui met a\u0300 mal la quie\u0301tude dans cette cite\u0301 assez paisible, le premier magistrat de cette commune Pierre Dacoury-Tabley, a organise\u0301 un point de presse le jeudi [&hellip;]<\/p>\n","protected":false},"author":82,"featured_media":113388,"comment_status":"open","ping_status":"closed","sticky":false,"template":"","format":"standard","meta":{"footnotes":""},"categories":[3,20,10],"tags":[1525,29,9047,4097],"class_list":["post-113389","post","type-post","status-publish","format-standard","has-post-thumbnail","hentry","category-economie","category-top-nouvelles","category-toutes-les-actualites","tag-commercants","tag-cote-divoire","tag-ouragahio","tag-taxes"],"yoast_head":"<!-- This site is optimized with the Yoast SEO Premium plugin v26.1 (Yoast SEO v27.0) - https:\/\/yoast.com\/product\/yoast-seo-premium-wordpress\/ -->\n<title>Commer\u00e7ants d&#039;Ouragahio somm\u00e9s de payer les taxes - C\u00f4te d&#039;Ivoire<\/title>\n<meta name=\"description\" content=\"Le commerce a e\u0301te\u0301 totalement ferme\u0301 le mercredi 18 fe\u0301vrier 2026 dans la ville de Ouragahio causant de nombreux de\u0301sag ...\" \/>\n<meta name=\"robots\" content=\"index, follow, max-snippet:-1, max-image-preview:large, max-video-preview:-1\" \/>\n<link rel=\"canonical\" href=\"https:\/\/www.africa-press.net\/cotedivoire\/economie\/commercants-douragahio-sommes-de-payer-les-taxes\" \/>\n<meta property=\"og:locale\" content=\"fr_FR\" \/>\n<meta property=\"og:type\" content=\"article\" \/>\n<meta property=\"og:title\" content=\"Commer\u00e7ants d&#039;Ouragahio somm\u00e9s de payer les taxes\" \/>\n<meta property=\"og:description\" content=\"Le commerce a e\u0301te\u0301 totalement ferme\u0301 le mercredi 18 fe\u0301vrier 2026 dans la ville de Ouragahio causant de nombreux de\u0301sag ...\" \/>\n<meta property=\"og:url\" content=\"https:\/\/www.africa-press.net\/cotedivoire\/economie\/commercants-douragahio-sommes-de-payer-les-taxes\" \/>\n<meta property=\"og:site_name\" content=\"C\u00f4te d&#039;Ivoire\" \/>\n<meta property=\"article:published_time\" content=\"2026-02-24T18:14:49+00:00\" \/>\n<meta property=\"article:modified_time\" content=\"2026-02-24T19:11:28+00:00\" \/>\n<meta property=\"og:image\" content=\"https:\/\/static.africa-press.net\/cote\/sites\/43\/2026\/02\/sm_1771947503.607585.jpg\" \/>\n\t<meta property=\"og:image:width\" content=\"720\" \/>\n\t<meta property=\"og:image:height\" content=\"435\" \/>\n\t<meta property=\"og:image:type\" content=\"image\/jpeg\" \/>\n<meta name=\"author\" content=\"cfeditorfr\" \/>\n<meta name=\"twitter:card\" content=\"summary_large_image\" \/>\n<meta name=\"twitter:label1\" content=\"\u00c9crit par\" \/>\n\t<meta name=\"twitter:data1\" content=\"cfeditorfr\" \/>\n\t<meta name=\"twitter:label2\" content=\"Dur\u00e9e de lecture estim\u00e9e\" \/>\n\t<meta name=\"twitter:data2\" content=\"4 minutes\" \/>\n<script type=\"application\/ld+json\" class=\"yoast-schema-graph\">{\"@context\":\"https:\/\/schema.org\",\"@graph\":[{\"@type\":\"Article\",\"@id\":\"https:\/\/www.africa-press.net\/cotedivoire\/economie\/commercants-douragahio-sommes-de-payer-les-taxes#article\",\"isPartOf\":{\"@id\":\"https:\/\/www.africa-press.net\/cotedivoire\/economie\/commercants-douragahio-sommes-de-payer-les-taxes\"},\"author\":{\"name\":\"cfeditorfr\",\"@id\":\"https:\/\/www.africa-press.net\/cotedivoire\/#\/schema\/person\/2b1cf3cd81a31e3cd26889ca66d677f1\"},\"headline\":\"Commer\u00e7ants d&rsquo;Ouragahio somm\u00e9s de payer les taxes\",\"datePublished\":\"2026-02-24T18:14:49+00:00\",\"dateModified\":\"2026-02-24T19:11:28+00:00\",\"mainEntityOfPage\":{\"@id\":\"https:\/\/www.africa-press.net\/cotedivoire\/economie\/commercants-douragahio-sommes-de-payer-les-taxes\"},\"wordCount\":696,\"commentCount\":0,\"image\":{\"@id\":\"https:\/\/www.africa-press.net\/cotedivoire\/economie\/commercants-douragahio-sommes-de-payer-les-taxes#primaryimage\"},\"thumbnailUrl\":\"https:\/\/static.africa-press.net\/cote\/sites\/43\/2026\/02\/sm_1771947503.607585.jpg\",\"keywords\":[\"commer\u00e7ants\",\"C\u00d4TE D'IVOIRE\",\"Ouragahio\",\"taxes\"],\"articleSection\":[\"\u00c9conomie\",\"Top Nouvelles\",\"Toutes les actualit\u00e9s\"],\"inLanguage\":\"fr-FR\",\"potentialAction\":[{\"@type\":\"CommentAction\",\"name\":\"Comment\",\"target\":[\"https:\/\/www.africa-press.net\/cotedivoire\/economie\/commercants-douragahio-sommes-de-payer-les-taxes#respond\"]}]},{\"@type\":\"WebPage\",\"@id\":\"https:\/\/www.africa-press.net\/cotedivoire\/economie\/commercants-douragahio-sommes-de-payer-les-taxes\",\"url\":\"https:\/\/www.africa-press.net\/cotedivoire\/economie\/commercants-douragahio-sommes-de-payer-les-taxes\",\"name\":\"Commer\u00e7ants d'Ouragahio somm\u00e9s de payer les taxes - C\u00f4te d&#039;Ivoire\",\"isPartOf\":{\"@id\":\"https:\/\/www.africa-press.net\/cotedivoire\/#website\"},\"primaryImageOfPage\":{\"@id\":\"https:\/\/www.africa-press.net\/cotedivoire\/economie\/commercants-douragahio-sommes-de-payer-les-taxes#primaryimage\"},\"image\":{\"@id\":\"https:\/\/www.africa-press.net\/cotedivoire\/economie\/commercants-douragahio-sommes-de-payer-les-taxes#primaryimage\"},\"thumbnailUrl\":\"https:\/\/static.africa-press.net\/cote\/sites\/43\/2026\/02\/sm_1771947503.607585.jpg\",\"datePublished\":\"2026-02-24T18:14:49+00:00\",\"dateModified\":\"2026-02-24T19:11:28+00:00\",\"author\":{\"@id\":\"https:\/\/www.africa-press.net\/cotedivoire\/#\/schema\/person\/2b1cf3cd81a31e3cd26889ca66d677f1\"},\"description\":\"Le commerce a e\u0301te\u0301 totalement ferme\u0301 le mercredi 18 fe\u0301vrier 2026 dans la ville de Ouragahio causant de nombreux de\u0301sag ...\",\"breadcrumb\":{\"@id\":\"https:\/\/www.africa-press.net\/cotedivoire\/economie\/commercants-douragahio-sommes-de-payer-les-taxes#breadcrumb\"},\"inLanguage\":\"fr-FR\",\"potentialAction\":[{\"@type\":\"ReadAction\",\"target\":[\"https:\/\/www.africa-press.net\/cotedivoire\/economie\/commercants-douragahio-sommes-de-payer-les-taxes\"]}]},{\"@type\":\"ImageObject\",\"inLanguage\":\"fr-FR\",\"@id\":\"https:\/\/www.africa-press.net\/cotedivoire\/economie\/commercants-douragahio-sommes-de-payer-les-taxes#primaryimage\",\"url\":\"https:\/\/static.africa-press.net\/cote\/sites\/43\/2026\/02\/sm_1771947503.607585.jpg\",\"contentUrl\":\"https:\/\/static.africa-press.net\/cote\/sites\/43\/2026\/02\/sm_1771947503.607585.jpg\",\"width\":720,\"height\":435,\"caption\":\"Commer\u00e7ants d'Ouragahio somm\u00e9s de payer les taxes\"},{\"@type\":\"BreadcrumbList\",\"@id\":\"https:\/\/www.africa-press.net\/cotedivoire\/economie\/commercants-douragahio-sommes-de-payer-les-taxes#breadcrumb\",\"itemListElement\":[{\"@type\":\"ListItem\",\"position\":1,\"name\":\"Accueil\",\"item\":\"https:\/\/www.africa-press.net\/cotedivoire\/\"},{\"@type\":\"ListItem\",\"position\":2,\"name\":\"Commer\u00e7ants d&#8217;Ouragahio somm\u00e9s de payer les taxes\"}]},{\"@type\":\"WebSite\",\"@id\":\"https:\/\/www.africa-press.net\/cotedivoire\/#website\",\"url\":\"https:\/\/www.africa-press.net\/cotedivoire\/\",\"name\":\"C\u00f4te d&#039;Ivoire\",\"description\":\"Just another Africa News Agency Sites site\",\"potentialAction\":[{\"@type\":\"SearchAction\",\"target\":{\"@type\":\"EntryPoint\",\"urlTemplate\":\"https:\/\/www.africa-press.net\/cotedivoire\/?s={search_term_string}\"},\"query-input\":{\"@type\":\"PropertyValueSpecification\",\"valueRequired\":true,\"valueName\":\"search_term_string\"}}],\"inLanguage\":\"fr-FR\"},{\"@type\":\"Person\",\"@id\":\"https:\/\/www.africa-press.net\/cotedivoire\/#\/schema\/person\/2b1cf3cd81a31e3cd26889ca66d677f1\",\"name\":\"cfeditorfr\"}]}<\/script>\n<!-- \/ Yoast SEO Premium plugin. -->","yoast_head_json":{"title":"Commer\u00e7ants d'Ouragahio somm\u00e9s de payer les taxes - C\u00f4te d&#039;Ivoire","description":"Le commerce a e\u0301te\u0301 totalement ferme\u0301 le mercredi 18 fe\u0301vrier 2026 dans la ville de Ouragahio causant de nombreux de\u0301sag ...","robots":{"index":"index","follow":"follow","max-snippet":"max-snippet:-1","max-image-preview":"max-image-preview:large","max-video-preview":"max-video-preview:-1"},"canonical":"https:\/\/www.africa-press.net\/cotedivoire\/economie\/commercants-douragahio-sommes-de-payer-les-taxes","og_locale":"fr_FR","og_type":"article","og_title":"Commer\u00e7ants d'Ouragahio somm\u00e9s de payer les taxes","og_description":"Le commerce a e\u0301te\u0301 totalement ferme\u0301 le mercredi 18 fe\u0301vrier 2026 dans la ville de Ouragahio causant de nombreux de\u0301sag ...","og_url":"https:\/\/www.africa-press.net\/cotedivoire\/economie\/commercants-douragahio-sommes-de-payer-les-taxes","og_site_name":"C\u00f4te d&#039;Ivoire","article_published_time":"2026-02-24T18:14:49+00:00","article_modified_time":"2026-02-24T19:11:28+00:00","og_image":[{"width":720,"height":435,"url":"https:\/\/static.africa-press.net\/cote\/sites\/43\/2026\/02\/sm_1771947503.607585.jpg","type":"image\/jpeg"}],"author":"cfeditorfr","twitter_card":"summary_large_image","twitter_misc":{"\u00c9crit par":"cfeditorfr","Dur\u00e9e de lecture estim\u00e9e":"4 minutes"},"schema":{"@context":"https:\/\/schema.org","@graph":[{"@type":"Article","@id":"https:\/\/www.africa-press.net\/cotedivoire\/economie\/commercants-douragahio-sommes-de-payer-les-taxes#article","isPartOf":{"@id":"https:\/\/www.africa-press.net\/cotedivoire\/economie\/commercants-douragahio-sommes-de-payer-les-taxes"},"author":{"name":"cfeditorfr","@id":"https:\/\/www.africa-press.net\/cotedivoire\/#\/schema\/person\/2b1cf3cd81a31e3cd26889ca66d677f1"},"headline":"Commer\u00e7ants d&rsquo;Ouragahio somm\u00e9s de payer les taxes","datePublished":"2026-02-24T18:14:49+00:00","dateModified":"2026-02-24T19:11:28+00:00","mainEntityOfPage":{"@id":"https:\/\/www.africa-press.net\/cotedivoire\/economie\/commercants-douragahio-sommes-de-payer-les-taxes"},"wordCount":696,"commentCount":0,"image":{"@id":"https:\/\/www.africa-press.net\/cotedivoire\/economie\/commercants-douragahio-sommes-de-payer-les-taxes#primaryimage"},"thumbnailUrl":"https:\/\/static.africa-press.net\/cote\/sites\/43\/2026\/02\/sm_1771947503.607585.jpg","keywords":["commer\u00e7ants","C\u00d4TE D'IVOIRE","Ouragahio","taxes"],"articleSection":["\u00c9conomie","Top Nouvelles","Toutes les actualit\u00e9s"],"inLanguage":"fr-FR","potentialAction":[{"@type":"CommentAction","name":"Comment","target":["https:\/\/www.africa-press.net\/cotedivoire\/economie\/commercants-douragahio-sommes-de-payer-les-taxes#respond"]}]},{"@type":"WebPage","@id":"https:\/\/www.africa-press.net\/cotedivoire\/economie\/commercants-douragahio-sommes-de-payer-les-taxes","url":"https:\/\/www.africa-press.net\/cotedivoire\/economie\/commercants-douragahio-sommes-de-payer-les-taxes","name":"Commer\u00e7ants d'Ouragahio somm\u00e9s de payer les taxes - C\u00f4te d&#039;Ivoire","isPartOf":{"@id":"https:\/\/www.africa-press.net\/cotedivoire\/#website"},"primaryImageOfPage":{"@id":"https:\/\/www.africa-press.net\/cotedivoire\/economie\/commercants-douragahio-sommes-de-payer-les-taxes#primaryimage"},"image":{"@id":"https:\/\/www.africa-press.net\/cotedivoire\/economie\/commercants-douragahio-sommes-de-payer-les-taxes#primaryimage"},"thumbnailUrl":"https:\/\/static.africa-press.net\/cote\/sites\/43\/2026\/02\/sm_1771947503.607585.jpg","datePublished":"2026-02-24T18:14:49+00:00","dateModified":"2026-02-24T19:11:28+00:00","author":{"@id":"https:\/\/www.africa-press.net\/cotedivoire\/#\/schema\/person\/2b1cf3cd81a31e3cd26889ca66d677f1"},"description":"Le commerce a e\u0301te\u0301 totalement ferme\u0301 le mercredi 18 fe\u0301vrier 2026 dans la ville de Ouragahio causant de nombreux de\u0301sag ...","breadcrumb":{"@id":"https:\/\/www.africa-press.net\/cotedivoire\/economie\/commercants-douragahio-sommes-de-payer-les-taxes#breadcrumb"},"inLanguage":"fr-FR","potentialAction":[{"@type":"ReadAction","target":["https:\/\/www.africa-press.net\/cotedivoire\/economie\/commercants-douragahio-sommes-de-payer-les-taxes"]}]},{"@type":"ImageObject","inLanguage":"fr-FR","@id":"https:\/\/www.africa-press.net\/cotedivoire\/economie\/commercants-douragahio-sommes-de-payer-les-taxes#primaryimage","url":"https:\/\/static.africa-press.net\/cote\/sites\/43\/2026\/02\/sm_1771947503.607585.jpg","contentUrl":"https:\/\/static.africa-press.net\/cote\/sites\/43\/2026\/02\/sm_1771947503.607585.jpg","width":720,"height":435,"caption":"Commer\u00e7ants d'Ouragahio somm\u00e9s de payer les taxes"},{"@type":"BreadcrumbList","@id":"https:\/\/www.africa-press.net\/cotedivoire\/economie\/commercants-douragahio-sommes-de-payer-les-taxes#breadcrumb","itemListElement":[{"@type":"ListItem","position":1,"name":"Accueil","item":"https:\/\/www.africa-press.net\/cotedivoire\/"},{"@type":"ListItem","position":2,"name":"Commer\u00e7ants d&#8217;Ouragahio somm\u00e9s de payer les taxes"}]},{"@type":"WebSite","@id":"https:\/\/www.africa-press.net\/cotedivoire\/#website","url":"https:\/\/www.africa-press.net\/cotedivoire\/","name":"C\u00f4te d&#039;Ivoire","description":"Just another Africa News Agency Sites site","potentialAction":[{"@type":"SearchAction","target":{"@type":"EntryPoint","urlTemplate":"https:\/\/www.africa-press.net\/cotedivoire\/?s={search_term_string}"},"query-input":{"@type":"PropertyValueSpecification","valueRequired":true,"valueName":"search_term_string"}}],"inLanguage":"fr-FR"},{"@type":"Person","@id":"https:\/\/www.africa-press.net\/cotedivoire\/#\/schema\/person\/2b1cf3cd81a31e3cd26889ca66d677f1","name":"cfeditorfr"}]}},"_links":{"self":[{"href":"https:\/\/www.africa-press.net\/cotedivoire\/wp-json\/wp\/v2\/posts\/113389","targetHints":{"allow":["GET"]}}],"collection":[{"href":"https:\/\/www.africa-press.net\/cotedivoire\/wp-json\/wp\/v2\/posts"}],"about":[{"href":"https:\/\/www.africa-press.net\/cotedivoire\/wp-json\/wp\/v2\/types\/post"}],"author":[{"embeddable":true,"href":"https:\/\/www.africa-press.net\/cotedivoire\/wp-json\/wp\/v2\/users\/82"}],"replies":[{"embeddable":true,"href":"https:\/\/www.africa-press.net\/cotedivoire\/wp-json\/wp\/v2\/comments?post=113389"}],"version-history":[{"count":0,"href":"https:\/\/www.africa-press.net\/cotedivoire\/wp-json\/wp\/v2\/posts\/113389\/revisions"}],"wp:featuredmedia":[{"embeddable":true,"href":"https:\/\/www.africa-press.net\/cotedivoire\/wp-json\/wp\/v2\/media\/113388"}],"wp:attachment":[{"href":"https:\/\/www.africa-press.net\/cotedivoire\/wp-json\/wp\/v2\/media?parent=113389"}],"wp:term":[{"taxonomy":"category","embeddable":true,"href":"https:\/\/www.africa-press.net\/cotedivoire\/wp-json\/wp\/v2\/categories?post=113389"},{"taxonomy":"post_tag","embeddable":true,"href":"https:\/\/www.africa-press.net\/cotedivoire\/wp-json\/wp\/v2\/tags?post=113389"}],"curies":[{"name":"wp","href":"https:\/\/api.w.org\/{rel}","templated":true}]}}