{"id":11344,"date":"2021-08-14T13:55:36","date_gmt":"2021-08-14T13:55:36","guid":{"rendered":"https:\/\/www.africa-press.net\/cotedivoire\/?p=11344"},"modified":"2021-08-14T13:53:08","modified_gmt":"2021-08-14T13:53:08","slug":"covid-19-famille-et-vacances-le-mois-daout-charge-dalassane-ouattara","status":"publish","type":"post","link":"https:\/\/www.africa-press.net\/cotedivoire\/politique\/covid-19-famille-et-vacances-le-mois-daout-charge-dalassane-ouattara","title":{"rendered":"Covid-19, famille et vacances : le mois d\u2019ao\u00fbt charg\u00e9 d\u2019Alassane Ouattara"},"content":{"rendered":"<p><span style=\"color: #ff6600\"><strong><a href=\"https:\/\/www.africa-press.net\/\">Africa-Press<\/a> &#8211; <a href=\"https:\/\/www.africa-press.net\/cotedivoire\">C\u00f4te d&rsquo;Ivoire<\/a>. <\/strong><\/span>Le chef de l\u2019\u00c9tat ivoirien doit s\u2019envoler dans les prochaines heures pour la France, o\u00f9 il passera une dizaine de jours. Une p\u00e9riode de repos dans un agenda particuli\u00e8rement perturb\u00e9 par le Covid-19.<\/p>\n<p><b>Alassane Ouattara<\/b><\/p>\n<p>devait prendre dans les prochaines heures la direction du sud de la France. Le pr\u00e9sident ivoirien a pr\u00e9vu de d\u00e9coller de l\u2019a\u00e9roport d\u2019Abidjan en direction de celui de Nice, au bord de la M\u00e9diterran\u00e9e. Comme \u00e0 son habitude, il se dirigera ensuite vers sa r\u00e9sidence de Mougins, quelques kilom\u00e8tres au-dessus de Cannes.<\/p>\n<p>Selon une source proche de l\u2019\u00c9lys\u00e9e, aucune rencontre n\u2019est \u00e0 ce jour pr\u00e9vue avec son homologue fran\u00e7ais Emmanuel Macron, mais, toujours selon nos informations, un t\u00eate \u00e0 t\u00eate devrait bien avoir lieu \u00e0 Br\u00e9gan\u00e7on, sur le lieu de vacances du Fran\u00e7ais, \u00e0 une date qui n\u2019a pas encore \u00e9t\u00e9 fix\u00e9e.<\/p>\n<p>Ces derni\u00e8res semaines, Alassane Ouattara a quelque peu boulevers\u00e9 son agenda, en raison de la pand\u00e9mie de Covid-19 qui l\u2019a touch\u00e9 directement. En contact avec une personne ayant contract\u00e9 le virus, le pr\u00e9sident ivoirien a d\u2019abord \u00e9t\u00e9 contraint d\u2019observer une p\u00e9riode d\u2019isolement au d\u00e9but du mois d\u2019ao\u00fbt.<\/p>\n<p><b>Tene Birahima Ouattara \u00e9vacu\u00e9<\/b><\/p>\n","protected":false},"excerpt":{"rendered":"<p>Africa-Press &#8211; C\u00f4te d&rsquo;Ivoire. Le chef de l\u2019\u00c9tat ivoirien doit s\u2019envoler dans les prochaines heures pour la France, o\u00f9 il passera une dizaine de jours. Une p\u00e9riode de repos dans un agenda particuli\u00e8rement perturb\u00e9 par le Covid-19. Alassane Ouattara devait prendre dans les prochaines heures la direction du sud de la France. Le pr\u00e9sident ivoirien [&hellip;]<\/p>\n","protected":false},"author":82,"featured_media":11343,"comment_status":"open","ping_status":"closed","sticky":false,"template":"","format":"standard","meta":{"footnotes":""},"categories":[11,2,20,10],"tags":[56,63,29],"class_list":["post-11344","post","type-post","status-publish","format-standard","has-post-thumbnail","hentry","category-homepage-french","category-politique","category-top-nouvelles","category-toutes-les-actualites","tag-africa-press","tag-africa-press-cote-divoire","tag-cote-divoire"],"yoast_head":"<!-- This site is optimized with the Yoast SEO Premium plugin v26.1 (Yoast SEO v27.0) - https:\/\/yoast.com\/product\/yoast-seo-premium-wordpress\/ -->\n<title>Covid-19, famille et vacances : le mois d\u2019ao\u00fbt charg\u00e9 d\u2019Alassane Ouattara - C\u00f4te d&#039;Ivoire<\/title>\n<meta name=\"description\" content=\"Le chef de l\u2019\u00c9tat ivoirien doit s\u2019envoler dans les prochaines heures pour la France, o\u00f9 il passera une dizaine de jours. ...\" \/>\n<meta name=\"robots\" content=\"index, follow, max-snippet:-1, max-image-preview:large, max-video-preview:-1\" \/>\n<link rel=\"canonical\" href=\"https:\/\/www.africa-press.net\/cotedivoire\/politique\/covid-19-famille-et-vacances-le-mois-daout-charge-dalassane-ouattara\" \/>\n<meta property=\"og:locale\" content=\"fr_FR\" \/>\n<meta property=\"og:type\" content=\"article\" \/>\n<meta property=\"og:title\" content=\"Covid-19, famille et vacances : le mois d\u2019ao\u00fbt charg\u00e9 d\u2019Alassane Ouattara\" \/>\n<meta property=\"og:description\" content=\"Le chef de l\u2019\u00c9tat ivoirien doit s\u2019envoler dans les prochaines heures pour la France, o\u00f9 il passera une dizaine de jours. ...\" \/>\n<meta property=\"og:url\" content=\"https:\/\/www.africa-press.net\/cotedivoire\/politique\/covid-19-famille-et-vacances-le-mois-daout-charge-dalassane-ouattara\" \/>\n<meta property=\"og:site_name\" content=\"C\u00f4te d&#039;Ivoire\" \/>\n<meta property=\"article:published_time\" content=\"2021-08-14T13:55:36+00:00\" \/>\n<meta property=\"og:image\" content=\"https:\/\/static.africa-press.net\/cote\/sites\/43\/2021\/08\/img-6117ca99e638b.jpg\" \/>\n\t<meta property=\"og:image:width\" content=\"720\" \/>\n\t<meta property=\"og:image:height\" content=\"360\" \/>\n\t<meta property=\"og:image:type\" content=\"image\/jpeg\" \/>\n<meta name=\"author\" content=\"cfeditorfr\" \/>\n<meta name=\"twitter:card\" content=\"summary_large_image\" \/>\n<meta name=\"twitter:label1\" content=\"\u00c9crit par\" \/>\n\t<meta name=\"twitter:data1\" content=\"cfeditorfr\" \/>\n\t<meta name=\"twitter:label2\" content=\"Dur\u00e9e de lecture estim\u00e9e\" \/>\n\t<meta name=\"twitter:data2\" content=\"1 minute\" \/>\n<script type=\"application\/ld+json\" class=\"yoast-schema-graph\">{\"@context\":\"https:\/\/schema.org\",\"@graph\":[{\"@type\":\"Article\",\"@id\":\"https:\/\/www.africa-press.net\/cotedivoire\/politique\/covid-19-famille-et-vacances-le-mois-daout-charge-dalassane-ouattara#article\",\"isPartOf\":{\"@id\":\"https:\/\/www.africa-press.net\/cotedivoire\/politique\/covid-19-famille-et-vacances-le-mois-daout-charge-dalassane-ouattara\"},\"author\":{\"name\":\"cfeditorfr\",\"@id\":\"https:\/\/www.africa-press.net\/cotedivoire\/#\/schema\/person\/2b1cf3cd81a31e3cd26889ca66d677f1\"},\"headline\":\"Covid-19, famille et vacances : le mois d\u2019ao\u00fbt charg\u00e9 d\u2019Alassane Ouattara\",\"datePublished\":\"2021-08-14T13:55:36+00:00\",\"mainEntityOfPage\":{\"@id\":\"https:\/\/www.africa-press.net\/cotedivoire\/politique\/covid-19-famille-et-vacances-le-mois-daout-charge-dalassane-ouattara\"},\"wordCount\":239,\"commentCount\":0,\"image\":{\"@id\":\"https:\/\/www.africa-press.net\/cotedivoire\/politique\/covid-19-famille-et-vacances-le-mois-daout-charge-dalassane-ouattara#primaryimage\"},\"thumbnailUrl\":\"https:\/\/static.africa-press.net\/cote\/sites\/43\/2021\/08\/img-6117ca99e638b.jpg\",\"keywords\":[\"Africa Press\",\"Africa Press-C\u00f4te d'Ivoire\",\"C\u00d4TE D'IVOIRE\"],\"articleSection\":[\"homepage-french\",\"Politique\",\"Top Nouvelles\",\"Toutes les actualit\u00e9s\"],\"inLanguage\":\"fr-FR\",\"potentialAction\":[{\"@type\":\"CommentAction\",\"name\":\"Comment\",\"target\":[\"https:\/\/www.africa-press.net\/cotedivoire\/politique\/covid-19-famille-et-vacances-le-mois-daout-charge-dalassane-ouattara#respond\"]}]},{\"@type\":\"WebPage\",\"@id\":\"https:\/\/www.africa-press.net\/cotedivoire\/politique\/covid-19-famille-et-vacances-le-mois-daout-charge-dalassane-ouattara\",\"url\":\"https:\/\/www.africa-press.net\/cotedivoire\/politique\/covid-19-famille-et-vacances-le-mois-daout-charge-dalassane-ouattara\",\"name\":\"Covid-19, famille et vacances : le mois d\u2019ao\u00fbt charg\u00e9 d\u2019Alassane Ouattara - C\u00f4te d&#039;Ivoire\",\"isPartOf\":{\"@id\":\"https:\/\/www.africa-press.net\/cotedivoire\/#website\"},\"primaryImageOfPage\":{\"@id\":\"https:\/\/www.africa-press.net\/cotedivoire\/politique\/covid-19-famille-et-vacances-le-mois-daout-charge-dalassane-ouattara#primaryimage\"},\"image\":{\"@id\":\"https:\/\/www.africa-press.net\/cotedivoire\/politique\/covid-19-famille-et-vacances-le-mois-daout-charge-dalassane-ouattara#primaryimage\"},\"thumbnailUrl\":\"https:\/\/static.africa-press.net\/cote\/sites\/43\/2021\/08\/img-6117ca99e638b.jpg\",\"datePublished\":\"2021-08-14T13:55:36+00:00\",\"author\":{\"@id\":\"https:\/\/www.africa-press.net\/cotedivoire\/#\/schema\/person\/2b1cf3cd81a31e3cd26889ca66d677f1\"},\"description\":\"Le chef de l\u2019\u00c9tat ivoirien doit s\u2019envoler dans les prochaines heures pour la France, o\u00f9 il passera une dizaine de jours. ...\",\"breadcrumb\":{\"@id\":\"https:\/\/www.africa-press.net\/cotedivoire\/politique\/covid-19-famille-et-vacances-le-mois-daout-charge-dalassane-ouattara#breadcrumb\"},\"inLanguage\":\"fr-FR\",\"potentialAction\":[{\"@type\":\"ReadAction\",\"target\":[\"https:\/\/www.africa-press.net\/cotedivoire\/politique\/covid-19-famille-et-vacances-le-mois-daout-charge-dalassane-ouattara\"]}]},{\"@type\":\"ImageObject\",\"inLanguage\":\"fr-FR\",\"@id\":\"https:\/\/www.africa-press.net\/cotedivoire\/politique\/covid-19-famille-et-vacances-le-mois-daout-charge-dalassane-ouattara#primaryimage\",\"url\":\"https:\/\/static.africa-press.net\/cote\/sites\/43\/2021\/08\/img-6117ca99e638b.jpg\",\"contentUrl\":\"https:\/\/static.africa-press.net\/cote\/sites\/43\/2021\/08\/img-6117ca99e638b.jpg\",\"width\":720,\"height\":360,\"caption\":\"Covid-19, famille et vacances : le mois d\u2019ao\u00fbt charg\u00e9 d\u2019Alassane Ouattara\"},{\"@type\":\"BreadcrumbList\",\"@id\":\"https:\/\/www.africa-press.net\/cotedivoire\/politique\/covid-19-famille-et-vacances-le-mois-daout-charge-dalassane-ouattara#breadcrumb\",\"itemListElement\":[{\"@type\":\"ListItem\",\"position\":1,\"name\":\"Accueil\",\"item\":\"https:\/\/www.africa-press.net\/cotedivoire\/\"},{\"@type\":\"ListItem\",\"position\":2,\"name\":\"Covid-19, famille et vacances : le mois d\u2019ao\u00fbt charg\u00e9 d\u2019Alassane Ouattara\"}]},{\"@type\":\"WebSite\",\"@id\":\"https:\/\/www.africa-press.net\/cotedivoire\/#website\",\"url\":\"https:\/\/www.africa-press.net\/cotedivoire\/\",\"name\":\"C\u00f4te d&#039;Ivoire\",\"description\":\"Just another Africa News Agency Sites site\",\"potentialAction\":[{\"@type\":\"SearchAction\",\"target\":{\"@type\":\"EntryPoint\",\"urlTemplate\":\"https:\/\/www.africa-press.net\/cotedivoire\/?s={search_term_string}\"},\"query-input\":{\"@type\":\"PropertyValueSpecification\",\"valueRequired\":true,\"valueName\":\"search_term_string\"}}],\"inLanguage\":\"fr-FR\"},{\"@type\":\"Person\",\"@id\":\"https:\/\/www.africa-press.net\/cotedivoire\/#\/schema\/person\/2b1cf3cd81a31e3cd26889ca66d677f1\",\"name\":\"cfeditorfr\"}]}<\/script>\n<!-- \/ Yoast SEO Premium plugin. -->","yoast_head_json":{"title":"Covid-19, famille et vacances : le mois d\u2019ao\u00fbt charg\u00e9 d\u2019Alassane Ouattara - C\u00f4te d&#039;Ivoire","description":"Le chef de l\u2019\u00c9tat ivoirien doit s\u2019envoler dans les prochaines heures pour la France, o\u00f9 il passera une dizaine de jours. ...","robots":{"index":"index","follow":"follow","max-snippet":"max-snippet:-1","max-image-preview":"max-image-preview:large","max-video-preview":"max-video-preview:-1"},"canonical":"https:\/\/www.africa-press.net\/cotedivoire\/politique\/covid-19-famille-et-vacances-le-mois-daout-charge-dalassane-ouattara","og_locale":"fr_FR","og_type":"article","og_title":"Covid-19, famille et vacances : le mois d\u2019ao\u00fbt charg\u00e9 d\u2019Alassane Ouattara","og_description":"Le chef de l\u2019\u00c9tat ivoirien doit s\u2019envoler dans les prochaines heures pour la France, o\u00f9 il passera une dizaine de jours. ...","og_url":"https:\/\/www.africa-press.net\/cotedivoire\/politique\/covid-19-famille-et-vacances-le-mois-daout-charge-dalassane-ouattara","og_site_name":"C\u00f4te d&#039;Ivoire","article_published_time":"2021-08-14T13:55:36+00:00","og_image":[{"width":720,"height":360,"url":"https:\/\/static.africa-press.net\/cote\/sites\/43\/2021\/08\/img-6117ca99e638b.jpg","type":"image\/jpeg"}],"author":"cfeditorfr","twitter_card":"summary_large_image","twitter_misc":{"\u00c9crit par":"cfeditorfr","Dur\u00e9e de lecture estim\u00e9e":"1 minute"},"schema":{"@context":"https:\/\/schema.org","@graph":[{"@type":"Article","@id":"https:\/\/www.africa-press.net\/cotedivoire\/politique\/covid-19-famille-et-vacances-le-mois-daout-charge-dalassane-ouattara#article","isPartOf":{"@id":"https:\/\/www.africa-press.net\/cotedivoire\/politique\/covid-19-famille-et-vacances-le-mois-daout-charge-dalassane-ouattara"},"author":{"name":"cfeditorfr","@id":"https:\/\/www.africa-press.net\/cotedivoire\/#\/schema\/person\/2b1cf3cd81a31e3cd26889ca66d677f1"},"headline":"Covid-19, famille et vacances : le mois d\u2019ao\u00fbt charg\u00e9 d\u2019Alassane Ouattara","datePublished":"2021-08-14T13:55:36+00:00","mainEntityOfPage":{"@id":"https:\/\/www.africa-press.net\/cotedivoire\/politique\/covid-19-famille-et-vacances-le-mois-daout-charge-dalassane-ouattara"},"wordCount":239,"commentCount":0,"image":{"@id":"https:\/\/www.africa-press.net\/cotedivoire\/politique\/covid-19-famille-et-vacances-le-mois-daout-charge-dalassane-ouattara#primaryimage"},"thumbnailUrl":"https:\/\/static.africa-press.net\/cote\/sites\/43\/2021\/08\/img-6117ca99e638b.jpg","keywords":["Africa Press","Africa Press-C\u00f4te d'Ivoire","C\u00d4TE D'IVOIRE"],"articleSection":["homepage-french","Politique","Top Nouvelles","Toutes les actualit\u00e9s"],"inLanguage":"fr-FR","potentialAction":[{"@type":"CommentAction","name":"Comment","target":["https:\/\/www.africa-press.net\/cotedivoire\/politique\/covid-19-famille-et-vacances-le-mois-daout-charge-dalassane-ouattara#respond"]}]},{"@type":"WebPage","@id":"https:\/\/www.africa-press.net\/cotedivoire\/politique\/covid-19-famille-et-vacances-le-mois-daout-charge-dalassane-ouattara","url":"https:\/\/www.africa-press.net\/cotedivoire\/politique\/covid-19-famille-et-vacances-le-mois-daout-charge-dalassane-ouattara","name":"Covid-19, famille et vacances : le mois d\u2019ao\u00fbt charg\u00e9 d\u2019Alassane Ouattara - C\u00f4te d&#039;Ivoire","isPartOf":{"@id":"https:\/\/www.africa-press.net\/cotedivoire\/#website"},"primaryImageOfPage":{"@id":"https:\/\/www.africa-press.net\/cotedivoire\/politique\/covid-19-famille-et-vacances-le-mois-daout-charge-dalassane-ouattara#primaryimage"},"image":{"@id":"https:\/\/www.africa-press.net\/cotedivoire\/politique\/covid-19-famille-et-vacances-le-mois-daout-charge-dalassane-ouattara#primaryimage"},"thumbnailUrl":"https:\/\/static.africa-press.net\/cote\/sites\/43\/2021\/08\/img-6117ca99e638b.jpg","datePublished":"2021-08-14T13:55:36+00:00","author":{"@id":"https:\/\/www.africa-press.net\/cotedivoire\/#\/schema\/person\/2b1cf3cd81a31e3cd26889ca66d677f1"},"description":"Le chef de l\u2019\u00c9tat ivoirien doit s\u2019envoler dans les prochaines heures pour la France, o\u00f9 il passera une dizaine de jours. ...","breadcrumb":{"@id":"https:\/\/www.africa-press.net\/cotedivoire\/politique\/covid-19-famille-et-vacances-le-mois-daout-charge-dalassane-ouattara#breadcrumb"},"inLanguage":"fr-FR","potentialAction":[{"@type":"ReadAction","target":["https:\/\/www.africa-press.net\/cotedivoire\/politique\/covid-19-famille-et-vacances-le-mois-daout-charge-dalassane-ouattara"]}]},{"@type":"ImageObject","inLanguage":"fr-FR","@id":"https:\/\/www.africa-press.net\/cotedivoire\/politique\/covid-19-famille-et-vacances-le-mois-daout-charge-dalassane-ouattara#primaryimage","url":"https:\/\/static.africa-press.net\/cote\/sites\/43\/2021\/08\/img-6117ca99e638b.jpg","contentUrl":"https:\/\/static.africa-press.net\/cote\/sites\/43\/2021\/08\/img-6117ca99e638b.jpg","width":720,"height":360,"caption":"Covid-19, famille et vacances : le mois d\u2019ao\u00fbt charg\u00e9 d\u2019Alassane Ouattara"},{"@type":"BreadcrumbList","@id":"https:\/\/www.africa-press.net\/cotedivoire\/politique\/covid-19-famille-et-vacances-le-mois-daout-charge-dalassane-ouattara#breadcrumb","itemListElement":[{"@type":"ListItem","position":1,"name":"Accueil","item":"https:\/\/www.africa-press.net\/cotedivoire\/"},{"@type":"ListItem","position":2,"name":"Covid-19, famille et vacances : le mois d\u2019ao\u00fbt charg\u00e9 d\u2019Alassane Ouattara"}]},{"@type":"WebSite","@id":"https:\/\/www.africa-press.net\/cotedivoire\/#website","url":"https:\/\/www.africa-press.net\/cotedivoire\/","name":"C\u00f4te d&#039;Ivoire","description":"Just another Africa News Agency Sites site","potentialAction":[{"@type":"SearchAction","target":{"@type":"EntryPoint","urlTemplate":"https:\/\/www.africa-press.net\/cotedivoire\/?s={search_term_string}"},"query-input":{"@type":"PropertyValueSpecification","valueRequired":true,"valueName":"search_term_string"}}],"inLanguage":"fr-FR"},{"@type":"Person","@id":"https:\/\/www.africa-press.net\/cotedivoire\/#\/schema\/person\/2b1cf3cd81a31e3cd26889ca66d677f1","name":"cfeditorfr"}]}},"_links":{"self":[{"href":"https:\/\/www.africa-press.net\/cotedivoire\/wp-json\/wp\/v2\/posts\/11344","targetHints":{"allow":["GET"]}}],"collection":[{"href":"https:\/\/www.africa-press.net\/cotedivoire\/wp-json\/wp\/v2\/posts"}],"about":[{"href":"https:\/\/www.africa-press.net\/cotedivoire\/wp-json\/wp\/v2\/types\/post"}],"author":[{"embeddable":true,"href":"https:\/\/www.africa-press.net\/cotedivoire\/wp-json\/wp\/v2\/users\/82"}],"replies":[{"embeddable":true,"href":"https:\/\/www.africa-press.net\/cotedivoire\/wp-json\/wp\/v2\/comments?post=11344"}],"version-history":[{"count":0,"href":"https:\/\/www.africa-press.net\/cotedivoire\/wp-json\/wp\/v2\/posts\/11344\/revisions"}],"wp:featuredmedia":[{"embeddable":true,"href":"https:\/\/www.africa-press.net\/cotedivoire\/wp-json\/wp\/v2\/media\/11343"}],"wp:attachment":[{"href":"https:\/\/www.africa-press.net\/cotedivoire\/wp-json\/wp\/v2\/media?parent=11344"}],"wp:term":[{"taxonomy":"category","embeddable":true,"href":"https:\/\/www.africa-press.net\/cotedivoire\/wp-json\/wp\/v2\/categories?post=11344"},{"taxonomy":"post_tag","embeddable":true,"href":"https:\/\/www.africa-press.net\/cotedivoire\/wp-json\/wp\/v2\/tags?post=11344"}],"curies":[{"name":"wp","href":"https:\/\/api.w.org\/{rel}","templated":true}]}}