{"id":11350,"date":"2021-08-14T14:10:08","date_gmt":"2021-08-14T14:10:08","guid":{"rendered":"https:\/\/www.africa-press.net\/cotedivoire\/?p=11350"},"modified":"2021-08-14T13:54:26","modified_gmt":"2021-08-14T13:54:26","slug":"la-directrice-regionale-de-loms-felicite-la-cote-divoire-pour-sa-gestion-du-covid-19","status":"publish","type":"post","link":"https:\/\/www.africa-press.net\/cotedivoire\/politique\/la-directrice-regionale-de-loms-felicite-la-cote-divoire-pour-sa-gestion-du-covid-19","title":{"rendered":"La directrice r\u00e9gionale de l\u2019OMS f\u00e9licite la C\u00f4te-d\u2019Ivoire pour sa gestion du covid-19"},"content":{"rendered":"<p><span style=\"color: #ff6600\"><strong><a href=\"https:\/\/www.africa-press.net\/\">Africa-Press<\/a> &#8211; <a href=\"https:\/\/www.africa-press.net\/cotedivoire\">C\u00f4te d&rsquo;Ivoire<\/a>. <\/strong><\/span>Communiqu\u00e9 de presse 13.08.2021<\/p>\n<p>En cong\u00e9 \u00e0 Abidjan, la Directrice r\u00e9gionale de l\u2019OMS f\u00e9licite les autorit\u00e9s ivoiriennes pour la gestion de la COVID-19 y compris la vaccination et la pr\u00e9vention de l\u2019\u00e9pid\u00e9mie d\u2019Ebola aux fronti\u00e8res<\/p>\n<p>Abidjan, 13 ao\u00fbt 2021 (OMS) \u2013 La Directrice r\u00e9gionale de l\u2019OMS pour l\u2019Afrique, Dr Matshidiso Moeti, s\u00e9journe actuellement \u00e0 Abidjan o\u00f9 elle passe ses cong\u00e9s officiels. Elle en a profit\u00e9 pour rendre une visite de courtoisie, dans l\u2019apr\u00e8s-midi du 10 ao\u00fbt 2021, au Ministre ivoirien de la sant\u00e9, de l\u2019Hygi\u00e8ne publique et de la couverture maladie universelle, M. Pierre N\u2019Gou DIMBA, pour lui pr\u00e9senter ses civilit\u00e9s. Elle a \u00e9galement rencontr\u00e9 le m\u00eame jour, dans la matin\u00e9e, le personnel de l\u2019OMS en C\u00f4te d\u2019Ivoire pour l\u2019encourager et le f\u00e9liciter pour le travail accompli dans le pays.<\/p>\n<p>Lors de sa rencontre avec le Ministre de la sant\u00e9, de l\u2019hygi\u00e8ne publique et de la Couverture maladie universelle, M. Pierre N\u2019Gou DIMBA, Les \u00e9changes ont \u00e9t\u00e9 tr\u00e8s conviviaux entre les deux personnalit\u00e9s. Ils ont port\u00e9 sur les questions d\u2019actualit\u00e9, notamment la pand\u00e9mie de la COVID-19 qui a connu une certaine r\u00e9surgence au cours des deux derni\u00e8res semaines (plus de 20% d\u2019augmentation du nombre de cas) ainsi que la question des variants. Elle a salu\u00e9 les efforts du pays dans la lutte contre la COVID-19 avec un faible taux de l\u00e9talit\u00e9 (0.6% contre 2.4% pour la r\u00e9gion africaine). Le pays a men\u00e9 une bonne campagne de communication pour la vaccination contre la COVID-19 ayant entrain\u00e9 une bonne adh\u00e9sion des populations \u00e0 la vaccination (1 094 783 personnes vaccin\u00e9es au 10 ao\u00fbt 21).<\/p>\n<p>Les questions li\u00e9es au financement de la sant\u00e9 ont \u00e9t\u00e9 discut\u00e9es. La directrice r\u00e9gionale a \u00e9voqu\u00e9 les difficult\u00e9s de mobilisation des ressources financi\u00e8res par l\u2019OMS au niveau mondiale o\u00f9 les fonds sont insuffisants et\/ou non flexibles et a encourag\u00e9 le pays \u00e0 promouvoir les financements domestiques<\/p>\n<p>Elle a aussi f\u00e9licit\u00e9 le minist\u00e8re de la sant\u00e9 pour l\u2019\u00e9laboration du nouveau Plan National de D\u00e9veloppement Sanitaire (PNDS) 2021-2025 malgr\u00e9 le contexte de la COVID-19, ainsi que le d\u00e9marrage de la formation des \u00e9quipes cadres en gestion des districts de sant\u00e9, formation actuellement en cours \u00e0 Yamoussoukro avec l\u2019appui de l\u2019OMS, qui permettra la mise en \u0153uvre optimale des soins de sant\u00e9 primaires vers l\u2019attente des Objectifs de D\u00e9veloppement Durables.<\/p>\n<p>Concernant la gestion des \u00e9pid\u00e9mies, Dr Moeti a \u00e9galement salu\u00e9 la bonne conduite des activit\u00e9s pr\u00e9ventives efficaces le long de la fronti\u00e8re avec la Guin\u00e9e qui ont fait que le pays n\u2019a pas connu une importation de la maladie \u00e0 virus Ebola. Aussi, malgr\u00e9 la pand\u00e9mie \u00e0 COVID-19, le pays a men\u00e9 deux campagnes de qualit\u00e9 contre la Polio (Octobre et novembre 2020) ayant permis d\u2019interrompre la circulation du poliovirus d\u00e9riv\u00e9 de souche vaccinale (cVDPV).<\/p>\n<p>Les questions li\u00e9es au renforcement du syst\u00e8me de sant\u00e9 dans sa globalit\u00e9 et surtout du niveau primaire n\u2019ont pas \u00e9t\u00e9 occult\u00e9es. Pour toutes ces questions et bien d\u2019autres, la Directrice r\u00e9gionale de l\u2019OMS pour l\u2019Afrique a rassur\u00e9 le Ministre ivoirien de la sant\u00e9 du soutien de son Organisation. \u00ab L\u2019OMS qui est d\u00e9j\u00e0 tr\u00e8s engag\u00e9e aux c\u00f4t\u00e9s du minist\u00e8re de la sant\u00e9, continuera ses appuis en termes de mobilisation des ressources et d\u2019appuis techniques pour continuer \u00e0 vous soutenir dans ce que vous faites d\u00e9j\u00e0 tr\u00e8s bien. Je voudrais aussi vous remercier ainsi que tout le Gouvernement pour tout le soutien que vous apportez \u00e0 nos coll\u00e8gues sur place dans le cadre de notre accord de si\u00e8ge, merci beaucoup \u00bb, a-t-elle dit avant de prendre cong\u00e9 de son h\u00f4te.<\/p>\n<p>Au cours de la rencontre qu\u2019elle a eu avec le personnel du Bureau pays, dans la matin\u00e9e, elle a pu constater, \u00e0 travers des communications importantes qu\u2019en d\u00e9pit de la COVID-19, l\u2019OMS apporte plusieurs autres appuis au pays, notamment dans le domaine de l\u2019op\u00e9rationnalisation des districts sanitaires o\u00f9 la formation initiale de 31 \u00e9quipes cadres de districts est en cours utilisant les modules nationaux de formation \u00e9labor\u00e9s \u00e0 cet effet ; la mise en place d\u2019une plateforme e-learning couvrant les 113 districts du pays, qui a permis la formation de pr\u00e8s de 40.000 agents de sant\u00e9 de tous les niveaux de la pyramide sanitaire sur les programmes prioritaires de sant\u00e9 dont la lutte contre la COVID-19 et autres urgences de sant\u00e9 publique.<\/p>\n<p>Le bureau pays de l\u2019OMS est \u00e9galement engag\u00e9 dans le partenariat avec d\u2019autres secteurs minist\u00e9riels autres que celui de la sant\u00e9. Ainsi, en plus du minist\u00e8re en charge du Sport, le bureau pays travaille en partenariat avec le minist\u00e8re en charge de la Famille, de la Femme et de l\u2019Enfant o\u00f9 des actions conjointes sont en cours avec la perspective de la signature d\u2019une convention de partenariat dans le mois de septembre 2021.<\/p>\n<p>Ces initiatives ont \u00e9t\u00e9 tr\u00e8s bien appr\u00e9ci\u00e9es par la Directrice r\u00e9gionale de l\u2019OMS, pour qui le multi partenariat au-del\u00e0 du secteur de la Sant\u00e9 est la seule voie pour atteindre les Objectifs de D\u00e9veloppement Durable. Le Dr Moeti a beaucoup appr\u00e9ci\u00e9 les appuis de l\u2019OMS au pays dans le domaine du renforcement du syst\u00e8me de sant\u00e9 \u00e0 travers la formation des \u00e9quipes cadres des districts, la lutte contre la mortalit\u00e9 maternelle et aussi les efforts du pays dans la gestion des urgences sanitaires en cours (COVID-19, contr\u00f4le de la circulation du virus d\u00e9riv\u00e9 du vaccin polio \u2013 cVDPV, les menaces des virus Ebola et Marburg).<\/p>\n<p>Enfin, l\u2019Association du personnel a exprim\u00e9 ses remerciements \u00e0 la Directrice r\u00e9gionale, concernant la gestion efficace des dossiers li\u00e9s \u00e0 la cl\u00f4ture du programme polio. Les membres du personnel travaillant dans ce programme en C\u00f4te d\u2019Ivoire, ont tous \u00e9t\u00e9 pris en compte dans les budgets d\u2019autres programmes.<\/p>\n<p>La Directrice r\u00e9gionale s\u2019est r\u00e9jouie des bonnes capacit\u00e9s de leadership et de plaidoyer du Bureau pays ayant permis la mobilisation des ressources financi\u00e8res substantielles aupr\u00e8s du gouvernement et des partenaires locaux pour son plan de travail pour soutenir le pays dans la riposte contre la pand\u00e9mie de COVID-19 et dans la pr\u00e9paration face \u00e0 la menace des \u00e9pid\u00e9mies des maladies \u00e0 virus \u00c9bola et Marburg. \u00ab Face aux difficult\u00e9s de financement au niveau international, la mobilisation des ressources financi\u00e8res domestiques est une tr\u00e8s bonne initiative, et je voudrais vous f\u00e9liciter pour cela \u00bb, a-t-elle dit. \u00ab De plus en plus, on nous demande de montrer la valeur ajout\u00e9e de l\u2019OMS. Ce que vous avez accompli dans ce bureau est la preuve qu\u2019on doit continuer \u00e0 investir dans l\u2019OMS. C\u2019est un bon exemple de ce qu\u2019un bureau pays peut faire, et je vous demande de documenter et de publier toutes ces initiatives \u00bb, a-t-elle ajout\u00e9.<\/p>\n<p>La Directrice r\u00e9gionale a \u00e9galement appr\u00e9ci\u00e9 la mise en place d\u2019une \u00e9quipe int\u00e9gr\u00e9e de gestion des urgences au niveau du bureau pays. S\u2019appuyant sur cet exemple, et face \u00e0 l\u2019insuffisance en ressources humaines dans les bureaux pays, elle a encourag\u00e9 le bureau \u00e0 poursuivre cette approche int\u00e9gr\u00e9e des programmes qui garantit plus d\u2019efficacit\u00e9 et d\u2019efficience dans la mise en \u0153uvre des activit\u00e9s ainsi que la rationalisation des ressources.<\/p>\n<p>Elle a salu\u00e9 l\u2019installation effective des 03 membres de l\u2019\u00e9quipe d\u2019appui multi-pays (multi-country assignment team \u2013 MCAT) \u00e0 Abidjan et a visit\u00e9 leur bureau. Elle s\u2019est dit tr\u00e8s satisfaite de ce qu\u2019elle a vu et a souhait\u00e9 que ces \u00e9quipes ne coupent pas le cordon ombilical avec le Bureau r\u00e9gional (AFRO). \u00ab Ne vous d\u00e9connectez pas du Bureau r\u00e9gional \u00bb, a-t-elle recommand\u00e9.<\/p>\n<p>Tr\u00e8s \u00e9mue par cette visite de la Directrice r\u00e9gionale, l\u2019Association du personnel lui a remis comme pr\u00e9sent, un pagne traditionnel du terroir en souvenir de son passage en C\u00f4te d\u2019Ivoire.<\/p>\n<p>Au sortir de la salle de conf\u00e9rence, la Directrice r\u00e9gionale a marqu\u00e9 un arr\u00eat devant le pr\u00e9sentoir d\u2019un herbier des plantes m\u00e9dicinales \u00ab Plantes et outils de la m\u00e9decine traditionnelle en C\u00f4te d\u2019Ivoire \u00bb, install\u00e9 dans l\u2019enceinte du bureau pays. Visiblement tr\u00e8s \u00e9merveill\u00e9e, elle a adress\u00e9 ses vives f\u00e9licitations au Repr\u00e9sentant, Dr Yameogo, pour avoir eu cette id\u00e9e de faire la promotion de la m\u00e9decine traditionnelle africaine. \u00ab C\u2019est aussi une preuve que l\u2019OMS soutient la m\u00e9decine traditionnelle dans les pays \u00bb.<\/p>\n<p>FIN (OMS \u2013 PRESSE)<\/p>\n","protected":false},"excerpt":{"rendered":"<p>Africa-Press &#8211; C\u00f4te d&rsquo;Ivoire. Communiqu\u00e9 de presse 13.08.2021 En cong\u00e9 \u00e0 Abidjan, la Directrice r\u00e9gionale de l\u2019OMS f\u00e9licite les autorit\u00e9s ivoiriennes pour la gestion de la COVID-19 y compris la vaccination et la pr\u00e9vention de l\u2019\u00e9pid\u00e9mie d\u2019Ebola aux fronti\u00e8res Abidjan, 13 ao\u00fbt 2021 (OMS) \u2013 La Directrice r\u00e9gionale de l\u2019OMS pour l\u2019Afrique, Dr Matshidiso Moeti, [&hellip;]<\/p>\n","protected":false},"author":82,"featured_media":11349,"comment_status":"open","ping_status":"closed","sticky":false,"template":"","format":"standard","meta":{"footnotes":""},"categories":[11,2,10],"tags":[56,63,29],"class_list":["post-11350","post","type-post","status-publish","format-standard","has-post-thumbnail","hentry","category-homepage-french","category-politique","category-toutes-les-actualites","tag-africa-press","tag-africa-press-cote-divoire","tag-cote-divoire"],"yoast_head":"<!-- This site is optimized with the Yoast SEO Premium plugin v26.1 (Yoast SEO v27.0) - https:\/\/yoast.com\/product\/yoast-seo-premium-wordpress\/ -->\n<title>La directrice r\u00e9gionale de l\u2019OMS f\u00e9licite la C\u00f4te-d\u2019Ivoire pour sa gestion du covid-19 - C\u00f4te d&#039;Ivoire<\/title>\n<meta name=\"description\" content=\"Communiqu\u00e9 de presse 13.08.2021 En cong\u00e9 \u00e0 Abidjan, la Directrice r\u00e9gionale de l\u2019OMS f\u00e9licite les autorit\u00e9s ivoiriennes ...\" \/>\n<meta name=\"robots\" content=\"index, follow, max-snippet:-1, max-image-preview:large, max-video-preview:-1\" \/>\n<link rel=\"canonical\" href=\"https:\/\/www.africa-press.net\/cotedivoire\/politique\/la-directrice-regionale-de-loms-felicite-la-cote-divoire-pour-sa-gestion-du-covid-19\" \/>\n<meta property=\"og:locale\" content=\"fr_FR\" \/>\n<meta property=\"og:type\" content=\"article\" \/>\n<meta property=\"og:title\" content=\"La directrice r\u00e9gionale de l\u2019OMS f\u00e9licite la C\u00f4te-d\u2019Ivoire pour sa gestion du covid-19\" \/>\n<meta property=\"og:description\" content=\"Communiqu\u00e9 de presse 13.08.2021 En cong\u00e9 \u00e0 Abidjan, la Directrice r\u00e9gionale de l\u2019OMS f\u00e9licite les autorit\u00e9s ivoiriennes ...\" \/>\n<meta property=\"og:url\" content=\"https:\/\/www.africa-press.net\/cotedivoire\/politique\/la-directrice-regionale-de-loms-felicite-la-cote-divoire-pour-sa-gestion-du-covid-19\" \/>\n<meta property=\"og:site_name\" content=\"C\u00f4te d&#039;Ivoire\" \/>\n<meta property=\"article:published_time\" content=\"2021-08-14T14:10:08+00:00\" \/>\n<meta property=\"og:image\" content=\"https:\/\/static.africa-press.net\/cote\/sites\/43\/2021\/08\/img-6117caf376d07.jpg\" \/>\n\t<meta property=\"og:image:width\" content=\"1252\" \/>\n\t<meta property=\"og:image:height\" content=\"783\" \/>\n\t<meta property=\"og:image:type\" content=\"image\/jpeg\" \/>\n<meta name=\"author\" content=\"cfeditorfr\" \/>\n<meta name=\"twitter:card\" content=\"summary_large_image\" \/>\n<meta name=\"twitter:label1\" content=\"\u00c9crit par\" \/>\n\t<meta name=\"twitter:data1\" content=\"cfeditorfr\" \/>\n\t<meta name=\"twitter:label2\" content=\"Dur\u00e9e de lecture estim\u00e9e\" \/>\n\t<meta name=\"twitter:data2\" content=\"7 minutes\" \/>\n<script type=\"application\/ld+json\" class=\"yoast-schema-graph\">{\"@context\":\"https:\/\/schema.org\",\"@graph\":[{\"@type\":\"Article\",\"@id\":\"https:\/\/www.africa-press.net\/cotedivoire\/politique\/la-directrice-regionale-de-loms-felicite-la-cote-divoire-pour-sa-gestion-du-covid-19#article\",\"isPartOf\":{\"@id\":\"https:\/\/www.africa-press.net\/cotedivoire\/politique\/la-directrice-regionale-de-loms-felicite-la-cote-divoire-pour-sa-gestion-du-covid-19\"},\"author\":{\"name\":\"cfeditorfr\",\"@id\":\"https:\/\/www.africa-press.net\/cotedivoire\/#\/schema\/person\/2b1cf3cd81a31e3cd26889ca66d677f1\"},\"headline\":\"La directrice r\u00e9gionale de l\u2019OMS f\u00e9licite la C\u00f4te-d\u2019Ivoire pour sa gestion du covid-19\",\"datePublished\":\"2021-08-14T14:10:08+00:00\",\"mainEntityOfPage\":{\"@id\":\"https:\/\/www.africa-press.net\/cotedivoire\/politique\/la-directrice-regionale-de-loms-felicite-la-cote-divoire-pour-sa-gestion-du-covid-19\"},\"wordCount\":1489,\"commentCount\":0,\"image\":{\"@id\":\"https:\/\/www.africa-press.net\/cotedivoire\/politique\/la-directrice-regionale-de-loms-felicite-la-cote-divoire-pour-sa-gestion-du-covid-19#primaryimage\"},\"thumbnailUrl\":\"https:\/\/static.africa-press.net\/cote\/sites\/43\/2021\/08\/img-6117caf376d07.jpg\",\"keywords\":[\"Africa Press\",\"Africa Press-C\u00f4te d'Ivoire\",\"C\u00d4TE D'IVOIRE\"],\"articleSection\":[\"homepage-french\",\"Politique\",\"Toutes les actualit\u00e9s\"],\"inLanguage\":\"fr-FR\",\"potentialAction\":[{\"@type\":\"CommentAction\",\"name\":\"Comment\",\"target\":[\"https:\/\/www.africa-press.net\/cotedivoire\/politique\/la-directrice-regionale-de-loms-felicite-la-cote-divoire-pour-sa-gestion-du-covid-19#respond\"]}]},{\"@type\":\"WebPage\",\"@id\":\"https:\/\/www.africa-press.net\/cotedivoire\/politique\/la-directrice-regionale-de-loms-felicite-la-cote-divoire-pour-sa-gestion-du-covid-19\",\"url\":\"https:\/\/www.africa-press.net\/cotedivoire\/politique\/la-directrice-regionale-de-loms-felicite-la-cote-divoire-pour-sa-gestion-du-covid-19\",\"name\":\"La directrice r\u00e9gionale de l\u2019OMS f\u00e9licite la C\u00f4te-d\u2019Ivoire pour sa gestion du covid-19 - C\u00f4te d&#039;Ivoire\",\"isPartOf\":{\"@id\":\"https:\/\/www.africa-press.net\/cotedivoire\/#website\"},\"primaryImageOfPage\":{\"@id\":\"https:\/\/www.africa-press.net\/cotedivoire\/politique\/la-directrice-regionale-de-loms-felicite-la-cote-divoire-pour-sa-gestion-du-covid-19#primaryimage\"},\"image\":{\"@id\":\"https:\/\/www.africa-press.net\/cotedivoire\/politique\/la-directrice-regionale-de-loms-felicite-la-cote-divoire-pour-sa-gestion-du-covid-19#primaryimage\"},\"thumbnailUrl\":\"https:\/\/static.africa-press.net\/cote\/sites\/43\/2021\/08\/img-6117caf376d07.jpg\",\"datePublished\":\"2021-08-14T14:10:08+00:00\",\"author\":{\"@id\":\"https:\/\/www.africa-press.net\/cotedivoire\/#\/schema\/person\/2b1cf3cd81a31e3cd26889ca66d677f1\"},\"description\":\"Communiqu\u00e9 de presse 13.08.2021 En cong\u00e9 \u00e0 Abidjan, la Directrice r\u00e9gionale de l\u2019OMS f\u00e9licite les autorit\u00e9s ivoiriennes ...\",\"breadcrumb\":{\"@id\":\"https:\/\/www.africa-press.net\/cotedivoire\/politique\/la-directrice-regionale-de-loms-felicite-la-cote-divoire-pour-sa-gestion-du-covid-19#breadcrumb\"},\"inLanguage\":\"fr-FR\",\"potentialAction\":[{\"@type\":\"ReadAction\",\"target\":[\"https:\/\/www.africa-press.net\/cotedivoire\/politique\/la-directrice-regionale-de-loms-felicite-la-cote-divoire-pour-sa-gestion-du-covid-19\"]}]},{\"@type\":\"ImageObject\",\"inLanguage\":\"fr-FR\",\"@id\":\"https:\/\/www.africa-press.net\/cotedivoire\/politique\/la-directrice-regionale-de-loms-felicite-la-cote-divoire-pour-sa-gestion-du-covid-19#primaryimage\",\"url\":\"https:\/\/static.africa-press.net\/cote\/sites\/43\/2021\/08\/img-6117caf376d07.jpg\",\"contentUrl\":\"https:\/\/static.africa-press.net\/cote\/sites\/43\/2021\/08\/img-6117caf376d07.jpg\",\"width\":1252,\"height\":783,\"caption\":\"La directrice r\u00e9gionale de l\u2019OMS f\u00e9licite la C\u00f4te-d\u2019Ivoire pour sa gestion du covid-19\"},{\"@type\":\"BreadcrumbList\",\"@id\":\"https:\/\/www.africa-press.net\/cotedivoire\/politique\/la-directrice-regionale-de-loms-felicite-la-cote-divoire-pour-sa-gestion-du-covid-19#breadcrumb\",\"itemListElement\":[{\"@type\":\"ListItem\",\"position\":1,\"name\":\"Accueil\",\"item\":\"https:\/\/www.africa-press.net\/cotedivoire\/\"},{\"@type\":\"ListItem\",\"position\":2,\"name\":\"La directrice r\u00e9gionale de l\u2019OMS f\u00e9licite la C\u00f4te-d\u2019Ivoire pour sa gestion du covid-19\"}]},{\"@type\":\"WebSite\",\"@id\":\"https:\/\/www.africa-press.net\/cotedivoire\/#website\",\"url\":\"https:\/\/www.africa-press.net\/cotedivoire\/\",\"name\":\"C\u00f4te d&#039;Ivoire\",\"description\":\"Just another Africa News Agency Sites site\",\"potentialAction\":[{\"@type\":\"SearchAction\",\"target\":{\"@type\":\"EntryPoint\",\"urlTemplate\":\"https:\/\/www.africa-press.net\/cotedivoire\/?s={search_term_string}\"},\"query-input\":{\"@type\":\"PropertyValueSpecification\",\"valueRequired\":true,\"valueName\":\"search_term_string\"}}],\"inLanguage\":\"fr-FR\"},{\"@type\":\"Person\",\"@id\":\"https:\/\/www.africa-press.net\/cotedivoire\/#\/schema\/person\/2b1cf3cd81a31e3cd26889ca66d677f1\",\"name\":\"cfeditorfr\"}]}<\/script>\n<!-- \/ Yoast SEO Premium plugin. -->","yoast_head_json":{"title":"La directrice r\u00e9gionale de l\u2019OMS f\u00e9licite la C\u00f4te-d\u2019Ivoire pour sa gestion du covid-19 - C\u00f4te d&#039;Ivoire","description":"Communiqu\u00e9 de presse 13.08.2021 En cong\u00e9 \u00e0 Abidjan, la Directrice r\u00e9gionale de l\u2019OMS f\u00e9licite les autorit\u00e9s ivoiriennes ...","robots":{"index":"index","follow":"follow","max-snippet":"max-snippet:-1","max-image-preview":"max-image-preview:large","max-video-preview":"max-video-preview:-1"},"canonical":"https:\/\/www.africa-press.net\/cotedivoire\/politique\/la-directrice-regionale-de-loms-felicite-la-cote-divoire-pour-sa-gestion-du-covid-19","og_locale":"fr_FR","og_type":"article","og_title":"La directrice r\u00e9gionale de l\u2019OMS f\u00e9licite la C\u00f4te-d\u2019Ivoire pour sa gestion du covid-19","og_description":"Communiqu\u00e9 de presse 13.08.2021 En cong\u00e9 \u00e0 Abidjan, la Directrice r\u00e9gionale de l\u2019OMS f\u00e9licite les autorit\u00e9s ivoiriennes ...","og_url":"https:\/\/www.africa-press.net\/cotedivoire\/politique\/la-directrice-regionale-de-loms-felicite-la-cote-divoire-pour-sa-gestion-du-covid-19","og_site_name":"C\u00f4te d&#039;Ivoire","article_published_time":"2021-08-14T14:10:08+00:00","og_image":[{"width":1252,"height":783,"url":"https:\/\/static.africa-press.net\/cote\/sites\/43\/2021\/08\/img-6117caf376d07.jpg","type":"image\/jpeg"}],"author":"cfeditorfr","twitter_card":"summary_large_image","twitter_misc":{"\u00c9crit par":"cfeditorfr","Dur\u00e9e de lecture estim\u00e9e":"7 minutes"},"schema":{"@context":"https:\/\/schema.org","@graph":[{"@type":"Article","@id":"https:\/\/www.africa-press.net\/cotedivoire\/politique\/la-directrice-regionale-de-loms-felicite-la-cote-divoire-pour-sa-gestion-du-covid-19#article","isPartOf":{"@id":"https:\/\/www.africa-press.net\/cotedivoire\/politique\/la-directrice-regionale-de-loms-felicite-la-cote-divoire-pour-sa-gestion-du-covid-19"},"author":{"name":"cfeditorfr","@id":"https:\/\/www.africa-press.net\/cotedivoire\/#\/schema\/person\/2b1cf3cd81a31e3cd26889ca66d677f1"},"headline":"La directrice r\u00e9gionale de l\u2019OMS f\u00e9licite la C\u00f4te-d\u2019Ivoire pour sa gestion du covid-19","datePublished":"2021-08-14T14:10:08+00:00","mainEntityOfPage":{"@id":"https:\/\/www.africa-press.net\/cotedivoire\/politique\/la-directrice-regionale-de-loms-felicite-la-cote-divoire-pour-sa-gestion-du-covid-19"},"wordCount":1489,"commentCount":0,"image":{"@id":"https:\/\/www.africa-press.net\/cotedivoire\/politique\/la-directrice-regionale-de-loms-felicite-la-cote-divoire-pour-sa-gestion-du-covid-19#primaryimage"},"thumbnailUrl":"https:\/\/static.africa-press.net\/cote\/sites\/43\/2021\/08\/img-6117caf376d07.jpg","keywords":["Africa Press","Africa Press-C\u00f4te d'Ivoire","C\u00d4TE D'IVOIRE"],"articleSection":["homepage-french","Politique","Toutes les actualit\u00e9s"],"inLanguage":"fr-FR","potentialAction":[{"@type":"CommentAction","name":"Comment","target":["https:\/\/www.africa-press.net\/cotedivoire\/politique\/la-directrice-regionale-de-loms-felicite-la-cote-divoire-pour-sa-gestion-du-covid-19#respond"]}]},{"@type":"WebPage","@id":"https:\/\/www.africa-press.net\/cotedivoire\/politique\/la-directrice-regionale-de-loms-felicite-la-cote-divoire-pour-sa-gestion-du-covid-19","url":"https:\/\/www.africa-press.net\/cotedivoire\/politique\/la-directrice-regionale-de-loms-felicite-la-cote-divoire-pour-sa-gestion-du-covid-19","name":"La directrice r\u00e9gionale de l\u2019OMS f\u00e9licite la C\u00f4te-d\u2019Ivoire pour sa gestion du covid-19 - C\u00f4te d&#039;Ivoire","isPartOf":{"@id":"https:\/\/www.africa-press.net\/cotedivoire\/#website"},"primaryImageOfPage":{"@id":"https:\/\/www.africa-press.net\/cotedivoire\/politique\/la-directrice-regionale-de-loms-felicite-la-cote-divoire-pour-sa-gestion-du-covid-19#primaryimage"},"image":{"@id":"https:\/\/www.africa-press.net\/cotedivoire\/politique\/la-directrice-regionale-de-loms-felicite-la-cote-divoire-pour-sa-gestion-du-covid-19#primaryimage"},"thumbnailUrl":"https:\/\/static.africa-press.net\/cote\/sites\/43\/2021\/08\/img-6117caf376d07.jpg","datePublished":"2021-08-14T14:10:08+00:00","author":{"@id":"https:\/\/www.africa-press.net\/cotedivoire\/#\/schema\/person\/2b1cf3cd81a31e3cd26889ca66d677f1"},"description":"Communiqu\u00e9 de presse 13.08.2021 En cong\u00e9 \u00e0 Abidjan, la Directrice r\u00e9gionale de l\u2019OMS f\u00e9licite les autorit\u00e9s ivoiriennes ...","breadcrumb":{"@id":"https:\/\/www.africa-press.net\/cotedivoire\/politique\/la-directrice-regionale-de-loms-felicite-la-cote-divoire-pour-sa-gestion-du-covid-19#breadcrumb"},"inLanguage":"fr-FR","potentialAction":[{"@type":"ReadAction","target":["https:\/\/www.africa-press.net\/cotedivoire\/politique\/la-directrice-regionale-de-loms-felicite-la-cote-divoire-pour-sa-gestion-du-covid-19"]}]},{"@type":"ImageObject","inLanguage":"fr-FR","@id":"https:\/\/www.africa-press.net\/cotedivoire\/politique\/la-directrice-regionale-de-loms-felicite-la-cote-divoire-pour-sa-gestion-du-covid-19#primaryimage","url":"https:\/\/static.africa-press.net\/cote\/sites\/43\/2021\/08\/img-6117caf376d07.jpg","contentUrl":"https:\/\/static.africa-press.net\/cote\/sites\/43\/2021\/08\/img-6117caf376d07.jpg","width":1252,"height":783,"caption":"La directrice r\u00e9gionale de l\u2019OMS f\u00e9licite la C\u00f4te-d\u2019Ivoire pour sa gestion du covid-19"},{"@type":"BreadcrumbList","@id":"https:\/\/www.africa-press.net\/cotedivoire\/politique\/la-directrice-regionale-de-loms-felicite-la-cote-divoire-pour-sa-gestion-du-covid-19#breadcrumb","itemListElement":[{"@type":"ListItem","position":1,"name":"Accueil","item":"https:\/\/www.africa-press.net\/cotedivoire\/"},{"@type":"ListItem","position":2,"name":"La directrice r\u00e9gionale de l\u2019OMS f\u00e9licite la C\u00f4te-d\u2019Ivoire pour sa gestion du covid-19"}]},{"@type":"WebSite","@id":"https:\/\/www.africa-press.net\/cotedivoire\/#website","url":"https:\/\/www.africa-press.net\/cotedivoire\/","name":"C\u00f4te d&#039;Ivoire","description":"Just another Africa News Agency Sites site","potentialAction":[{"@type":"SearchAction","target":{"@type":"EntryPoint","urlTemplate":"https:\/\/www.africa-press.net\/cotedivoire\/?s={search_term_string}"},"query-input":{"@type":"PropertyValueSpecification","valueRequired":true,"valueName":"search_term_string"}}],"inLanguage":"fr-FR"},{"@type":"Person","@id":"https:\/\/www.africa-press.net\/cotedivoire\/#\/schema\/person\/2b1cf3cd81a31e3cd26889ca66d677f1","name":"cfeditorfr"}]}},"_links":{"self":[{"href":"https:\/\/www.africa-press.net\/cotedivoire\/wp-json\/wp\/v2\/posts\/11350","targetHints":{"allow":["GET"]}}],"collection":[{"href":"https:\/\/www.africa-press.net\/cotedivoire\/wp-json\/wp\/v2\/posts"}],"about":[{"href":"https:\/\/www.africa-press.net\/cotedivoire\/wp-json\/wp\/v2\/types\/post"}],"author":[{"embeddable":true,"href":"https:\/\/www.africa-press.net\/cotedivoire\/wp-json\/wp\/v2\/users\/82"}],"replies":[{"embeddable":true,"href":"https:\/\/www.africa-press.net\/cotedivoire\/wp-json\/wp\/v2\/comments?post=11350"}],"version-history":[{"count":0,"href":"https:\/\/www.africa-press.net\/cotedivoire\/wp-json\/wp\/v2\/posts\/11350\/revisions"}],"wp:featuredmedia":[{"embeddable":true,"href":"https:\/\/www.africa-press.net\/cotedivoire\/wp-json\/wp\/v2\/media\/11349"}],"wp:attachment":[{"href":"https:\/\/www.africa-press.net\/cotedivoire\/wp-json\/wp\/v2\/media?parent=11350"}],"wp:term":[{"taxonomy":"category","embeddable":true,"href":"https:\/\/www.africa-press.net\/cotedivoire\/wp-json\/wp\/v2\/categories?post=11350"},{"taxonomy":"post_tag","embeddable":true,"href":"https:\/\/www.africa-press.net\/cotedivoire\/wp-json\/wp\/v2\/tags?post=11350"}],"curies":[{"name":"wp","href":"https:\/\/api.w.org\/{rel}","templated":true}]}}