{"id":11353,"date":"2021-08-14T14:16:43","date_gmt":"2021-08-14T14:16:43","guid":{"rendered":"https:\/\/www.africa-press.net\/cotedivoire\/?p=11353"},"modified":"2021-08-14T13:55:04","modified_gmt":"2021-08-14T13:55:04","slug":"kossou-le-depute-philippe-kouadio-pdci-echange-avec-les-chefs-traditionnels","status":"publish","type":"post","link":"https:\/\/www.africa-press.net\/cotedivoire\/politique\/kossou-le-depute-philippe-kouadio-pdci-echange-avec-les-chefs-traditionnels","title":{"rendered":"Kossou: Le d\u00e9put\u00e9 Philippe Kouadio (PDCI) \u00e9change avec les chefs traditionnels"},"content":{"rendered":"<p><span style=\"color: #ff6600\"><strong><a href=\"https:\/\/www.africa-press.net\/\">Africa-Press<\/a> &#8211; <a href=\"https:\/\/www.africa-press.net\/cotedivoire\">C\u00f4te d&rsquo;Ivoire<\/a>. <\/strong><\/span>En marge de la c\u00e9l\u00e9bration des 61 ans de l\u2019ind\u00e9pendance de la C\u00f4te d\u2019Ivoire Philippe Kouadio, d\u00e9put\u00e9 de Yamoussoukro Sous-pr\u00e9fecture et de Kossou, a \u00e9chang\u00e9 le samedi 7 ao\u00fbt dernier avec l\u2019ensemble des chefs de villages de la Sous-pr\u00e9fecture de Kossou.<\/p>\n<p>\u00c0 l\u2019entame des \u00e9changes, le parlementaire a donn\u00e9 les raisons pour lesquelles le gouvernement a opt\u00e9 pour une comm\u00e9moration plus sobre de la f\u00eate nationale avant d\u2019exhorter les chefs et leurs populations respectives \u00e0 continuer \u00e0 respecter les mesures barri\u00e8res et \u00e0 se faire vacciner contre la Covid-19, afin de se mettre \u00e0 l\u2019abri de cette pand\u00e9mie qui reste une menace r\u00e9elle.<\/p>\n<p>\u00c9voquant la situation sociopolitique du pays, le d\u00e9put\u00e9 Pdci a salu\u00e9 toutes les initiatives s\u2019inscrivant dans la dynamique de la promotion de la coh\u00e9sion sociale et de la paix. Il a rappel\u00e9 que son leader, Henri Konan B\u00e9di\u00e9 ainsi que tous les militants de son parti son r\u00e9solument engag\u00e9s dans ce processus. \u00abLe pr\u00e9sident B\u00e9di\u00e9 est pr\u00eat pour la r\u00e9conciliation nationale en C\u00f4te d\u2019Ivoire\u00bb, a-t-il indiqu\u00e9. Le d\u00e9put\u00e9 du plus vieux parti politique de rappeler que lors de la rencontre entre les pr\u00e9sidents B\u00e9di\u00e9 et Gbagbo, il a \u00e9t\u00e9 propos\u00e9, l\u2019ouverture d\u2019un dialogue national inclusif dont l\u2019objectif poursuivi est, selon lui, de donner un coup d\u2019acc\u00e9l\u00e9rateur au processus de paix en C\u00f4te d\u2019Ivoire. Le parlementaire a remerci\u00e9 le chef de l\u2019\u00c9tat Ivoirien, le pr\u00e9sident Alassane Ouattara, pour la r\u00e9cente lib\u00e9ration des prisonniers au nombre desquels figurent des cadres Pdci notamment l\u2019un des plus proches collaborateurs du pr\u00e9sident B\u00e9di\u00e9 en la personne de N\u2019dri Narcisse. Aussi, embo\u00eetant le pas \u00e0 plusieurs autres Ivoiriens soucieux de la pr\u00e9servation de la paix sociale, Dr Philippe Kouadio a saisi cette tribune pour exhorter les trois (03) illustres personnalit\u00e9s Ivoiriennes que sont : Henri Konan B\u00e9di\u00e9, Laurent Gbagbo et Alassane Ouattara \u00e0 travailler sans rel\u00e2che pour la r\u00e9conciliation nationale non sans se r\u00e9jouir des pas d\u00e9j\u00e0 pos\u00e9s en la mati\u00e8re, notamment, la rencontre \u00e0 fois m\u00e9morable et historique du 27 juillet dernier entre les pr\u00e9sidents Alassane Ouattara et Laurent Gbagbo.<\/p>\n<p>Notons qu\u2019avant de passer en revue la situation sociopolitique nationale, le d\u00e9put\u00e9 Pdci a fait part des actions parlementaires entreprises, au titre de la session ordinaire 2021, \u00e0 l\u2019Assembl\u00e9e nationale, en terme, notamment, d\u2019examen et\/ou d\u2019adoption de projets de loi. \u00c0 l\u2019issue de la rencontre, Philippe Kouadio qui a \u00e9t\u00e9 couvert de b\u00e9n\u00e9dictions de la part des chefs, a r\u00e9affirm\u00e9 son ferme engagement \u00e0 demeurer au service des populations de la Kossou et de Yamoussoukro, en continuant de leur apporter, dans mesure de ses possibilit\u00e9s, le soutien n\u00e9cessaire tant moral que mat\u00e9riel. Il se veut un d\u00e9put\u00e9 \u00e0 l\u2019\u00e9coute de sa population et ses \u00e9changes r\u00e9guliers avec ses administr\u00e9s s\u2019inscrivent parfaitement dans cette logique.<\/p>\n<p>Emmanuel de Kouassi Connectionivoirienne<\/p>\n<p>dekouassi64@gmail.com<\/p>\n","protected":false},"excerpt":{"rendered":"<p>Africa-Press &#8211; C\u00f4te d&rsquo;Ivoire. En marge de la c\u00e9l\u00e9bration des 61 ans de l\u2019ind\u00e9pendance de la C\u00f4te d\u2019Ivoire Philippe Kouadio, d\u00e9put\u00e9 de Yamoussoukro Sous-pr\u00e9fecture et de Kossou, a \u00e9chang\u00e9 le samedi 7 ao\u00fbt dernier avec l\u2019ensemble des chefs de villages de la Sous-pr\u00e9fecture de Kossou. \u00c0 l\u2019entame des \u00e9changes, le parlementaire a donn\u00e9 les raisons [&hellip;]<\/p>\n","protected":false},"author":82,"featured_media":11352,"comment_status":"open","ping_status":"closed","sticky":false,"template":"","format":"standard","meta":{"footnotes":""},"categories":[11,2,20,10],"tags":[56,63,29],"class_list":["post-11353","post","type-post","status-publish","format-standard","has-post-thumbnail","hentry","category-homepage-french","category-politique","category-top-nouvelles","category-toutes-les-actualites","tag-africa-press","tag-africa-press-cote-divoire","tag-cote-divoire"],"yoast_head":"<!-- This site is optimized with the Yoast SEO Premium plugin v26.1 (Yoast SEO v27.0) - https:\/\/yoast.com\/product\/yoast-seo-premium-wordpress\/ -->\n<title>Kossou: Le d\u00e9put\u00e9 Philippe Kouadio (PDCI) \u00e9change avec les chefs traditionnels - C\u00f4te d&#039;Ivoire<\/title>\n<meta name=\"description\" content=\"En marge de la c\u00e9l\u00e9bration des 61 ans de l\u2019ind\u00e9pendance de la C\u00f4te d\u2019Ivoire Philippe Kouadio, d\u00e9put\u00e9 de Yamoussoukro Sou ...\" \/>\n<meta name=\"robots\" content=\"index, follow, max-snippet:-1, max-image-preview:large, max-video-preview:-1\" \/>\n<link rel=\"canonical\" href=\"https:\/\/www.africa-press.net\/cotedivoire\/politique\/kossou-le-depute-philippe-kouadio-pdci-echange-avec-les-chefs-traditionnels\" \/>\n<meta property=\"og:locale\" content=\"fr_FR\" \/>\n<meta property=\"og:type\" content=\"article\" \/>\n<meta property=\"og:title\" content=\"Kossou: Le d\u00e9put\u00e9 Philippe Kouadio (PDCI) \u00e9change avec les chefs traditionnels\" \/>\n<meta property=\"og:description\" content=\"En marge de la c\u00e9l\u00e9bration des 61 ans de l\u2019ind\u00e9pendance de la C\u00f4te d\u2019Ivoire Philippe Kouadio, d\u00e9put\u00e9 de Yamoussoukro Sou ...\" \/>\n<meta property=\"og:url\" content=\"https:\/\/www.africa-press.net\/cotedivoire\/politique\/kossou-le-depute-philippe-kouadio-pdci-echange-avec-les-chefs-traditionnels\" \/>\n<meta property=\"og:site_name\" content=\"C\u00f4te d&#039;Ivoire\" \/>\n<meta property=\"article:published_time\" content=\"2021-08-14T14:16:43+00:00\" \/>\n<meta property=\"og:image\" content=\"https:\/\/static.africa-press.net\/cote\/sites\/43\/2021\/08\/img-6117cb1999071.jpg\" \/>\n\t<meta property=\"og:image:width\" content=\"720\" \/>\n\t<meta property=\"og:image:height\" content=\"350\" \/>\n\t<meta property=\"og:image:type\" content=\"image\/jpeg\" \/>\n<meta name=\"author\" content=\"cfeditorfr\" \/>\n<meta name=\"twitter:card\" content=\"summary_large_image\" \/>\n<meta name=\"twitter:label1\" content=\"\u00c9crit par\" \/>\n\t<meta name=\"twitter:data1\" content=\"cfeditorfr\" \/>\n\t<meta name=\"twitter:label2\" content=\"Dur\u00e9e de lecture estim\u00e9e\" \/>\n\t<meta name=\"twitter:data2\" content=\"3 minutes\" \/>\n<script type=\"application\/ld+json\" class=\"yoast-schema-graph\">{\"@context\":\"https:\/\/schema.org\",\"@graph\":[{\"@type\":\"Article\",\"@id\":\"https:\/\/www.africa-press.net\/cotedivoire\/politique\/kossou-le-depute-philippe-kouadio-pdci-echange-avec-les-chefs-traditionnels#article\",\"isPartOf\":{\"@id\":\"https:\/\/www.africa-press.net\/cotedivoire\/politique\/kossou-le-depute-philippe-kouadio-pdci-echange-avec-les-chefs-traditionnels\"},\"author\":{\"name\":\"cfeditorfr\",\"@id\":\"https:\/\/www.africa-press.net\/cotedivoire\/#\/schema\/person\/2b1cf3cd81a31e3cd26889ca66d677f1\"},\"headline\":\"Kossou: Le d\u00e9put\u00e9 Philippe Kouadio (PDCI) \u00e9change avec les chefs traditionnels\",\"datePublished\":\"2021-08-14T14:16:43+00:00\",\"mainEntityOfPage\":{\"@id\":\"https:\/\/www.africa-press.net\/cotedivoire\/politique\/kossou-le-depute-philippe-kouadio-pdci-echange-avec-les-chefs-traditionnels\"},\"wordCount\":540,\"commentCount\":0,\"image\":{\"@id\":\"https:\/\/www.africa-press.net\/cotedivoire\/politique\/kossou-le-depute-philippe-kouadio-pdci-echange-avec-les-chefs-traditionnels#primaryimage\"},\"thumbnailUrl\":\"https:\/\/static.africa-press.net\/cote\/sites\/43\/2021\/08\/img-6117cb1999071.jpg\",\"keywords\":[\"Africa Press\",\"Africa Press-C\u00f4te d'Ivoire\",\"C\u00d4TE D'IVOIRE\"],\"articleSection\":[\"homepage-french\",\"Politique\",\"Top Nouvelles\",\"Toutes les actualit\u00e9s\"],\"inLanguage\":\"fr-FR\",\"potentialAction\":[{\"@type\":\"CommentAction\",\"name\":\"Comment\",\"target\":[\"https:\/\/www.africa-press.net\/cotedivoire\/politique\/kossou-le-depute-philippe-kouadio-pdci-echange-avec-les-chefs-traditionnels#respond\"]}]},{\"@type\":\"WebPage\",\"@id\":\"https:\/\/www.africa-press.net\/cotedivoire\/politique\/kossou-le-depute-philippe-kouadio-pdci-echange-avec-les-chefs-traditionnels\",\"url\":\"https:\/\/www.africa-press.net\/cotedivoire\/politique\/kossou-le-depute-philippe-kouadio-pdci-echange-avec-les-chefs-traditionnels\",\"name\":\"Kossou: Le d\u00e9put\u00e9 Philippe Kouadio (PDCI) \u00e9change avec les chefs traditionnels - C\u00f4te d&#039;Ivoire\",\"isPartOf\":{\"@id\":\"https:\/\/www.africa-press.net\/cotedivoire\/#website\"},\"primaryImageOfPage\":{\"@id\":\"https:\/\/www.africa-press.net\/cotedivoire\/politique\/kossou-le-depute-philippe-kouadio-pdci-echange-avec-les-chefs-traditionnels#primaryimage\"},\"image\":{\"@id\":\"https:\/\/www.africa-press.net\/cotedivoire\/politique\/kossou-le-depute-philippe-kouadio-pdci-echange-avec-les-chefs-traditionnels#primaryimage\"},\"thumbnailUrl\":\"https:\/\/static.africa-press.net\/cote\/sites\/43\/2021\/08\/img-6117cb1999071.jpg\",\"datePublished\":\"2021-08-14T14:16:43+00:00\",\"author\":{\"@id\":\"https:\/\/www.africa-press.net\/cotedivoire\/#\/schema\/person\/2b1cf3cd81a31e3cd26889ca66d677f1\"},\"description\":\"En marge de la c\u00e9l\u00e9bration des 61 ans de l\u2019ind\u00e9pendance de la C\u00f4te d\u2019Ivoire Philippe Kouadio, d\u00e9put\u00e9 de Yamoussoukro Sou ...\",\"breadcrumb\":{\"@id\":\"https:\/\/www.africa-press.net\/cotedivoire\/politique\/kossou-le-depute-philippe-kouadio-pdci-echange-avec-les-chefs-traditionnels#breadcrumb\"},\"inLanguage\":\"fr-FR\",\"potentialAction\":[{\"@type\":\"ReadAction\",\"target\":[\"https:\/\/www.africa-press.net\/cotedivoire\/politique\/kossou-le-depute-philippe-kouadio-pdci-echange-avec-les-chefs-traditionnels\"]}]},{\"@type\":\"ImageObject\",\"inLanguage\":\"fr-FR\",\"@id\":\"https:\/\/www.africa-press.net\/cotedivoire\/politique\/kossou-le-depute-philippe-kouadio-pdci-echange-avec-les-chefs-traditionnels#primaryimage\",\"url\":\"https:\/\/static.africa-press.net\/cote\/sites\/43\/2021\/08\/img-6117cb1999071.jpg\",\"contentUrl\":\"https:\/\/static.africa-press.net\/cote\/sites\/43\/2021\/08\/img-6117cb1999071.jpg\",\"width\":720,\"height\":350,\"caption\":\"Kossou: Le d\u00e9put\u00e9 Philippe Kouadio (PDCI) \u00e9change avec les chefs traditionnels\"},{\"@type\":\"BreadcrumbList\",\"@id\":\"https:\/\/www.africa-press.net\/cotedivoire\/politique\/kossou-le-depute-philippe-kouadio-pdci-echange-avec-les-chefs-traditionnels#breadcrumb\",\"itemListElement\":[{\"@type\":\"ListItem\",\"position\":1,\"name\":\"Accueil\",\"item\":\"https:\/\/www.africa-press.net\/cotedivoire\/\"},{\"@type\":\"ListItem\",\"position\":2,\"name\":\"Kossou: Le d\u00e9put\u00e9 Philippe Kouadio (PDCI) \u00e9change avec les chefs traditionnels\"}]},{\"@type\":\"WebSite\",\"@id\":\"https:\/\/www.africa-press.net\/cotedivoire\/#website\",\"url\":\"https:\/\/www.africa-press.net\/cotedivoire\/\",\"name\":\"C\u00f4te d&#039;Ivoire\",\"description\":\"Just another Africa News Agency Sites site\",\"potentialAction\":[{\"@type\":\"SearchAction\",\"target\":{\"@type\":\"EntryPoint\",\"urlTemplate\":\"https:\/\/www.africa-press.net\/cotedivoire\/?s={search_term_string}\"},\"query-input\":{\"@type\":\"PropertyValueSpecification\",\"valueRequired\":true,\"valueName\":\"search_term_string\"}}],\"inLanguage\":\"fr-FR\"},{\"@type\":\"Person\",\"@id\":\"https:\/\/www.africa-press.net\/cotedivoire\/#\/schema\/person\/2b1cf3cd81a31e3cd26889ca66d677f1\",\"name\":\"cfeditorfr\"}]}<\/script>\n<!-- \/ Yoast SEO Premium plugin. -->","yoast_head_json":{"title":"Kossou: Le d\u00e9put\u00e9 Philippe Kouadio (PDCI) \u00e9change avec les chefs traditionnels - C\u00f4te d&#039;Ivoire","description":"En marge de la c\u00e9l\u00e9bration des 61 ans de l\u2019ind\u00e9pendance de la C\u00f4te d\u2019Ivoire Philippe Kouadio, d\u00e9put\u00e9 de Yamoussoukro Sou ...","robots":{"index":"index","follow":"follow","max-snippet":"max-snippet:-1","max-image-preview":"max-image-preview:large","max-video-preview":"max-video-preview:-1"},"canonical":"https:\/\/www.africa-press.net\/cotedivoire\/politique\/kossou-le-depute-philippe-kouadio-pdci-echange-avec-les-chefs-traditionnels","og_locale":"fr_FR","og_type":"article","og_title":"Kossou: Le d\u00e9put\u00e9 Philippe Kouadio (PDCI) \u00e9change avec les chefs traditionnels","og_description":"En marge de la c\u00e9l\u00e9bration des 61 ans de l\u2019ind\u00e9pendance de la C\u00f4te d\u2019Ivoire Philippe Kouadio, d\u00e9put\u00e9 de Yamoussoukro Sou ...","og_url":"https:\/\/www.africa-press.net\/cotedivoire\/politique\/kossou-le-depute-philippe-kouadio-pdci-echange-avec-les-chefs-traditionnels","og_site_name":"C\u00f4te d&#039;Ivoire","article_published_time":"2021-08-14T14:16:43+00:00","og_image":[{"width":720,"height":350,"url":"https:\/\/static.africa-press.net\/cote\/sites\/43\/2021\/08\/img-6117cb1999071.jpg","type":"image\/jpeg"}],"author":"cfeditorfr","twitter_card":"summary_large_image","twitter_misc":{"\u00c9crit par":"cfeditorfr","Dur\u00e9e de lecture estim\u00e9e":"3 minutes"},"schema":{"@context":"https:\/\/schema.org","@graph":[{"@type":"Article","@id":"https:\/\/www.africa-press.net\/cotedivoire\/politique\/kossou-le-depute-philippe-kouadio-pdci-echange-avec-les-chefs-traditionnels#article","isPartOf":{"@id":"https:\/\/www.africa-press.net\/cotedivoire\/politique\/kossou-le-depute-philippe-kouadio-pdci-echange-avec-les-chefs-traditionnels"},"author":{"name":"cfeditorfr","@id":"https:\/\/www.africa-press.net\/cotedivoire\/#\/schema\/person\/2b1cf3cd81a31e3cd26889ca66d677f1"},"headline":"Kossou: Le d\u00e9put\u00e9 Philippe Kouadio (PDCI) \u00e9change avec les chefs traditionnels","datePublished":"2021-08-14T14:16:43+00:00","mainEntityOfPage":{"@id":"https:\/\/www.africa-press.net\/cotedivoire\/politique\/kossou-le-depute-philippe-kouadio-pdci-echange-avec-les-chefs-traditionnels"},"wordCount":540,"commentCount":0,"image":{"@id":"https:\/\/www.africa-press.net\/cotedivoire\/politique\/kossou-le-depute-philippe-kouadio-pdci-echange-avec-les-chefs-traditionnels#primaryimage"},"thumbnailUrl":"https:\/\/static.africa-press.net\/cote\/sites\/43\/2021\/08\/img-6117cb1999071.jpg","keywords":["Africa Press","Africa Press-C\u00f4te d'Ivoire","C\u00d4TE D'IVOIRE"],"articleSection":["homepage-french","Politique","Top Nouvelles","Toutes les actualit\u00e9s"],"inLanguage":"fr-FR","potentialAction":[{"@type":"CommentAction","name":"Comment","target":["https:\/\/www.africa-press.net\/cotedivoire\/politique\/kossou-le-depute-philippe-kouadio-pdci-echange-avec-les-chefs-traditionnels#respond"]}]},{"@type":"WebPage","@id":"https:\/\/www.africa-press.net\/cotedivoire\/politique\/kossou-le-depute-philippe-kouadio-pdci-echange-avec-les-chefs-traditionnels","url":"https:\/\/www.africa-press.net\/cotedivoire\/politique\/kossou-le-depute-philippe-kouadio-pdci-echange-avec-les-chefs-traditionnels","name":"Kossou: Le d\u00e9put\u00e9 Philippe Kouadio (PDCI) \u00e9change avec les chefs traditionnels - C\u00f4te d&#039;Ivoire","isPartOf":{"@id":"https:\/\/www.africa-press.net\/cotedivoire\/#website"},"primaryImageOfPage":{"@id":"https:\/\/www.africa-press.net\/cotedivoire\/politique\/kossou-le-depute-philippe-kouadio-pdci-echange-avec-les-chefs-traditionnels#primaryimage"},"image":{"@id":"https:\/\/www.africa-press.net\/cotedivoire\/politique\/kossou-le-depute-philippe-kouadio-pdci-echange-avec-les-chefs-traditionnels#primaryimage"},"thumbnailUrl":"https:\/\/static.africa-press.net\/cote\/sites\/43\/2021\/08\/img-6117cb1999071.jpg","datePublished":"2021-08-14T14:16:43+00:00","author":{"@id":"https:\/\/www.africa-press.net\/cotedivoire\/#\/schema\/person\/2b1cf3cd81a31e3cd26889ca66d677f1"},"description":"En marge de la c\u00e9l\u00e9bration des 61 ans de l\u2019ind\u00e9pendance de la C\u00f4te d\u2019Ivoire Philippe Kouadio, d\u00e9put\u00e9 de Yamoussoukro Sou ...","breadcrumb":{"@id":"https:\/\/www.africa-press.net\/cotedivoire\/politique\/kossou-le-depute-philippe-kouadio-pdci-echange-avec-les-chefs-traditionnels#breadcrumb"},"inLanguage":"fr-FR","potentialAction":[{"@type":"ReadAction","target":["https:\/\/www.africa-press.net\/cotedivoire\/politique\/kossou-le-depute-philippe-kouadio-pdci-echange-avec-les-chefs-traditionnels"]}]},{"@type":"ImageObject","inLanguage":"fr-FR","@id":"https:\/\/www.africa-press.net\/cotedivoire\/politique\/kossou-le-depute-philippe-kouadio-pdci-echange-avec-les-chefs-traditionnels#primaryimage","url":"https:\/\/static.africa-press.net\/cote\/sites\/43\/2021\/08\/img-6117cb1999071.jpg","contentUrl":"https:\/\/static.africa-press.net\/cote\/sites\/43\/2021\/08\/img-6117cb1999071.jpg","width":720,"height":350,"caption":"Kossou: Le d\u00e9put\u00e9 Philippe Kouadio (PDCI) \u00e9change avec les chefs traditionnels"},{"@type":"BreadcrumbList","@id":"https:\/\/www.africa-press.net\/cotedivoire\/politique\/kossou-le-depute-philippe-kouadio-pdci-echange-avec-les-chefs-traditionnels#breadcrumb","itemListElement":[{"@type":"ListItem","position":1,"name":"Accueil","item":"https:\/\/www.africa-press.net\/cotedivoire\/"},{"@type":"ListItem","position":2,"name":"Kossou: Le d\u00e9put\u00e9 Philippe Kouadio (PDCI) \u00e9change avec les chefs traditionnels"}]},{"@type":"WebSite","@id":"https:\/\/www.africa-press.net\/cotedivoire\/#website","url":"https:\/\/www.africa-press.net\/cotedivoire\/","name":"C\u00f4te d&#039;Ivoire","description":"Just another Africa News Agency Sites site","potentialAction":[{"@type":"SearchAction","target":{"@type":"EntryPoint","urlTemplate":"https:\/\/www.africa-press.net\/cotedivoire\/?s={search_term_string}"},"query-input":{"@type":"PropertyValueSpecification","valueRequired":true,"valueName":"search_term_string"}}],"inLanguage":"fr-FR"},{"@type":"Person","@id":"https:\/\/www.africa-press.net\/cotedivoire\/#\/schema\/person\/2b1cf3cd81a31e3cd26889ca66d677f1","name":"cfeditorfr"}]}},"_links":{"self":[{"href":"https:\/\/www.africa-press.net\/cotedivoire\/wp-json\/wp\/v2\/posts\/11353","targetHints":{"allow":["GET"]}}],"collection":[{"href":"https:\/\/www.africa-press.net\/cotedivoire\/wp-json\/wp\/v2\/posts"}],"about":[{"href":"https:\/\/www.africa-press.net\/cotedivoire\/wp-json\/wp\/v2\/types\/post"}],"author":[{"embeddable":true,"href":"https:\/\/www.africa-press.net\/cotedivoire\/wp-json\/wp\/v2\/users\/82"}],"replies":[{"embeddable":true,"href":"https:\/\/www.africa-press.net\/cotedivoire\/wp-json\/wp\/v2\/comments?post=11353"}],"version-history":[{"count":0,"href":"https:\/\/www.africa-press.net\/cotedivoire\/wp-json\/wp\/v2\/posts\/11353\/revisions"}],"wp:featuredmedia":[{"embeddable":true,"href":"https:\/\/www.africa-press.net\/cotedivoire\/wp-json\/wp\/v2\/media\/11352"}],"wp:attachment":[{"href":"https:\/\/www.africa-press.net\/cotedivoire\/wp-json\/wp\/v2\/media?parent=11353"}],"wp:term":[{"taxonomy":"category","embeddable":true,"href":"https:\/\/www.africa-press.net\/cotedivoire\/wp-json\/wp\/v2\/categories?post=11353"},{"taxonomy":"post_tag","embeddable":true,"href":"https:\/\/www.africa-press.net\/cotedivoire\/wp-json\/wp\/v2\/tags?post=11353"}],"curies":[{"name":"wp","href":"https:\/\/api.w.org\/{rel}","templated":true}]}}