{"id":11359,"date":"2021-08-14T14:34:59","date_gmt":"2021-08-14T14:34:59","guid":{"rendered":"https:\/\/www.africa-press.net\/cotedivoire\/?p=11359"},"modified":"2021-08-14T13:56:15","modified_gmt":"2021-08-14T13:56:15","slug":"la-zone-de-libre-echange-continentale-peut-aider-lafrique-a-eliminer-les-frontieres-imposees-par-les-colons-europeens-pascal-lamy-zlecaf","status":"publish","type":"post","link":"https:\/\/www.africa-press.net\/cotedivoire\/toutes-les-actualites\/la-zone-de-libre-echange-continentale-peut-aider-lafrique-a-eliminer-les-frontieres-imposees-par-les-colons-europeens-pascal-lamy-zlecaf","title":{"rendered":"La Zone de libre-\u00e9change continentale peut aider l\u2019Afrique \u00e0 \u00e9liminer les fronti\u00e8res impos\u00e9es par les colons europ\u00e9ens (Pascal Lamy, ZLECAF)"},"content":{"rendered":"<p><span style=\"color: #ff6600\"><strong><a href=\"https:\/\/www.africa-press.net\/\">Africa-Press<\/a> &#8211; <a href=\"https:\/\/www.africa-press.net\/cotedivoire\">C\u00f4te d&rsquo;Ivoire<\/a>. <\/strong><\/span>Pascal Lamy, ancien directeur de l\u2019Organisation Mondiale du Commerce (OMC), voit dans la ZLECAF un outil pour redessiner une nouvelle carte de l\u2019Afrique, diff\u00e9rente de celle h\u00e9rit\u00e9e de la colonisation. Une vision claire, mais dont la mise en \u0153uvre peut conna\u00eetre des d\u00e9fis<\/p>\n<p>Dans une interview accord\u00e9e au m\u00e9dia \u00ab La Tribune Afrique \u00bb, Pascal Lamy, ancien directeur de l\u2019Organisation Mondiale du Commerce (OMC), fait savoir que (ZLECAF) est le meilleur outil, pour sortir \u00ab de ce que le colonialisme a l\u00e9gu\u00e9 de pire \u00e0 l\u2019Afrique \u00bb, \u00e0 savoir sa multitude de fronti\u00e8res. \u00ab Nous avons inculqu\u00e9 le nationalisme politique et \u00e9conomique \u00e0 ce continent et il faut en sortir\u2026 A terme, la v\u00e9ritable int\u00e9gration \u00e9conomique et commerciale devra passer par la suppression des fronti\u00e8res \u00bb a fait savoir le haut fonctionnaire.<\/p>\n<p>Selon lui, la ZLECAF, au-del\u00e0 du commerce est un puissant outil d\u2019int\u00e9gration. \u00ab C\u2019est un tournant consid\u00e9rable, car elle va permettre de faire \u00e9voluer progressivement certains march\u00e9s africains \u00e0 l\u2019\u00e9chelle mondiale. Les pays africains avec des march\u00e9s de 15 ou 30 millions d\u2019habitants ne correspondent pas \u00e0 l\u2019unit\u00e9 de base des march\u00e9s de consommation actuels, compris entre 100 et 200 millions de consommateurs \u00bb, a-t-il fait remarquer.<\/p>\n<p>Ce constat qui peut sembler logique, n\u2019est pourtant pas la chose la mieux partag\u00e9e sur le continent. Sur l\u2019ensemble des pays que compte l\u2019Afrique, seulement 38 pays l\u2019ont ratifi\u00e9 jusqu\u2019ici. Parmi ceux qui n\u2019ont pas encore ratifi\u00e9 l\u2019accord, on retrouve le Maroc, un des grands investisseurs du continent, mais qui justement bloque pour des raison de fronti\u00e8res politiques. Le Sahara Occidental, \u00e0 qui le Royaume conteste l\u2019autonomie, est consid\u00e9r\u00e9 par l\u2019Union Africaine comme un des \u00e9tats membre de la ZLECAF.<\/p>\n<p>Pourtant, les enjeux sont au moins aussi importants que les pr\u00e9occupations nationalistes. L\u2019Afrique compte un peu plus de 1,2 milliard d\u2019habitants qui ont des besoins dans tous les domaines. Pourtant, seulement 16% des \u00e9changes commerciaux de la r\u00e9gion sont r\u00e9alis\u00e9s \u00e0 l\u2019int\u00e9rieur de ses fronti\u00e8res. Pour un Nig\u00e9rian, il faut parfois aller \u00e0 Duba\u00ef pour acheter des fleurs du Kenya, ou partir en Suisse pour manger du cacao de C\u00f4te d\u2019Ivoire. Aussi, il est plus facile d\u2019importer un bien en provenance d\u2019Asie, que d\u2019acheter le m\u00eame produit dans un autre pays africain.<\/p>\n<p>Eliminer les fronti\u00e8res ne sera pas une chose facile. Ces fronti\u00e8res sont de plusieurs ordres au-del\u00e0 de la barri\u00e8re mat\u00e9rialis\u00e9e sur un plan g\u00e9ographique. Certains pays comme le Benin, ont ouverts les fronti\u00e8res aux ressortissants de l\u2019Afrique, mais n\u2019ont pas encore ratifi\u00e9 l\u2019accord de la ZLECAF. Plusieurs autres ont ratifi\u00e9 l\u2019acte du march\u00e9 commun, mais pour visiter chacun d\u2019eux, il faut avoir un visa. La deuxi\u00e8me forme de barri\u00e8re qu\u2019il faudra lever est celle des tarifs douaniers qui repr\u00e9sentent encore une source s\u00e9rieuse de revenus pour beaucoup de pays africains.<\/p>\n<p>L\u2019exp\u00e9rience du d\u00e9mant\u00e8lement tarifaire dans le cadre des discussions sur les Accords de Partenariat Economique entre l\u2019Afrique et l\u2019union Europ\u00e9enne, d\u00e9montre l\u2019ampleur des d\u00e9fis \u00e0 surmonter. Le troisi\u00e8me type de fronti\u00e8re \u00e0 supprimer sera celui de la r\u00e9gulation aussi bien en terme de l\u00e9gislation de travail, que des normes de production et de commercialisation des biens et services. Face \u00e0 ces d\u00e9fis, les partenaires de l\u2019Afrique ne sont pas d\u2019un grand soutien.<\/p>\n<p>De gros partenaires comme l\u2019union Europ\u00e9enne, la Chine, ou encore les Etats-Unis, continuent de jouer sur le tableau nationaliste, pour d\u00e9fendre leurs int\u00e9r\u00eats. A c\u00f4t\u00e9 des relations commerciales Europe Afrique, on continue d\u2019avoir des relations bilat\u00e9rales qui implique des communaut\u00e9s ou des pays partenaires selon le cas. L\u2019opinion de Pascal Lamy sur l\u2019\u00e9limination des fronti\u00e8res bien que concr\u00e8te, risque de se heurter encore \u00e0 de nombreux d\u00e9fis sur le moyen terme.<\/p>\n<p>Idriss Linge<\/p>\n<p>Agence Ecofin<\/p>\n","protected":false},"excerpt":{"rendered":"<p>Africa-Press &#8211; C\u00f4te d&rsquo;Ivoire. Pascal Lamy, ancien directeur de l\u2019Organisation Mondiale du Commerce (OMC), voit dans la ZLECAF un outil pour redessiner une nouvelle carte de l\u2019Afrique, diff\u00e9rente de celle h\u00e9rit\u00e9e de la colonisation. Une vision claire, mais dont la mise en \u0153uvre peut conna\u00eetre des d\u00e9fis Dans une interview accord\u00e9e au m\u00e9dia \u00ab La [&hellip;]<\/p>\n","protected":false},"author":82,"featured_media":11358,"comment_status":"open","ping_status":"closed","sticky":false,"template":"","format":"standard","meta":{"footnotes":""},"categories":[22,11,10],"tags":[56,63,29],"class_list":["post-11359","post","type-post","status-publish","format-standard","has-post-thumbnail","hentry","category-divers","category-homepage-french","category-toutes-les-actualites","tag-africa-press","tag-africa-press-cote-divoire","tag-cote-divoire"],"yoast_head":"<!-- This site is optimized with the Yoast SEO Premium plugin v26.1 (Yoast SEO v27.0) - https:\/\/yoast.com\/product\/yoast-seo-premium-wordpress\/ -->\n<title>La Zone de libre-\u00e9change continentale peut aider l\u2019Afrique \u00e0 \u00e9liminer les fronti\u00e8res impos\u00e9es par les colons europ\u00e9ens (Pascal Lamy, ZLECAF) - C\u00f4te d&#039;Ivoire<\/title>\n<meta name=\"description\" content=\"Pascal Lamy, ancien directeur de l\u2019Organisation Mondiale du Commerce (OMC), voit dans la ZLECAF un outil pour redessiner ...\" \/>\n<meta name=\"robots\" content=\"index, follow, max-snippet:-1, max-image-preview:large, max-video-preview:-1\" \/>\n<link rel=\"canonical\" href=\"https:\/\/www.africa-press.net\/cotedivoire\/toutes-les-actualites\/la-zone-de-libre-echange-continentale-peut-aider-lafrique-a-eliminer-les-frontieres-imposees-par-les-colons-europeens-pascal-lamy-zlecaf\" \/>\n<meta property=\"og:locale\" content=\"fr_FR\" \/>\n<meta property=\"og:type\" content=\"article\" \/>\n<meta property=\"og:title\" content=\"La Zone de libre-\u00e9change continentale peut aider l\u2019Afrique \u00e0 \u00e9liminer les fronti\u00e8res impos\u00e9es par les colons europ\u00e9ens (Pascal Lamy, ZLECAF)\" \/>\n<meta property=\"og:description\" content=\"Pascal Lamy, ancien directeur de l\u2019Organisation Mondiale du Commerce (OMC), voit dans la ZLECAF un outil pour redessiner ...\" \/>\n<meta property=\"og:url\" content=\"https:\/\/www.africa-press.net\/cotedivoire\/toutes-les-actualites\/la-zone-de-libre-echange-continentale-peut-aider-lafrique-a-eliminer-les-frontieres-imposees-par-les-colons-europeens-pascal-lamy-zlecaf\" \/>\n<meta property=\"og:site_name\" content=\"C\u00f4te d&#039;Ivoire\" \/>\n<meta property=\"article:published_time\" content=\"2021-08-14T14:34:59+00:00\" \/>\n<meta property=\"og:image\" content=\"https:\/\/static.africa-press.net\/cote\/sites\/43\/2021\/08\/img-6117cb62a6a8c.jpg\" \/>\n\t<meta property=\"og:image:width\" content=\"820\" \/>\n\t<meta property=\"og:image:height\" content=\"461\" \/>\n\t<meta property=\"og:image:type\" content=\"image\/jpeg\" \/>\n<meta name=\"author\" content=\"cfeditorfr\" \/>\n<meta name=\"twitter:card\" content=\"summary_large_image\" \/>\n<meta name=\"twitter:label1\" content=\"\u00c9crit par\" \/>\n\t<meta name=\"twitter:data1\" content=\"cfeditorfr\" \/>\n\t<meta name=\"twitter:label2\" content=\"Dur\u00e9e de lecture estim\u00e9e\" \/>\n\t<meta name=\"twitter:data2\" content=\"3 minutes\" \/>\n<script type=\"application\/ld+json\" class=\"yoast-schema-graph\">{\"@context\":\"https:\/\/schema.org\",\"@graph\":[{\"@type\":\"Article\",\"@id\":\"https:\/\/www.africa-press.net\/cotedivoire\/toutes-les-actualites\/la-zone-de-libre-echange-continentale-peut-aider-lafrique-a-eliminer-les-frontieres-imposees-par-les-colons-europeens-pascal-lamy-zlecaf#article\",\"isPartOf\":{\"@id\":\"https:\/\/www.africa-press.net\/cotedivoire\/toutes-les-actualites\/la-zone-de-libre-echange-continentale-peut-aider-lafrique-a-eliminer-les-frontieres-imposees-par-les-colons-europeens-pascal-lamy-zlecaf\"},\"author\":{\"name\":\"cfeditorfr\",\"@id\":\"https:\/\/www.africa-press.net\/cotedivoire\/#\/schema\/person\/2b1cf3cd81a31e3cd26889ca66d677f1\"},\"headline\":\"La Zone de libre-\u00e9change continentale peut aider l\u2019Afrique \u00e0 \u00e9liminer les fronti\u00e8res impos\u00e9es par les colons europ\u00e9ens (Pascal Lamy, ZLECAF)\",\"datePublished\":\"2021-08-14T14:34:59+00:00\",\"mainEntityOfPage\":{\"@id\":\"https:\/\/www.africa-press.net\/cotedivoire\/toutes-les-actualites\/la-zone-de-libre-echange-continentale-peut-aider-lafrique-a-eliminer-les-frontieres-imposees-par-les-colons-europeens-pascal-lamy-zlecaf\"},\"wordCount\":713,\"commentCount\":0,\"image\":{\"@id\":\"https:\/\/www.africa-press.net\/cotedivoire\/toutes-les-actualites\/la-zone-de-libre-echange-continentale-peut-aider-lafrique-a-eliminer-les-frontieres-imposees-par-les-colons-europeens-pascal-lamy-zlecaf#primaryimage\"},\"thumbnailUrl\":\"https:\/\/static.africa-press.net\/cote\/sites\/43\/2021\/08\/img-6117cb62a6a8c.jpg\",\"keywords\":[\"Africa Press\",\"Africa Press-C\u00f4te d'Ivoire\",\"C\u00d4TE D'IVOIRE\"],\"articleSection\":[\"Divers\",\"homepage-french\",\"Toutes les actualit\u00e9s\"],\"inLanguage\":\"fr-FR\",\"potentialAction\":[{\"@type\":\"CommentAction\",\"name\":\"Comment\",\"target\":[\"https:\/\/www.africa-press.net\/cotedivoire\/toutes-les-actualites\/la-zone-de-libre-echange-continentale-peut-aider-lafrique-a-eliminer-les-frontieres-imposees-par-les-colons-europeens-pascal-lamy-zlecaf#respond\"]}]},{\"@type\":\"WebPage\",\"@id\":\"https:\/\/www.africa-press.net\/cotedivoire\/toutes-les-actualites\/la-zone-de-libre-echange-continentale-peut-aider-lafrique-a-eliminer-les-frontieres-imposees-par-les-colons-europeens-pascal-lamy-zlecaf\",\"url\":\"https:\/\/www.africa-press.net\/cotedivoire\/toutes-les-actualites\/la-zone-de-libre-echange-continentale-peut-aider-lafrique-a-eliminer-les-frontieres-imposees-par-les-colons-europeens-pascal-lamy-zlecaf\",\"name\":\"La Zone de libre-\u00e9change continentale peut aider l\u2019Afrique \u00e0 \u00e9liminer les fronti\u00e8res impos\u00e9es par les colons europ\u00e9ens (Pascal Lamy, ZLECAF) - C\u00f4te d&#039;Ivoire\",\"isPartOf\":{\"@id\":\"https:\/\/www.africa-press.net\/cotedivoire\/#website\"},\"primaryImageOfPage\":{\"@id\":\"https:\/\/www.africa-press.net\/cotedivoire\/toutes-les-actualites\/la-zone-de-libre-echange-continentale-peut-aider-lafrique-a-eliminer-les-frontieres-imposees-par-les-colons-europeens-pascal-lamy-zlecaf#primaryimage\"},\"image\":{\"@id\":\"https:\/\/www.africa-press.net\/cotedivoire\/toutes-les-actualites\/la-zone-de-libre-echange-continentale-peut-aider-lafrique-a-eliminer-les-frontieres-imposees-par-les-colons-europeens-pascal-lamy-zlecaf#primaryimage\"},\"thumbnailUrl\":\"https:\/\/static.africa-press.net\/cote\/sites\/43\/2021\/08\/img-6117cb62a6a8c.jpg\",\"datePublished\":\"2021-08-14T14:34:59+00:00\",\"author\":{\"@id\":\"https:\/\/www.africa-press.net\/cotedivoire\/#\/schema\/person\/2b1cf3cd81a31e3cd26889ca66d677f1\"},\"description\":\"Pascal Lamy, ancien directeur de l\u2019Organisation Mondiale du Commerce (OMC), voit dans la ZLECAF un outil pour redessiner ...\",\"breadcrumb\":{\"@id\":\"https:\/\/www.africa-press.net\/cotedivoire\/toutes-les-actualites\/la-zone-de-libre-echange-continentale-peut-aider-lafrique-a-eliminer-les-frontieres-imposees-par-les-colons-europeens-pascal-lamy-zlecaf#breadcrumb\"},\"inLanguage\":\"fr-FR\",\"potentialAction\":[{\"@type\":\"ReadAction\",\"target\":[\"https:\/\/www.africa-press.net\/cotedivoire\/toutes-les-actualites\/la-zone-de-libre-echange-continentale-peut-aider-lafrique-a-eliminer-les-frontieres-imposees-par-les-colons-europeens-pascal-lamy-zlecaf\"]}]},{\"@type\":\"ImageObject\",\"inLanguage\":\"fr-FR\",\"@id\":\"https:\/\/www.africa-press.net\/cotedivoire\/toutes-les-actualites\/la-zone-de-libre-echange-continentale-peut-aider-lafrique-a-eliminer-les-frontieres-imposees-par-les-colons-europeens-pascal-lamy-zlecaf#primaryimage\",\"url\":\"https:\/\/static.africa-press.net\/cote\/sites\/43\/2021\/08\/img-6117cb62a6a8c.jpg\",\"contentUrl\":\"https:\/\/static.africa-press.net\/cote\/sites\/43\/2021\/08\/img-6117cb62a6a8c.jpg\",\"width\":820,\"height\":461,\"caption\":\"La Zone de libre-\u00e9change continentale peut aider l\u2019Afrique \u00e0 \u00e9liminer les fronti\u00e8res impos\u00e9es par les colons europ\u00e9ens (Pascal Lamy, ZLECAF)\"},{\"@type\":\"BreadcrumbList\",\"@id\":\"https:\/\/www.africa-press.net\/cotedivoire\/toutes-les-actualites\/la-zone-de-libre-echange-continentale-peut-aider-lafrique-a-eliminer-les-frontieres-imposees-par-les-colons-europeens-pascal-lamy-zlecaf#breadcrumb\",\"itemListElement\":[{\"@type\":\"ListItem\",\"position\":1,\"name\":\"Accueil\",\"item\":\"https:\/\/www.africa-press.net\/cotedivoire\/\"},{\"@type\":\"ListItem\",\"position\":2,\"name\":\"La Zone de libre-\u00e9change continentale peut aider l\u2019Afrique \u00e0 \u00e9liminer les fronti\u00e8res impos\u00e9es par les colons europ\u00e9ens (Pascal Lamy, ZLECAF)\"}]},{\"@type\":\"WebSite\",\"@id\":\"https:\/\/www.africa-press.net\/cotedivoire\/#website\",\"url\":\"https:\/\/www.africa-press.net\/cotedivoire\/\",\"name\":\"C\u00f4te d&#039;Ivoire\",\"description\":\"Just another Africa News Agency Sites site\",\"potentialAction\":[{\"@type\":\"SearchAction\",\"target\":{\"@type\":\"EntryPoint\",\"urlTemplate\":\"https:\/\/www.africa-press.net\/cotedivoire\/?s={search_term_string}\"},\"query-input\":{\"@type\":\"PropertyValueSpecification\",\"valueRequired\":true,\"valueName\":\"search_term_string\"}}],\"inLanguage\":\"fr-FR\"},{\"@type\":\"Person\",\"@id\":\"https:\/\/www.africa-press.net\/cotedivoire\/#\/schema\/person\/2b1cf3cd81a31e3cd26889ca66d677f1\",\"name\":\"cfeditorfr\"}]}<\/script>\n<!-- \/ Yoast SEO Premium plugin. -->","yoast_head_json":{"title":"La Zone de libre-\u00e9change continentale peut aider l\u2019Afrique \u00e0 \u00e9liminer les fronti\u00e8res impos\u00e9es par les colons europ\u00e9ens (Pascal Lamy, ZLECAF) - C\u00f4te d&#039;Ivoire","description":"Pascal Lamy, ancien directeur de l\u2019Organisation Mondiale du Commerce (OMC), voit dans la ZLECAF un outil pour redessiner ...","robots":{"index":"index","follow":"follow","max-snippet":"max-snippet:-1","max-image-preview":"max-image-preview:large","max-video-preview":"max-video-preview:-1"},"canonical":"https:\/\/www.africa-press.net\/cotedivoire\/toutes-les-actualites\/la-zone-de-libre-echange-continentale-peut-aider-lafrique-a-eliminer-les-frontieres-imposees-par-les-colons-europeens-pascal-lamy-zlecaf","og_locale":"fr_FR","og_type":"article","og_title":"La Zone de libre-\u00e9change continentale peut aider l\u2019Afrique \u00e0 \u00e9liminer les fronti\u00e8res impos\u00e9es par les colons europ\u00e9ens (Pascal Lamy, ZLECAF)","og_description":"Pascal Lamy, ancien directeur de l\u2019Organisation Mondiale du Commerce (OMC), voit dans la ZLECAF un outil pour redessiner ...","og_url":"https:\/\/www.africa-press.net\/cotedivoire\/toutes-les-actualites\/la-zone-de-libre-echange-continentale-peut-aider-lafrique-a-eliminer-les-frontieres-imposees-par-les-colons-europeens-pascal-lamy-zlecaf","og_site_name":"C\u00f4te d&#039;Ivoire","article_published_time":"2021-08-14T14:34:59+00:00","og_image":[{"width":820,"height":461,"url":"https:\/\/static.africa-press.net\/cote\/sites\/43\/2021\/08\/img-6117cb62a6a8c.jpg","type":"image\/jpeg"}],"author":"cfeditorfr","twitter_card":"summary_large_image","twitter_misc":{"\u00c9crit par":"cfeditorfr","Dur\u00e9e de lecture estim\u00e9e":"3 minutes"},"schema":{"@context":"https:\/\/schema.org","@graph":[{"@type":"Article","@id":"https:\/\/www.africa-press.net\/cotedivoire\/toutes-les-actualites\/la-zone-de-libre-echange-continentale-peut-aider-lafrique-a-eliminer-les-frontieres-imposees-par-les-colons-europeens-pascal-lamy-zlecaf#article","isPartOf":{"@id":"https:\/\/www.africa-press.net\/cotedivoire\/toutes-les-actualites\/la-zone-de-libre-echange-continentale-peut-aider-lafrique-a-eliminer-les-frontieres-imposees-par-les-colons-europeens-pascal-lamy-zlecaf"},"author":{"name":"cfeditorfr","@id":"https:\/\/www.africa-press.net\/cotedivoire\/#\/schema\/person\/2b1cf3cd81a31e3cd26889ca66d677f1"},"headline":"La Zone de libre-\u00e9change continentale peut aider l\u2019Afrique \u00e0 \u00e9liminer les fronti\u00e8res impos\u00e9es par les colons europ\u00e9ens (Pascal Lamy, ZLECAF)","datePublished":"2021-08-14T14:34:59+00:00","mainEntityOfPage":{"@id":"https:\/\/www.africa-press.net\/cotedivoire\/toutes-les-actualites\/la-zone-de-libre-echange-continentale-peut-aider-lafrique-a-eliminer-les-frontieres-imposees-par-les-colons-europeens-pascal-lamy-zlecaf"},"wordCount":713,"commentCount":0,"image":{"@id":"https:\/\/www.africa-press.net\/cotedivoire\/toutes-les-actualites\/la-zone-de-libre-echange-continentale-peut-aider-lafrique-a-eliminer-les-frontieres-imposees-par-les-colons-europeens-pascal-lamy-zlecaf#primaryimage"},"thumbnailUrl":"https:\/\/static.africa-press.net\/cote\/sites\/43\/2021\/08\/img-6117cb62a6a8c.jpg","keywords":["Africa Press","Africa Press-C\u00f4te d'Ivoire","C\u00d4TE D'IVOIRE"],"articleSection":["Divers","homepage-french","Toutes les actualit\u00e9s"],"inLanguage":"fr-FR","potentialAction":[{"@type":"CommentAction","name":"Comment","target":["https:\/\/www.africa-press.net\/cotedivoire\/toutes-les-actualites\/la-zone-de-libre-echange-continentale-peut-aider-lafrique-a-eliminer-les-frontieres-imposees-par-les-colons-europeens-pascal-lamy-zlecaf#respond"]}]},{"@type":"WebPage","@id":"https:\/\/www.africa-press.net\/cotedivoire\/toutes-les-actualites\/la-zone-de-libre-echange-continentale-peut-aider-lafrique-a-eliminer-les-frontieres-imposees-par-les-colons-europeens-pascal-lamy-zlecaf","url":"https:\/\/www.africa-press.net\/cotedivoire\/toutes-les-actualites\/la-zone-de-libre-echange-continentale-peut-aider-lafrique-a-eliminer-les-frontieres-imposees-par-les-colons-europeens-pascal-lamy-zlecaf","name":"La Zone de libre-\u00e9change continentale peut aider l\u2019Afrique \u00e0 \u00e9liminer les fronti\u00e8res impos\u00e9es par les colons europ\u00e9ens (Pascal Lamy, ZLECAF) - C\u00f4te d&#039;Ivoire","isPartOf":{"@id":"https:\/\/www.africa-press.net\/cotedivoire\/#website"},"primaryImageOfPage":{"@id":"https:\/\/www.africa-press.net\/cotedivoire\/toutes-les-actualites\/la-zone-de-libre-echange-continentale-peut-aider-lafrique-a-eliminer-les-frontieres-imposees-par-les-colons-europeens-pascal-lamy-zlecaf#primaryimage"},"image":{"@id":"https:\/\/www.africa-press.net\/cotedivoire\/toutes-les-actualites\/la-zone-de-libre-echange-continentale-peut-aider-lafrique-a-eliminer-les-frontieres-imposees-par-les-colons-europeens-pascal-lamy-zlecaf#primaryimage"},"thumbnailUrl":"https:\/\/static.africa-press.net\/cote\/sites\/43\/2021\/08\/img-6117cb62a6a8c.jpg","datePublished":"2021-08-14T14:34:59+00:00","author":{"@id":"https:\/\/www.africa-press.net\/cotedivoire\/#\/schema\/person\/2b1cf3cd81a31e3cd26889ca66d677f1"},"description":"Pascal Lamy, ancien directeur de l\u2019Organisation Mondiale du Commerce (OMC), voit dans la ZLECAF un outil pour redessiner ...","breadcrumb":{"@id":"https:\/\/www.africa-press.net\/cotedivoire\/toutes-les-actualites\/la-zone-de-libre-echange-continentale-peut-aider-lafrique-a-eliminer-les-frontieres-imposees-par-les-colons-europeens-pascal-lamy-zlecaf#breadcrumb"},"inLanguage":"fr-FR","potentialAction":[{"@type":"ReadAction","target":["https:\/\/www.africa-press.net\/cotedivoire\/toutes-les-actualites\/la-zone-de-libre-echange-continentale-peut-aider-lafrique-a-eliminer-les-frontieres-imposees-par-les-colons-europeens-pascal-lamy-zlecaf"]}]},{"@type":"ImageObject","inLanguage":"fr-FR","@id":"https:\/\/www.africa-press.net\/cotedivoire\/toutes-les-actualites\/la-zone-de-libre-echange-continentale-peut-aider-lafrique-a-eliminer-les-frontieres-imposees-par-les-colons-europeens-pascal-lamy-zlecaf#primaryimage","url":"https:\/\/static.africa-press.net\/cote\/sites\/43\/2021\/08\/img-6117cb62a6a8c.jpg","contentUrl":"https:\/\/static.africa-press.net\/cote\/sites\/43\/2021\/08\/img-6117cb62a6a8c.jpg","width":820,"height":461,"caption":"La Zone de libre-\u00e9change continentale peut aider l\u2019Afrique \u00e0 \u00e9liminer les fronti\u00e8res impos\u00e9es par les colons europ\u00e9ens (Pascal Lamy, ZLECAF)"},{"@type":"BreadcrumbList","@id":"https:\/\/www.africa-press.net\/cotedivoire\/toutes-les-actualites\/la-zone-de-libre-echange-continentale-peut-aider-lafrique-a-eliminer-les-frontieres-imposees-par-les-colons-europeens-pascal-lamy-zlecaf#breadcrumb","itemListElement":[{"@type":"ListItem","position":1,"name":"Accueil","item":"https:\/\/www.africa-press.net\/cotedivoire\/"},{"@type":"ListItem","position":2,"name":"La Zone de libre-\u00e9change continentale peut aider l\u2019Afrique \u00e0 \u00e9liminer les fronti\u00e8res impos\u00e9es par les colons europ\u00e9ens (Pascal Lamy, ZLECAF)"}]},{"@type":"WebSite","@id":"https:\/\/www.africa-press.net\/cotedivoire\/#website","url":"https:\/\/www.africa-press.net\/cotedivoire\/","name":"C\u00f4te d&#039;Ivoire","description":"Just another Africa News Agency Sites site","potentialAction":[{"@type":"SearchAction","target":{"@type":"EntryPoint","urlTemplate":"https:\/\/www.africa-press.net\/cotedivoire\/?s={search_term_string}"},"query-input":{"@type":"PropertyValueSpecification","valueRequired":true,"valueName":"search_term_string"}}],"inLanguage":"fr-FR"},{"@type":"Person","@id":"https:\/\/www.africa-press.net\/cotedivoire\/#\/schema\/person\/2b1cf3cd81a31e3cd26889ca66d677f1","name":"cfeditorfr"}]}},"_links":{"self":[{"href":"https:\/\/www.africa-press.net\/cotedivoire\/wp-json\/wp\/v2\/posts\/11359","targetHints":{"allow":["GET"]}}],"collection":[{"href":"https:\/\/www.africa-press.net\/cotedivoire\/wp-json\/wp\/v2\/posts"}],"about":[{"href":"https:\/\/www.africa-press.net\/cotedivoire\/wp-json\/wp\/v2\/types\/post"}],"author":[{"embeddable":true,"href":"https:\/\/www.africa-press.net\/cotedivoire\/wp-json\/wp\/v2\/users\/82"}],"replies":[{"embeddable":true,"href":"https:\/\/www.africa-press.net\/cotedivoire\/wp-json\/wp\/v2\/comments?post=11359"}],"version-history":[{"count":0,"href":"https:\/\/www.africa-press.net\/cotedivoire\/wp-json\/wp\/v2\/posts\/11359\/revisions"}],"wp:featuredmedia":[{"embeddable":true,"href":"https:\/\/www.africa-press.net\/cotedivoire\/wp-json\/wp\/v2\/media\/11358"}],"wp:attachment":[{"href":"https:\/\/www.africa-press.net\/cotedivoire\/wp-json\/wp\/v2\/media?parent=11359"}],"wp:term":[{"taxonomy":"category","embeddable":true,"href":"https:\/\/www.africa-press.net\/cotedivoire\/wp-json\/wp\/v2\/categories?post=11359"},{"taxonomy":"post_tag","embeddable":true,"href":"https:\/\/www.africa-press.net\/cotedivoire\/wp-json\/wp\/v2\/tags?post=11359"}],"curies":[{"name":"wp","href":"https:\/\/api.w.org\/{rel}","templated":true}]}}