{"id":113614,"date":"2026-02-28T19:17:04","date_gmt":"2026-02-28T19:17:04","guid":{"rendered":"https:\/\/www.africa-press.net\/cotedivoire\/politique\/plateforme-digitale-dimmatriculation-acceleree-trois-reponses-majeures-apportees-aux-preoccupations-des-usagers-et-concessionnaires-agrees"},"modified":"2026-02-28T19:17:04","modified_gmt":"2026-02-28T19:17:04","slug":"plateforme-digitale-dimmatriculation-acceleree-trois-reponses-majeures-apportees-aux-preoccupations-des-usagers-et-concessionnaires-agrees","status":"publish","type":"post","link":"https:\/\/www.africa-press.net\/cotedivoire\/economie\/plateforme-digitale-dimmatriculation-acceleree-trois-reponses-majeures-apportees-aux-preoccupations-des-usagers-et-concessionnaires-agrees","title":{"rendered":"Plateforme digitale d&rsquo;immatriculation acc\u00e9l\u00e9r\u00e9e, trois r\u00e9ponses majeures apport\u00e9es aux pr\u00e9occupations des usagers et concessionnaires agr\u00e9\u00e9s"},"content":{"rendered":"<p>L\u2019atelier de formation au profit des concessionnaires agr\u00e9\u00e9s jeudi \u00e0 Abidjan (Ph KOACI)<\/p>\n<p>Dans le cadre de la modernisation du secteur des transports, l\u2019Etat de C\u00f4te d\u2019Ivoire, s\u2019est dot\u00e9 d\u2019un Nouveau Syst\u00e8me d\u2019Immatriculation Initiale des V\u00e9hicules (NSIIV) avec pour objectif majeur : la d\u00e9mat\u00e9rialisation du processus.<\/p>\n<p>Le changement majeur est qu\u2019il est d\u00e9sormais possible d\u2019attribuer un num\u00e9ro d\u2019immatriculation et poser la plaque avant l\u2019ouverture du dossier physique d\u00e8s que la preuve este de l(acquittement des frais et taxes douaniers du v\u00e9hicule.<\/p>\n<p>En vue de mettre tous les acteurs du syst\u00e8me au m\u00eame niveau d\u2019informations, le Minist\u00e8re des Transports et des Affaires Maritimes, a organis\u00e9, jeudi 26 f\u00e9vrier 2026, \u00e0 la maison de l\u2019Entreprise \u00e0 Abidjan-Plateau, un atelier de formation au profit des concessionnaires agr\u00e9\u00e9s, sur l\u2019utilisation de la plateforme d\u2019immatriculation acc\u00e9l\u00e9r\u00e9e.<\/p>\n<p>A l\u2019ouverture de l\u2019atelier, Monsieur Dioman Con\u00e9, Directeur de Cabinet du Ministre des Transports et des Affaires Maritimes, Amadou Kon\u00e9, a relev\u00e9 d\u2019entr\u00e9e, qu\u2019il s\u2019agit de marquer une \u00e9tape d\u00e9cisive dans la transformation de l\u2019\u00e9cosyst\u00e8me du transport, qui \u00e0 n\u2019en point douter est aujourd\u2019hui l\u2019\u00e9pine dorsale l\u2019\u00e9conomie ivoirienne.<\/p>\n<p>\u00ab Au moment o\u00f9 se modernise cette \u00e9conomie avec tous les acteurs publics et priv\u00e9s, le secteur des transports ne saurait rester en marge. Il doit \u00eatre moderne, rapide et efficace, c\u2019est tout l\u2019enjeu de l\u2019activit\u00e9 qui nous r\u00e9unit.<\/p>\n<p>\u00c0 savoir, l\u2019atelier de formation des acteurs en pr\u00e9lude au lancement officiel de la plateforme digitale d\u2019immatriculation acc\u00e9l\u00e9r\u00e9e. Il s\u2019agit d\u2019une innovation majeure qui s\u2019ins\u00e8re dans la dynamique de modernisation et transformation profonde de notre \u00e9conomie. Il faut souligner que cette innovation, n\u2019est pas une simple option technique, elle est la mise en \u0153uvre directe, de la volont\u00e9 du Ministre des transports, qui cadre avec la vision du pr\u00e9sident de la R\u00e9publique, Alassane Ouattara, de doter l\u2019Administration publique de moyens pour offrir aux ivoiriens, un service de qualit\u00e9, accessible dans le cadre de la strat\u00e9gie nationale de la s\u00e9curit\u00e9 routi\u00e8re \u00bb, a-t-il d\u00e9clar\u00e9.<\/p>\n<p>Il a rappel\u00e9 que, pour donner de nouvelles dimensions \u00e0 cette ambition du gouvernement, le Ministre des transports a pris un arr\u00eat\u00e9 num\u00e9ro 0022 du 18 aout 2025, portant, acc\u00e9l\u00e9ration du processus d\u2019immatriculation des v\u00e9hicules neufs commercialis\u00e9s par les concessionnaires agr\u00e9\u00e9s.<\/p>\n<p>Selon le collaborateur du Ministre, cette plateforme symbolise le passage renouvel\u00e9 et impose d\u00e9sormais la plateforme comme la voie l\u00e9gale et s\u00e9curis\u00e9e de demandes d\u2019immatriculations au profit des concessionnaires automobiles et fait de chaque zone , un point d\u2019initiation d\u2019immatriculation des v\u00e9hicules neufs.<\/p>\n<p>\u00ab La v\u00e9ritable r\u00e9volution que nous lan\u00e7ons aujourd\u2019hui est concr\u00e8te pour chaque citoyen. Gr\u00e2ce \u00e0 l\u2019interconnexion de nos syst\u00e8mes, nous assurons une nouvelle forme de services d\u00e9sormais. Au moment pr\u00e9cis o\u00f9 le client vient r\u00e9cup\u00e9rer son v\u00e9hicule chez le concessionnaire, celui-ci est d\u00e9j\u00e0 immatricul\u00e9. C\u2019est la garantie de repartir avec un v\u00e9hicule en r\u00e8gle, pr\u00eat \u00e0 circuler imm\u00e9diatement \u00bb, a expliqu\u00e9 M. Con\u00e9, avant de souligner.<\/p>\n<p>\u00ab Gr\u00e2ce \u00e0 ce cadre r\u00e8glementaire, dans sa fluidit\u00e9 technique, nous apportons trois r\u00e9ponses majeures : premi\u00e8rement, la c\u00e9l\u00e9rit\u00e9. Une proc\u00e9dure 100% d\u00e9mat\u00e9rialis\u00e9e accessible 24h \/24 ; deuxi\u00e8mement, la transparence totale. Chaque coursier poss\u00e8de d\u00e9sormais une trace num\u00e9rique. L\u2019usager peut suivre l\u2019\u00e9volution de sa demande en temps r\u00e9el ; troisi\u00e8mement, la s\u00e9curit\u00e9. Une base de donn\u00e9es fiable pour lutter contre la fraude et renforcer la s\u00e9curit\u00e9 routi\u00e8re. \u00bb<\/p>\n<p>Enfin, le collaborateur du Ministre a signifi\u00e9 que, la transformation digitale n\u2019est pas une simple mode, c\u2019est un contrat de confiance et de lancer : \u00ab Aux concessionnaires agr\u00e9\u00e9s, profiter de cet outil qui garantit \u00e0 vos clients \u00e0 l\u2019achat leur libert\u00e9 de circuler sur les voies ouvertes \u00e0 la circulation. \u00bb<\/p>\n<p>Donatien Kautcha, Abidjan<\/p>\n","protected":false},"excerpt":{"rendered":"<p>L\u2019atelier de formation au profit des concessionnaires agr\u00e9\u00e9s jeudi \u00e0 Abidjan (Ph KOACI) Dans le cadre de la modernisation du secteur des transports, l\u2019Etat de C\u00f4te d\u2019Ivoire, s\u2019est dot\u00e9 d\u2019un Nouveau Syst\u00e8me d\u2019Immatriculation Initiale des V\u00e9hicules (NSIIV) avec pour objectif majeur : la d\u00e9mat\u00e9rialisation du processus. Le changement majeur est qu\u2019il est d\u00e9sormais possible d\u2019attribuer [&hellip;]<\/p>\n","protected":false},"author":82,"featured_media":113613,"comment_status":"open","ping_status":"closed","sticky":false,"template":"","format":"standard","meta":{"footnotes":""},"categories":[3,10],"tags":[390,1185,20497,9747,865,5463,4308],"class_list":["post-113614","post","type-post","status-publish","format-standard","has-post-thumbnail","hentry","category-economie","category-toutes-les-actualites","tag-amadou-kone","tag-atelier","tag-concessionnaires-agrees","tag-dioman-cone-2","tag-formation","tag-immatriculation","tag-plateforme"],"yoast_head":"<!-- This site is optimized with the Yoast SEO Premium plugin v26.1 (Yoast SEO v27.0) - https:\/\/yoast.com\/product\/yoast-seo-premium-wordpress\/ -->\n<title>Plateforme digitale d&#039;immatriculation acc\u00e9l\u00e9r\u00e9e, trois r\u00e9ponses majeures apport\u00e9es aux pr\u00e9occupations des usagers et concessionnaires agr\u00e9\u00e9s - C\u00f4te d&#039;Ivoire<\/title>\n<meta name=\"robots\" content=\"index, follow, max-snippet:-1, max-image-preview:large, max-video-preview:-1\" \/>\n<link rel=\"canonical\" href=\"https:\/\/www.africa-press.net\/cotedivoire\/politique\/plateforme-digitale-dimmatriculation-acceleree-trois-reponses-majeures-apportees-aux-preoccupations-des-usagers-et-concessionnaires-agrees\" \/>\n<meta property=\"og:locale\" content=\"fr_FR\" \/>\n<meta property=\"og:type\" content=\"article\" \/>\n<meta property=\"og:title\" content=\"Plateforme digitale d&#039;immatriculation acc\u00e9l\u00e9r\u00e9e, trois r\u00e9ponses majeures apport\u00e9es aux pr\u00e9occupations des usagers et concessionnaires agr\u00e9\u00e9s\" \/>\n<meta property=\"og:description\" content=\"L\u2019atelier de formation au profit des concessionnaires agr\u00e9\u00e9s jeudi \u00e0 Abidjan (Ph KOACI) Dans le cadre de la modernisation du secteur des transports, l\u2019Etat de C\u00f4te d\u2019Ivoire, s\u2019est dot\u00e9 d\u2019un Nouveau Syst\u00e8me d\u2019Immatriculation Initiale des V\u00e9hicules (NSIIV) avec pour objectif majeur : la d\u00e9mat\u00e9rialisation du processus. Le changement majeur est qu\u2019il est d\u00e9sormais possible d\u2019attribuer [&hellip;]\" \/>\n<meta property=\"og:url\" content=\"https:\/\/www.africa-press.net\/cotedivoire\/politique\/plateforme-digitale-dimmatriculation-acceleree-trois-reponses-majeures-apportees-aux-preoccupations-des-usagers-et-concessionnaires-agrees\" \/>\n<meta property=\"og:site_name\" content=\"C\u00f4te d&#039;Ivoire\" \/>\n<meta property=\"article:published_time\" content=\"2026-02-28T19:17:04+00:00\" \/>\n<meta name=\"author\" content=\"cfeditorfr\" \/>\n<meta name=\"twitter:card\" content=\"summary_large_image\" \/>\n<meta name=\"twitter:label1\" content=\"\u00c9crit par\" \/>\n\t<meta name=\"twitter:data1\" content=\"cfeditorfr\" \/>\n\t<meta name=\"twitter:label2\" content=\"Dur\u00e9e de lecture estim\u00e9e\" \/>\n\t<meta name=\"twitter:data2\" content=\"3 minutes\" \/>\n<script type=\"application\/ld+json\" class=\"yoast-schema-graph\">{\"@context\":\"https:\/\/schema.org\",\"@graph\":[{\"@type\":\"Article\",\"@id\":\"https:\/\/www.africa-press.net\/cotedivoire\/politique\/plateforme-digitale-dimmatriculation-acceleree-trois-reponses-majeures-apportees-aux-preoccupations-des-usagers-et-concessionnaires-agrees#article\",\"isPartOf\":{\"@id\":\"https:\/\/www.africa-press.net\/cotedivoire\/politique\/plateforme-digitale-dimmatriculation-acceleree-trois-reponses-majeures-apportees-aux-preoccupations-des-usagers-et-concessionnaires-agrees\"},\"author\":{\"name\":\"cfeditorfr\",\"@id\":\"https:\/\/www.africa-press.net\/cotedivoire\/#\/schema\/person\/2b1cf3cd81a31e3cd26889ca66d677f1\"},\"headline\":\"Plateforme digitale d&rsquo;immatriculation acc\u00e9l\u00e9r\u00e9e, trois r\u00e9ponses majeures apport\u00e9es aux pr\u00e9occupations des usagers et concessionnaires agr\u00e9\u00e9s\",\"datePublished\":\"2026-02-28T19:17:04+00:00\",\"mainEntityOfPage\":{\"@id\":\"https:\/\/www.africa-press.net\/cotedivoire\/politique\/plateforme-digitale-dimmatriculation-acceleree-trois-reponses-majeures-apportees-aux-preoccupations-des-usagers-et-concessionnaires-agrees\"},\"wordCount\":714,\"commentCount\":0,\"image\":{\"@id\":\"https:\/\/www.africa-press.net\/cotedivoire\/politique\/plateforme-digitale-dimmatriculation-acceleree-trois-reponses-majeures-apportees-aux-preoccupations-des-usagers-et-concessionnaires-agrees#primaryimage\"},\"thumbnailUrl\":\"https:\/\/static.africa-press.net\/cote\/sites\/43\/2026\/02\/sm_1772306224.123841.jpg\",\"keywords\":[\"Amadou Kon\u00e9\",\"atelier\",\"concessionnaires agr\u00e9\u00e9s\",\"Dioman Con\u00e9\",\"Formation\",\"immatriculation\",\"plateforme\"],\"articleSection\":[\"\u00c9conomie\",\"Toutes les actualit\u00e9s\"],\"inLanguage\":\"fr-FR\",\"potentialAction\":[{\"@type\":\"CommentAction\",\"name\":\"Comment\",\"target\":[\"https:\/\/www.africa-press.net\/cotedivoire\/politique\/plateforme-digitale-dimmatriculation-acceleree-trois-reponses-majeures-apportees-aux-preoccupations-des-usagers-et-concessionnaires-agrees#respond\"]}]},{\"@type\":\"WebPage\",\"@id\":\"https:\/\/www.africa-press.net\/cotedivoire\/politique\/plateforme-digitale-dimmatriculation-acceleree-trois-reponses-majeures-apportees-aux-preoccupations-des-usagers-et-concessionnaires-agrees\",\"url\":\"https:\/\/www.africa-press.net\/cotedivoire\/politique\/plateforme-digitale-dimmatriculation-acceleree-trois-reponses-majeures-apportees-aux-preoccupations-des-usagers-et-concessionnaires-agrees\",\"name\":\"Plateforme digitale d'immatriculation acc\u00e9l\u00e9r\u00e9e, trois r\u00e9ponses majeures apport\u00e9es aux pr\u00e9occupations des usagers et concessionnaires agr\u00e9\u00e9s - C\u00f4te d&#039;Ivoire\",\"isPartOf\":{\"@id\":\"https:\/\/www.africa-press.net\/cotedivoire\/#website\"},\"primaryImageOfPage\":{\"@id\":\"https:\/\/www.africa-press.net\/cotedivoire\/politique\/plateforme-digitale-dimmatriculation-acceleree-trois-reponses-majeures-apportees-aux-preoccupations-des-usagers-et-concessionnaires-agrees#primaryimage\"},\"image\":{\"@id\":\"https:\/\/www.africa-press.net\/cotedivoire\/politique\/plateforme-digitale-dimmatriculation-acceleree-trois-reponses-majeures-apportees-aux-preoccupations-des-usagers-et-concessionnaires-agrees#primaryimage\"},\"thumbnailUrl\":\"https:\/\/static.africa-press.net\/cote\/sites\/43\/2026\/02\/sm_1772306224.123841.jpg\",\"datePublished\":\"2026-02-28T19:17:04+00:00\",\"author\":{\"@id\":\"https:\/\/www.africa-press.net\/cotedivoire\/#\/schema\/person\/2b1cf3cd81a31e3cd26889ca66d677f1\"},\"breadcrumb\":{\"@id\":\"https:\/\/www.africa-press.net\/cotedivoire\/politique\/plateforme-digitale-dimmatriculation-acceleree-trois-reponses-majeures-apportees-aux-preoccupations-des-usagers-et-concessionnaires-agrees#breadcrumb\"},\"inLanguage\":\"fr-FR\",\"potentialAction\":[{\"@type\":\"ReadAction\",\"target\":[\"https:\/\/www.africa-press.net\/cotedivoire\/politique\/plateforme-digitale-dimmatriculation-acceleree-trois-reponses-majeures-apportees-aux-preoccupations-des-usagers-et-concessionnaires-agrees\"]}]},{\"@type\":\"ImageObject\",\"inLanguage\":\"fr-FR\",\"@id\":\"https:\/\/www.africa-press.net\/cotedivoire\/politique\/plateforme-digitale-dimmatriculation-acceleree-trois-reponses-majeures-apportees-aux-preoccupations-des-usagers-et-concessionnaires-agrees#primaryimage\",\"url\":\"https:\/\/static.africa-press.net\/cote\/sites\/43\/2026\/02\/sm_1772306224.123841.jpg\",\"contentUrl\":\"https:\/\/static.africa-press.net\/cote\/sites\/43\/2026\/02\/sm_1772306224.123841.jpg\",\"width\":600,\"height\":329,\"caption\":\"Plateforme digitale d'immatriculation acc\u00e9l\u00e9r\u00e9e, trois r\u00e9ponses majeures apport\u00e9es aux pr\u00e9occupations des usagers et concessionnaires agr\u00e9\u00e9s\"},{\"@type\":\"BreadcrumbList\",\"@id\":\"https:\/\/www.africa-press.net\/cotedivoire\/politique\/plateforme-digitale-dimmatriculation-acceleree-trois-reponses-majeures-apportees-aux-preoccupations-des-usagers-et-concessionnaires-agrees#breadcrumb\",\"itemListElement\":[{\"@type\":\"ListItem\",\"position\":1,\"name\":\"Accueil\",\"item\":\"https:\/\/www.africa-press.net\/cotedivoire\/\"},{\"@type\":\"ListItem\",\"position\":2,\"name\":\"Plateforme digitale d&rsquo;immatriculation acc\u00e9l\u00e9r\u00e9e, trois r\u00e9ponses majeures apport\u00e9es aux pr\u00e9occupations des usagers et concessionnaires agr\u00e9\u00e9s\"}]},{\"@type\":\"WebSite\",\"@id\":\"https:\/\/www.africa-press.net\/cotedivoire\/#website\",\"url\":\"https:\/\/www.africa-press.net\/cotedivoire\/\",\"name\":\"C\u00f4te d&#039;Ivoire\",\"description\":\"Just another Africa News Agency Sites site\",\"potentialAction\":[{\"@type\":\"SearchAction\",\"target\":{\"@type\":\"EntryPoint\",\"urlTemplate\":\"https:\/\/www.africa-press.net\/cotedivoire\/?s={search_term_string}\"},\"query-input\":{\"@type\":\"PropertyValueSpecification\",\"valueRequired\":true,\"valueName\":\"search_term_string\"}}],\"inLanguage\":\"fr-FR\"},{\"@type\":\"Person\",\"@id\":\"https:\/\/www.africa-press.net\/cotedivoire\/#\/schema\/person\/2b1cf3cd81a31e3cd26889ca66d677f1\",\"name\":\"cfeditorfr\"}]}<\/script>\n<!-- \/ Yoast SEO Premium plugin. -->","yoast_head_json":{"title":"Plateforme digitale d'immatriculation acc\u00e9l\u00e9r\u00e9e, trois r\u00e9ponses majeures apport\u00e9es aux pr\u00e9occupations des usagers et concessionnaires agr\u00e9\u00e9s - C\u00f4te d&#039;Ivoire","robots":{"index":"index","follow":"follow","max-snippet":"max-snippet:-1","max-image-preview":"max-image-preview:large","max-video-preview":"max-video-preview:-1"},"canonical":"https:\/\/www.africa-press.net\/cotedivoire\/politique\/plateforme-digitale-dimmatriculation-acceleree-trois-reponses-majeures-apportees-aux-preoccupations-des-usagers-et-concessionnaires-agrees","og_locale":"fr_FR","og_type":"article","og_title":"Plateforme digitale d'immatriculation acc\u00e9l\u00e9r\u00e9e, trois r\u00e9ponses majeures apport\u00e9es aux pr\u00e9occupations des usagers et concessionnaires agr\u00e9\u00e9s","og_description":"L\u2019atelier de formation au profit des concessionnaires agr\u00e9\u00e9s jeudi \u00e0 Abidjan (Ph KOACI) Dans le cadre de la modernisation du secteur des transports, l\u2019Etat de C\u00f4te d\u2019Ivoire, s\u2019est dot\u00e9 d\u2019un Nouveau Syst\u00e8me d\u2019Immatriculation Initiale des V\u00e9hicules (NSIIV) avec pour objectif majeur : la d\u00e9mat\u00e9rialisation du processus. Le changement majeur est qu\u2019il est d\u00e9sormais possible d\u2019attribuer [&hellip;]","og_url":"https:\/\/www.africa-press.net\/cotedivoire\/politique\/plateforme-digitale-dimmatriculation-acceleree-trois-reponses-majeures-apportees-aux-preoccupations-des-usagers-et-concessionnaires-agrees","og_site_name":"C\u00f4te d&#039;Ivoire","article_published_time":"2026-02-28T19:17:04+00:00","author":"cfeditorfr","twitter_card":"summary_large_image","twitter_misc":{"\u00c9crit par":"cfeditorfr","Dur\u00e9e de lecture estim\u00e9e":"3 minutes"},"schema":{"@context":"https:\/\/schema.org","@graph":[{"@type":"Article","@id":"https:\/\/www.africa-press.net\/cotedivoire\/politique\/plateforme-digitale-dimmatriculation-acceleree-trois-reponses-majeures-apportees-aux-preoccupations-des-usagers-et-concessionnaires-agrees#article","isPartOf":{"@id":"https:\/\/www.africa-press.net\/cotedivoire\/politique\/plateforme-digitale-dimmatriculation-acceleree-trois-reponses-majeures-apportees-aux-preoccupations-des-usagers-et-concessionnaires-agrees"},"author":{"name":"cfeditorfr","@id":"https:\/\/www.africa-press.net\/cotedivoire\/#\/schema\/person\/2b1cf3cd81a31e3cd26889ca66d677f1"},"headline":"Plateforme digitale d&rsquo;immatriculation acc\u00e9l\u00e9r\u00e9e, trois r\u00e9ponses majeures apport\u00e9es aux pr\u00e9occupations des usagers et concessionnaires agr\u00e9\u00e9s","datePublished":"2026-02-28T19:17:04+00:00","mainEntityOfPage":{"@id":"https:\/\/www.africa-press.net\/cotedivoire\/politique\/plateforme-digitale-dimmatriculation-acceleree-trois-reponses-majeures-apportees-aux-preoccupations-des-usagers-et-concessionnaires-agrees"},"wordCount":714,"commentCount":0,"image":{"@id":"https:\/\/www.africa-press.net\/cotedivoire\/politique\/plateforme-digitale-dimmatriculation-acceleree-trois-reponses-majeures-apportees-aux-preoccupations-des-usagers-et-concessionnaires-agrees#primaryimage"},"thumbnailUrl":"https:\/\/static.africa-press.net\/cote\/sites\/43\/2026\/02\/sm_1772306224.123841.jpg","keywords":["Amadou Kon\u00e9","atelier","concessionnaires agr\u00e9\u00e9s","Dioman Con\u00e9","Formation","immatriculation","plateforme"],"articleSection":["\u00c9conomie","Toutes les actualit\u00e9s"],"inLanguage":"fr-FR","potentialAction":[{"@type":"CommentAction","name":"Comment","target":["https:\/\/www.africa-press.net\/cotedivoire\/politique\/plateforme-digitale-dimmatriculation-acceleree-trois-reponses-majeures-apportees-aux-preoccupations-des-usagers-et-concessionnaires-agrees#respond"]}]},{"@type":"WebPage","@id":"https:\/\/www.africa-press.net\/cotedivoire\/politique\/plateforme-digitale-dimmatriculation-acceleree-trois-reponses-majeures-apportees-aux-preoccupations-des-usagers-et-concessionnaires-agrees","url":"https:\/\/www.africa-press.net\/cotedivoire\/politique\/plateforme-digitale-dimmatriculation-acceleree-trois-reponses-majeures-apportees-aux-preoccupations-des-usagers-et-concessionnaires-agrees","name":"Plateforme digitale d'immatriculation acc\u00e9l\u00e9r\u00e9e, trois r\u00e9ponses majeures apport\u00e9es aux pr\u00e9occupations des usagers et concessionnaires agr\u00e9\u00e9s - C\u00f4te d&#039;Ivoire","isPartOf":{"@id":"https:\/\/www.africa-press.net\/cotedivoire\/#website"},"primaryImageOfPage":{"@id":"https:\/\/www.africa-press.net\/cotedivoire\/politique\/plateforme-digitale-dimmatriculation-acceleree-trois-reponses-majeures-apportees-aux-preoccupations-des-usagers-et-concessionnaires-agrees#primaryimage"},"image":{"@id":"https:\/\/www.africa-press.net\/cotedivoire\/politique\/plateforme-digitale-dimmatriculation-acceleree-trois-reponses-majeures-apportees-aux-preoccupations-des-usagers-et-concessionnaires-agrees#primaryimage"},"thumbnailUrl":"https:\/\/static.africa-press.net\/cote\/sites\/43\/2026\/02\/sm_1772306224.123841.jpg","datePublished":"2026-02-28T19:17:04+00:00","author":{"@id":"https:\/\/www.africa-press.net\/cotedivoire\/#\/schema\/person\/2b1cf3cd81a31e3cd26889ca66d677f1"},"breadcrumb":{"@id":"https:\/\/www.africa-press.net\/cotedivoire\/politique\/plateforme-digitale-dimmatriculation-acceleree-trois-reponses-majeures-apportees-aux-preoccupations-des-usagers-et-concessionnaires-agrees#breadcrumb"},"inLanguage":"fr-FR","potentialAction":[{"@type":"ReadAction","target":["https:\/\/www.africa-press.net\/cotedivoire\/politique\/plateforme-digitale-dimmatriculation-acceleree-trois-reponses-majeures-apportees-aux-preoccupations-des-usagers-et-concessionnaires-agrees"]}]},{"@type":"ImageObject","inLanguage":"fr-FR","@id":"https:\/\/www.africa-press.net\/cotedivoire\/politique\/plateforme-digitale-dimmatriculation-acceleree-trois-reponses-majeures-apportees-aux-preoccupations-des-usagers-et-concessionnaires-agrees#primaryimage","url":"https:\/\/static.africa-press.net\/cote\/sites\/43\/2026\/02\/sm_1772306224.123841.jpg","contentUrl":"https:\/\/static.africa-press.net\/cote\/sites\/43\/2026\/02\/sm_1772306224.123841.jpg","width":600,"height":329,"caption":"Plateforme digitale d'immatriculation acc\u00e9l\u00e9r\u00e9e, trois r\u00e9ponses majeures apport\u00e9es aux pr\u00e9occupations des usagers et concessionnaires agr\u00e9\u00e9s"},{"@type":"BreadcrumbList","@id":"https:\/\/www.africa-press.net\/cotedivoire\/politique\/plateforme-digitale-dimmatriculation-acceleree-trois-reponses-majeures-apportees-aux-preoccupations-des-usagers-et-concessionnaires-agrees#breadcrumb","itemListElement":[{"@type":"ListItem","position":1,"name":"Accueil","item":"https:\/\/www.africa-press.net\/cotedivoire\/"},{"@type":"ListItem","position":2,"name":"Plateforme digitale d&rsquo;immatriculation acc\u00e9l\u00e9r\u00e9e, trois r\u00e9ponses majeures apport\u00e9es aux pr\u00e9occupations des usagers et concessionnaires agr\u00e9\u00e9s"}]},{"@type":"WebSite","@id":"https:\/\/www.africa-press.net\/cotedivoire\/#website","url":"https:\/\/www.africa-press.net\/cotedivoire\/","name":"C\u00f4te d&#039;Ivoire","description":"Just another Africa News Agency Sites site","potentialAction":[{"@type":"SearchAction","target":{"@type":"EntryPoint","urlTemplate":"https:\/\/www.africa-press.net\/cotedivoire\/?s={search_term_string}"},"query-input":{"@type":"PropertyValueSpecification","valueRequired":true,"valueName":"search_term_string"}}],"inLanguage":"fr-FR"},{"@type":"Person","@id":"https:\/\/www.africa-press.net\/cotedivoire\/#\/schema\/person\/2b1cf3cd81a31e3cd26889ca66d677f1","name":"cfeditorfr"}]}},"_links":{"self":[{"href":"https:\/\/www.africa-press.net\/cotedivoire\/wp-json\/wp\/v2\/posts\/113614","targetHints":{"allow":["GET"]}}],"collection":[{"href":"https:\/\/www.africa-press.net\/cotedivoire\/wp-json\/wp\/v2\/posts"}],"about":[{"href":"https:\/\/www.africa-press.net\/cotedivoire\/wp-json\/wp\/v2\/types\/post"}],"author":[{"embeddable":true,"href":"https:\/\/www.africa-press.net\/cotedivoire\/wp-json\/wp\/v2\/users\/82"}],"replies":[{"embeddable":true,"href":"https:\/\/www.africa-press.net\/cotedivoire\/wp-json\/wp\/v2\/comments?post=113614"}],"version-history":[{"count":0,"href":"https:\/\/www.africa-press.net\/cotedivoire\/wp-json\/wp\/v2\/posts\/113614\/revisions"}],"wp:featuredmedia":[{"embeddable":true,"href":"https:\/\/www.africa-press.net\/cotedivoire\/wp-json\/wp\/v2\/media\/113613"}],"wp:attachment":[{"href":"https:\/\/www.africa-press.net\/cotedivoire\/wp-json\/wp\/v2\/media?parent=113614"}],"wp:term":[{"taxonomy":"category","embeddable":true,"href":"https:\/\/www.africa-press.net\/cotedivoire\/wp-json\/wp\/v2\/categories?post=113614"},{"taxonomy":"post_tag","embeddable":true,"href":"https:\/\/www.africa-press.net\/cotedivoire\/wp-json\/wp\/v2\/tags?post=113614"}],"curies":[{"name":"wp","href":"https:\/\/api.w.org\/{rel}","templated":true}]}}