{"id":11362,"date":"2021-08-14T14:40:39","date_gmt":"2021-08-14T14:40:39","guid":{"rendered":"https:\/\/www.africa-press.net\/cotedivoire\/?p=11362"},"modified":"2021-08-14T13:56:56","modified_gmt":"2021-08-14T13:56:56","slug":"le-nigeria-va-retablir-twitter-dans-les-prochains-jours-ou-semaines-apres-2-mois-de-suspension","status":"publish","type":"post","link":"https:\/\/www.africa-press.net\/cotedivoire\/toutes-les-actualites\/le-nigeria-va-retablir-twitter-dans-les-prochains-jours-ou-semaines-apres-2-mois-de-suspension","title":{"rendered":"Le Nigeria va r\u00e9tablir Twitter dans \u00ab\u00a0les prochains jours ou semaines\u00a0\u00bb apr\u00e8s 2 mois de suspension"},"content":{"rendered":"<p><span style=\"color: #ff6600\"><strong><a href=\"https:\/\/www.africa-press.net\/\">Africa-Press<\/a> &#8211; <a href=\"https:\/\/www.africa-press.net\/cotedivoire\">C\u00f4te d&rsquo;Ivoire<\/a>. <\/strong><\/span>Deux mois apr\u00e8s la suspension de Twitter au Nigeria, les relations semblent beaucoup am\u00e9lior\u00e9es entre le r\u00e9seau social et le pays le plus peupl\u00e9 d\u2019Afrique [201 millions d\u2019habitants]. En effet, en juin 2021, la situation d\u00e9j\u00e0 tendue entre les autorit\u00e9s nig\u00e9rianes et Twitter atteignait son paroxysme avec la suspension de Twitter dans le pays par le gouvernement f\u00e9d\u00e9ral.<\/p>\n<p>Le bras de fer entre le gouvernement nig\u00e9rian et Twitter semble toucher \u00e0 sa fin. En effet, Lai Mohammed le ministre de l\u2019Information a annonc\u00e9, mercredi 11 ao\u00fbt, que la suspension dont fait l\u2019objet le r\u00e9seau social dans le pays pourrait \u00eatre lev\u00e9 dans \u00ables prochains jours ou semaines \u00bb.<\/p>\n<p>Cette annonce est la preuve que les pourparlers commenc\u00e9s au lendemain de la suspension de Twitter, entre les responsables de la plateforme et les autorit\u00e9s nig\u00e9rianes, vont bon train. Lai Mohammed a d\u00e9clar\u00e9 \u00e0 cet effet qu\u2019ils se sont mis d\u2019accord sur certains points et qu\u2019ils sont \u00ab sur le point de parvenir \u00e0 un accord complet \u00bb.<\/p>\n<p>Cependant, quelques zones d\u2019ombre restent \u00e0 \u00e9claircir entre les deux parties. Il s\u2019agit notamment de la demande des autorit\u00e9s nig\u00e9rianes qui exigent que Twitter ouvre un bureau dans le pays. Selon le ministre, Twitter a accept\u00e9 cette demande, mais insiste qu\u2019elle ne peut pas y acc\u00e9der avant 2022.<\/p>\n<p>Les responsables de Twitter se r\u00e9jouissent de la tournure que prennent les choses et sont impatients que la plateforme soit r\u00e9tablie dans le pays. Un porte-parole de Twitter a d\u00e9clar\u00e9 : \u00ab nous avons r\u00e9cemment rencontr\u00e9 le gouvernement nig\u00e9rian pour discuter des raisons pour lesquelles Twitter a \u00e9t\u00e9 bloqu\u00e9 et des moyens de r\u00e9soudre ce probl\u00e8me. Notre objectif est de tracer une voie vers le r\u00e9tablissement de Twitter pour tous les Nig\u00e9rians \u00bb.<\/p>\n<p>La soci\u00e9t\u00e9 civile nig\u00e9riane salue l\u2019annonce qui laisse entrevoir la fin d\u2019une politique largement condamn\u00e9e et vue comme un affront \u00e0 la libert\u00e9 d\u2019expression et presse le gouvernement nig\u00e9rian de \u00ab r\u00e9tablir imm\u00e9diatement \u00bb l\u2019acc\u00e8s \u00e0 Twitter.<\/p>\n<p>(Agence Ecofin) \u2013<\/p>\n","protected":false},"excerpt":{"rendered":"<p>Africa-Press &#8211; C\u00f4te d&rsquo;Ivoire. Deux mois apr\u00e8s la suspension de Twitter au Nigeria, les relations semblent beaucoup am\u00e9lior\u00e9es entre le r\u00e9seau social et le pays le plus peupl\u00e9 d\u2019Afrique [201 millions d\u2019habitants]. En effet, en juin 2021, la situation d\u00e9j\u00e0 tendue entre les autorit\u00e9s nig\u00e9rianes et Twitter atteignait son paroxysme avec la suspension de Twitter [&hellip;]<\/p>\n","protected":false},"author":82,"featured_media":11361,"comment_status":"open","ping_status":"closed","sticky":false,"template":"","format":"standard","meta":{"footnotes":""},"categories":[22,11,10],"tags":[56,63,29],"class_list":["post-11362","post","type-post","status-publish","format-standard","has-post-thumbnail","hentry","category-divers","category-homepage-french","category-toutes-les-actualites","tag-africa-press","tag-africa-press-cote-divoire","tag-cote-divoire"],"yoast_head":"<!-- This site is optimized with the Yoast SEO Premium plugin v26.1 (Yoast SEO v27.0) - https:\/\/yoast.com\/product\/yoast-seo-premium-wordpress\/ -->\n<title>Le Nigeria va r\u00e9tablir Twitter dans \u00ab\u00a0les prochains jours ou semaines\u00a0\u00bb apr\u00e8s 2 mois de suspension - C\u00f4te d&#039;Ivoire<\/title>\n<meta name=\"description\" content=\"Deux mois apr\u00e8s la suspension de Twitter au Nigeria, les relations semblent beaucoup am\u00e9lior\u00e9es entre le r\u00e9seau social e ...\" \/>\n<meta name=\"robots\" content=\"index, follow, max-snippet:-1, max-image-preview:large, max-video-preview:-1\" \/>\n<link rel=\"canonical\" href=\"https:\/\/www.africa-press.net\/cotedivoire\/toutes-les-actualites\/le-nigeria-va-retablir-twitter-dans-les-prochains-jours-ou-semaines-apres-2-mois-de-suspension\" \/>\n<meta property=\"og:locale\" content=\"fr_FR\" \/>\n<meta property=\"og:type\" content=\"article\" \/>\n<meta property=\"og:title\" content=\"Le Nigeria va r\u00e9tablir Twitter dans \u00ab\u00a0les prochains jours ou semaines\u00a0\u00bb apr\u00e8s 2 mois de suspension\" \/>\n<meta property=\"og:description\" content=\"Deux mois apr\u00e8s la suspension de Twitter au Nigeria, les relations semblent beaucoup am\u00e9lior\u00e9es entre le r\u00e9seau social e ...\" \/>\n<meta property=\"og:url\" content=\"https:\/\/www.africa-press.net\/cotedivoire\/toutes-les-actualites\/le-nigeria-va-retablir-twitter-dans-les-prochains-jours-ou-semaines-apres-2-mois-de-suspension\" \/>\n<meta property=\"og:site_name\" content=\"C\u00f4te d&#039;Ivoire\" \/>\n<meta property=\"article:published_time\" content=\"2021-08-14T14:40:39+00:00\" \/>\n<meta property=\"og:image\" content=\"https:\/\/static.africa-press.net\/cote\/sites\/43\/2021\/08\/img-6117cb86975b8.jpg\" \/>\n\t<meta property=\"og:image:width\" content=\"720\" \/>\n\t<meta property=\"og:image:height\" content=\"471\" \/>\n\t<meta property=\"og:image:type\" content=\"image\/jpeg\" \/>\n<meta name=\"author\" content=\"cfeditorfr\" \/>\n<meta name=\"twitter:card\" content=\"summary_large_image\" \/>\n<meta name=\"twitter:label1\" content=\"\u00c9crit par\" \/>\n\t<meta name=\"twitter:data1\" content=\"cfeditorfr\" \/>\n\t<meta name=\"twitter:label2\" content=\"Dur\u00e9e de lecture estim\u00e9e\" \/>\n\t<meta name=\"twitter:data2\" content=\"2 minutes\" \/>\n<script type=\"application\/ld+json\" class=\"yoast-schema-graph\">{\"@context\":\"https:\/\/schema.org\",\"@graph\":[{\"@type\":\"Article\",\"@id\":\"https:\/\/www.africa-press.net\/cotedivoire\/toutes-les-actualites\/le-nigeria-va-retablir-twitter-dans-les-prochains-jours-ou-semaines-apres-2-mois-de-suspension#article\",\"isPartOf\":{\"@id\":\"https:\/\/www.africa-press.net\/cotedivoire\/toutes-les-actualites\/le-nigeria-va-retablir-twitter-dans-les-prochains-jours-ou-semaines-apres-2-mois-de-suspension\"},\"author\":{\"name\":\"cfeditorfr\",\"@id\":\"https:\/\/www.africa-press.net\/cotedivoire\/#\/schema\/person\/2b1cf3cd81a31e3cd26889ca66d677f1\"},\"headline\":\"Le Nigeria va r\u00e9tablir Twitter dans \u00ab\u00a0les prochains jours ou semaines\u00a0\u00bb apr\u00e8s 2 mois de suspension\",\"datePublished\":\"2021-08-14T14:40:39+00:00\",\"mainEntityOfPage\":{\"@id\":\"https:\/\/www.africa-press.net\/cotedivoire\/toutes-les-actualites\/le-nigeria-va-retablir-twitter-dans-les-prochains-jours-ou-semaines-apres-2-mois-de-suspension\"},\"wordCount\":380,\"commentCount\":0,\"image\":{\"@id\":\"https:\/\/www.africa-press.net\/cotedivoire\/toutes-les-actualites\/le-nigeria-va-retablir-twitter-dans-les-prochains-jours-ou-semaines-apres-2-mois-de-suspension#primaryimage\"},\"thumbnailUrl\":\"https:\/\/static.africa-press.net\/cote\/sites\/43\/2021\/08\/img-6117cb86975b8.jpg\",\"keywords\":[\"Africa Press\",\"Africa Press-C\u00f4te d'Ivoire\",\"C\u00d4TE D'IVOIRE\"],\"articleSection\":[\"Divers\",\"homepage-french\",\"Toutes les actualit\u00e9s\"],\"inLanguage\":\"fr-FR\",\"potentialAction\":[{\"@type\":\"CommentAction\",\"name\":\"Comment\",\"target\":[\"https:\/\/www.africa-press.net\/cotedivoire\/toutes-les-actualites\/le-nigeria-va-retablir-twitter-dans-les-prochains-jours-ou-semaines-apres-2-mois-de-suspension#respond\"]}]},{\"@type\":\"WebPage\",\"@id\":\"https:\/\/www.africa-press.net\/cotedivoire\/toutes-les-actualites\/le-nigeria-va-retablir-twitter-dans-les-prochains-jours-ou-semaines-apres-2-mois-de-suspension\",\"url\":\"https:\/\/www.africa-press.net\/cotedivoire\/toutes-les-actualites\/le-nigeria-va-retablir-twitter-dans-les-prochains-jours-ou-semaines-apres-2-mois-de-suspension\",\"name\":\"Le Nigeria va r\u00e9tablir Twitter dans \u00ab\u00a0les prochains jours ou semaines\u00a0\u00bb apr\u00e8s 2 mois de suspension - C\u00f4te d&#039;Ivoire\",\"isPartOf\":{\"@id\":\"https:\/\/www.africa-press.net\/cotedivoire\/#website\"},\"primaryImageOfPage\":{\"@id\":\"https:\/\/www.africa-press.net\/cotedivoire\/toutes-les-actualites\/le-nigeria-va-retablir-twitter-dans-les-prochains-jours-ou-semaines-apres-2-mois-de-suspension#primaryimage\"},\"image\":{\"@id\":\"https:\/\/www.africa-press.net\/cotedivoire\/toutes-les-actualites\/le-nigeria-va-retablir-twitter-dans-les-prochains-jours-ou-semaines-apres-2-mois-de-suspension#primaryimage\"},\"thumbnailUrl\":\"https:\/\/static.africa-press.net\/cote\/sites\/43\/2021\/08\/img-6117cb86975b8.jpg\",\"datePublished\":\"2021-08-14T14:40:39+00:00\",\"author\":{\"@id\":\"https:\/\/www.africa-press.net\/cotedivoire\/#\/schema\/person\/2b1cf3cd81a31e3cd26889ca66d677f1\"},\"description\":\"Deux mois apr\u00e8s la suspension de Twitter au Nigeria, les relations semblent beaucoup am\u00e9lior\u00e9es entre le r\u00e9seau social e ...\",\"breadcrumb\":{\"@id\":\"https:\/\/www.africa-press.net\/cotedivoire\/toutes-les-actualites\/le-nigeria-va-retablir-twitter-dans-les-prochains-jours-ou-semaines-apres-2-mois-de-suspension#breadcrumb\"},\"inLanguage\":\"fr-FR\",\"potentialAction\":[{\"@type\":\"ReadAction\",\"target\":[\"https:\/\/www.africa-press.net\/cotedivoire\/toutes-les-actualites\/le-nigeria-va-retablir-twitter-dans-les-prochains-jours-ou-semaines-apres-2-mois-de-suspension\"]}]},{\"@type\":\"ImageObject\",\"inLanguage\":\"fr-FR\",\"@id\":\"https:\/\/www.africa-press.net\/cotedivoire\/toutes-les-actualites\/le-nigeria-va-retablir-twitter-dans-les-prochains-jours-ou-semaines-apres-2-mois-de-suspension#primaryimage\",\"url\":\"https:\/\/static.africa-press.net\/cote\/sites\/43\/2021\/08\/img-6117cb86975b8.jpg\",\"contentUrl\":\"https:\/\/static.africa-press.net\/cote\/sites\/43\/2021\/08\/img-6117cb86975b8.jpg\",\"width\":720,\"height\":471,\"caption\":\"Le Nigeria va r\u00e9tablir Twitter dans \u00ab\u00a0les prochains jours ou semaines\u00a0\u00bb apr\u00e8s 2 mois de suspension\"},{\"@type\":\"BreadcrumbList\",\"@id\":\"https:\/\/www.africa-press.net\/cotedivoire\/toutes-les-actualites\/le-nigeria-va-retablir-twitter-dans-les-prochains-jours-ou-semaines-apres-2-mois-de-suspension#breadcrumb\",\"itemListElement\":[{\"@type\":\"ListItem\",\"position\":1,\"name\":\"Accueil\",\"item\":\"https:\/\/www.africa-press.net\/cotedivoire\/\"},{\"@type\":\"ListItem\",\"position\":2,\"name\":\"Le Nigeria va r\u00e9tablir Twitter dans \u00ab\u00a0les prochains jours ou semaines\u00a0\u00bb apr\u00e8s 2 mois de suspension\"}]},{\"@type\":\"WebSite\",\"@id\":\"https:\/\/www.africa-press.net\/cotedivoire\/#website\",\"url\":\"https:\/\/www.africa-press.net\/cotedivoire\/\",\"name\":\"C\u00f4te d&#039;Ivoire\",\"description\":\"Just another Africa News Agency Sites site\",\"potentialAction\":[{\"@type\":\"SearchAction\",\"target\":{\"@type\":\"EntryPoint\",\"urlTemplate\":\"https:\/\/www.africa-press.net\/cotedivoire\/?s={search_term_string}\"},\"query-input\":{\"@type\":\"PropertyValueSpecification\",\"valueRequired\":true,\"valueName\":\"search_term_string\"}}],\"inLanguage\":\"fr-FR\"},{\"@type\":\"Person\",\"@id\":\"https:\/\/www.africa-press.net\/cotedivoire\/#\/schema\/person\/2b1cf3cd81a31e3cd26889ca66d677f1\",\"name\":\"cfeditorfr\"}]}<\/script>\n<!-- \/ Yoast SEO Premium plugin. -->","yoast_head_json":{"title":"Le Nigeria va r\u00e9tablir Twitter dans \u00ab\u00a0les prochains jours ou semaines\u00a0\u00bb apr\u00e8s 2 mois de suspension - C\u00f4te d&#039;Ivoire","description":"Deux mois apr\u00e8s la suspension de Twitter au Nigeria, les relations semblent beaucoup am\u00e9lior\u00e9es entre le r\u00e9seau social e ...","robots":{"index":"index","follow":"follow","max-snippet":"max-snippet:-1","max-image-preview":"max-image-preview:large","max-video-preview":"max-video-preview:-1"},"canonical":"https:\/\/www.africa-press.net\/cotedivoire\/toutes-les-actualites\/le-nigeria-va-retablir-twitter-dans-les-prochains-jours-ou-semaines-apres-2-mois-de-suspension","og_locale":"fr_FR","og_type":"article","og_title":"Le Nigeria va r\u00e9tablir Twitter dans \u00ab\u00a0les prochains jours ou semaines\u00a0\u00bb apr\u00e8s 2 mois de suspension","og_description":"Deux mois apr\u00e8s la suspension de Twitter au Nigeria, les relations semblent beaucoup am\u00e9lior\u00e9es entre le r\u00e9seau social e ...","og_url":"https:\/\/www.africa-press.net\/cotedivoire\/toutes-les-actualites\/le-nigeria-va-retablir-twitter-dans-les-prochains-jours-ou-semaines-apres-2-mois-de-suspension","og_site_name":"C\u00f4te d&#039;Ivoire","article_published_time":"2021-08-14T14:40:39+00:00","og_image":[{"width":720,"height":471,"url":"https:\/\/static.africa-press.net\/cote\/sites\/43\/2021\/08\/img-6117cb86975b8.jpg","type":"image\/jpeg"}],"author":"cfeditorfr","twitter_card":"summary_large_image","twitter_misc":{"\u00c9crit par":"cfeditorfr","Dur\u00e9e de lecture estim\u00e9e":"2 minutes"},"schema":{"@context":"https:\/\/schema.org","@graph":[{"@type":"Article","@id":"https:\/\/www.africa-press.net\/cotedivoire\/toutes-les-actualites\/le-nigeria-va-retablir-twitter-dans-les-prochains-jours-ou-semaines-apres-2-mois-de-suspension#article","isPartOf":{"@id":"https:\/\/www.africa-press.net\/cotedivoire\/toutes-les-actualites\/le-nigeria-va-retablir-twitter-dans-les-prochains-jours-ou-semaines-apres-2-mois-de-suspension"},"author":{"name":"cfeditorfr","@id":"https:\/\/www.africa-press.net\/cotedivoire\/#\/schema\/person\/2b1cf3cd81a31e3cd26889ca66d677f1"},"headline":"Le Nigeria va r\u00e9tablir Twitter dans \u00ab\u00a0les prochains jours ou semaines\u00a0\u00bb apr\u00e8s 2 mois de suspension","datePublished":"2021-08-14T14:40:39+00:00","mainEntityOfPage":{"@id":"https:\/\/www.africa-press.net\/cotedivoire\/toutes-les-actualites\/le-nigeria-va-retablir-twitter-dans-les-prochains-jours-ou-semaines-apres-2-mois-de-suspension"},"wordCount":380,"commentCount":0,"image":{"@id":"https:\/\/www.africa-press.net\/cotedivoire\/toutes-les-actualites\/le-nigeria-va-retablir-twitter-dans-les-prochains-jours-ou-semaines-apres-2-mois-de-suspension#primaryimage"},"thumbnailUrl":"https:\/\/static.africa-press.net\/cote\/sites\/43\/2021\/08\/img-6117cb86975b8.jpg","keywords":["Africa Press","Africa Press-C\u00f4te d'Ivoire","C\u00d4TE D'IVOIRE"],"articleSection":["Divers","homepage-french","Toutes les actualit\u00e9s"],"inLanguage":"fr-FR","potentialAction":[{"@type":"CommentAction","name":"Comment","target":["https:\/\/www.africa-press.net\/cotedivoire\/toutes-les-actualites\/le-nigeria-va-retablir-twitter-dans-les-prochains-jours-ou-semaines-apres-2-mois-de-suspension#respond"]}]},{"@type":"WebPage","@id":"https:\/\/www.africa-press.net\/cotedivoire\/toutes-les-actualites\/le-nigeria-va-retablir-twitter-dans-les-prochains-jours-ou-semaines-apres-2-mois-de-suspension","url":"https:\/\/www.africa-press.net\/cotedivoire\/toutes-les-actualites\/le-nigeria-va-retablir-twitter-dans-les-prochains-jours-ou-semaines-apres-2-mois-de-suspension","name":"Le Nigeria va r\u00e9tablir Twitter dans \u00ab\u00a0les prochains jours ou semaines\u00a0\u00bb apr\u00e8s 2 mois de suspension - C\u00f4te d&#039;Ivoire","isPartOf":{"@id":"https:\/\/www.africa-press.net\/cotedivoire\/#website"},"primaryImageOfPage":{"@id":"https:\/\/www.africa-press.net\/cotedivoire\/toutes-les-actualites\/le-nigeria-va-retablir-twitter-dans-les-prochains-jours-ou-semaines-apres-2-mois-de-suspension#primaryimage"},"image":{"@id":"https:\/\/www.africa-press.net\/cotedivoire\/toutes-les-actualites\/le-nigeria-va-retablir-twitter-dans-les-prochains-jours-ou-semaines-apres-2-mois-de-suspension#primaryimage"},"thumbnailUrl":"https:\/\/static.africa-press.net\/cote\/sites\/43\/2021\/08\/img-6117cb86975b8.jpg","datePublished":"2021-08-14T14:40:39+00:00","author":{"@id":"https:\/\/www.africa-press.net\/cotedivoire\/#\/schema\/person\/2b1cf3cd81a31e3cd26889ca66d677f1"},"description":"Deux mois apr\u00e8s la suspension de Twitter au Nigeria, les relations semblent beaucoup am\u00e9lior\u00e9es entre le r\u00e9seau social e ...","breadcrumb":{"@id":"https:\/\/www.africa-press.net\/cotedivoire\/toutes-les-actualites\/le-nigeria-va-retablir-twitter-dans-les-prochains-jours-ou-semaines-apres-2-mois-de-suspension#breadcrumb"},"inLanguage":"fr-FR","potentialAction":[{"@type":"ReadAction","target":["https:\/\/www.africa-press.net\/cotedivoire\/toutes-les-actualites\/le-nigeria-va-retablir-twitter-dans-les-prochains-jours-ou-semaines-apres-2-mois-de-suspension"]}]},{"@type":"ImageObject","inLanguage":"fr-FR","@id":"https:\/\/www.africa-press.net\/cotedivoire\/toutes-les-actualites\/le-nigeria-va-retablir-twitter-dans-les-prochains-jours-ou-semaines-apres-2-mois-de-suspension#primaryimage","url":"https:\/\/static.africa-press.net\/cote\/sites\/43\/2021\/08\/img-6117cb86975b8.jpg","contentUrl":"https:\/\/static.africa-press.net\/cote\/sites\/43\/2021\/08\/img-6117cb86975b8.jpg","width":720,"height":471,"caption":"Le Nigeria va r\u00e9tablir Twitter dans \u00ab\u00a0les prochains jours ou semaines\u00a0\u00bb apr\u00e8s 2 mois de suspension"},{"@type":"BreadcrumbList","@id":"https:\/\/www.africa-press.net\/cotedivoire\/toutes-les-actualites\/le-nigeria-va-retablir-twitter-dans-les-prochains-jours-ou-semaines-apres-2-mois-de-suspension#breadcrumb","itemListElement":[{"@type":"ListItem","position":1,"name":"Accueil","item":"https:\/\/www.africa-press.net\/cotedivoire\/"},{"@type":"ListItem","position":2,"name":"Le Nigeria va r\u00e9tablir Twitter dans \u00ab\u00a0les prochains jours ou semaines\u00a0\u00bb apr\u00e8s 2 mois de suspension"}]},{"@type":"WebSite","@id":"https:\/\/www.africa-press.net\/cotedivoire\/#website","url":"https:\/\/www.africa-press.net\/cotedivoire\/","name":"C\u00f4te d&#039;Ivoire","description":"Just another Africa News Agency Sites site","potentialAction":[{"@type":"SearchAction","target":{"@type":"EntryPoint","urlTemplate":"https:\/\/www.africa-press.net\/cotedivoire\/?s={search_term_string}"},"query-input":{"@type":"PropertyValueSpecification","valueRequired":true,"valueName":"search_term_string"}}],"inLanguage":"fr-FR"},{"@type":"Person","@id":"https:\/\/www.africa-press.net\/cotedivoire\/#\/schema\/person\/2b1cf3cd81a31e3cd26889ca66d677f1","name":"cfeditorfr"}]}},"_links":{"self":[{"href":"https:\/\/www.africa-press.net\/cotedivoire\/wp-json\/wp\/v2\/posts\/11362","targetHints":{"allow":["GET"]}}],"collection":[{"href":"https:\/\/www.africa-press.net\/cotedivoire\/wp-json\/wp\/v2\/posts"}],"about":[{"href":"https:\/\/www.africa-press.net\/cotedivoire\/wp-json\/wp\/v2\/types\/post"}],"author":[{"embeddable":true,"href":"https:\/\/www.africa-press.net\/cotedivoire\/wp-json\/wp\/v2\/users\/82"}],"replies":[{"embeddable":true,"href":"https:\/\/www.africa-press.net\/cotedivoire\/wp-json\/wp\/v2\/comments?post=11362"}],"version-history":[{"count":0,"href":"https:\/\/www.africa-press.net\/cotedivoire\/wp-json\/wp\/v2\/posts\/11362\/revisions"}],"wp:featuredmedia":[{"embeddable":true,"href":"https:\/\/www.africa-press.net\/cotedivoire\/wp-json\/wp\/v2\/media\/11361"}],"wp:attachment":[{"href":"https:\/\/www.africa-press.net\/cotedivoire\/wp-json\/wp\/v2\/media?parent=11362"}],"wp:term":[{"taxonomy":"category","embeddable":true,"href":"https:\/\/www.africa-press.net\/cotedivoire\/wp-json\/wp\/v2\/categories?post=11362"},{"taxonomy":"post_tag","embeddable":true,"href":"https:\/\/www.africa-press.net\/cotedivoire\/wp-json\/wp\/v2\/tags?post=11362"}],"curies":[{"name":"wp","href":"https:\/\/api.w.org\/{rel}","templated":true}]}}