{"id":11399,"date":"2021-08-15T13:28:32","date_gmt":"2021-08-15T13:28:32","guid":{"rendered":"https:\/\/www.africa-press.net\/cotedivoire\/?p=11399"},"modified":"2021-08-16T21:12:42","modified_gmt":"2021-08-16T21:12:42","slug":"reaction-du-gouvernement-suite-au-1er-cas-debola-isole-a-abidjan-cote-divoire-en-25-annees","status":"publish","type":"post","link":"https:\/\/www.africa-press.net\/cotedivoire\/politique\/reaction-du-gouvernement-suite-au-1er-cas-debola-isole-a-abidjan-cote-divoire-en-25-annees","title":{"rendered":"R\u00e9action du gouvernement suite au 1er cas d\u2019\u00e9bola \u00ab\u00a0isol\u00e9\u00a0\u00bb \u00e0 Abidjan\/C\u00f4te-d\u2019Ivoire en 25 ann\u00e9es"},"content":{"rendered":"<p><span style=\"color: #ff6600\"><strong><a href=\"https:\/\/www.africa-press.net\/\">Africa-Press<\/a> &#8211; <a href=\"https:\/\/www.africa-press.net\/cotedivoire\">C\u00f4te d&rsquo;Ivoire<\/a>.\u00a0 <\/strong><\/span>Les autorit\u00e9s sanitaires du Minist\u00e8re de la Sant\u00e9, de l\u2019Hygi\u00e8ne Publique et de la Couverture Maladie Universelle ont \u00e9t\u00e9 inform\u00e9es ce jour, 14 ao\u00fbt 2021, par l\u2019Institut Pasteur de C\u00f4te d\u2019Ivoire, d\u2019un cas POSITIF de Maladie \u00e0 Virus EBOLA apr\u00e8s l\u2019examen d\u2019un \u00e9chantillon pr\u00e9lev\u00e9 le 13 ao\u00fbt 2021 aux urgences m\u00e9dicales du CHU de Cocody, sur une jeune fille \u00e2g\u00e9e de 18 ans, de nationalit\u00e9 guin\u00e9enne.<\/p>\n<p>Cette jeune fille a quitt\u00e9 Lab\u00e9 en Guin\u00e9e \u00e0 destination d\u2019Abidjan par voie routi\u00e8re.<\/p>\n<p>Elle est arriv\u00e9e en C\u00f4te d\u2019Ivoire le 11 ao\u00fbt et a \u00e9t\u00e9 diagnostiqu\u00e9 et prise en charge imm\u00e9diatement par nos services sanitaires, le 12 ao\u00fbt 2021 \u00e0 20 heures.<\/p>\n<p>Il s\u2019agit d\u2019un cas isol\u00e9 et import\u00e9.<\/p>\n<p>La patiente est actuellement en isolement et prise en charge au centre de traitement des Maladies Hautement \u00c9pid\u00e9miques du CHU de Treichville.<\/p>\n<p>La C\u00f4te d\u2019Ivoire dispose des vaccins contre Ebola. Le Gouvernement proc\u00e9dera \u00e0 la vaccination des groupes cibles (personnel de sant\u00e9 de premi\u00e8re ligne, contacts imm\u00e9diats de la patiente, les forces de s\u00e9curit\u00e9 aux points d\u2019entr\u00e9e\u2026).<\/p>\n<p>A la r\u00e9ception des r\u00e9sultats des analyses ce jour \u00e0 7 heures, une r\u00e9union d\u2019urgence du comit\u00e9 de veille sanitaire s\u2019est tenue ce jour, \u00e0 10 heures, sous la pr\u00e9sidence de M. le Ministre en charge de la Sant\u00e9 et de l\u2019Hygi\u00e8ne Publique.<\/p>\n<p>Ce m\u00eame jour, \u00e0 18 heures, vient de se tenir, sous la pr\u00e9sidence de Monsieur le Premier Ministre, une r\u00e9union interminist\u00e9rielle d\u2019urgence \u00e0 la Primature.<\/p>\n<p>Au terme de cette s\u00e9ance de travail, les mesures suivantes ont \u00e9t\u00e9 arr\u00eat\u00e9es :<\/p>\n<p>\u2013 R\u00e9activation de la surveillance communautaire de la riposte \u00e0 Ebola ;<\/p>\n<p>\u2013 Organisation du suivi de tous les contacts identifi\u00e9s ;<\/p>\n<p>\u2013 Sensibilisation, pr\u00e9vention, diagnostic et prise en charge des cas confirm\u00e9s ;<\/p>\n<p>\u2013 Vaccination imm\u00e9diate des groupes cibles ;<\/p>\n<p>\u2013 Respect des directives pour le diagnostic et la prise en charge des fi\u00e8vres h\u00e9morragiques ;<\/p>\n<p>\u2013 Poursuite du strict respect des mesures barri\u00e8res \u00e9dict\u00e9es contre le COVID-19 qui restent valables pour la Maladie \u00e0 virus Ebola ;<\/p>\n<p>\u2013 Collaboration transfrontali\u00e8re intense avec la Guin\u00e9e ;<\/p>\n<p>\u2013 Mise en \u0153uvre des proc\u00e9dures standards du R\u00e8glement Sanitaires Internationale (RSI).<\/p>\n<p>Le Gouvernement remercie les partenaires techniques et financiers qui se sont rapidement manifest\u00e9s pour exprimer leur soutien dans la riposte sanitaire.<\/p>\n<p>Il rassure la population et les invite \u00e0 la s\u00e9r\u00e9nit\u00e9. Toutes les dispositions sont prises pour faire face \u00e0 la situation. Le dispositif sanitaire pour le contr\u00f4le de la maladie existe et a \u00e9t\u00e9 \u00e9prouv\u00e9 avec succ\u00e8s par le pass\u00e9. Le Gouvernement invite les populations au respect des mesures d\u2019hygi\u00e8ne et de pr\u00e9vention.<\/p>\n<p>&nbsp;<\/p>\n","protected":false},"excerpt":{"rendered":"<p>Africa-Press &#8211; C\u00f4te d&rsquo;Ivoire.\u00a0 Les autorit\u00e9s sanitaires du Minist\u00e8re de la Sant\u00e9, de l\u2019Hygi\u00e8ne Publique et de la Couverture Maladie Universelle ont \u00e9t\u00e9 inform\u00e9es ce jour, 14 ao\u00fbt 2021, par l\u2019Institut Pasteur de C\u00f4te d\u2019Ivoire, d\u2019un cas POSITIF de Maladie \u00e0 Virus EBOLA apr\u00e8s l\u2019examen d\u2019un \u00e9chantillon pr\u00e9lev\u00e9 le 13 ao\u00fbt 2021 aux urgences m\u00e9dicales [&hellip;]<\/p>\n","protected":false},"author":82,"featured_media":11398,"comment_status":"open","ping_status":"closed","sticky":false,"template":"","format":"standard","meta":{"footnotes":""},"categories":[11,2,10],"tags":[56,63,29],"class_list":["post-11399","post","type-post","status-publish","format-standard","has-post-thumbnail","hentry","category-homepage-french","category-politique","category-toutes-les-actualites","tag-africa-press","tag-africa-press-cote-divoire","tag-cote-divoire"],"yoast_head":"<!-- This site is optimized with the Yoast SEO Premium plugin v26.1 (Yoast SEO v27.0) - https:\/\/yoast.com\/product\/yoast-seo-premium-wordpress\/ -->\n<title>R\u00e9action du gouvernement suite au 1er cas d\u2019\u00e9bola \u00ab\u00a0isol\u00e9\u00a0\u00bb \u00e0 Abidjan\/C\u00f4te-d\u2019Ivoire en 25 ann\u00e9es - C\u00f4te d&#039;Ivoire<\/title>\n<meta name=\"description\" content=\"D\u00e9claration du minist\u00e8re de la sant\u00e9 Les autorit\u00e9s sanitaires du Minist\u00e8re de la Sant\u00e9, de l\u2019Hygi\u00e8ne Publique et de la ...\" \/>\n<meta name=\"robots\" content=\"index, follow, max-snippet:-1, max-image-preview:large, max-video-preview:-1\" \/>\n<link rel=\"canonical\" href=\"https:\/\/www.africa-press.net\/cotedivoire\/politique\/reaction-du-gouvernement-suite-au-1er-cas-debola-isole-a-abidjan-cote-divoire-en-25-annees\" \/>\n<meta property=\"og:locale\" content=\"fr_FR\" \/>\n<meta property=\"og:type\" content=\"article\" \/>\n<meta property=\"og:title\" content=\"R\u00e9action du gouvernement suite au 1er cas d\u2019\u00e9bola \u00ab\u00a0isol\u00e9\u00a0\u00bb \u00e0 Abidjan\/C\u00f4te-d\u2019Ivoire en 25 ann\u00e9es\" \/>\n<meta property=\"og:description\" content=\"D\u00e9claration du minist\u00e8re de la sant\u00e9 Les autorit\u00e9s sanitaires du Minist\u00e8re de la Sant\u00e9, de l\u2019Hygi\u00e8ne Publique et de la ...\" \/>\n<meta property=\"og:url\" content=\"https:\/\/www.africa-press.net\/cotedivoire\/politique\/reaction-du-gouvernement-suite-au-1er-cas-debola-isole-a-abidjan-cote-divoire-en-25-annees\" \/>\n<meta property=\"og:site_name\" content=\"C\u00f4te d&#039;Ivoire\" \/>\n<meta property=\"article:published_time\" content=\"2021-08-15T13:28:32+00:00\" \/>\n<meta property=\"article:modified_time\" content=\"2021-08-16T21:12:42+00:00\" \/>\n<meta property=\"og:image\" content=\"https:\/\/static.africa-press.net\/cote\/sites\/43\/2021\/08\/img-6119120199eb1.jpg\" \/>\n\t<meta property=\"og:image:width\" content=\"872\" \/>\n\t<meta property=\"og:image:height\" content=\"481\" \/>\n\t<meta property=\"og:image:type\" content=\"image\/jpeg\" \/>\n<meta name=\"author\" content=\"cfeditorfr\" \/>\n<meta name=\"twitter:card\" content=\"summary_large_image\" \/>\n<meta name=\"twitter:label1\" content=\"\u00c9crit par\" \/>\n\t<meta name=\"twitter:data1\" content=\"cfeditorfr\" \/>\n\t<meta name=\"twitter:label2\" content=\"Dur\u00e9e de lecture estim\u00e9e\" \/>\n\t<meta name=\"twitter:data2\" content=\"2 minutes\" \/>\n<script type=\"application\/ld+json\" class=\"yoast-schema-graph\">{\"@context\":\"https:\/\/schema.org\",\"@graph\":[{\"@type\":\"Article\",\"@id\":\"https:\/\/www.africa-press.net\/cotedivoire\/politique\/reaction-du-gouvernement-suite-au-1er-cas-debola-isole-a-abidjan-cote-divoire-en-25-annees#article\",\"isPartOf\":{\"@id\":\"https:\/\/www.africa-press.net\/cotedivoire\/politique\/reaction-du-gouvernement-suite-au-1er-cas-debola-isole-a-abidjan-cote-divoire-en-25-annees\"},\"author\":{\"name\":\"cfeditorfr\",\"@id\":\"https:\/\/www.africa-press.net\/cotedivoire\/#\/schema\/person\/2b1cf3cd81a31e3cd26889ca66d677f1\"},\"headline\":\"R\u00e9action du gouvernement suite au 1er cas d\u2019\u00e9bola \u00ab\u00a0isol\u00e9\u00a0\u00bb \u00e0 Abidjan\/C\u00f4te-d\u2019Ivoire en 25 ann\u00e9es\",\"datePublished\":\"2021-08-15T13:28:32+00:00\",\"dateModified\":\"2021-08-16T21:12:42+00:00\",\"mainEntityOfPage\":{\"@id\":\"https:\/\/www.africa-press.net\/cotedivoire\/politique\/reaction-du-gouvernement-suite-au-1er-cas-debola-isole-a-abidjan-cote-divoire-en-25-annees\"},\"wordCount\":488,\"commentCount\":0,\"image\":{\"@id\":\"https:\/\/www.africa-press.net\/cotedivoire\/politique\/reaction-du-gouvernement-suite-au-1er-cas-debola-isole-a-abidjan-cote-divoire-en-25-annees#primaryimage\"},\"thumbnailUrl\":\"https:\/\/static.africa-press.net\/cote\/sites\/43\/2021\/08\/img-6119120199eb1.jpg\",\"keywords\":[\"Africa Press\",\"Africa Press-C\u00f4te d'Ivoire\",\"C\u00d4TE D'IVOIRE\"],\"articleSection\":[\"homepage-french\",\"Politique\",\"Toutes les actualit\u00e9s\"],\"inLanguage\":\"fr-FR\",\"potentialAction\":[{\"@type\":\"CommentAction\",\"name\":\"Comment\",\"target\":[\"https:\/\/www.africa-press.net\/cotedivoire\/politique\/reaction-du-gouvernement-suite-au-1er-cas-debola-isole-a-abidjan-cote-divoire-en-25-annees#respond\"]}]},{\"@type\":\"WebPage\",\"@id\":\"https:\/\/www.africa-press.net\/cotedivoire\/politique\/reaction-du-gouvernement-suite-au-1er-cas-debola-isole-a-abidjan-cote-divoire-en-25-annees\",\"url\":\"https:\/\/www.africa-press.net\/cotedivoire\/politique\/reaction-du-gouvernement-suite-au-1er-cas-debola-isole-a-abidjan-cote-divoire-en-25-annees\",\"name\":\"R\u00e9action du gouvernement suite au 1er cas d\u2019\u00e9bola \u00ab\u00a0isol\u00e9\u00a0\u00bb \u00e0 Abidjan\/C\u00f4te-d\u2019Ivoire en 25 ann\u00e9es - C\u00f4te d&#039;Ivoire\",\"isPartOf\":{\"@id\":\"https:\/\/www.africa-press.net\/cotedivoire\/#website\"},\"primaryImageOfPage\":{\"@id\":\"https:\/\/www.africa-press.net\/cotedivoire\/politique\/reaction-du-gouvernement-suite-au-1er-cas-debola-isole-a-abidjan-cote-divoire-en-25-annees#primaryimage\"},\"image\":{\"@id\":\"https:\/\/www.africa-press.net\/cotedivoire\/politique\/reaction-du-gouvernement-suite-au-1er-cas-debola-isole-a-abidjan-cote-divoire-en-25-annees#primaryimage\"},\"thumbnailUrl\":\"https:\/\/static.africa-press.net\/cote\/sites\/43\/2021\/08\/img-6119120199eb1.jpg\",\"datePublished\":\"2021-08-15T13:28:32+00:00\",\"dateModified\":\"2021-08-16T21:12:42+00:00\",\"author\":{\"@id\":\"https:\/\/www.africa-press.net\/cotedivoire\/#\/schema\/person\/2b1cf3cd81a31e3cd26889ca66d677f1\"},\"description\":\"D\u00e9claration du minist\u00e8re de la sant\u00e9 Les autorit\u00e9s sanitaires du Minist\u00e8re de la Sant\u00e9, de l\u2019Hygi\u00e8ne Publique et de la ...\",\"breadcrumb\":{\"@id\":\"https:\/\/www.africa-press.net\/cotedivoire\/politique\/reaction-du-gouvernement-suite-au-1er-cas-debola-isole-a-abidjan-cote-divoire-en-25-annees#breadcrumb\"},\"inLanguage\":\"fr-FR\",\"potentialAction\":[{\"@type\":\"ReadAction\",\"target\":[\"https:\/\/www.africa-press.net\/cotedivoire\/politique\/reaction-du-gouvernement-suite-au-1er-cas-debola-isole-a-abidjan-cote-divoire-en-25-annees\"]}]},{\"@type\":\"ImageObject\",\"inLanguage\":\"fr-FR\",\"@id\":\"https:\/\/www.africa-press.net\/cotedivoire\/politique\/reaction-du-gouvernement-suite-au-1er-cas-debola-isole-a-abidjan-cote-divoire-en-25-annees#primaryimage\",\"url\":\"https:\/\/static.africa-press.net\/cote\/sites\/43\/2021\/08\/img-6119120199eb1.jpg\",\"contentUrl\":\"https:\/\/static.africa-press.net\/cote\/sites\/43\/2021\/08\/img-6119120199eb1.jpg\",\"width\":872,\"height\":481,\"caption\":\"R\u00e9action du gouvernement suite au 1er cas d\u2019\u00e9bola \u00ab\u00a0isol\u00e9\u00a0\u00bb \u00e0 Abidjan\/C\u00f4te-d\u2019Ivoire en 25 ann\u00e9es\"},{\"@type\":\"BreadcrumbList\",\"@id\":\"https:\/\/www.africa-press.net\/cotedivoire\/politique\/reaction-du-gouvernement-suite-au-1er-cas-debola-isole-a-abidjan-cote-divoire-en-25-annees#breadcrumb\",\"itemListElement\":[{\"@type\":\"ListItem\",\"position\":1,\"name\":\"Accueil\",\"item\":\"https:\/\/www.africa-press.net\/cotedivoire\/\"},{\"@type\":\"ListItem\",\"position\":2,\"name\":\"R\u00e9action du gouvernement suite au 1er cas d\u2019\u00e9bola \u00ab\u00a0isol\u00e9\u00a0\u00bb \u00e0 Abidjan\/C\u00f4te-d\u2019Ivoire en 25 ann\u00e9es\"}]},{\"@type\":\"WebSite\",\"@id\":\"https:\/\/www.africa-press.net\/cotedivoire\/#website\",\"url\":\"https:\/\/www.africa-press.net\/cotedivoire\/\",\"name\":\"C\u00f4te d&#039;Ivoire\",\"description\":\"Just another Africa News Agency Sites site\",\"potentialAction\":[{\"@type\":\"SearchAction\",\"target\":{\"@type\":\"EntryPoint\",\"urlTemplate\":\"https:\/\/www.africa-press.net\/cotedivoire\/?s={search_term_string}\"},\"query-input\":{\"@type\":\"PropertyValueSpecification\",\"valueRequired\":true,\"valueName\":\"search_term_string\"}}],\"inLanguage\":\"fr-FR\"},{\"@type\":\"Person\",\"@id\":\"https:\/\/www.africa-press.net\/cotedivoire\/#\/schema\/person\/2b1cf3cd81a31e3cd26889ca66d677f1\",\"name\":\"cfeditorfr\"}]}<\/script>\n<!-- \/ Yoast SEO Premium plugin. -->","yoast_head_json":{"title":"R\u00e9action du gouvernement suite au 1er cas d\u2019\u00e9bola \u00ab\u00a0isol\u00e9\u00a0\u00bb \u00e0 Abidjan\/C\u00f4te-d\u2019Ivoire en 25 ann\u00e9es - C\u00f4te d&#039;Ivoire","description":"D\u00e9claration du minist\u00e8re de la sant\u00e9 Les autorit\u00e9s sanitaires du Minist\u00e8re de la Sant\u00e9, de l\u2019Hygi\u00e8ne Publique et de la ...","robots":{"index":"index","follow":"follow","max-snippet":"max-snippet:-1","max-image-preview":"max-image-preview:large","max-video-preview":"max-video-preview:-1"},"canonical":"https:\/\/www.africa-press.net\/cotedivoire\/politique\/reaction-du-gouvernement-suite-au-1er-cas-debola-isole-a-abidjan-cote-divoire-en-25-annees","og_locale":"fr_FR","og_type":"article","og_title":"R\u00e9action du gouvernement suite au 1er cas d\u2019\u00e9bola \u00ab\u00a0isol\u00e9\u00a0\u00bb \u00e0 Abidjan\/C\u00f4te-d\u2019Ivoire en 25 ann\u00e9es","og_description":"D\u00e9claration du minist\u00e8re de la sant\u00e9 Les autorit\u00e9s sanitaires du Minist\u00e8re de la Sant\u00e9, de l\u2019Hygi\u00e8ne Publique et de la ...","og_url":"https:\/\/www.africa-press.net\/cotedivoire\/politique\/reaction-du-gouvernement-suite-au-1er-cas-debola-isole-a-abidjan-cote-divoire-en-25-annees","og_site_name":"C\u00f4te d&#039;Ivoire","article_published_time":"2021-08-15T13:28:32+00:00","article_modified_time":"2021-08-16T21:12:42+00:00","og_image":[{"width":872,"height":481,"url":"https:\/\/static.africa-press.net\/cote\/sites\/43\/2021\/08\/img-6119120199eb1.jpg","type":"image\/jpeg"}],"author":"cfeditorfr","twitter_card":"summary_large_image","twitter_misc":{"\u00c9crit par":"cfeditorfr","Dur\u00e9e de lecture estim\u00e9e":"2 minutes"},"schema":{"@context":"https:\/\/schema.org","@graph":[{"@type":"Article","@id":"https:\/\/www.africa-press.net\/cotedivoire\/politique\/reaction-du-gouvernement-suite-au-1er-cas-debola-isole-a-abidjan-cote-divoire-en-25-annees#article","isPartOf":{"@id":"https:\/\/www.africa-press.net\/cotedivoire\/politique\/reaction-du-gouvernement-suite-au-1er-cas-debola-isole-a-abidjan-cote-divoire-en-25-annees"},"author":{"name":"cfeditorfr","@id":"https:\/\/www.africa-press.net\/cotedivoire\/#\/schema\/person\/2b1cf3cd81a31e3cd26889ca66d677f1"},"headline":"R\u00e9action du gouvernement suite au 1er cas d\u2019\u00e9bola \u00ab\u00a0isol\u00e9\u00a0\u00bb \u00e0 Abidjan\/C\u00f4te-d\u2019Ivoire en 25 ann\u00e9es","datePublished":"2021-08-15T13:28:32+00:00","dateModified":"2021-08-16T21:12:42+00:00","mainEntityOfPage":{"@id":"https:\/\/www.africa-press.net\/cotedivoire\/politique\/reaction-du-gouvernement-suite-au-1er-cas-debola-isole-a-abidjan-cote-divoire-en-25-annees"},"wordCount":488,"commentCount":0,"image":{"@id":"https:\/\/www.africa-press.net\/cotedivoire\/politique\/reaction-du-gouvernement-suite-au-1er-cas-debola-isole-a-abidjan-cote-divoire-en-25-annees#primaryimage"},"thumbnailUrl":"https:\/\/static.africa-press.net\/cote\/sites\/43\/2021\/08\/img-6119120199eb1.jpg","keywords":["Africa Press","Africa Press-C\u00f4te d'Ivoire","C\u00d4TE D'IVOIRE"],"articleSection":["homepage-french","Politique","Toutes les actualit\u00e9s"],"inLanguage":"fr-FR","potentialAction":[{"@type":"CommentAction","name":"Comment","target":["https:\/\/www.africa-press.net\/cotedivoire\/politique\/reaction-du-gouvernement-suite-au-1er-cas-debola-isole-a-abidjan-cote-divoire-en-25-annees#respond"]}]},{"@type":"WebPage","@id":"https:\/\/www.africa-press.net\/cotedivoire\/politique\/reaction-du-gouvernement-suite-au-1er-cas-debola-isole-a-abidjan-cote-divoire-en-25-annees","url":"https:\/\/www.africa-press.net\/cotedivoire\/politique\/reaction-du-gouvernement-suite-au-1er-cas-debola-isole-a-abidjan-cote-divoire-en-25-annees","name":"R\u00e9action du gouvernement suite au 1er cas d\u2019\u00e9bola \u00ab\u00a0isol\u00e9\u00a0\u00bb \u00e0 Abidjan\/C\u00f4te-d\u2019Ivoire en 25 ann\u00e9es - C\u00f4te d&#039;Ivoire","isPartOf":{"@id":"https:\/\/www.africa-press.net\/cotedivoire\/#website"},"primaryImageOfPage":{"@id":"https:\/\/www.africa-press.net\/cotedivoire\/politique\/reaction-du-gouvernement-suite-au-1er-cas-debola-isole-a-abidjan-cote-divoire-en-25-annees#primaryimage"},"image":{"@id":"https:\/\/www.africa-press.net\/cotedivoire\/politique\/reaction-du-gouvernement-suite-au-1er-cas-debola-isole-a-abidjan-cote-divoire-en-25-annees#primaryimage"},"thumbnailUrl":"https:\/\/static.africa-press.net\/cote\/sites\/43\/2021\/08\/img-6119120199eb1.jpg","datePublished":"2021-08-15T13:28:32+00:00","dateModified":"2021-08-16T21:12:42+00:00","author":{"@id":"https:\/\/www.africa-press.net\/cotedivoire\/#\/schema\/person\/2b1cf3cd81a31e3cd26889ca66d677f1"},"description":"D\u00e9claration du minist\u00e8re de la sant\u00e9 Les autorit\u00e9s sanitaires du Minist\u00e8re de la Sant\u00e9, de l\u2019Hygi\u00e8ne Publique et de la ...","breadcrumb":{"@id":"https:\/\/www.africa-press.net\/cotedivoire\/politique\/reaction-du-gouvernement-suite-au-1er-cas-debola-isole-a-abidjan-cote-divoire-en-25-annees#breadcrumb"},"inLanguage":"fr-FR","potentialAction":[{"@type":"ReadAction","target":["https:\/\/www.africa-press.net\/cotedivoire\/politique\/reaction-du-gouvernement-suite-au-1er-cas-debola-isole-a-abidjan-cote-divoire-en-25-annees"]}]},{"@type":"ImageObject","inLanguage":"fr-FR","@id":"https:\/\/www.africa-press.net\/cotedivoire\/politique\/reaction-du-gouvernement-suite-au-1er-cas-debola-isole-a-abidjan-cote-divoire-en-25-annees#primaryimage","url":"https:\/\/static.africa-press.net\/cote\/sites\/43\/2021\/08\/img-6119120199eb1.jpg","contentUrl":"https:\/\/static.africa-press.net\/cote\/sites\/43\/2021\/08\/img-6119120199eb1.jpg","width":872,"height":481,"caption":"R\u00e9action du gouvernement suite au 1er cas d\u2019\u00e9bola \u00ab\u00a0isol\u00e9\u00a0\u00bb \u00e0 Abidjan\/C\u00f4te-d\u2019Ivoire en 25 ann\u00e9es"},{"@type":"BreadcrumbList","@id":"https:\/\/www.africa-press.net\/cotedivoire\/politique\/reaction-du-gouvernement-suite-au-1er-cas-debola-isole-a-abidjan-cote-divoire-en-25-annees#breadcrumb","itemListElement":[{"@type":"ListItem","position":1,"name":"Accueil","item":"https:\/\/www.africa-press.net\/cotedivoire\/"},{"@type":"ListItem","position":2,"name":"R\u00e9action du gouvernement suite au 1er cas d\u2019\u00e9bola \u00ab\u00a0isol\u00e9\u00a0\u00bb \u00e0 Abidjan\/C\u00f4te-d\u2019Ivoire en 25 ann\u00e9es"}]},{"@type":"WebSite","@id":"https:\/\/www.africa-press.net\/cotedivoire\/#website","url":"https:\/\/www.africa-press.net\/cotedivoire\/","name":"C\u00f4te d&#039;Ivoire","description":"Just another Africa News Agency Sites site","potentialAction":[{"@type":"SearchAction","target":{"@type":"EntryPoint","urlTemplate":"https:\/\/www.africa-press.net\/cotedivoire\/?s={search_term_string}"},"query-input":{"@type":"PropertyValueSpecification","valueRequired":true,"valueName":"search_term_string"}}],"inLanguage":"fr-FR"},{"@type":"Person","@id":"https:\/\/www.africa-press.net\/cotedivoire\/#\/schema\/person\/2b1cf3cd81a31e3cd26889ca66d677f1","name":"cfeditorfr"}]}},"_links":{"self":[{"href":"https:\/\/www.africa-press.net\/cotedivoire\/wp-json\/wp\/v2\/posts\/11399","targetHints":{"allow":["GET"]}}],"collection":[{"href":"https:\/\/www.africa-press.net\/cotedivoire\/wp-json\/wp\/v2\/posts"}],"about":[{"href":"https:\/\/www.africa-press.net\/cotedivoire\/wp-json\/wp\/v2\/types\/post"}],"author":[{"embeddable":true,"href":"https:\/\/www.africa-press.net\/cotedivoire\/wp-json\/wp\/v2\/users\/82"}],"replies":[{"embeddable":true,"href":"https:\/\/www.africa-press.net\/cotedivoire\/wp-json\/wp\/v2\/comments?post=11399"}],"version-history":[{"count":0,"href":"https:\/\/www.africa-press.net\/cotedivoire\/wp-json\/wp\/v2\/posts\/11399\/revisions"}],"wp:featuredmedia":[{"embeddable":true,"href":"https:\/\/www.africa-press.net\/cotedivoire\/wp-json\/wp\/v2\/media\/11398"}],"wp:attachment":[{"href":"https:\/\/www.africa-press.net\/cotedivoire\/wp-json\/wp\/v2\/media?parent=11399"}],"wp:term":[{"taxonomy":"category","embeddable":true,"href":"https:\/\/www.africa-press.net\/cotedivoire\/wp-json\/wp\/v2\/categories?post=11399"},{"taxonomy":"post_tag","embeddable":true,"href":"https:\/\/www.africa-press.net\/cotedivoire\/wp-json\/wp\/v2\/tags?post=11399"}],"curies":[{"name":"wp","href":"https:\/\/api.w.org\/{rel}","templated":true}]}}