{"id":11408,"date":"2021-08-15T13:51:42","date_gmt":"2021-08-15T13:51:42","guid":{"rendered":"https:\/\/www.africa-press.net\/cotedivoire\/?p=11408"},"modified":"2021-08-16T21:13:14","modified_gmt":"2021-08-16T21:13:14","slug":"cote-divoire-laurent-gbagbo-a-choisi-la-rupture-le-schisme-affi-nguessan","status":"publish","type":"post","link":"https:\/\/www.africa-press.net\/cotedivoire\/politique\/cote-divoire-laurent-gbagbo-a-choisi-la-rupture-le-schisme-affi-nguessan","title":{"rendered":"\u201dLaurent Gbagbo a choisi la rupture, le schisme\u201d (Affi N\u2019Guessan)"},"content":{"rendered":"<p><span style=\"color: #ff6600\"><strong><a href=\"https:\/\/www.africa-press.net\/\">Africa-Press<\/a> &#8211; <a href=\"https:\/\/www.africa-press.net\/cotedivoire\">C\u00f4te d&rsquo;Ivoire<\/a>.\u00a0 <\/strong><\/span><b>Le Front populaire ivoirien (FPI) dit \u00ab l\u00e9gal \u00bb avec \u00e0 sa t\u00eate Pascal Affi N\u2019Guessan, au cours d\u2019une conf\u00e9rence de presse ce samedi 14 Ao\u00fbt 2021 \u00e0 Abidjan, C\u00f4te d\u2019Ivoire, a ent\u00e9rin\u00e9 \u201cla rupture\u201d avec Laurent Gbagbo. Ce dernier quelques jours plut\u00f4t \u00e0 l\u2019issue d\u2019une session du Comit\u00e9 central avait d\u00e9cid\u00e9 de laisser \u00ab l\u2019enveloppe \u00bb du FPI \u00e0 Affi N\u2019Guessan et annonc\u00e9 la cr\u00e9ation tr\u00e8s prochaine d\u2019une autre formation politique sans son ancien collaborateur.<\/b><\/p>\n<p>Pascal Affi N\u2019Guessan, pr\u00e9sident du FPI, dans une conf\u00e9rence de presse ce samedi 14 Ao\u00fbt 2021 en r\u00e9ponse \u00e0 la volont\u00e9 de son ex-patron, l\u2019ex-pr\u00e9sident Laurent Gbagbo qui, le 09 Ao\u00fbt dernier, a annonc\u00e9 la cr\u00e9ation d\u2019un autre parti politique, s\u2019est indign\u00e9 du fait que l\u2019ancien d\u00e9tenu de la prison de Sheveningen, \u00e0 la Haye, en Hollande \u201cse croit propri\u00e9taire\u201d du parti, \u201csa chose\u201d et \u201cquitte le FPI parce que le parti lui oppose et impose la d\u00e9mocratie, lui refuse l\u2019idol\u00e2trie et le culte de la personnalit\u00e9, alors il part pour se tailler un parti sur mesure\u201d, a-t-il d\u00e9clar\u00e9.<\/p>\n<p>L\u2019ancien Premier ministre a dit ne pas partager le \u201cmod\u00e8le de leadership\u201d tel que vu par Laurent Gbagbo. \u201cJe n\u2019ai jamais imagin\u00e9 que M. Gbagbo peut me faire une guerre pour le poste de pr\u00e9sident du FPI\u201d, a-t-il d\u00e9plor\u00e9 alors que, selon lui, il avait propos\u00e9 de lui c\u00e9der la pr\u00e9sidence du FPI et d\u2019occuper le poste de vice-pr\u00e9sident.<\/p>\n<p><b>\u201cLe FPI n\u2019est pas une chose. C\u2019est une organisation politique (\u2026) Il est vrai que l\u2019histoire du FPI est ins\u00e9parable de la lutte et du parcours politique de Laurent Gbagbo, mais c\u2019est une grave erreur politique de r\u00e9duire le parti \u00e0 cette dimension et de nier le r\u00f4le moteur des cadres et militants du parti\u201d<\/b><\/p>\n<p>, a soulign\u00e9 Affi N\u2019Guessan.<\/p>\n<p><b>\u201cDepuis son retour en C\u00f4te d\u2019Ivoire, mes demandes d\u2019audiences en vue de lui souhaiter la bienvenue et de lui donner les nouvelles du pays et du parti sont rest\u00e9es sans suite (\u2026) M. Gbagbo a choisi la rupture, le schisme. C\u2019est son choix. Nous ne l\u2019avons pas voulu. Nous avons tout fait pour l\u2019\u00e9viter.<\/b><\/p>\n<p><b>Il en porte la responsabilit\u00e9 politique, la responsabilit\u00e9 morale, la responsabilit\u00e9 totale et devant l\u2019histoire\u201d<\/b><\/p>\n<p>, a poursuivi Pascal Affi N\u2019Guessan avant de noter que l\u2019ancien pr\u00e9sident s\u2019est \u00e9rig\u00e9 en son opposant du fait de ses \u201clouvoiements\u201d, ses \u201ch\u00e9sitations, tergiversations, ind\u00e9terminations\u201d.<\/p>\n<p>En d\u00e9finitive \u00ab le Pr\u00e9sident Gbagbo ne fait plus partie du Front Populaire Ivoirien \u00bb, comme l\u2019indique le communiqu\u00e9 du comit\u00e9 central du FPI proche d\u2019Affi N\u2019Guessan.<\/p>\n<p>Le Front Populaire Ivoirien conna\u00eet une grave crise depuis la chute de Laurent Gbagbo en Avril 2011. Deux tendances s\u2019opposent, le FPI-l\u00e9gal conduit par l\u2019ex-Premier ministre Pascal Affi N\u2019Guessan et les \u00ab Gbagbo Ou Rien \u00bb en abr\u00e9g\u00e9 les \u00ab Gor \u00bb qui ne reconnaissent que Laurent Gbagbo comme le seul chef du FPI.<\/p>\n<p><b>\u00a0<\/b><\/p>\n","protected":false},"excerpt":{"rendered":"<p>Africa-Press &#8211; C\u00f4te d&rsquo;Ivoire.\u00a0 Le Front populaire ivoirien (FPI) dit \u00ab l\u00e9gal \u00bb avec \u00e0 sa t\u00eate Pascal Affi N\u2019Guessan, au cours d\u2019une conf\u00e9rence de presse ce samedi 14 Ao\u00fbt 2021 \u00e0 Abidjan, C\u00f4te d\u2019Ivoire, a ent\u00e9rin\u00e9 \u201cla rupture\u201d avec Laurent Gbagbo. Ce dernier quelques jours plut\u00f4t \u00e0 l\u2019issue d\u2019une session du Comit\u00e9 central avait [&hellip;]<\/p>\n","protected":false},"author":82,"featured_media":11407,"comment_status":"open","ping_status":"closed","sticky":false,"template":"","format":"standard","meta":{"footnotes":""},"categories":[11,2,20,10],"tags":[56,63,29],"class_list":["post-11408","post","type-post","status-publish","format-standard","has-post-thumbnail","hentry","category-homepage-french","category-politique","category-top-nouvelles","category-toutes-les-actualites","tag-africa-press","tag-africa-press-cote-divoire","tag-cote-divoire"],"yoast_head":"<!-- This site is optimized with the Yoast SEO Premium plugin v26.1 (Yoast SEO v27.0) - https:\/\/yoast.com\/product\/yoast-seo-premium-wordpress\/ -->\n<title>\u201dLaurent Gbagbo a choisi la rupture, le schisme\u201d (Affi N\u2019Guessan) - C\u00f4te d&#039;Ivoire<\/title>\n<meta name=\"description\" content=\"C\u00f4te d\u2019Ivoire \u2013 Le Front populaire ivoirien (FPI) dit \u00ab l\u00e9gal \u00bb avec \u00e0 sa t\u00eate Pascal Affi N\u2019Guessan, au cours d\u2019une ...\" \/>\n<meta name=\"robots\" content=\"index, follow, max-snippet:-1, max-image-preview:large, max-video-preview:-1\" \/>\n<link rel=\"canonical\" href=\"https:\/\/www.africa-press.net\/cotedivoire\/politique\/cote-divoire-laurent-gbagbo-a-choisi-la-rupture-le-schisme-affi-nguessan\" \/>\n<meta property=\"og:locale\" content=\"fr_FR\" \/>\n<meta property=\"og:type\" content=\"article\" \/>\n<meta property=\"og:title\" content=\"\u201dLaurent Gbagbo a choisi la rupture, le schisme\u201d (Affi N\u2019Guessan)\" \/>\n<meta property=\"og:description\" content=\"C\u00f4te d\u2019Ivoire \u2013 Le Front populaire ivoirien (FPI) dit \u00ab l\u00e9gal \u00bb avec \u00e0 sa t\u00eate Pascal Affi N\u2019Guessan, au cours d\u2019une ...\" \/>\n<meta property=\"og:url\" content=\"https:\/\/www.africa-press.net\/cotedivoire\/politique\/cote-divoire-laurent-gbagbo-a-choisi-la-rupture-le-schisme-affi-nguessan\" \/>\n<meta property=\"og:site_name\" content=\"C\u00f4te d&#039;Ivoire\" \/>\n<meta property=\"article:published_time\" content=\"2021-08-15T13:51:42+00:00\" \/>\n<meta property=\"article:modified_time\" content=\"2021-08-16T21:13:14+00:00\" \/>\n<meta property=\"og:image\" content=\"https:\/\/static.africa-press.net\/cote\/sites\/43\/2021\/08\/img-6119128501bdd.jpg\" \/>\n\t<meta property=\"og:image:width\" content=\"720\" \/>\n\t<meta property=\"og:image:height\" content=\"482\" \/>\n\t<meta property=\"og:image:type\" content=\"image\/jpeg\" \/>\n<meta name=\"author\" content=\"cfeditorfr\" \/>\n<meta name=\"twitter:card\" content=\"summary_large_image\" \/>\n<meta name=\"twitter:label1\" content=\"\u00c9crit par\" \/>\n\t<meta name=\"twitter:data1\" content=\"cfeditorfr\" \/>\n\t<meta name=\"twitter:label2\" content=\"Dur\u00e9e de lecture estim\u00e9e\" \/>\n\t<meta name=\"twitter:data2\" content=\"3 minutes\" \/>\n<script type=\"application\/ld+json\" class=\"yoast-schema-graph\">{\"@context\":\"https:\/\/schema.org\",\"@graph\":[{\"@type\":\"Article\",\"@id\":\"https:\/\/www.africa-press.net\/cotedivoire\/politique\/cote-divoire-laurent-gbagbo-a-choisi-la-rupture-le-schisme-affi-nguessan#article\",\"isPartOf\":{\"@id\":\"https:\/\/www.africa-press.net\/cotedivoire\/politique\/cote-divoire-laurent-gbagbo-a-choisi-la-rupture-le-schisme-affi-nguessan\"},\"author\":{\"name\":\"cfeditorfr\",\"@id\":\"https:\/\/www.africa-press.net\/cotedivoire\/#\/schema\/person\/2b1cf3cd81a31e3cd26889ca66d677f1\"},\"headline\":\"\u201dLaurent Gbagbo a choisi la rupture, le schisme\u201d (Affi N\u2019Guessan)\",\"datePublished\":\"2021-08-15T13:51:42+00:00\",\"dateModified\":\"2021-08-16T21:13:14+00:00\",\"mainEntityOfPage\":{\"@id\":\"https:\/\/www.africa-press.net\/cotedivoire\/politique\/cote-divoire-laurent-gbagbo-a-choisi-la-rupture-le-schisme-affi-nguessan\"},\"wordCount\":538,\"commentCount\":0,\"image\":{\"@id\":\"https:\/\/www.africa-press.net\/cotedivoire\/politique\/cote-divoire-laurent-gbagbo-a-choisi-la-rupture-le-schisme-affi-nguessan#primaryimage\"},\"thumbnailUrl\":\"https:\/\/static.africa-press.net\/cote\/sites\/43\/2021\/08\/img-6119128501bdd.jpg\",\"keywords\":[\"Africa Press\",\"Africa Press-C\u00f4te d'Ivoire\",\"C\u00d4TE D'IVOIRE\"],\"articleSection\":[\"homepage-french\",\"Politique\",\"Top Nouvelles\",\"Toutes les actualit\u00e9s\"],\"inLanguage\":\"fr-FR\",\"potentialAction\":[{\"@type\":\"CommentAction\",\"name\":\"Comment\",\"target\":[\"https:\/\/www.africa-press.net\/cotedivoire\/politique\/cote-divoire-laurent-gbagbo-a-choisi-la-rupture-le-schisme-affi-nguessan#respond\"]}]},{\"@type\":\"WebPage\",\"@id\":\"https:\/\/www.africa-press.net\/cotedivoire\/politique\/cote-divoire-laurent-gbagbo-a-choisi-la-rupture-le-schisme-affi-nguessan\",\"url\":\"https:\/\/www.africa-press.net\/cotedivoire\/politique\/cote-divoire-laurent-gbagbo-a-choisi-la-rupture-le-schisme-affi-nguessan\",\"name\":\"\u201dLaurent Gbagbo a choisi la rupture, le schisme\u201d (Affi N\u2019Guessan) - C\u00f4te d&#039;Ivoire\",\"isPartOf\":{\"@id\":\"https:\/\/www.africa-press.net\/cotedivoire\/#website\"},\"primaryImageOfPage\":{\"@id\":\"https:\/\/www.africa-press.net\/cotedivoire\/politique\/cote-divoire-laurent-gbagbo-a-choisi-la-rupture-le-schisme-affi-nguessan#primaryimage\"},\"image\":{\"@id\":\"https:\/\/www.africa-press.net\/cotedivoire\/politique\/cote-divoire-laurent-gbagbo-a-choisi-la-rupture-le-schisme-affi-nguessan#primaryimage\"},\"thumbnailUrl\":\"https:\/\/static.africa-press.net\/cote\/sites\/43\/2021\/08\/img-6119128501bdd.jpg\",\"datePublished\":\"2021-08-15T13:51:42+00:00\",\"dateModified\":\"2021-08-16T21:13:14+00:00\",\"author\":{\"@id\":\"https:\/\/www.africa-press.net\/cotedivoire\/#\/schema\/person\/2b1cf3cd81a31e3cd26889ca66d677f1\"},\"description\":\"C\u00f4te d\u2019Ivoire \u2013 Le Front populaire ivoirien (FPI) dit \u00ab l\u00e9gal \u00bb avec \u00e0 sa t\u00eate Pascal Affi N\u2019Guessan, au cours d\u2019une ...\",\"breadcrumb\":{\"@id\":\"https:\/\/www.africa-press.net\/cotedivoire\/politique\/cote-divoire-laurent-gbagbo-a-choisi-la-rupture-le-schisme-affi-nguessan#breadcrumb\"},\"inLanguage\":\"fr-FR\",\"potentialAction\":[{\"@type\":\"ReadAction\",\"target\":[\"https:\/\/www.africa-press.net\/cotedivoire\/politique\/cote-divoire-laurent-gbagbo-a-choisi-la-rupture-le-schisme-affi-nguessan\"]}]},{\"@type\":\"ImageObject\",\"inLanguage\":\"fr-FR\",\"@id\":\"https:\/\/www.africa-press.net\/cotedivoire\/politique\/cote-divoire-laurent-gbagbo-a-choisi-la-rupture-le-schisme-affi-nguessan#primaryimage\",\"url\":\"https:\/\/static.africa-press.net\/cote\/sites\/43\/2021\/08\/img-6119128501bdd.jpg\",\"contentUrl\":\"https:\/\/static.africa-press.net\/cote\/sites\/43\/2021\/08\/img-6119128501bdd.jpg\",\"width\":720,\"height\":482,\"caption\":\"C\u00f4te d\u2019Ivoire :\u201dLaurent Gbagbo a choisi la rupture, le schisme\u201d (Affi N\u2019Guessan)\"},{\"@type\":\"BreadcrumbList\",\"@id\":\"https:\/\/www.africa-press.net\/cotedivoire\/politique\/cote-divoire-laurent-gbagbo-a-choisi-la-rupture-le-schisme-affi-nguessan#breadcrumb\",\"itemListElement\":[{\"@type\":\"ListItem\",\"position\":1,\"name\":\"Accueil\",\"item\":\"https:\/\/www.africa-press.net\/cotedivoire\/\"},{\"@type\":\"ListItem\",\"position\":2,\"name\":\"\u201dLaurent Gbagbo a choisi la rupture, le schisme\u201d (Affi N\u2019Guessan)\"}]},{\"@type\":\"WebSite\",\"@id\":\"https:\/\/www.africa-press.net\/cotedivoire\/#website\",\"url\":\"https:\/\/www.africa-press.net\/cotedivoire\/\",\"name\":\"C\u00f4te d&#039;Ivoire\",\"description\":\"Just another Africa News Agency Sites site\",\"potentialAction\":[{\"@type\":\"SearchAction\",\"target\":{\"@type\":\"EntryPoint\",\"urlTemplate\":\"https:\/\/www.africa-press.net\/cotedivoire\/?s={search_term_string}\"},\"query-input\":{\"@type\":\"PropertyValueSpecification\",\"valueRequired\":true,\"valueName\":\"search_term_string\"}}],\"inLanguage\":\"fr-FR\"},{\"@type\":\"Person\",\"@id\":\"https:\/\/www.africa-press.net\/cotedivoire\/#\/schema\/person\/2b1cf3cd81a31e3cd26889ca66d677f1\",\"name\":\"cfeditorfr\"}]}<\/script>\n<!-- \/ Yoast SEO Premium plugin. -->","yoast_head_json":{"title":"\u201dLaurent Gbagbo a choisi la rupture, le schisme\u201d (Affi N\u2019Guessan) - C\u00f4te d&#039;Ivoire","description":"C\u00f4te d\u2019Ivoire \u2013 Le Front populaire ivoirien (FPI) dit \u00ab l\u00e9gal \u00bb avec \u00e0 sa t\u00eate Pascal Affi N\u2019Guessan, au cours d\u2019une ...","robots":{"index":"index","follow":"follow","max-snippet":"max-snippet:-1","max-image-preview":"max-image-preview:large","max-video-preview":"max-video-preview:-1"},"canonical":"https:\/\/www.africa-press.net\/cotedivoire\/politique\/cote-divoire-laurent-gbagbo-a-choisi-la-rupture-le-schisme-affi-nguessan","og_locale":"fr_FR","og_type":"article","og_title":"\u201dLaurent Gbagbo a choisi la rupture, le schisme\u201d (Affi N\u2019Guessan)","og_description":"C\u00f4te d\u2019Ivoire \u2013 Le Front populaire ivoirien (FPI) dit \u00ab l\u00e9gal \u00bb avec \u00e0 sa t\u00eate Pascal Affi N\u2019Guessan, au cours d\u2019une ...","og_url":"https:\/\/www.africa-press.net\/cotedivoire\/politique\/cote-divoire-laurent-gbagbo-a-choisi-la-rupture-le-schisme-affi-nguessan","og_site_name":"C\u00f4te d&#039;Ivoire","article_published_time":"2021-08-15T13:51:42+00:00","article_modified_time":"2021-08-16T21:13:14+00:00","og_image":[{"width":720,"height":482,"url":"https:\/\/static.africa-press.net\/cote\/sites\/43\/2021\/08\/img-6119128501bdd.jpg","type":"image\/jpeg"}],"author":"cfeditorfr","twitter_card":"summary_large_image","twitter_misc":{"\u00c9crit par":"cfeditorfr","Dur\u00e9e de lecture estim\u00e9e":"3 minutes"},"schema":{"@context":"https:\/\/schema.org","@graph":[{"@type":"Article","@id":"https:\/\/www.africa-press.net\/cotedivoire\/politique\/cote-divoire-laurent-gbagbo-a-choisi-la-rupture-le-schisme-affi-nguessan#article","isPartOf":{"@id":"https:\/\/www.africa-press.net\/cotedivoire\/politique\/cote-divoire-laurent-gbagbo-a-choisi-la-rupture-le-schisme-affi-nguessan"},"author":{"name":"cfeditorfr","@id":"https:\/\/www.africa-press.net\/cotedivoire\/#\/schema\/person\/2b1cf3cd81a31e3cd26889ca66d677f1"},"headline":"\u201dLaurent Gbagbo a choisi la rupture, le schisme\u201d (Affi N\u2019Guessan)","datePublished":"2021-08-15T13:51:42+00:00","dateModified":"2021-08-16T21:13:14+00:00","mainEntityOfPage":{"@id":"https:\/\/www.africa-press.net\/cotedivoire\/politique\/cote-divoire-laurent-gbagbo-a-choisi-la-rupture-le-schisme-affi-nguessan"},"wordCount":538,"commentCount":0,"image":{"@id":"https:\/\/www.africa-press.net\/cotedivoire\/politique\/cote-divoire-laurent-gbagbo-a-choisi-la-rupture-le-schisme-affi-nguessan#primaryimage"},"thumbnailUrl":"https:\/\/static.africa-press.net\/cote\/sites\/43\/2021\/08\/img-6119128501bdd.jpg","keywords":["Africa Press","Africa Press-C\u00f4te d'Ivoire","C\u00d4TE D'IVOIRE"],"articleSection":["homepage-french","Politique","Top Nouvelles","Toutes les actualit\u00e9s"],"inLanguage":"fr-FR","potentialAction":[{"@type":"CommentAction","name":"Comment","target":["https:\/\/www.africa-press.net\/cotedivoire\/politique\/cote-divoire-laurent-gbagbo-a-choisi-la-rupture-le-schisme-affi-nguessan#respond"]}]},{"@type":"WebPage","@id":"https:\/\/www.africa-press.net\/cotedivoire\/politique\/cote-divoire-laurent-gbagbo-a-choisi-la-rupture-le-schisme-affi-nguessan","url":"https:\/\/www.africa-press.net\/cotedivoire\/politique\/cote-divoire-laurent-gbagbo-a-choisi-la-rupture-le-schisme-affi-nguessan","name":"\u201dLaurent Gbagbo a choisi la rupture, le schisme\u201d (Affi N\u2019Guessan) - C\u00f4te d&#039;Ivoire","isPartOf":{"@id":"https:\/\/www.africa-press.net\/cotedivoire\/#website"},"primaryImageOfPage":{"@id":"https:\/\/www.africa-press.net\/cotedivoire\/politique\/cote-divoire-laurent-gbagbo-a-choisi-la-rupture-le-schisme-affi-nguessan#primaryimage"},"image":{"@id":"https:\/\/www.africa-press.net\/cotedivoire\/politique\/cote-divoire-laurent-gbagbo-a-choisi-la-rupture-le-schisme-affi-nguessan#primaryimage"},"thumbnailUrl":"https:\/\/static.africa-press.net\/cote\/sites\/43\/2021\/08\/img-6119128501bdd.jpg","datePublished":"2021-08-15T13:51:42+00:00","dateModified":"2021-08-16T21:13:14+00:00","author":{"@id":"https:\/\/www.africa-press.net\/cotedivoire\/#\/schema\/person\/2b1cf3cd81a31e3cd26889ca66d677f1"},"description":"C\u00f4te d\u2019Ivoire \u2013 Le Front populaire ivoirien (FPI) dit \u00ab l\u00e9gal \u00bb avec \u00e0 sa t\u00eate Pascal Affi N\u2019Guessan, au cours d\u2019une ...","breadcrumb":{"@id":"https:\/\/www.africa-press.net\/cotedivoire\/politique\/cote-divoire-laurent-gbagbo-a-choisi-la-rupture-le-schisme-affi-nguessan#breadcrumb"},"inLanguage":"fr-FR","potentialAction":[{"@type":"ReadAction","target":["https:\/\/www.africa-press.net\/cotedivoire\/politique\/cote-divoire-laurent-gbagbo-a-choisi-la-rupture-le-schisme-affi-nguessan"]}]},{"@type":"ImageObject","inLanguage":"fr-FR","@id":"https:\/\/www.africa-press.net\/cotedivoire\/politique\/cote-divoire-laurent-gbagbo-a-choisi-la-rupture-le-schisme-affi-nguessan#primaryimage","url":"https:\/\/static.africa-press.net\/cote\/sites\/43\/2021\/08\/img-6119128501bdd.jpg","contentUrl":"https:\/\/static.africa-press.net\/cote\/sites\/43\/2021\/08\/img-6119128501bdd.jpg","width":720,"height":482,"caption":"C\u00f4te d\u2019Ivoire :\u201dLaurent Gbagbo a choisi la rupture, le schisme\u201d (Affi N\u2019Guessan)"},{"@type":"BreadcrumbList","@id":"https:\/\/www.africa-press.net\/cotedivoire\/politique\/cote-divoire-laurent-gbagbo-a-choisi-la-rupture-le-schisme-affi-nguessan#breadcrumb","itemListElement":[{"@type":"ListItem","position":1,"name":"Accueil","item":"https:\/\/www.africa-press.net\/cotedivoire\/"},{"@type":"ListItem","position":2,"name":"\u201dLaurent Gbagbo a choisi la rupture, le schisme\u201d (Affi N\u2019Guessan)"}]},{"@type":"WebSite","@id":"https:\/\/www.africa-press.net\/cotedivoire\/#website","url":"https:\/\/www.africa-press.net\/cotedivoire\/","name":"C\u00f4te d&#039;Ivoire","description":"Just another Africa News Agency Sites site","potentialAction":[{"@type":"SearchAction","target":{"@type":"EntryPoint","urlTemplate":"https:\/\/www.africa-press.net\/cotedivoire\/?s={search_term_string}"},"query-input":{"@type":"PropertyValueSpecification","valueRequired":true,"valueName":"search_term_string"}}],"inLanguage":"fr-FR"},{"@type":"Person","@id":"https:\/\/www.africa-press.net\/cotedivoire\/#\/schema\/person\/2b1cf3cd81a31e3cd26889ca66d677f1","name":"cfeditorfr"}]}},"_links":{"self":[{"href":"https:\/\/www.africa-press.net\/cotedivoire\/wp-json\/wp\/v2\/posts\/11408","targetHints":{"allow":["GET"]}}],"collection":[{"href":"https:\/\/www.africa-press.net\/cotedivoire\/wp-json\/wp\/v2\/posts"}],"about":[{"href":"https:\/\/www.africa-press.net\/cotedivoire\/wp-json\/wp\/v2\/types\/post"}],"author":[{"embeddable":true,"href":"https:\/\/www.africa-press.net\/cotedivoire\/wp-json\/wp\/v2\/users\/82"}],"replies":[{"embeddable":true,"href":"https:\/\/www.africa-press.net\/cotedivoire\/wp-json\/wp\/v2\/comments?post=11408"}],"version-history":[{"count":0,"href":"https:\/\/www.africa-press.net\/cotedivoire\/wp-json\/wp\/v2\/posts\/11408\/revisions"}],"wp:featuredmedia":[{"embeddable":true,"href":"https:\/\/www.africa-press.net\/cotedivoire\/wp-json\/wp\/v2\/media\/11407"}],"wp:attachment":[{"href":"https:\/\/www.africa-press.net\/cotedivoire\/wp-json\/wp\/v2\/media?parent=11408"}],"wp:term":[{"taxonomy":"category","embeddable":true,"href":"https:\/\/www.africa-press.net\/cotedivoire\/wp-json\/wp\/v2\/categories?post=11408"},{"taxonomy":"post_tag","embeddable":true,"href":"https:\/\/www.africa-press.net\/cotedivoire\/wp-json\/wp\/v2\/tags?post=11408"}],"curies":[{"name":"wp","href":"https:\/\/api.w.org\/{rel}","templated":true}]}}