{"id":11411,"date":"2021-08-15T13:57:30","date_gmt":"2021-08-15T13:57:30","guid":{"rendered":"https:\/\/www.africa-press.net\/cotedivoire\/?p=11411"},"modified":"2021-08-16T21:13:23","modified_gmt":"2021-08-16T21:13:23","slug":"la-cote-divoire-touchee-par-un-premier-cas-confirme-debola","status":"publish","type":"post","link":"https:\/\/www.africa-press.net\/cotedivoire\/dossiers\/la-cote-divoire-touchee-par-un-premier-cas-confirme-debola","title":{"rendered":"La C\u00f4te d\u2019Ivoire touch\u00e9e par un premier cas confirm\u00e9 d\u2019Ebola"},"content":{"rendered":"<p><span style=\"color: #ff6600\"><strong><a href=\"https:\/\/www.africa-press.net\/\">Africa-Press<\/a> &#8211; <a href=\"https:\/\/www.africa-press.net\/cotedivoire\">C\u00f4te d&rsquo;Ivoire<\/a>. <\/strong><\/span>Un cas de virus Ebola a \u00e9t\u00e9 d\u00e9tect\u00e9 en C\u00f4te d\u2019Ivoire, le premier depuis pr\u00e8s de trente ans dans ce pays voisin de la Guin\u00e9e, o\u00f9 le virus est r\u00e9apparu en 2021, a annonc\u00e9 samedi 14 ao\u00fbt au soir le ministre de la sant\u00e9 ivoirien, Pierre N\u2019Gou Dimba.<\/p>\n<p>Les autorit\u00e9s sanitaires ivoiriennes \u00ab ont \u00e9t\u00e9 inform\u00e9es ce jour [samedi] par l\u2019Institut Pasteur d\u2019un cas de maladie \u00e0 virus Ebola apr\u00e8s examen des \u00e9chantillons pr\u00e9lev\u00e9s \u00bb vendredi \u00ab sur une jeune fille \u00e2g\u00e9e de 18 ans de nationalit\u00e9 guin\u00e9enne \u00bb, a d\u00e9clar\u00e9 \u00e0 la t\u00e9l\u00e9vision nationale RTI le ministre, Pierre N\u2019Gou Dimba. Il a pr\u00e9cis\u00e9 que la jeune fille avait quitt\u00e9 la ville de Lab\u00e9, en Guin\u00e9e, par la route et \u00ab est arriv\u00e9e en C\u00f4te d\u2019Ivoire le 11 ao\u00fbt \u00bb.<\/p>\n<p><b>\u00ab Il s\u2019agit d\u2019un cas isol\u00e9 et import\u00e9 \u00bb<\/b><\/p>\n<p>, a-t-il assur\u00e9, ajoutant que la patiente \u00e9tait \u00ab actuellement en isolement et prise en charge au centre de traitement des maladies hautement \u00e9pid\u00e9miques du CHU de Treichville \u00bb, \u00e0 Abidjan.<\/p>\n<p><b>\u00ab Aucun \u00e9l\u00e9ment n\u2019indique que le cas d\u00e9tect\u00e9 en C\u00f4te d\u2019Ivoire est li\u00e9 \u00e0 la r\u00e9cente flamb\u00e9e \u00e9pid\u00e9mique qui a touch\u00e9 la Guin\u00e9e<\/b><\/p>\n<p>, r\u00e9agit l\u2019Organisation mondiale de la sant\u00e9 (OMS). Une enqu\u00eate plus approfondie et un s\u00e9quen\u00e7age g\u00e9nomique permettront d\u2019identifier la souche du virus et de d\u00e9terminer s\u2019il existe un lien. \u00bb<\/p>\n<p><b>Premier cas confirm\u00e9 d\u2019Ebola depuis 1994 en C\u00f4te d\u2019Ivoire<\/b><\/p>\n<p><b>\u00ab Une r\u00e9union interminist\u00e9rielle d\u2019urgence \u00bb<\/b><\/p>\n<p>s\u2019est tenue, samedi en fin d\u2019apr\u00e8s-midi, sous la pr\u00e9sidence du premier ministre ivoirien, Patrick Achi. Parmi les mesures prises figurent la r\u00e9activation du syst\u00e8me de surveillance et de riposte au virus Ebola mis en place pendant la derni\u00e8re \u00e9pid\u00e9mie en Guin\u00e9e, \u00ab l\u2019identification et la surveillance de tous les cas contacts identifi\u00e9s \u00bb et une \u00ab collaboration frontali\u00e8re intense avec la Guin\u00e9e \u00bb.<\/p>\n<p><b>\u00ab Le gouvernement rassure les populations et les invite \u00e0 la s\u00e9r\u00e9nit\u00e9<\/b><\/p>\n<p>, a d\u00e9clar\u00e9 M. Dimba. Toutes les dispositions sont prises pour faire face \u00e0 cette situation. \u00bb<\/p>\n<p>Selon le ministre, la C\u00f4te d\u2019Ivoire dispose de vaccins contre Ebola et \u00ab proc\u00e9dera \u00e0 la vaccination des groupes cibles : le personnel soignant qui a \u00e9t\u00e9 en contact imm\u00e9diatement avec la patiente et les forces de s\u00e9curit\u00e9 qui sont \u00e0 nos fronti\u00e8res \u00bb. L\u2019OMS a pr\u00e9cis\u00e9 dans un communiqu\u00e9 que \u00ab 5 000 doses de vaccin anti-Ebola \u00bb obtenues \u00ab pour combattre l\u2019\u00e9pid\u00e9mie en Guin\u00e9e \u00bb devaient \u00eatre achemin\u00e9es en C\u00f4te d\u2019Ivoire.<\/p>\n<p>Selon l\u2019OMS, c\u2019est le premier cas confirm\u00e9 d\u2019Ebola depuis 1994 en C\u00f4te d\u2019Ivoire, bien que le pays ait des fronti\u00e8res communes avec la Guin\u00e9e et le Lib\u00e9ria, qui ont \u00e9t\u00e9 durement frapp\u00e9s par Ebola entre 2014 et 2016. \u00ab Il est extr\u00eamement pr\u00e9occupant que cette \u00e9pid\u00e9mie ait \u00e9t\u00e9 d\u00e9clar\u00e9e \u00e0 Abidjan, une m\u00e9tropole de plus de quatre millions d\u2019habitants \u00bb, a d\u00e9clar\u00e9 Matshidiso Moeti, directrice r\u00e9gionale de l\u2019OMS pour l\u2019Afrique, dans un communiqu\u00e9.<\/p>\n<p><b>\u00ab Cependant, l\u2019essentiel de l\u2019expertise mondiale en mati\u00e8re de lutte contre la maladie \u00e0 virus Ebola se trouve ici, sur le continent, et la C\u00f4te d\u2019Ivoire peut tirer parti de cette exp\u00e9rience pour acc\u00e9l\u00e9rer la riposte \u00bb<\/b><\/p>\n<p>, a-t-elle ajout\u00e9.<\/p>\n<p><b>Une \u00e9pid\u00e9mie circonscrite depuis juin en Guin\u00e9e<\/b><\/p>\n<p>En Guin\u00e9e, la fin de la deuxi\u00e8me vague d\u2019Ebola a \u00e9t\u00e9 d\u00e9cr\u00e9t\u00e9e le 19 juin. L\u2019\u00e9pid\u00e9mie est partie de la Guin\u00e9e foresti\u00e8re, comme en 2013-2016, p\u00e9riode durant laquelle le virus avait fait plus de 11 300 morts, principalement en Guin\u00e9e (2 500 morts), au Liberia et en Sierra Leone, trois des pays les plus pauvres du monde.<\/p>\n<p>Apr\u00e8s la d\u00e9tection des premiers cas \u00e0 Gou\u00e9ck\u00e9, dans la pr\u00e9fecture guin\u00e9enne de Nz\u00e9r\u00e9kor\u00e9, au d\u00e9but de 2021, \u00ab les autorit\u00e9s sanitaires nationales ont rapidement mis en \u0153uvre la riposte, avec le soutien de l\u2019OMS et ses partenaires, en s\u2019appuyant sur l\u2019expertise accumul\u00e9e \u00bb dans la lutte contre Ebola dans le pays et en R\u00e9publique d\u00e9mocratique du Congo, selon un communiqu\u00e9 de l\u2019OMS. Seize cas confirm\u00e9s et sept cas probables ont \u00e9t\u00e9 recens\u00e9s. Onze patients ont surv\u00e9cu et douze sont morts, poursuit l\u2019organisation internationale.<\/p>\n<p>Le dernier cas gu\u00e9ri d\u00e9clar\u00e9 remonte au 8 mai, a affirm\u00e9 un responsable du minist\u00e8re de la sant\u00e9. Selon les r\u00e8gles internationales, l\u2019\u00e9pid\u00e9mie est donc circonscrite, apr\u00e8s avoir atteint vendredi quarante-deux jours sans nouveau cas, soit deux fois la dur\u00e9e maximale d\u2019incubation.<\/p>\n<p>Ebola est une maladie \u00e0 virus souvent mortelle, qui touche les \u00eatres humains et d\u2019autres primates. \u00ab Les taux de l\u00e9talit\u00e9 ont vari\u00e9 de 25 % \u00e0 90 % lors des \u00e9pid\u00e9mies pr\u00e9c\u00e9dentes \u00bb, selon l\u2019OMS, qui pr\u00e9cise que \u00ab n\u00e9anmoins, il existe d\u00e9sormais un traitement efficace, et si les patients sont pris en charge \u00e0 un stade pr\u00e9coce de la maladie, avec en parall\u00e8le des soins de soutien, leurs chances de survie s\u2019am\u00e9liorent consid\u00e9rablement \u00bb.<\/p>\n","protected":false},"excerpt":{"rendered":"<p>Africa-Press &#8211; C\u00f4te d&rsquo;Ivoire. Un cas de virus Ebola a \u00e9t\u00e9 d\u00e9tect\u00e9 en C\u00f4te d\u2019Ivoire, le premier depuis pr\u00e8s de trente ans dans ce pays voisin de la Guin\u00e9e, o\u00f9 le virus est r\u00e9apparu en 2021, a annonc\u00e9 samedi 14 ao\u00fbt au soir le ministre de la sant\u00e9 ivoirien, Pierre N\u2019Gou Dimba. Les autorit\u00e9s sanitaires [&hellip;]<\/p>\n","protected":false},"author":82,"featured_media":11410,"comment_status":"open","ping_status":"closed","sticky":false,"template":"","format":"standard","meta":{"footnotes":""},"categories":[7,11,10],"tags":[56,63,29],"class_list":["post-11411","post","type-post","status-publish","format-standard","has-post-thumbnail","hentry","category-dossiers","category-homepage-french","category-toutes-les-actualites","tag-africa-press","tag-africa-press-cote-divoire","tag-cote-divoire"],"yoast_head":"<!-- This site is optimized with the Yoast SEO Premium plugin v26.1 (Yoast SEO v27.0) - https:\/\/yoast.com\/product\/yoast-seo-premium-wordpress\/ -->\n<title>La C\u00f4te d\u2019Ivoire touch\u00e9e par un premier cas confirm\u00e9 d\u2019Ebola - C\u00f4te d&#039;Ivoire<\/title>\n<meta name=\"description\" content=\"Un cas de virus Ebola a \u00e9t\u00e9 d\u00e9tect\u00e9 en C\u00f4te d\u2019Ivoire, le premier depuis pr\u00e8s de trente ans dans ce pays voisin de la Gui ...\" \/>\n<meta name=\"robots\" content=\"index, follow, max-snippet:-1, max-image-preview:large, max-video-preview:-1\" \/>\n<link rel=\"canonical\" href=\"https:\/\/www.africa-press.net\/cotedivoire\/dossiers\/la-cote-divoire-touchee-par-un-premier-cas-confirme-debola\" \/>\n<meta property=\"og:locale\" content=\"fr_FR\" \/>\n<meta property=\"og:type\" content=\"article\" \/>\n<meta property=\"og:title\" content=\"La C\u00f4te d\u2019Ivoire touch\u00e9e par un premier cas confirm\u00e9 d\u2019Ebola\" \/>\n<meta property=\"og:description\" content=\"Un cas de virus Ebola a \u00e9t\u00e9 d\u00e9tect\u00e9 en C\u00f4te d\u2019Ivoire, le premier depuis pr\u00e8s de trente ans dans ce pays voisin de la Gui ...\" \/>\n<meta property=\"og:url\" content=\"https:\/\/www.africa-press.net\/cotedivoire\/dossiers\/la-cote-divoire-touchee-par-un-premier-cas-confirme-debola\" \/>\n<meta property=\"og:site_name\" content=\"C\u00f4te d&#039;Ivoire\" \/>\n<meta property=\"article:published_time\" content=\"2021-08-15T13:57:30+00:00\" \/>\n<meta property=\"article:modified_time\" content=\"2021-08-16T21:13:23+00:00\" \/>\n<meta property=\"og:image\" content=\"https:\/\/static.africa-press.net\/cote\/sites\/43\/2021\/08\/img-611912b258529.jpg\" \/>\n\t<meta property=\"og:image:width\" content=\"1440\" \/>\n\t<meta property=\"og:image:height\" content=\"720\" \/>\n\t<meta property=\"og:image:type\" content=\"image\/jpeg\" \/>\n<meta name=\"author\" content=\"cfeditorfr\" \/>\n<meta name=\"twitter:card\" content=\"summary_large_image\" \/>\n<meta name=\"twitter:label1\" content=\"\u00c9crit par\" \/>\n\t<meta name=\"twitter:data1\" content=\"cfeditorfr\" \/>\n\t<meta name=\"twitter:label2\" content=\"Dur\u00e9e de lecture estim\u00e9e\" \/>\n\t<meta name=\"twitter:data2\" content=\"4 minutes\" \/>\n<script type=\"application\/ld+json\" class=\"yoast-schema-graph\">{\"@context\":\"https:\/\/schema.org\",\"@graph\":[{\"@type\":\"Article\",\"@id\":\"https:\/\/www.africa-press.net\/cotedivoire\/dossiers\/la-cote-divoire-touchee-par-un-premier-cas-confirme-debola#article\",\"isPartOf\":{\"@id\":\"https:\/\/www.africa-press.net\/cotedivoire\/dossiers\/la-cote-divoire-touchee-par-un-premier-cas-confirme-debola\"},\"author\":{\"name\":\"cfeditorfr\",\"@id\":\"https:\/\/www.africa-press.net\/cotedivoire\/#\/schema\/person\/2b1cf3cd81a31e3cd26889ca66d677f1\"},\"headline\":\"La C\u00f4te d\u2019Ivoire touch\u00e9e par un premier cas confirm\u00e9 d\u2019Ebola\",\"datePublished\":\"2021-08-15T13:57:30+00:00\",\"dateModified\":\"2021-08-16T21:13:23+00:00\",\"mainEntityOfPage\":{\"@id\":\"https:\/\/www.africa-press.net\/cotedivoire\/dossiers\/la-cote-divoire-touchee-par-un-premier-cas-confirme-debola\"},\"wordCount\":895,\"commentCount\":0,\"image\":{\"@id\":\"https:\/\/www.africa-press.net\/cotedivoire\/dossiers\/la-cote-divoire-touchee-par-un-premier-cas-confirme-debola#primaryimage\"},\"thumbnailUrl\":\"https:\/\/static.africa-press.net\/cote\/sites\/43\/2021\/08\/img-611912b258529.jpg\",\"keywords\":[\"Africa Press\",\"Africa Press-C\u00f4te d'Ivoire\",\"C\u00d4TE D'IVOIRE\"],\"articleSection\":[\"Dossiers\",\"homepage-french\",\"Toutes les actualit\u00e9s\"],\"inLanguage\":\"fr-FR\",\"potentialAction\":[{\"@type\":\"CommentAction\",\"name\":\"Comment\",\"target\":[\"https:\/\/www.africa-press.net\/cotedivoire\/dossiers\/la-cote-divoire-touchee-par-un-premier-cas-confirme-debola#respond\"]}]},{\"@type\":\"WebPage\",\"@id\":\"https:\/\/www.africa-press.net\/cotedivoire\/dossiers\/la-cote-divoire-touchee-par-un-premier-cas-confirme-debola\",\"url\":\"https:\/\/www.africa-press.net\/cotedivoire\/dossiers\/la-cote-divoire-touchee-par-un-premier-cas-confirme-debola\",\"name\":\"La C\u00f4te d\u2019Ivoire touch\u00e9e par un premier cas confirm\u00e9 d\u2019Ebola - C\u00f4te d&#039;Ivoire\",\"isPartOf\":{\"@id\":\"https:\/\/www.africa-press.net\/cotedivoire\/#website\"},\"primaryImageOfPage\":{\"@id\":\"https:\/\/www.africa-press.net\/cotedivoire\/dossiers\/la-cote-divoire-touchee-par-un-premier-cas-confirme-debola#primaryimage\"},\"image\":{\"@id\":\"https:\/\/www.africa-press.net\/cotedivoire\/dossiers\/la-cote-divoire-touchee-par-un-premier-cas-confirme-debola#primaryimage\"},\"thumbnailUrl\":\"https:\/\/static.africa-press.net\/cote\/sites\/43\/2021\/08\/img-611912b258529.jpg\",\"datePublished\":\"2021-08-15T13:57:30+00:00\",\"dateModified\":\"2021-08-16T21:13:23+00:00\",\"author\":{\"@id\":\"https:\/\/www.africa-press.net\/cotedivoire\/#\/schema\/person\/2b1cf3cd81a31e3cd26889ca66d677f1\"},\"description\":\"Un cas de virus Ebola a \u00e9t\u00e9 d\u00e9tect\u00e9 en C\u00f4te d\u2019Ivoire, le premier depuis pr\u00e8s de trente ans dans ce pays voisin de la Gui ...\",\"breadcrumb\":{\"@id\":\"https:\/\/www.africa-press.net\/cotedivoire\/dossiers\/la-cote-divoire-touchee-par-un-premier-cas-confirme-debola#breadcrumb\"},\"inLanguage\":\"fr-FR\",\"potentialAction\":[{\"@type\":\"ReadAction\",\"target\":[\"https:\/\/www.africa-press.net\/cotedivoire\/dossiers\/la-cote-divoire-touchee-par-un-premier-cas-confirme-debola\"]}]},{\"@type\":\"ImageObject\",\"inLanguage\":\"fr-FR\",\"@id\":\"https:\/\/www.africa-press.net\/cotedivoire\/dossiers\/la-cote-divoire-touchee-par-un-premier-cas-confirme-debola#primaryimage\",\"url\":\"https:\/\/static.africa-press.net\/cote\/sites\/43\/2021\/08\/img-611912b258529.jpg\",\"contentUrl\":\"https:\/\/static.africa-press.net\/cote\/sites\/43\/2021\/08\/img-611912b258529.jpg\",\"width\":1440,\"height\":720,\"caption\":\"La C\u00f4te d\u2019Ivoire touch\u00e9e par un premier cas confirm\u00e9 d\u2019Ebola\"},{\"@type\":\"BreadcrumbList\",\"@id\":\"https:\/\/www.africa-press.net\/cotedivoire\/dossiers\/la-cote-divoire-touchee-par-un-premier-cas-confirme-debola#breadcrumb\",\"itemListElement\":[{\"@type\":\"ListItem\",\"position\":1,\"name\":\"Accueil\",\"item\":\"https:\/\/www.africa-press.net\/cotedivoire\/\"},{\"@type\":\"ListItem\",\"position\":2,\"name\":\"La C\u00f4te d\u2019Ivoire touch\u00e9e par un premier cas confirm\u00e9 d\u2019Ebola\"}]},{\"@type\":\"WebSite\",\"@id\":\"https:\/\/www.africa-press.net\/cotedivoire\/#website\",\"url\":\"https:\/\/www.africa-press.net\/cotedivoire\/\",\"name\":\"C\u00f4te d&#039;Ivoire\",\"description\":\"Just another Africa News Agency Sites site\",\"potentialAction\":[{\"@type\":\"SearchAction\",\"target\":{\"@type\":\"EntryPoint\",\"urlTemplate\":\"https:\/\/www.africa-press.net\/cotedivoire\/?s={search_term_string}\"},\"query-input\":{\"@type\":\"PropertyValueSpecification\",\"valueRequired\":true,\"valueName\":\"search_term_string\"}}],\"inLanguage\":\"fr-FR\"},{\"@type\":\"Person\",\"@id\":\"https:\/\/www.africa-press.net\/cotedivoire\/#\/schema\/person\/2b1cf3cd81a31e3cd26889ca66d677f1\",\"name\":\"cfeditorfr\"}]}<\/script>\n<!-- \/ Yoast SEO Premium plugin. -->","yoast_head_json":{"title":"La C\u00f4te d\u2019Ivoire touch\u00e9e par un premier cas confirm\u00e9 d\u2019Ebola - C\u00f4te d&#039;Ivoire","description":"Un cas de virus Ebola a \u00e9t\u00e9 d\u00e9tect\u00e9 en C\u00f4te d\u2019Ivoire, le premier depuis pr\u00e8s de trente ans dans ce pays voisin de la Gui ...","robots":{"index":"index","follow":"follow","max-snippet":"max-snippet:-1","max-image-preview":"max-image-preview:large","max-video-preview":"max-video-preview:-1"},"canonical":"https:\/\/www.africa-press.net\/cotedivoire\/dossiers\/la-cote-divoire-touchee-par-un-premier-cas-confirme-debola","og_locale":"fr_FR","og_type":"article","og_title":"La C\u00f4te d\u2019Ivoire touch\u00e9e par un premier cas confirm\u00e9 d\u2019Ebola","og_description":"Un cas de virus Ebola a \u00e9t\u00e9 d\u00e9tect\u00e9 en C\u00f4te d\u2019Ivoire, le premier depuis pr\u00e8s de trente ans dans ce pays voisin de la Gui ...","og_url":"https:\/\/www.africa-press.net\/cotedivoire\/dossiers\/la-cote-divoire-touchee-par-un-premier-cas-confirme-debola","og_site_name":"C\u00f4te d&#039;Ivoire","article_published_time":"2021-08-15T13:57:30+00:00","article_modified_time":"2021-08-16T21:13:23+00:00","og_image":[{"width":1440,"height":720,"url":"https:\/\/static.africa-press.net\/cote\/sites\/43\/2021\/08\/img-611912b258529.jpg","type":"image\/jpeg"}],"author":"cfeditorfr","twitter_card":"summary_large_image","twitter_misc":{"\u00c9crit par":"cfeditorfr","Dur\u00e9e de lecture estim\u00e9e":"4 minutes"},"schema":{"@context":"https:\/\/schema.org","@graph":[{"@type":"Article","@id":"https:\/\/www.africa-press.net\/cotedivoire\/dossiers\/la-cote-divoire-touchee-par-un-premier-cas-confirme-debola#article","isPartOf":{"@id":"https:\/\/www.africa-press.net\/cotedivoire\/dossiers\/la-cote-divoire-touchee-par-un-premier-cas-confirme-debola"},"author":{"name":"cfeditorfr","@id":"https:\/\/www.africa-press.net\/cotedivoire\/#\/schema\/person\/2b1cf3cd81a31e3cd26889ca66d677f1"},"headline":"La C\u00f4te d\u2019Ivoire touch\u00e9e par un premier cas confirm\u00e9 d\u2019Ebola","datePublished":"2021-08-15T13:57:30+00:00","dateModified":"2021-08-16T21:13:23+00:00","mainEntityOfPage":{"@id":"https:\/\/www.africa-press.net\/cotedivoire\/dossiers\/la-cote-divoire-touchee-par-un-premier-cas-confirme-debola"},"wordCount":895,"commentCount":0,"image":{"@id":"https:\/\/www.africa-press.net\/cotedivoire\/dossiers\/la-cote-divoire-touchee-par-un-premier-cas-confirme-debola#primaryimage"},"thumbnailUrl":"https:\/\/static.africa-press.net\/cote\/sites\/43\/2021\/08\/img-611912b258529.jpg","keywords":["Africa Press","Africa Press-C\u00f4te d'Ivoire","C\u00d4TE D'IVOIRE"],"articleSection":["Dossiers","homepage-french","Toutes les actualit\u00e9s"],"inLanguage":"fr-FR","potentialAction":[{"@type":"CommentAction","name":"Comment","target":["https:\/\/www.africa-press.net\/cotedivoire\/dossiers\/la-cote-divoire-touchee-par-un-premier-cas-confirme-debola#respond"]}]},{"@type":"WebPage","@id":"https:\/\/www.africa-press.net\/cotedivoire\/dossiers\/la-cote-divoire-touchee-par-un-premier-cas-confirme-debola","url":"https:\/\/www.africa-press.net\/cotedivoire\/dossiers\/la-cote-divoire-touchee-par-un-premier-cas-confirme-debola","name":"La C\u00f4te d\u2019Ivoire touch\u00e9e par un premier cas confirm\u00e9 d\u2019Ebola - C\u00f4te d&#039;Ivoire","isPartOf":{"@id":"https:\/\/www.africa-press.net\/cotedivoire\/#website"},"primaryImageOfPage":{"@id":"https:\/\/www.africa-press.net\/cotedivoire\/dossiers\/la-cote-divoire-touchee-par-un-premier-cas-confirme-debola#primaryimage"},"image":{"@id":"https:\/\/www.africa-press.net\/cotedivoire\/dossiers\/la-cote-divoire-touchee-par-un-premier-cas-confirme-debola#primaryimage"},"thumbnailUrl":"https:\/\/static.africa-press.net\/cote\/sites\/43\/2021\/08\/img-611912b258529.jpg","datePublished":"2021-08-15T13:57:30+00:00","dateModified":"2021-08-16T21:13:23+00:00","author":{"@id":"https:\/\/www.africa-press.net\/cotedivoire\/#\/schema\/person\/2b1cf3cd81a31e3cd26889ca66d677f1"},"description":"Un cas de virus Ebola a \u00e9t\u00e9 d\u00e9tect\u00e9 en C\u00f4te d\u2019Ivoire, le premier depuis pr\u00e8s de trente ans dans ce pays voisin de la Gui ...","breadcrumb":{"@id":"https:\/\/www.africa-press.net\/cotedivoire\/dossiers\/la-cote-divoire-touchee-par-un-premier-cas-confirme-debola#breadcrumb"},"inLanguage":"fr-FR","potentialAction":[{"@type":"ReadAction","target":["https:\/\/www.africa-press.net\/cotedivoire\/dossiers\/la-cote-divoire-touchee-par-un-premier-cas-confirme-debola"]}]},{"@type":"ImageObject","inLanguage":"fr-FR","@id":"https:\/\/www.africa-press.net\/cotedivoire\/dossiers\/la-cote-divoire-touchee-par-un-premier-cas-confirme-debola#primaryimage","url":"https:\/\/static.africa-press.net\/cote\/sites\/43\/2021\/08\/img-611912b258529.jpg","contentUrl":"https:\/\/static.africa-press.net\/cote\/sites\/43\/2021\/08\/img-611912b258529.jpg","width":1440,"height":720,"caption":"La C\u00f4te d\u2019Ivoire touch\u00e9e par un premier cas confirm\u00e9 d\u2019Ebola"},{"@type":"BreadcrumbList","@id":"https:\/\/www.africa-press.net\/cotedivoire\/dossiers\/la-cote-divoire-touchee-par-un-premier-cas-confirme-debola#breadcrumb","itemListElement":[{"@type":"ListItem","position":1,"name":"Accueil","item":"https:\/\/www.africa-press.net\/cotedivoire\/"},{"@type":"ListItem","position":2,"name":"La C\u00f4te d\u2019Ivoire touch\u00e9e par un premier cas confirm\u00e9 d\u2019Ebola"}]},{"@type":"WebSite","@id":"https:\/\/www.africa-press.net\/cotedivoire\/#website","url":"https:\/\/www.africa-press.net\/cotedivoire\/","name":"C\u00f4te d&#039;Ivoire","description":"Just another Africa News Agency Sites site","potentialAction":[{"@type":"SearchAction","target":{"@type":"EntryPoint","urlTemplate":"https:\/\/www.africa-press.net\/cotedivoire\/?s={search_term_string}"},"query-input":{"@type":"PropertyValueSpecification","valueRequired":true,"valueName":"search_term_string"}}],"inLanguage":"fr-FR"},{"@type":"Person","@id":"https:\/\/www.africa-press.net\/cotedivoire\/#\/schema\/person\/2b1cf3cd81a31e3cd26889ca66d677f1","name":"cfeditorfr"}]}},"_links":{"self":[{"href":"https:\/\/www.africa-press.net\/cotedivoire\/wp-json\/wp\/v2\/posts\/11411","targetHints":{"allow":["GET"]}}],"collection":[{"href":"https:\/\/www.africa-press.net\/cotedivoire\/wp-json\/wp\/v2\/posts"}],"about":[{"href":"https:\/\/www.africa-press.net\/cotedivoire\/wp-json\/wp\/v2\/types\/post"}],"author":[{"embeddable":true,"href":"https:\/\/www.africa-press.net\/cotedivoire\/wp-json\/wp\/v2\/users\/82"}],"replies":[{"embeddable":true,"href":"https:\/\/www.africa-press.net\/cotedivoire\/wp-json\/wp\/v2\/comments?post=11411"}],"version-history":[{"count":0,"href":"https:\/\/www.africa-press.net\/cotedivoire\/wp-json\/wp\/v2\/posts\/11411\/revisions"}],"wp:featuredmedia":[{"embeddable":true,"href":"https:\/\/www.africa-press.net\/cotedivoire\/wp-json\/wp\/v2\/media\/11410"}],"wp:attachment":[{"href":"https:\/\/www.africa-press.net\/cotedivoire\/wp-json\/wp\/v2\/media?parent=11411"}],"wp:term":[{"taxonomy":"category","embeddable":true,"href":"https:\/\/www.africa-press.net\/cotedivoire\/wp-json\/wp\/v2\/categories?post=11411"},{"taxonomy":"post_tag","embeddable":true,"href":"https:\/\/www.africa-press.net\/cotedivoire\/wp-json\/wp\/v2\/tags?post=11411"}],"curies":[{"name":"wp","href":"https:\/\/api.w.org\/{rel}","templated":true}]}}