{"id":11414,"date":"2021-08-15T14:20:03","date_gmt":"2021-08-15T14:20:03","guid":{"rendered":"https:\/\/www.africa-press.net\/cotedivoire\/?p=11414"},"modified":"2021-08-16T21:13:35","modified_gmt":"2021-08-16T21:13:35","slug":"un-cas-debola-extremement-preoccupant-detecte-a-abidjan","status":"publish","type":"post","link":"https:\/\/www.africa-press.net\/cotedivoire\/toutes-les-actualites\/un-cas-debola-extremement-preoccupant-detecte-a-abidjan","title":{"rendered":"Un cas d&rsquo;Ebola \u00abextr\u00eamement pr\u00e9occupant\u00bb d\u00e9tect\u00e9 \u00e0 Abidjan"},"content":{"rendered":"<p><span style=\"color: #ff6600\"><strong><a href=\"https:\/\/www.africa-press.net\/\">Africa-Press<\/a> &#8211; <a href=\"https:\/\/www.africa-press.net\/cotedivoire\">C\u00f4te d&rsquo;Ivoire<\/a>. <\/strong><\/span>Un cas d&rsquo;Ebola a \u00e9t\u00e9 detect\u00e9 dans la capitale \u00e9conomique ivoirienne Abidjan, le premier depuis 1994, pr\u00e8s de deux mois apr\u00e8s l&rsquo;annonce de la fin de l&rsquo;\u00e9pid\u00e9mie de 2021 en Guin\u00e9e voisine, ce qui est \u00abextr\u00eamement pr\u00e9occupant\u00bb, selon l&rsquo;OMS.<\/p>\n<p>Les autorit\u00e9s sanitaires ivoiriennes \u00abont \u00e9t\u00e9 inform\u00e9es ce jour (samedi) par l&rsquo;Institut Pasteur d&rsquo;un cas positif de maladie \u00e0 virus Ebola apr\u00e8s examen d&rsquo;un \u00e9chantillon pr\u00e9lev\u00e9\u00bb vendredi \u00absur une jeune fille \u00e2g\u00e9e de 18 ans de nationalit\u00e9 guin\u00e9enne\u00bb, a d\u00e9clar\u00e9 \u00e0 la t\u00e9l\u00e9vision nationale RTI le ministre, Pierre Demba. Il a pr\u00e9cis\u00e9 que cette jeune femme avait quitt\u00e9 la ville de Lab\u00e9 en Guin\u00e9e par la route et \u00e9tait \u00abarriv\u00e9e en C\u00f4te d&rsquo;Ivoire le 11 ao\u00fbt\u00bb.<\/p>\n<p><b>\u00abIl s&rsquo;agit d&rsquo;un cas isol\u00e9 et import\u00e9\u00bb, a-t-il assur\u00e9, ajoutant que la patiente \u00e9tait \u00abactuellement en isolement et prise en charge au centre de traitement des maladies hautement \u00e9pid\u00e9miques du CHU de Treichville\u00bb, \u00e0 Abidjan.<\/b><\/p>\n<p>Selon le ministre, la C\u00f4te d&rsquo;Ivoire dispose de vaccins contre Ebola et \u00abproc\u00e8dera \u00e0 la vaccination des groupes cibles, personnel de sant\u00e9 de premi\u00e8re ligne, contacts imm\u00e9diats de la patiente, forces de s\u00e9curit\u00e9 \u00e0 nos fronti\u00e8res\u00bb.<\/p>\n<p>L&rsquo;Organisation mondiale de la sant\u00e9 (OMS) a pr\u00e9cis\u00e9 dans un communiqu\u00e9 que \u00ab5.000 doses de vaccin anti-Ebola\u00bb obtenues \u00abpour combattre l&rsquo;\u00e9pid\u00e9mie en Guin\u00e9e\u00bb devaient \u00eatre achemin\u00e9es en C\u00f4te d&rsquo;Ivoire.<\/p>\n<p>Une r\u00e9union interminist\u00e9rielle d&rsquo;urgence s&rsquo;est tenue samedi en fin d&rsquo;apr\u00e8s-midi \u00e0 Abidjan sous la pr\u00e9sidence du Premier ministre ivoirien Patrick Achi.<\/p>\n<p>Parmi les mesures prises figurent la r\u00e9activation du syst\u00e8me de surveillance et de riposte au virus Ebola mis en place pendant la derni\u00e8re \u00e9pid\u00e9mie en Guin\u00e9e, l&rsquo;organisation \u00abdu suivi de tous les contacts identifi\u00e9s, la poursuite du strict respect des mesures barri\u00e8res \u00e9dict\u00e9es contre le Covid-19 qui restent valables pour la maladie \u00e0 virus Ebola\u00bb et une \u00abcollaboration transfrontali\u00e8re intense avec la Guin\u00e9e\u00bb.<\/p>\n<p><b>\u00abLe gouvernement rassure les populations et les invite \u00e0 la s\u00e9r\u00e9nit\u00e9\u00bb, a d\u00e9clar\u00e9 M. Demba. \u00abToutes les dispositions sont prises pour faire face \u00e0 cette situation, Le dispositif sanitaire pour le contr\u00f4le de la maladie existe et a \u00e9t\u00e9 \u00e9prouv\u00e9 avec succ\u00e8s par le pass\u00e9\u00bb.<\/b><\/p>\n<p>Bien que la C\u00f4te d&rsquo;Ivoire ait des fronti\u00e8res communes avec la Guin\u00e9e et le Lib\u00e9ria, qui ont \u00e9t\u00e9 durement frapp\u00e9s par Ebola entre 2014 et 2016, ce \u00abpays n&rsquo;a enregistr\u00e9 aucun cas confirm\u00e9 de la maladie \u00e0 virus Ebola depuis 1994, l&rsquo;ann\u00e9e o\u00f9 un scientifique avait \u00e9t\u00e9 infect\u00e9 durant une \u00e9pid\u00e9mie chez les chimpanz\u00e9s\u00bb, selon l&rsquo;OMS.<\/p>\n<p><b>\u00abExtr\u00eamement pr\u00e9occupant\u00bb<\/b><\/p>\n<p>\u00abIl est extr\u00eamement pr\u00e9occupant que cette \u00e9pid\u00e9mie ait \u00e9t\u00e9 d\u00e9clar\u00e9e \u00e0 Abidjan, une m\u00e9tropole de plus de quatre millions d&rsquo;habitants\u00bb, a estim\u00e9 Matshidiso Moeti, directrice r\u00e9gionale de l&rsquo;OMS pour l&rsquo;Afrique.<\/p>\n<p>\u00abCependant, l&rsquo;essentiel de l&rsquo;expertise mondiale en mati\u00e8re de lutte contre la maladie \u00e0 virus Ebola se trouve ici, sur le continent, et la C\u00f4te d&rsquo;Ivoire peut tirer parti de cette exp\u00e9rience pour acc\u00e9l\u00e9rer la riposte\u00bb, a-t-elle ajout\u00e9.<\/p>\n<p>La Guin\u00e9e et l&rsquo;OMS ont officiellement annonc\u00e9 le 19 juin la fin de la deuxi\u00e8me \u00e9pid\u00e9mie d&rsquo;Ebola dans ce pays, quelques mois apr\u00e8s la r\u00e9apparition de cette maladie rapidement vaincue gr\u00e2ce \u00e0 l&rsquo;exp\u00e9rience accumul\u00e9e en 2013-2016 o\u00f9 elle avait fait des milliers de morts.<\/p>\n<p>Entre fin 2013 et 2016, la pire \u00e9pid\u00e9mie au monde depuis l&rsquo;identification du virus en 1976 avait tu\u00e9 plus de 11.300 personnes, principalement en Guin\u00e9e (2.500 morts), au Liberia et en Sierra Leone, trois des pays les plus pauvres au monde. Un bilan sous-\u00e9valu\u00e9 de l&rsquo;aveu m\u00eame de l&rsquo;OMS.<\/p>\n<p>En 2021, un total de 16 cas confirm\u00e9s et sept cas probables ont \u00e9t\u00e9 recens\u00e9s lors de cette derni\u00e8re \u00e9pid\u00e9mie en Guin\u00e9e. Onze patients ont surv\u00e9cu et 12 sont d\u00e9c\u00e9d\u00e9s, selon l&rsquo;OMS. Apr\u00e8s la d\u00e9claration de fin d&rsquo;\u00e9pid\u00e9mie d&rsquo;Ebola, la Guin\u00e9e devait entrer dans une p\u00e9riode de surveillance \u00e9pid\u00e9miologique renforc\u00e9e de trois mois.<\/p>\n<p><b>\u00abAucun \u00e9l\u00e9ment n&rsquo;indique que le cas d\u00e9tect\u00e9 en C\u00f4te d&rsquo;Ivoire est li\u00e9 \u00e0 la r\u00e9cente flamb\u00e9e \u00e9pid\u00e9mique qui a touch\u00e9 la Guin\u00e9e\u00bb, estime l&rsquo;OMS. \u00abUne enqu\u00eate plus approfondie et un s\u00e9quen\u00e7age g\u00e9nomique permettront d&rsquo;identifier la souche du virus et de d\u00e9terminer s&rsquo;il existe un lien\u00bb.<\/b><\/p>\n<p>Ebola est une maladie \u00e0 virus souvent mortelle, qui touche les \u00eatres humains et d&rsquo;autres primates. \u00abLes taux de l\u00e9talit\u00e9 ont vari\u00e9 de 25 \u00e0 90% lors des \u00e9pid\u00e9mies pr\u00e9c\u00e9dentes\u00bb selon l&rsquo;OMS qui pr\u00e9cise que \u00abn\u00e9anmoins, il existe d\u00e9sormais un traitement efficace, et si les patients sont pris en charge \u00e0 un stade pr\u00e9coce de la maladie, avec en parall\u00e8le des soins de soutien, leurs chances de survie s&rsquo;am\u00e9liorent consid\u00e9rablement\u00bb.<\/p>\n","protected":false},"excerpt":{"rendered":"<p>Africa-Press &#8211; C\u00f4te d&rsquo;Ivoire. Un cas d&rsquo;Ebola a \u00e9t\u00e9 detect\u00e9 dans la capitale \u00e9conomique ivoirienne Abidjan, le premier depuis 1994, pr\u00e8s de deux mois apr\u00e8s l&rsquo;annonce de la fin de l&rsquo;\u00e9pid\u00e9mie de 2021 en Guin\u00e9e voisine, ce qui est \u00abextr\u00eamement pr\u00e9occupant\u00bb, selon l&rsquo;OMS. Les autorit\u00e9s sanitaires ivoiriennes \u00abont \u00e9t\u00e9 inform\u00e9es ce jour (samedi) par l&rsquo;Institut [&hellip;]<\/p>\n","protected":false},"author":82,"featured_media":11413,"comment_status":"open","ping_status":"closed","sticky":false,"template":"","format":"standard","meta":{"footnotes":""},"categories":[21,11,20,10],"tags":[56,63,29],"class_list":["post-11414","post","type-post","status-publish","format-standard","has-post-thumbnail","hentry","category-communaute","category-homepage-french","category-top-nouvelles","category-toutes-les-actualites","tag-africa-press","tag-africa-press-cote-divoire","tag-cote-divoire"],"yoast_head":"<!-- This site is optimized with the Yoast SEO Premium plugin v26.1 (Yoast SEO v27.0) - https:\/\/yoast.com\/product\/yoast-seo-premium-wordpress\/ -->\n<title>Un cas d&#039;Ebola \u00abextr\u00eamement pr\u00e9occupant\u00bb d\u00e9tect\u00e9 \u00e0 Abidjan - C\u00f4te d&#039;Ivoire<\/title>\n<meta name=\"description\" content=\"Un cas d&#039;Ebola a \u00e9t\u00e9 detect\u00e9 dans la capitale \u00e9conomique ivoirienne Abidjan, le premier depuis 1994, pr\u00e8s de deux mois a ...\" \/>\n<meta name=\"robots\" content=\"index, follow, max-snippet:-1, max-image-preview:large, max-video-preview:-1\" \/>\n<link rel=\"canonical\" href=\"https:\/\/www.africa-press.net\/cotedivoire\/toutes-les-actualites\/un-cas-debola-extremement-preoccupant-detecte-a-abidjan\" \/>\n<meta property=\"og:locale\" content=\"fr_FR\" \/>\n<meta property=\"og:type\" content=\"article\" \/>\n<meta property=\"og:title\" content=\"Un cas d&#039;Ebola \u00abextr\u00eamement pr\u00e9occupant\u00bb d\u00e9tect\u00e9 \u00e0 Abidjan\" \/>\n<meta property=\"og:description\" content=\"Un cas d&#039;Ebola a \u00e9t\u00e9 detect\u00e9 dans la capitale \u00e9conomique ivoirienne Abidjan, le premier depuis 1994, pr\u00e8s de deux mois a ...\" \/>\n<meta property=\"og:url\" content=\"https:\/\/www.africa-press.net\/cotedivoire\/toutes-les-actualites\/un-cas-debola-extremement-preoccupant-detecte-a-abidjan\" \/>\n<meta property=\"og:site_name\" content=\"C\u00f4te d&#039;Ivoire\" \/>\n<meta property=\"article:published_time\" content=\"2021-08-15T14:20:03+00:00\" \/>\n<meta property=\"article:modified_time\" content=\"2021-08-16T21:13:35+00:00\" \/>\n<meta property=\"og:image\" content=\"https:\/\/static.africa-press.net\/cote\/sites\/43\/2021\/08\/img-611916944b877.jpg\" \/>\n\t<meta property=\"og:image:width\" content=\"720\" \/>\n\t<meta property=\"og:image:height\" content=\"382\" \/>\n\t<meta property=\"og:image:type\" content=\"image\/jpeg\" \/>\n<meta name=\"author\" content=\"cfeditorfr\" \/>\n<meta name=\"twitter:card\" content=\"summary_large_image\" \/>\n<meta name=\"twitter:label1\" content=\"\u00c9crit par\" \/>\n\t<meta name=\"twitter:data1\" content=\"cfeditorfr\" \/>\n\t<meta name=\"twitter:label2\" content=\"Dur\u00e9e de lecture estim\u00e9e\" \/>\n\t<meta name=\"twitter:data2\" content=\"4 minutes\" \/>\n<script type=\"application\/ld+json\" class=\"yoast-schema-graph\">{\"@context\":\"https:\/\/schema.org\",\"@graph\":[{\"@type\":\"Article\",\"@id\":\"https:\/\/www.africa-press.net\/cotedivoire\/toutes-les-actualites\/un-cas-debola-extremement-preoccupant-detecte-a-abidjan#article\",\"isPartOf\":{\"@id\":\"https:\/\/www.africa-press.net\/cotedivoire\/toutes-les-actualites\/un-cas-debola-extremement-preoccupant-detecte-a-abidjan\"},\"author\":{\"name\":\"cfeditorfr\",\"@id\":\"https:\/\/www.africa-press.net\/cotedivoire\/#\/schema\/person\/2b1cf3cd81a31e3cd26889ca66d677f1\"},\"headline\":\"Un cas d&rsquo;Ebola \u00abextr\u00eamement pr\u00e9occupant\u00bb d\u00e9tect\u00e9 \u00e0 Abidjan\",\"datePublished\":\"2021-08-15T14:20:03+00:00\",\"dateModified\":\"2021-08-16T21:13:35+00:00\",\"mainEntityOfPage\":{\"@id\":\"https:\/\/www.africa-press.net\/cotedivoire\/toutes-les-actualites\/un-cas-debola-extremement-preoccupant-detecte-a-abidjan\"},\"wordCount\":880,\"commentCount\":0,\"image\":{\"@id\":\"https:\/\/www.africa-press.net\/cotedivoire\/toutes-les-actualites\/un-cas-debola-extremement-preoccupant-detecte-a-abidjan#primaryimage\"},\"thumbnailUrl\":\"https:\/\/static.africa-press.net\/cote\/sites\/43\/2021\/08\/img-611916944b877.jpg\",\"keywords\":[\"Africa Press\",\"Africa Press-C\u00f4te d'Ivoire\",\"C\u00d4TE D'IVOIRE\"],\"articleSection\":[\"Communaut\u00e9\",\"homepage-french\",\"Top Nouvelles\",\"Toutes les actualit\u00e9s\"],\"inLanguage\":\"fr-FR\",\"potentialAction\":[{\"@type\":\"CommentAction\",\"name\":\"Comment\",\"target\":[\"https:\/\/www.africa-press.net\/cotedivoire\/toutes-les-actualites\/un-cas-debola-extremement-preoccupant-detecte-a-abidjan#respond\"]}]},{\"@type\":\"WebPage\",\"@id\":\"https:\/\/www.africa-press.net\/cotedivoire\/toutes-les-actualites\/un-cas-debola-extremement-preoccupant-detecte-a-abidjan\",\"url\":\"https:\/\/www.africa-press.net\/cotedivoire\/toutes-les-actualites\/un-cas-debola-extremement-preoccupant-detecte-a-abidjan\",\"name\":\"Un cas d'Ebola \u00abextr\u00eamement pr\u00e9occupant\u00bb d\u00e9tect\u00e9 \u00e0 Abidjan - C\u00f4te d&#039;Ivoire\",\"isPartOf\":{\"@id\":\"https:\/\/www.africa-press.net\/cotedivoire\/#website\"},\"primaryImageOfPage\":{\"@id\":\"https:\/\/www.africa-press.net\/cotedivoire\/toutes-les-actualites\/un-cas-debola-extremement-preoccupant-detecte-a-abidjan#primaryimage\"},\"image\":{\"@id\":\"https:\/\/www.africa-press.net\/cotedivoire\/toutes-les-actualites\/un-cas-debola-extremement-preoccupant-detecte-a-abidjan#primaryimage\"},\"thumbnailUrl\":\"https:\/\/static.africa-press.net\/cote\/sites\/43\/2021\/08\/img-611916944b877.jpg\",\"datePublished\":\"2021-08-15T14:20:03+00:00\",\"dateModified\":\"2021-08-16T21:13:35+00:00\",\"author\":{\"@id\":\"https:\/\/www.africa-press.net\/cotedivoire\/#\/schema\/person\/2b1cf3cd81a31e3cd26889ca66d677f1\"},\"description\":\"Un cas d'Ebola a \u00e9t\u00e9 detect\u00e9 dans la capitale \u00e9conomique ivoirienne Abidjan, le premier depuis 1994, pr\u00e8s de deux mois a ...\",\"breadcrumb\":{\"@id\":\"https:\/\/www.africa-press.net\/cotedivoire\/toutes-les-actualites\/un-cas-debola-extremement-preoccupant-detecte-a-abidjan#breadcrumb\"},\"inLanguage\":\"fr-FR\",\"potentialAction\":[{\"@type\":\"ReadAction\",\"target\":[\"https:\/\/www.africa-press.net\/cotedivoire\/toutes-les-actualites\/un-cas-debola-extremement-preoccupant-detecte-a-abidjan\"]}]},{\"@type\":\"ImageObject\",\"inLanguage\":\"fr-FR\",\"@id\":\"https:\/\/www.africa-press.net\/cotedivoire\/toutes-les-actualites\/un-cas-debola-extremement-preoccupant-detecte-a-abidjan#primaryimage\",\"url\":\"https:\/\/static.africa-press.net\/cote\/sites\/43\/2021\/08\/img-611916944b877.jpg\",\"contentUrl\":\"https:\/\/static.africa-press.net\/cote\/sites\/43\/2021\/08\/img-611916944b877.jpg\",\"width\":720,\"height\":382,\"caption\":\"Un cas d'Ebola \u00abextr\u00eamement pr\u00e9occupant\u00bb d\u00e9tect\u00e9 \u00e0 Abidjan\"},{\"@type\":\"BreadcrumbList\",\"@id\":\"https:\/\/www.africa-press.net\/cotedivoire\/toutes-les-actualites\/un-cas-debola-extremement-preoccupant-detecte-a-abidjan#breadcrumb\",\"itemListElement\":[{\"@type\":\"ListItem\",\"position\":1,\"name\":\"Accueil\",\"item\":\"https:\/\/www.africa-press.net\/cotedivoire\/\"},{\"@type\":\"ListItem\",\"position\":2,\"name\":\"Un cas d&#8217;Ebola \u00abextr\u00eamement pr\u00e9occupant\u00bb d\u00e9tect\u00e9 \u00e0 Abidjan\"}]},{\"@type\":\"WebSite\",\"@id\":\"https:\/\/www.africa-press.net\/cotedivoire\/#website\",\"url\":\"https:\/\/www.africa-press.net\/cotedivoire\/\",\"name\":\"C\u00f4te d&#039;Ivoire\",\"description\":\"Just another Africa News Agency Sites site\",\"potentialAction\":[{\"@type\":\"SearchAction\",\"target\":{\"@type\":\"EntryPoint\",\"urlTemplate\":\"https:\/\/www.africa-press.net\/cotedivoire\/?s={search_term_string}\"},\"query-input\":{\"@type\":\"PropertyValueSpecification\",\"valueRequired\":true,\"valueName\":\"search_term_string\"}}],\"inLanguage\":\"fr-FR\"},{\"@type\":\"Person\",\"@id\":\"https:\/\/www.africa-press.net\/cotedivoire\/#\/schema\/person\/2b1cf3cd81a31e3cd26889ca66d677f1\",\"name\":\"cfeditorfr\"}]}<\/script>\n<!-- \/ Yoast SEO Premium plugin. -->","yoast_head_json":{"title":"Un cas d'Ebola \u00abextr\u00eamement pr\u00e9occupant\u00bb d\u00e9tect\u00e9 \u00e0 Abidjan - C\u00f4te d&#039;Ivoire","description":"Un cas d'Ebola a \u00e9t\u00e9 detect\u00e9 dans la capitale \u00e9conomique ivoirienne Abidjan, le premier depuis 1994, pr\u00e8s de deux mois a ...","robots":{"index":"index","follow":"follow","max-snippet":"max-snippet:-1","max-image-preview":"max-image-preview:large","max-video-preview":"max-video-preview:-1"},"canonical":"https:\/\/www.africa-press.net\/cotedivoire\/toutes-les-actualites\/un-cas-debola-extremement-preoccupant-detecte-a-abidjan","og_locale":"fr_FR","og_type":"article","og_title":"Un cas d'Ebola \u00abextr\u00eamement pr\u00e9occupant\u00bb d\u00e9tect\u00e9 \u00e0 Abidjan","og_description":"Un cas d'Ebola a \u00e9t\u00e9 detect\u00e9 dans la capitale \u00e9conomique ivoirienne Abidjan, le premier depuis 1994, pr\u00e8s de deux mois a ...","og_url":"https:\/\/www.africa-press.net\/cotedivoire\/toutes-les-actualites\/un-cas-debola-extremement-preoccupant-detecte-a-abidjan","og_site_name":"C\u00f4te d&#039;Ivoire","article_published_time":"2021-08-15T14:20:03+00:00","article_modified_time":"2021-08-16T21:13:35+00:00","og_image":[{"width":720,"height":382,"url":"https:\/\/static.africa-press.net\/cote\/sites\/43\/2021\/08\/img-611916944b877.jpg","type":"image\/jpeg"}],"author":"cfeditorfr","twitter_card":"summary_large_image","twitter_misc":{"\u00c9crit par":"cfeditorfr","Dur\u00e9e de lecture estim\u00e9e":"4 minutes"},"schema":{"@context":"https:\/\/schema.org","@graph":[{"@type":"Article","@id":"https:\/\/www.africa-press.net\/cotedivoire\/toutes-les-actualites\/un-cas-debola-extremement-preoccupant-detecte-a-abidjan#article","isPartOf":{"@id":"https:\/\/www.africa-press.net\/cotedivoire\/toutes-les-actualites\/un-cas-debola-extremement-preoccupant-detecte-a-abidjan"},"author":{"name":"cfeditorfr","@id":"https:\/\/www.africa-press.net\/cotedivoire\/#\/schema\/person\/2b1cf3cd81a31e3cd26889ca66d677f1"},"headline":"Un cas d&rsquo;Ebola \u00abextr\u00eamement pr\u00e9occupant\u00bb d\u00e9tect\u00e9 \u00e0 Abidjan","datePublished":"2021-08-15T14:20:03+00:00","dateModified":"2021-08-16T21:13:35+00:00","mainEntityOfPage":{"@id":"https:\/\/www.africa-press.net\/cotedivoire\/toutes-les-actualites\/un-cas-debola-extremement-preoccupant-detecte-a-abidjan"},"wordCount":880,"commentCount":0,"image":{"@id":"https:\/\/www.africa-press.net\/cotedivoire\/toutes-les-actualites\/un-cas-debola-extremement-preoccupant-detecte-a-abidjan#primaryimage"},"thumbnailUrl":"https:\/\/static.africa-press.net\/cote\/sites\/43\/2021\/08\/img-611916944b877.jpg","keywords":["Africa Press","Africa Press-C\u00f4te d'Ivoire","C\u00d4TE D'IVOIRE"],"articleSection":["Communaut\u00e9","homepage-french","Top Nouvelles","Toutes les actualit\u00e9s"],"inLanguage":"fr-FR","potentialAction":[{"@type":"CommentAction","name":"Comment","target":["https:\/\/www.africa-press.net\/cotedivoire\/toutes-les-actualites\/un-cas-debola-extremement-preoccupant-detecte-a-abidjan#respond"]}]},{"@type":"WebPage","@id":"https:\/\/www.africa-press.net\/cotedivoire\/toutes-les-actualites\/un-cas-debola-extremement-preoccupant-detecte-a-abidjan","url":"https:\/\/www.africa-press.net\/cotedivoire\/toutes-les-actualites\/un-cas-debola-extremement-preoccupant-detecte-a-abidjan","name":"Un cas d'Ebola \u00abextr\u00eamement pr\u00e9occupant\u00bb d\u00e9tect\u00e9 \u00e0 Abidjan - C\u00f4te d&#039;Ivoire","isPartOf":{"@id":"https:\/\/www.africa-press.net\/cotedivoire\/#website"},"primaryImageOfPage":{"@id":"https:\/\/www.africa-press.net\/cotedivoire\/toutes-les-actualites\/un-cas-debola-extremement-preoccupant-detecte-a-abidjan#primaryimage"},"image":{"@id":"https:\/\/www.africa-press.net\/cotedivoire\/toutes-les-actualites\/un-cas-debola-extremement-preoccupant-detecte-a-abidjan#primaryimage"},"thumbnailUrl":"https:\/\/static.africa-press.net\/cote\/sites\/43\/2021\/08\/img-611916944b877.jpg","datePublished":"2021-08-15T14:20:03+00:00","dateModified":"2021-08-16T21:13:35+00:00","author":{"@id":"https:\/\/www.africa-press.net\/cotedivoire\/#\/schema\/person\/2b1cf3cd81a31e3cd26889ca66d677f1"},"description":"Un cas d'Ebola a \u00e9t\u00e9 detect\u00e9 dans la capitale \u00e9conomique ivoirienne Abidjan, le premier depuis 1994, pr\u00e8s de deux mois a ...","breadcrumb":{"@id":"https:\/\/www.africa-press.net\/cotedivoire\/toutes-les-actualites\/un-cas-debola-extremement-preoccupant-detecte-a-abidjan#breadcrumb"},"inLanguage":"fr-FR","potentialAction":[{"@type":"ReadAction","target":["https:\/\/www.africa-press.net\/cotedivoire\/toutes-les-actualites\/un-cas-debola-extremement-preoccupant-detecte-a-abidjan"]}]},{"@type":"ImageObject","inLanguage":"fr-FR","@id":"https:\/\/www.africa-press.net\/cotedivoire\/toutes-les-actualites\/un-cas-debola-extremement-preoccupant-detecte-a-abidjan#primaryimage","url":"https:\/\/static.africa-press.net\/cote\/sites\/43\/2021\/08\/img-611916944b877.jpg","contentUrl":"https:\/\/static.africa-press.net\/cote\/sites\/43\/2021\/08\/img-611916944b877.jpg","width":720,"height":382,"caption":"Un cas d'Ebola \u00abextr\u00eamement pr\u00e9occupant\u00bb d\u00e9tect\u00e9 \u00e0 Abidjan"},{"@type":"BreadcrumbList","@id":"https:\/\/www.africa-press.net\/cotedivoire\/toutes-les-actualites\/un-cas-debola-extremement-preoccupant-detecte-a-abidjan#breadcrumb","itemListElement":[{"@type":"ListItem","position":1,"name":"Accueil","item":"https:\/\/www.africa-press.net\/cotedivoire\/"},{"@type":"ListItem","position":2,"name":"Un cas d&#8217;Ebola \u00abextr\u00eamement pr\u00e9occupant\u00bb d\u00e9tect\u00e9 \u00e0 Abidjan"}]},{"@type":"WebSite","@id":"https:\/\/www.africa-press.net\/cotedivoire\/#website","url":"https:\/\/www.africa-press.net\/cotedivoire\/","name":"C\u00f4te d&#039;Ivoire","description":"Just another Africa News Agency Sites site","potentialAction":[{"@type":"SearchAction","target":{"@type":"EntryPoint","urlTemplate":"https:\/\/www.africa-press.net\/cotedivoire\/?s={search_term_string}"},"query-input":{"@type":"PropertyValueSpecification","valueRequired":true,"valueName":"search_term_string"}}],"inLanguage":"fr-FR"},{"@type":"Person","@id":"https:\/\/www.africa-press.net\/cotedivoire\/#\/schema\/person\/2b1cf3cd81a31e3cd26889ca66d677f1","name":"cfeditorfr"}]}},"_links":{"self":[{"href":"https:\/\/www.africa-press.net\/cotedivoire\/wp-json\/wp\/v2\/posts\/11414","targetHints":{"allow":["GET"]}}],"collection":[{"href":"https:\/\/www.africa-press.net\/cotedivoire\/wp-json\/wp\/v2\/posts"}],"about":[{"href":"https:\/\/www.africa-press.net\/cotedivoire\/wp-json\/wp\/v2\/types\/post"}],"author":[{"embeddable":true,"href":"https:\/\/www.africa-press.net\/cotedivoire\/wp-json\/wp\/v2\/users\/82"}],"replies":[{"embeddable":true,"href":"https:\/\/www.africa-press.net\/cotedivoire\/wp-json\/wp\/v2\/comments?post=11414"}],"version-history":[{"count":0,"href":"https:\/\/www.africa-press.net\/cotedivoire\/wp-json\/wp\/v2\/posts\/11414\/revisions"}],"wp:featuredmedia":[{"embeddable":true,"href":"https:\/\/www.africa-press.net\/cotedivoire\/wp-json\/wp\/v2\/media\/11413"}],"wp:attachment":[{"href":"https:\/\/www.africa-press.net\/cotedivoire\/wp-json\/wp\/v2\/media?parent=11414"}],"wp:term":[{"taxonomy":"category","embeddable":true,"href":"https:\/\/www.africa-press.net\/cotedivoire\/wp-json\/wp\/v2\/categories?post=11414"},{"taxonomy":"post_tag","embeddable":true,"href":"https:\/\/www.africa-press.net\/cotedivoire\/wp-json\/wp\/v2\/tags?post=11414"}],"curies":[{"name":"wp","href":"https:\/\/api.w.org\/{rel}","templated":true}]}}