{"id":11417,"date":"2021-08-15T14:30:16","date_gmt":"2021-08-15T14:30:16","guid":{"rendered":"https:\/\/www.africa-press.net\/cotedivoire\/?p=11417"},"modified":"2021-08-16T21:13:51","modified_gmt":"2021-08-16T21:13:51","slug":"cote-divoire-un-cas-de-virus-ebola-detecte","status":"publish","type":"post","link":"https:\/\/www.africa-press.net\/cotedivoire\/dossiers\/cote-divoire-un-cas-de-virus-ebola-detecte","title":{"rendered":"un cas de virus Ebola d\u00e9tect\u00e9"},"content":{"rendered":"<p><span style=\"color: #ff6600\"><strong><a href=\"https:\/\/www.africa-press.net\/\">Africa-Press<\/a> &#8211; <a href=\"https:\/\/www.africa-press.net\/cotedivoire\">C\u00f4te d&rsquo;Ivoire<\/a>. <\/strong><\/span>Un cas de virus Ebola a \u00e9t\u00e9 d\u00e9tect\u00e9 \u00e0 Abidjan, a annonc\u00e9 samedi soir le ministre ivoirien de la Sant\u00e9, Pierre N\u2019Gou Dimba. Les autorit\u00e9s sanitaires ivoiriennes \u00ab ont \u00e9t\u00e9 inform\u00e9es ce jour (samedi) par l\u2019Institut Pasteur d\u2019un cas de maladie \u00e0 virus Ebola apr\u00e8s examen des \u00e9chantillons pr\u00e9lev\u00e9s \u00bb vendredi \u00ab sur une jeune fille \u00e2g\u00e9e de 18 ans de nationalit\u00e9 guin\u00e9enne \u00bb, a d\u00e9clar\u00e9 \u00e0 la t\u00e9l\u00e9vision nationale le ministre de la Sant\u00e9, de l\u2019Hygi\u00e8ne publique et de la Couverture maladie universelle, Pierre N\u2019Gou Dimba. Il a pr\u00e9cis\u00e9 que cette jeune fille avait quitt\u00e9 la ville de Lab\u00e9 en Guin\u00e9e par la route et \u00ab est arriv\u00e9e en C\u00f4te d\u2019Ivoire le 11 ao\u00fbt \u00bb. \u00ab Il s\u2019agit d\u2019un cas isol\u00e9 et import\u00e9 \u00bb, a-t-il assur\u00e9, ajoutant que la patiente \u00e9tait \u00ab actuellement en isolement et prise en charge au centre de traitement des maladies hautement \u00e9pid\u00e9mique du CHU de Treichville \u00bb, \u00e0 Abidjan.<\/p>\n<p>#Sant\u00e9 | Premier cas de virus Ebola en C\u00f4te d\u2019Ivoire : les populations invit\u00e9es au strict respect des mesures d\u2019hygi\u00e8ne et de pr\u00e9vention#Gouvci #CICG @primatureci #civ #CIV225 Pour en savoir plus \u2935https:\/\/t.co\/xumnopJZqg \u2014 Gouvernement de C\u00f4te d&rsquo;Ivoire (@Gouvci) August 15, 2021 R\u00e9activation du syst\u00e8me de surveillance<\/p>\n<p>Selon le ministre, la C\u00f4te d\u2019Ivoire dispose de vaccins contre Ebola et \u00ab proc\u00e8dera \u00e0 la vaccination des groupes cibles, le personnel soignant qui a \u00e9t\u00e9 en contact imm\u00e9diatement avec la patiente et les forces de s\u00e9curit\u00e9 qui sont \u00e0 nos fronti\u00e8res \u00bb. \u00ab Une r\u00e9union interminist\u00e9rielle d\u2019urgence \u00bb s\u2019est tenue samedi en fin d\u2019apr\u00e8s-midi sous la pr\u00e9sidence du Premier ministre ivoirien Patrick Achi, a-t-il indiqu\u00e9. Parmi les mesures prises figurent la r\u00e9activation du syst\u00e8me de surveillance et de riposte au virus Ebola mis en place pendant la derni\u00e8re \u00e9pid\u00e9mie en Guin\u00e9e, \u00ab l\u2019identification et la surveillance de tous les cas contacts identifi\u00e9s \u00bb et la \u00ab collaboration frontali\u00e8re intense avec la Guin\u00e9e \u00bb.<\/p>\n<p>\u00ab Le gouvernement rassure les populations et les invite \u00e0 la s\u00e9r\u00e9nit\u00e9 \u00bb, a d\u00e9clar\u00e9 Pierre N\u2019Gou Dimba. \u00ab Toutes les dispositions sont prises pour faire face \u00e0 cette situation \u00bb. Selon l\u2019OMS, c\u2019est le premier cas confirm\u00e9 d\u2019Ebola depuis 1994 en C\u00f4te d\u2019Ivoire. \u00ab Il est extr\u00eamement pr\u00e9occupant que cette \u00e9pid\u00e9mie ait \u00e9t\u00e9 d\u00e9clar\u00e9e \u00e0 Abidjan, une m\u00e9tropole de plus de quatre millions d\u2019habitants \u00bb, a d\u00e9clar\u00e9 Matshidiso Moeti, Directrice r\u00e9gionale de l\u2019OMS pour l\u2019Afrique, dans un communiqu\u00e9. \u00ab Cependant, l\u2019essentiel de l\u2019expertise mondiale en mati\u00e8re de lutte contre la maladie \u00e0 virus Ebola se trouve ici, sur le continent, et la C\u00f4te d\u2019Ivoire peut tirer parti de cette exp\u00e9rience pour acc\u00e9l\u00e9rer la riposte \u00bb, a-telle ajout\u00e9.<\/p>\n<p>La Guin\u00e9e et l\u2019OMS ont officiellement annonc\u00e9 le 19 juin la fin de la deuxi\u00e8me \u00e9pid\u00e9mie d\u2019Ebola dans ce pays, quelques mois apr\u00e8s la r\u00e9apparition de cette maladie rapidement vaincue gr\u00e2ce \u00e0 l\u2019exp\u00e9rience accumul\u00e9e en 2013-2016 o\u00f9 elle avait fait des milliers de morts.<\/p>\n","protected":false},"excerpt":{"rendered":"<p>Africa-Press &#8211; C\u00f4te d&rsquo;Ivoire. Un cas de virus Ebola a \u00e9t\u00e9 d\u00e9tect\u00e9 \u00e0 Abidjan, a annonc\u00e9 samedi soir le ministre ivoirien de la Sant\u00e9, Pierre N\u2019Gou Dimba. Les autorit\u00e9s sanitaires ivoiriennes \u00ab ont \u00e9t\u00e9 inform\u00e9es ce jour (samedi) par l\u2019Institut Pasteur d\u2019un cas de maladie \u00e0 virus Ebola apr\u00e8s examen des \u00e9chantillons pr\u00e9lev\u00e9s \u00bb vendredi [&hellip;]<\/p>\n","protected":false},"author":82,"featured_media":11416,"comment_status":"open","ping_status":"closed","sticky":false,"template":"","format":"standard","meta":{"footnotes":""},"categories":[7,11,10],"tags":[56,63,29],"class_list":["post-11417","post","type-post","status-publish","format-standard","has-post-thumbnail","hentry","category-dossiers","category-homepage-french","category-toutes-les-actualites","tag-africa-press","tag-africa-press-cote-divoire","tag-cote-divoire"],"yoast_head":"<!-- This site is optimized with the Yoast SEO Premium plugin v26.1 (Yoast SEO v27.0) - https:\/\/yoast.com\/product\/yoast-seo-premium-wordpress\/ -->\n<title>un cas de virus Ebola d\u00e9tect\u00e9 - C\u00f4te d&#039;Ivoire<\/title>\n<meta name=\"description\" content=\"Un cas de virus Ebola a \u00e9t\u00e9 d\u00e9tect\u00e9 \u00e0 Abidjan, a annonc\u00e9 samedi soir le ministre ivoirien de la Sant\u00e9, Pierre N\u2019Gou Dimb ...\" \/>\n<meta name=\"robots\" content=\"index, follow, max-snippet:-1, max-image-preview:large, max-video-preview:-1\" \/>\n<link rel=\"canonical\" href=\"https:\/\/www.africa-press.net\/cotedivoire\/dossiers\/cote-divoire-un-cas-de-virus-ebola-detecte\" \/>\n<meta property=\"og:locale\" content=\"fr_FR\" \/>\n<meta property=\"og:type\" content=\"article\" \/>\n<meta property=\"og:title\" content=\"un cas de virus Ebola d\u00e9tect\u00e9\" \/>\n<meta property=\"og:description\" content=\"Un cas de virus Ebola a \u00e9t\u00e9 d\u00e9tect\u00e9 \u00e0 Abidjan, a annonc\u00e9 samedi soir le ministre ivoirien de la Sant\u00e9, Pierre N\u2019Gou Dimb ...\" \/>\n<meta property=\"og:url\" content=\"https:\/\/www.africa-press.net\/cotedivoire\/dossiers\/cote-divoire-un-cas-de-virus-ebola-detecte\" \/>\n<meta property=\"og:site_name\" content=\"C\u00f4te d&#039;Ivoire\" \/>\n<meta property=\"article:published_time\" content=\"2021-08-15T14:30:16+00:00\" \/>\n<meta property=\"article:modified_time\" content=\"2021-08-16T21:13:51+00:00\" \/>\n<meta property=\"og:image\" content=\"https:\/\/static.africa-press.net\/cote\/sites\/43\/2021\/08\/img-611916dd497d3.jpg\" \/>\n\t<meta property=\"og:image:width\" content=\"720\" \/>\n\t<meta property=\"og:image:height\" content=\"360\" \/>\n\t<meta property=\"og:image:type\" content=\"image\/jpeg\" \/>\n<meta name=\"author\" content=\"cfeditorfr\" \/>\n<meta name=\"twitter:card\" content=\"summary_large_image\" \/>\n<meta name=\"twitter:label1\" content=\"\u00c9crit par\" \/>\n\t<meta name=\"twitter:data1\" content=\"cfeditorfr\" \/>\n\t<meta name=\"twitter:label2\" content=\"Dur\u00e9e de lecture estim\u00e9e\" \/>\n\t<meta name=\"twitter:data2\" content=\"3 minutes\" \/>\n<script type=\"application\/ld+json\" class=\"yoast-schema-graph\">{\"@context\":\"https:\/\/schema.org\",\"@graph\":[{\"@type\":\"Article\",\"@id\":\"https:\/\/www.africa-press.net\/cotedivoire\/dossiers\/cote-divoire-un-cas-de-virus-ebola-detecte#article\",\"isPartOf\":{\"@id\":\"https:\/\/www.africa-press.net\/cotedivoire\/dossiers\/cote-divoire-un-cas-de-virus-ebola-detecte\"},\"author\":{\"name\":\"cfeditorfr\",\"@id\":\"https:\/\/www.africa-press.net\/cotedivoire\/#\/schema\/person\/2b1cf3cd81a31e3cd26889ca66d677f1\"},\"headline\":\"un cas de virus Ebola d\u00e9tect\u00e9\",\"datePublished\":\"2021-08-15T14:30:16+00:00\",\"dateModified\":\"2021-08-16T21:13:51+00:00\",\"mainEntityOfPage\":{\"@id\":\"https:\/\/www.africa-press.net\/cotedivoire\/dossiers\/cote-divoire-un-cas-de-virus-ebola-detecte\"},\"wordCount\":545,\"commentCount\":0,\"image\":{\"@id\":\"https:\/\/www.africa-press.net\/cotedivoire\/dossiers\/cote-divoire-un-cas-de-virus-ebola-detecte#primaryimage\"},\"thumbnailUrl\":\"https:\/\/static.africa-press.net\/cote\/sites\/43\/2021\/08\/img-611916dd497d3.jpg\",\"keywords\":[\"Africa Press\",\"Africa Press-C\u00f4te d'Ivoire\",\"C\u00d4TE D'IVOIRE\"],\"articleSection\":[\"Dossiers\",\"homepage-french\",\"Toutes les actualit\u00e9s\"],\"inLanguage\":\"fr-FR\",\"potentialAction\":[{\"@type\":\"CommentAction\",\"name\":\"Comment\",\"target\":[\"https:\/\/www.africa-press.net\/cotedivoire\/dossiers\/cote-divoire-un-cas-de-virus-ebola-detecte#respond\"]}]},{\"@type\":\"WebPage\",\"@id\":\"https:\/\/www.africa-press.net\/cotedivoire\/dossiers\/cote-divoire-un-cas-de-virus-ebola-detecte\",\"url\":\"https:\/\/www.africa-press.net\/cotedivoire\/dossiers\/cote-divoire-un-cas-de-virus-ebola-detecte\",\"name\":\"un cas de virus Ebola d\u00e9tect\u00e9 - C\u00f4te d&#039;Ivoire\",\"isPartOf\":{\"@id\":\"https:\/\/www.africa-press.net\/cotedivoire\/#website\"},\"primaryImageOfPage\":{\"@id\":\"https:\/\/www.africa-press.net\/cotedivoire\/dossiers\/cote-divoire-un-cas-de-virus-ebola-detecte#primaryimage\"},\"image\":{\"@id\":\"https:\/\/www.africa-press.net\/cotedivoire\/dossiers\/cote-divoire-un-cas-de-virus-ebola-detecte#primaryimage\"},\"thumbnailUrl\":\"https:\/\/static.africa-press.net\/cote\/sites\/43\/2021\/08\/img-611916dd497d3.jpg\",\"datePublished\":\"2021-08-15T14:30:16+00:00\",\"dateModified\":\"2021-08-16T21:13:51+00:00\",\"author\":{\"@id\":\"https:\/\/www.africa-press.net\/cotedivoire\/#\/schema\/person\/2b1cf3cd81a31e3cd26889ca66d677f1\"},\"description\":\"Un cas de virus Ebola a \u00e9t\u00e9 d\u00e9tect\u00e9 \u00e0 Abidjan, a annonc\u00e9 samedi soir le ministre ivoirien de la Sant\u00e9, Pierre N\u2019Gou Dimb ...\",\"breadcrumb\":{\"@id\":\"https:\/\/www.africa-press.net\/cotedivoire\/dossiers\/cote-divoire-un-cas-de-virus-ebola-detecte#breadcrumb\"},\"inLanguage\":\"fr-FR\",\"potentialAction\":[{\"@type\":\"ReadAction\",\"target\":[\"https:\/\/www.africa-press.net\/cotedivoire\/dossiers\/cote-divoire-un-cas-de-virus-ebola-detecte\"]}]},{\"@type\":\"ImageObject\",\"inLanguage\":\"fr-FR\",\"@id\":\"https:\/\/www.africa-press.net\/cotedivoire\/dossiers\/cote-divoire-un-cas-de-virus-ebola-detecte#primaryimage\",\"url\":\"https:\/\/static.africa-press.net\/cote\/sites\/43\/2021\/08\/img-611916dd497d3.jpg\",\"contentUrl\":\"https:\/\/static.africa-press.net\/cote\/sites\/43\/2021\/08\/img-611916dd497d3.jpg\",\"width\":720,\"height\":360,\"caption\":\"C\u00f4te d\u2019Ivoire : un cas de virus Ebola d\u00e9tect\u00e9\"},{\"@type\":\"BreadcrumbList\",\"@id\":\"https:\/\/www.africa-press.net\/cotedivoire\/dossiers\/cote-divoire-un-cas-de-virus-ebola-detecte#breadcrumb\",\"itemListElement\":[{\"@type\":\"ListItem\",\"position\":1,\"name\":\"Accueil\",\"item\":\"https:\/\/www.africa-press.net\/cotedivoire\/\"},{\"@type\":\"ListItem\",\"position\":2,\"name\":\"un cas de virus Ebola d\u00e9tect\u00e9\"}]},{\"@type\":\"WebSite\",\"@id\":\"https:\/\/www.africa-press.net\/cotedivoire\/#website\",\"url\":\"https:\/\/www.africa-press.net\/cotedivoire\/\",\"name\":\"C\u00f4te d&#039;Ivoire\",\"description\":\"Just another Africa News Agency Sites site\",\"potentialAction\":[{\"@type\":\"SearchAction\",\"target\":{\"@type\":\"EntryPoint\",\"urlTemplate\":\"https:\/\/www.africa-press.net\/cotedivoire\/?s={search_term_string}\"},\"query-input\":{\"@type\":\"PropertyValueSpecification\",\"valueRequired\":true,\"valueName\":\"search_term_string\"}}],\"inLanguage\":\"fr-FR\"},{\"@type\":\"Person\",\"@id\":\"https:\/\/www.africa-press.net\/cotedivoire\/#\/schema\/person\/2b1cf3cd81a31e3cd26889ca66d677f1\",\"name\":\"cfeditorfr\"}]}<\/script>\n<!-- \/ Yoast SEO Premium plugin. -->","yoast_head_json":{"title":"un cas de virus Ebola d\u00e9tect\u00e9 - C\u00f4te d&#039;Ivoire","description":"Un cas de virus Ebola a \u00e9t\u00e9 d\u00e9tect\u00e9 \u00e0 Abidjan, a annonc\u00e9 samedi soir le ministre ivoirien de la Sant\u00e9, Pierre N\u2019Gou Dimb ...","robots":{"index":"index","follow":"follow","max-snippet":"max-snippet:-1","max-image-preview":"max-image-preview:large","max-video-preview":"max-video-preview:-1"},"canonical":"https:\/\/www.africa-press.net\/cotedivoire\/dossiers\/cote-divoire-un-cas-de-virus-ebola-detecte","og_locale":"fr_FR","og_type":"article","og_title":"un cas de virus Ebola d\u00e9tect\u00e9","og_description":"Un cas de virus Ebola a \u00e9t\u00e9 d\u00e9tect\u00e9 \u00e0 Abidjan, a annonc\u00e9 samedi soir le ministre ivoirien de la Sant\u00e9, Pierre N\u2019Gou Dimb ...","og_url":"https:\/\/www.africa-press.net\/cotedivoire\/dossiers\/cote-divoire-un-cas-de-virus-ebola-detecte","og_site_name":"C\u00f4te d&#039;Ivoire","article_published_time":"2021-08-15T14:30:16+00:00","article_modified_time":"2021-08-16T21:13:51+00:00","og_image":[{"width":720,"height":360,"url":"https:\/\/static.africa-press.net\/cote\/sites\/43\/2021\/08\/img-611916dd497d3.jpg","type":"image\/jpeg"}],"author":"cfeditorfr","twitter_card":"summary_large_image","twitter_misc":{"\u00c9crit par":"cfeditorfr","Dur\u00e9e de lecture estim\u00e9e":"3 minutes"},"schema":{"@context":"https:\/\/schema.org","@graph":[{"@type":"Article","@id":"https:\/\/www.africa-press.net\/cotedivoire\/dossiers\/cote-divoire-un-cas-de-virus-ebola-detecte#article","isPartOf":{"@id":"https:\/\/www.africa-press.net\/cotedivoire\/dossiers\/cote-divoire-un-cas-de-virus-ebola-detecte"},"author":{"name":"cfeditorfr","@id":"https:\/\/www.africa-press.net\/cotedivoire\/#\/schema\/person\/2b1cf3cd81a31e3cd26889ca66d677f1"},"headline":"un cas de virus Ebola d\u00e9tect\u00e9","datePublished":"2021-08-15T14:30:16+00:00","dateModified":"2021-08-16T21:13:51+00:00","mainEntityOfPage":{"@id":"https:\/\/www.africa-press.net\/cotedivoire\/dossiers\/cote-divoire-un-cas-de-virus-ebola-detecte"},"wordCount":545,"commentCount":0,"image":{"@id":"https:\/\/www.africa-press.net\/cotedivoire\/dossiers\/cote-divoire-un-cas-de-virus-ebola-detecte#primaryimage"},"thumbnailUrl":"https:\/\/static.africa-press.net\/cote\/sites\/43\/2021\/08\/img-611916dd497d3.jpg","keywords":["Africa Press","Africa Press-C\u00f4te d'Ivoire","C\u00d4TE D'IVOIRE"],"articleSection":["Dossiers","homepage-french","Toutes les actualit\u00e9s"],"inLanguage":"fr-FR","potentialAction":[{"@type":"CommentAction","name":"Comment","target":["https:\/\/www.africa-press.net\/cotedivoire\/dossiers\/cote-divoire-un-cas-de-virus-ebola-detecte#respond"]}]},{"@type":"WebPage","@id":"https:\/\/www.africa-press.net\/cotedivoire\/dossiers\/cote-divoire-un-cas-de-virus-ebola-detecte","url":"https:\/\/www.africa-press.net\/cotedivoire\/dossiers\/cote-divoire-un-cas-de-virus-ebola-detecte","name":"un cas de virus Ebola d\u00e9tect\u00e9 - C\u00f4te d&#039;Ivoire","isPartOf":{"@id":"https:\/\/www.africa-press.net\/cotedivoire\/#website"},"primaryImageOfPage":{"@id":"https:\/\/www.africa-press.net\/cotedivoire\/dossiers\/cote-divoire-un-cas-de-virus-ebola-detecte#primaryimage"},"image":{"@id":"https:\/\/www.africa-press.net\/cotedivoire\/dossiers\/cote-divoire-un-cas-de-virus-ebola-detecte#primaryimage"},"thumbnailUrl":"https:\/\/static.africa-press.net\/cote\/sites\/43\/2021\/08\/img-611916dd497d3.jpg","datePublished":"2021-08-15T14:30:16+00:00","dateModified":"2021-08-16T21:13:51+00:00","author":{"@id":"https:\/\/www.africa-press.net\/cotedivoire\/#\/schema\/person\/2b1cf3cd81a31e3cd26889ca66d677f1"},"description":"Un cas de virus Ebola a \u00e9t\u00e9 d\u00e9tect\u00e9 \u00e0 Abidjan, a annonc\u00e9 samedi soir le ministre ivoirien de la Sant\u00e9, Pierre N\u2019Gou Dimb ...","breadcrumb":{"@id":"https:\/\/www.africa-press.net\/cotedivoire\/dossiers\/cote-divoire-un-cas-de-virus-ebola-detecte#breadcrumb"},"inLanguage":"fr-FR","potentialAction":[{"@type":"ReadAction","target":["https:\/\/www.africa-press.net\/cotedivoire\/dossiers\/cote-divoire-un-cas-de-virus-ebola-detecte"]}]},{"@type":"ImageObject","inLanguage":"fr-FR","@id":"https:\/\/www.africa-press.net\/cotedivoire\/dossiers\/cote-divoire-un-cas-de-virus-ebola-detecte#primaryimage","url":"https:\/\/static.africa-press.net\/cote\/sites\/43\/2021\/08\/img-611916dd497d3.jpg","contentUrl":"https:\/\/static.africa-press.net\/cote\/sites\/43\/2021\/08\/img-611916dd497d3.jpg","width":720,"height":360,"caption":"C\u00f4te d\u2019Ivoire : un cas de virus Ebola d\u00e9tect\u00e9"},{"@type":"BreadcrumbList","@id":"https:\/\/www.africa-press.net\/cotedivoire\/dossiers\/cote-divoire-un-cas-de-virus-ebola-detecte#breadcrumb","itemListElement":[{"@type":"ListItem","position":1,"name":"Accueil","item":"https:\/\/www.africa-press.net\/cotedivoire\/"},{"@type":"ListItem","position":2,"name":"un cas de virus Ebola d\u00e9tect\u00e9"}]},{"@type":"WebSite","@id":"https:\/\/www.africa-press.net\/cotedivoire\/#website","url":"https:\/\/www.africa-press.net\/cotedivoire\/","name":"C\u00f4te d&#039;Ivoire","description":"Just another Africa News Agency Sites site","potentialAction":[{"@type":"SearchAction","target":{"@type":"EntryPoint","urlTemplate":"https:\/\/www.africa-press.net\/cotedivoire\/?s={search_term_string}"},"query-input":{"@type":"PropertyValueSpecification","valueRequired":true,"valueName":"search_term_string"}}],"inLanguage":"fr-FR"},{"@type":"Person","@id":"https:\/\/www.africa-press.net\/cotedivoire\/#\/schema\/person\/2b1cf3cd81a31e3cd26889ca66d677f1","name":"cfeditorfr"}]}},"_links":{"self":[{"href":"https:\/\/www.africa-press.net\/cotedivoire\/wp-json\/wp\/v2\/posts\/11417","targetHints":{"allow":["GET"]}}],"collection":[{"href":"https:\/\/www.africa-press.net\/cotedivoire\/wp-json\/wp\/v2\/posts"}],"about":[{"href":"https:\/\/www.africa-press.net\/cotedivoire\/wp-json\/wp\/v2\/types\/post"}],"author":[{"embeddable":true,"href":"https:\/\/www.africa-press.net\/cotedivoire\/wp-json\/wp\/v2\/users\/82"}],"replies":[{"embeddable":true,"href":"https:\/\/www.africa-press.net\/cotedivoire\/wp-json\/wp\/v2\/comments?post=11417"}],"version-history":[{"count":0,"href":"https:\/\/www.africa-press.net\/cotedivoire\/wp-json\/wp\/v2\/posts\/11417\/revisions"}],"wp:featuredmedia":[{"embeddable":true,"href":"https:\/\/www.africa-press.net\/cotedivoire\/wp-json\/wp\/v2\/media\/11416"}],"wp:attachment":[{"href":"https:\/\/www.africa-press.net\/cotedivoire\/wp-json\/wp\/v2\/media?parent=11417"}],"wp:term":[{"taxonomy":"category","embeddable":true,"href":"https:\/\/www.africa-press.net\/cotedivoire\/wp-json\/wp\/v2\/categories?post=11417"},{"taxonomy":"post_tag","embeddable":true,"href":"https:\/\/www.africa-press.net\/cotedivoire\/wp-json\/wp\/v2\/tags?post=11417"}],"curies":[{"name":"wp","href":"https:\/\/api.w.org\/{rel}","templated":true}]}}