{"id":11421,"date":"2021-08-16T14:46:32","date_gmt":"2021-08-16T14:46:32","guid":{"rendered":"https:\/\/www.africa-press.net\/cotedivoire\/politique\/accuses-de-cabales-contre-ange-leonid-b-battesti-lex-ministre-joel-nguessan-et-le-journaliste-said-penda-repondent-2"},"modified":"2021-08-16T21:10:15","modified_gmt":"2021-08-16T21:10:15","slug":"accuses-de-cabales-contre-ange-leonid-b-battesti-lex-ministre-joel-nguessan-et-le-journaliste-said-penda-repondent-2","status":"publish","type":"post","link":"https:\/\/www.africa-press.net\/cotedivoire\/economie\/accuses-de-cabales-contre-ange-leonid-b-battesti-lex-ministre-joel-nguessan-et-le-journaliste-said-penda-repondent-2","title":{"rendered":"Accus\u00e9s de cabales contre Ange L\u00e9onid B. Battesti: L\u2019ex ministre Jo\u00ebl N\u2019guessan et le journaliste Sa\u00efd Penda r\u00e9pondent"},"content":{"rendered":"<p><span style=\"color: #ff6600\"><strong><a href=\"https:\/\/www.africa-press.net\/\">Africa-Press<\/a> &#8211; <a href=\"https:\/\/www.africa-press.net\/cotedivoire\">C\u00f4te d&rsquo;Ivoire<\/a>.\u00a0 <\/strong><\/span>L\u2019intelligent d\u2019Abidjan a appris que le Pr\u00e9sident du conseil de gestion, Jo\u00ebl N\u2019guessan et le journaliste Sa\u00efd Penda, sont au centre d\u2019une cabale pour jeter le discr\u00e9dit sur la gestion de Monsieur Ange Barry Battesti, Secr\u00e9taire g\u00e9n\u00e9ral du Fonds de d\u00e9veloppement de la formation professionnelle (FDFP).<\/p>\n<p>Le Pr\u00e9sident du conseil de gestion, Jo\u00ebl N\u2019guessan et le journaliste Sa\u00efd Penda, ont \u00e9t\u00e9 contact\u00e9s pour r\u00e9agir aux informations qui ont fait \u00e9tat de leurs agissements visant \u00e0 jeter le discr\u00e9dit sur la gestion de Monsieur Ange Barry Battesti.<\/p>\n<p>[ Jo\u00ebl N\u2019guessan assure que le SG Ange Barry Battesti travaille bien ]<\/p>\n<p>Se basant sur un rapport de l\u2019Inspection g\u00e9n\u00e9rale d\u2019\u00c9tat (IGE) , le Pr\u00e9sident du conseil de gestion, Jo\u00ebl N\u2019guessan, a convoqu\u00e9 pour le mardi 17 ao\u00fbt 2021 un conseil de gestion au Fdfp. L\u2019ordre du jour ne porte pas express\u00e9ment sur la r\u00e9vocation du Secr\u00e9taire g\u00e9n\u00e9ral, Ange Barry Battesti. Cependant des sources assurent que le Pr\u00e9sident du conseil de gestion a entrepris en vain de le faire suspendre aupr\u00e8s de certains membres du conseil de gestion, sur la base de l\u2019examen du rapport de gestion.<\/p>\n<p>Contact\u00e9 par l\u2019intelligent d\u2019Abidjan sur la question, Jo\u00ebl N\u2019guessan a fait cette pr\u00e9cision : \u00ab On a une r\u00e9union le mardi 17 ao\u00fbt 2021. On va regarder le rapport de l\u2019inspection g\u00e9n\u00e9rale d\u2019\u00c9tat et on va d\u00e9cider . Je ne sais pas si c\u2019est pour d\u00e9mettre le SG. Ce sont les membres du comit\u00e9 de gestion qui d\u00e9cident \u00bb.<\/p>\n<p>\u00c0 la question de savoir s\u2019il est effectivement \u00e0 la base d\u2019une cabale contre le secr\u00e9taire g\u00e9n\u00e9ral, l\u2019ex ministre a r\u00e9pondu : \u00ab Mais pourquoi ? Je n\u2019ai pas besoin de \u00e7a . C\u2019est quelqu\u2019un qui a \u00e9t\u00e9 nomm\u00e9, qui fait son travail. (\u2026). On ne cherche \u00e0 d\u00e9mettre quelqu\u2019un. On est dans la bonne gouvernance. Si les gens analysent le rapport et disent qu\u2019il y a un probl\u00e8me, on va aviser. Si c\u2019est pas le cas, il poursuit son travail . Il fait du bon travail d\u2019ailleurs. Il a fait du bon travail, il faut le reconna\u00eetre. Maintenant s\u2019il y a un probl\u00e8me, ce sont les membres du comit\u00e9 de gestion qui vont appr\u00e9cier \u00bb.<\/p>\n<p>[ Sa\u00efd affirme n\u2019avoir pas parl\u00e9 du Fdfp ]<\/p>\n<p>De son c\u00f4t\u00e9 , le journaliste Said Penda \u00e9tait revenu \u00e0 la charge, apr\u00e8s une premi\u00e8re publication sur les r\u00e9seaux sociaux mettant en cause, le SG du Fdfp. Dans cette seconde publication, le confr\u00e8re annonce m\u00eame une enqu\u00eate plus pr\u00e9cise ce dimanche 14 ao\u00fbt 2021, sans toutefois avoir cit\u00e9 nomm\u00e9ment le Fdfp. Il s\u2019est content\u00e9 d\u2019\u00e9voquer une structure publique ivoirienne en charge de la formation professionnelle, en se gardant de pr\u00e9ciser si toutes ces structures en charge de la formation professionnelle ont fait l\u2019objet d\u2019un audit, comme le Fdfp.<\/p>\n<p>Interrog\u00e9, Said Penda a ni\u00e9 avoir parl\u00e9 du Fdfp. Il n\u2019a pas confirm\u00e9 les informations faisant \u00e9tat de collusion avec le Pr\u00e9sident du conseil de gestion, dans le cadre d\u2019une cabale contre Ange Barry Battesti, dont il a annonc\u00e9 avec assurance le limogeage le mardi 17 ao\u00fbt 2021, m\u00eame si le confr\u00e8re laisse entendre qu\u2019il peut ne pas s\u2019agir du Fdfp. Alors question : quelle est la structure qui tient , comme le Fdfp , un comit\u00e9 de gestion le 17 ao\u00fbt 2021, parmi les trois qui sont charg\u00e9es de la formation professionnelle ?<\/p>\n<p>\u00ab Nulle part je n\u2019ai \u00e9voqu\u00e9 le FDFP. Il y a trois structures de formation professionnelle en C\u00f4te d\u2019Ivoire. Il y a l\u2019AGEFOP l\u2019AGEPE et le FDFP . Qu\u2019est ce qui vous dit que je parle du FDFP ? Ne me faites pas dire ce que je n\u2019ai pas \u00e9crit. Moi je suis journaliste d\u2019investigation. Chaque fois que j\u2019\u00e9cris, on dit que c\u2019est une cabale contre une personnalit\u00e9. Quand j\u2019ai \u00e9crit pour la gestion du DG du FER, on a parl\u00e9 de cabale. Moi je fais mon travail \u00bb, a notamment affirm\u00e9 Sa\u00efd Penda.<\/p>\n<p>[ Le rapport de l\u2019IGE ne confirme aucun d\u00e9tournement ni une mauvaise gestion av\u00e9r\u00e9e ]<\/p>\n<p>Tout avait commenc\u00e9 le 29 d\u00e9cembre 2020, quand des cyberactivistes ont publi\u00e9 sur les r\u00e9seaux sociaux une information faisant \u00e9tat de scandale financier au Fonds de d\u00e9veloppement de la formation professionnelle, portant sur le d\u00e9tournement de plusieurs milliards de F CFA, mettant ainsi en cause la gestion du secr\u00e9taire g\u00e9n\u00e9ral de cette structure Ange-Leonid Barry Battesti.<\/p>\n<p>Suite \u00e0 ces informations, par courrier en date du 18 f\u00e9vrier 2021, le pr\u00e9sident de la Haute autorit\u00e9 pour la bonne gouvernance a saisi l\u2019inspection g\u00e9n\u00e9rale d\u2019\u00c9tat \u00e0 l\u2019effet de mener une mission de v\u00e9rification relative \u00e0 ce scandale financier pr\u00e9sum\u00e9 au FDFP. L\u2019audit qui a alors \u00e9t\u00e9 diligent\u00e9 par l\u2019inspection g\u00e9n\u00e9rale d\u2019Etat (IGE) le 23 f\u00e9vrier 2021, a pris fin le 22 mars 2021, soit 30 jours apr\u00e8s.<\/p>\n<p>L\u2019Intelligent d\u2019Abidjan a pu disposer d\u2019une copie du rapport de 54 pages ayant sanctionn\u00e9 cet audit. Il ne fait pas mention de d\u00e9tournement de milliards Fcfa. La mission de l\u2019IGE rel\u00e8ve cependant un certain nombre de dysfonctionnements,pour lesquels des recommandations ont \u00e9t\u00e9 faites.<\/p>\n<p>[ Les recommandations faites par l\u2019IGE au FDFP ]<\/p>\n<p>Au plan administratif , la mission demande de faire respecter l\u2019organigramme officiel du FDFP, de mettre en place le cadre organique des emplois conform\u00e9ment aux dispositions r\u00e9glementaires et faire \u00e9tablir sur cette base les fiches de poste. Elle demande \u00e9galement de faire nommer un chef de service ayant les qualit\u00e9s requises pour diriger le service informatique et cr\u00e9er une meilleure ambiance de travail.<\/p>\n<p>Sur le plan financier, l\u2019IGE appelle \u00e0 mettre fin \u00e0 la multiplicit\u00e9 des comptes et aux mauvaises imputations budg\u00e9taires. \u00ab Mettre fin \u00e0 l\u2019ouverture des d\u00e9p\u00f4ts \u00e0 terme et faire fermer ceux qui existent au nombre de 3 ; Faire nommer la collaboratrice de l\u2019agent comptable conform\u00e9ment aux dispositions r\u00e9glementaires ; Mettre fin aux prestations d\u2019organisation des missions du FDFP par des fournisseurs qui entrainent des d\u00e9penses excessives et exiger toutes les pi\u00e8ces justificatives li\u00e9es aux engagements des d\u00e9penses avant tout paiement \u00bb, a notamment recommand\u00e9 l\u2019inspection g\u00e9n\u00e9rale d\u2019\u00c9tat.<\/p>\n<p>Depuis lors, certaines recommandations ont fait l\u2019objet d\u2019appropriation par le Secr\u00e9taire g\u00e9n\u00e9ral, Ange Barry Battesti, dont les services n\u2019ont pas souhait\u00e9 r\u00e9pondre avant la session du conseil de gestion du mardi 17 ao\u00fbt 2021 aux m\u00eames questions pos\u00e9es \u00e0 Jo\u00ebl N\u2019guessan et Sa\u00efd Penda du mardi 17 ao\u00fbt 2021. En effet, des collaborateurs de Ange Barry Battesti, assurent que le secr\u00e9taire g\u00e9n\u00e9ral du Fdfp attend notamment d\u2019avoir le soutien et l\u2019appui du Conseil de gestion et de son Pr\u00e9sident , pour la poursuite de la mise en \u0153uvre des recommandations.<\/p>\n<p>[ Satisfecit du gouvernement au sujet du Fdfp ]<\/p>\n<p>Il est bon de rappeler que le 16 juin 2021, le gouvernement avait affirm\u00e9 \u00e0 l\u2019issue d\u2019un conseil des ministres tenu ce jour , avait que trois \u00c9tablissements publics nationaux avaient enregistr\u00e9 les r\u00e9sultats d\u2019exploitation les plus \u00e9lev\u00e9s. Le Fdfp faisait partie de ces entreprises, avec un r\u00e9sultat positif de 3 milliards 700 millions de Fcfa. L\u2019ANRMP avec 4,8 milliards Fcfa et la Sogepie avec 2,4 milliards Fcfa, compl\u00e9taient le trio.<\/p>\n<p>&nbsp;<\/p>\n","protected":false},"excerpt":{"rendered":"<p>Africa-Press &#8211; C\u00f4te d&rsquo;Ivoire.\u00a0 L\u2019intelligent d\u2019Abidjan a appris que le Pr\u00e9sident du conseil de gestion, Jo\u00ebl N\u2019guessan et le journaliste Sa\u00efd Penda, sont au centre d\u2019une cabale pour jeter le discr\u00e9dit sur la gestion de Monsieur Ange Barry Battesti, Secr\u00e9taire g\u00e9n\u00e9ral du Fonds de d\u00e9veloppement de la formation professionnelle (FDFP). Le Pr\u00e9sident du conseil de [&hellip;]<\/p>\n","protected":false},"author":82,"featured_media":11420,"comment_status":"open","ping_status":"closed","sticky":false,"template":"","format":"standard","meta":{"footnotes":""},"categories":[3,11,10],"tags":[56,63,29],"class_list":["post-11421","post","type-post","status-publish","format-standard","has-post-thumbnail","hentry","category-economie","category-homepage-french","category-toutes-les-actualites","tag-africa-press","tag-africa-press-cote-divoire","tag-cote-divoire"],"yoast_head":"<!-- This site is optimized with the Yoast SEO Premium plugin v26.1 (Yoast SEO v27.0) - https:\/\/yoast.com\/product\/yoast-seo-premium-wordpress\/ -->\n<title>Accus\u00e9s de cabales contre Ange L\u00e9onid B. Battesti: L\u2019ex ministre Jo\u00ebl N\u2019guessan et le journaliste Sa\u00efd Penda r\u00e9pondent - C\u00f4te d&#039;Ivoire<\/title>\n<meta name=\"description\" content=\"C\u00f4te d\u2019Ivoire \u2013 L\u2019intelligent d\u2019Abidjan a appris que le Pr\u00e9sident du conseil de gestion, Jo\u00ebl N\u2019guessan et le journalist ...\" \/>\n<meta name=\"robots\" content=\"index, follow, max-snippet:-1, max-image-preview:large, max-video-preview:-1\" \/>\n<link rel=\"canonical\" href=\"https:\/\/www.africa-press.net\/cotedivoire\/economie\/accuses-de-cabales-contre-ange-leonid-b-battesti-lex-ministre-joel-nguessan-et-le-journaliste-said-penda-repondent-2\" \/>\n<meta property=\"og:locale\" content=\"fr_FR\" \/>\n<meta property=\"og:type\" content=\"article\" \/>\n<meta property=\"og:title\" content=\"Accus\u00e9s de cabales contre Ange L\u00e9onid B. Battesti: L\u2019ex ministre Jo\u00ebl N\u2019guessan et le journaliste Sa\u00efd Penda r\u00e9pondent\" \/>\n<meta property=\"og:description\" content=\"C\u00f4te d\u2019Ivoire \u2013 L\u2019intelligent d\u2019Abidjan a appris que le Pr\u00e9sident du conseil de gestion, Jo\u00ebl N\u2019guessan et le journalist ...\" \/>\n<meta property=\"og:url\" content=\"https:\/\/www.africa-press.net\/cotedivoire\/economie\/accuses-de-cabales-contre-ange-leonid-b-battesti-lex-ministre-joel-nguessan-et-le-journaliste-said-penda-repondent-2\" \/>\n<meta property=\"og:site_name\" content=\"C\u00f4te d&#039;Ivoire\" \/>\n<meta property=\"article:published_time\" content=\"2021-08-16T14:46:32+00:00\" \/>\n<meta property=\"article:modified_time\" content=\"2021-08-16T21:10:15+00:00\" \/>\n<meta property=\"og:image\" content=\"https:\/\/static.africa-press.net\/cote\/sites\/43\/2021\/08\/img-611a7a001259f.jpg\" \/>\n\t<meta property=\"og:image:width\" content=\"796\" \/>\n\t<meta property=\"og:image:height\" content=\"399\" \/>\n\t<meta property=\"og:image:type\" content=\"image\/jpeg\" \/>\n<meta name=\"author\" content=\"cfeditorfr\" \/>\n<meta name=\"twitter:card\" content=\"summary_large_image\" \/>\n<meta name=\"twitter:label1\" content=\"\u00c9crit par\" \/>\n\t<meta name=\"twitter:data1\" content=\"cfeditorfr\" \/>\n\t<meta name=\"twitter:label2\" content=\"Dur\u00e9e de lecture estim\u00e9e\" \/>\n\t<meta name=\"twitter:data2\" content=\"5 minutes\" \/>\n<script type=\"application\/ld+json\" class=\"yoast-schema-graph\">{\"@context\":\"https:\/\/schema.org\",\"@graph\":[{\"@type\":\"Article\",\"@id\":\"https:\/\/www.africa-press.net\/cotedivoire\/economie\/accuses-de-cabales-contre-ange-leonid-b-battesti-lex-ministre-joel-nguessan-et-le-journaliste-said-penda-repondent-2#article\",\"isPartOf\":{\"@id\":\"https:\/\/www.africa-press.net\/cotedivoire\/economie\/accuses-de-cabales-contre-ange-leonid-b-battesti-lex-ministre-joel-nguessan-et-le-journaliste-said-penda-repondent-2\"},\"author\":{\"name\":\"cfeditorfr\",\"@id\":\"https:\/\/www.africa-press.net\/cotedivoire\/#\/schema\/person\/2b1cf3cd81a31e3cd26889ca66d677f1\"},\"headline\":\"Accus\u00e9s de cabales contre Ange L\u00e9onid B. Battesti: L\u2019ex ministre Jo\u00ebl N\u2019guessan et le journaliste Sa\u00efd Penda r\u00e9pondent\",\"datePublished\":\"2021-08-16T14:46:32+00:00\",\"dateModified\":\"2021-08-16T21:10:15+00:00\",\"mainEntityOfPage\":{\"@id\":\"https:\/\/www.africa-press.net\/cotedivoire\/economie\/accuses-de-cabales-contre-ange-leonid-b-battesti-lex-ministre-joel-nguessan-et-le-journaliste-said-penda-repondent-2\"},\"wordCount\":1305,\"commentCount\":0,\"image\":{\"@id\":\"https:\/\/www.africa-press.net\/cotedivoire\/economie\/accuses-de-cabales-contre-ange-leonid-b-battesti-lex-ministre-joel-nguessan-et-le-journaliste-said-penda-repondent-2#primaryimage\"},\"thumbnailUrl\":\"https:\/\/static.africa-press.net\/cote\/sites\/43\/2021\/08\/img-611a7a001259f.jpg\",\"keywords\":[\"Africa Press\",\"Africa Press-C\u00f4te d'Ivoire\",\"C\u00d4TE D'IVOIRE\"],\"articleSection\":[\"\u00c9conomie\",\"homepage-french\",\"Toutes les actualit\u00e9s\"],\"inLanguage\":\"fr-FR\",\"potentialAction\":[{\"@type\":\"CommentAction\",\"name\":\"Comment\",\"target\":[\"https:\/\/www.africa-press.net\/cotedivoire\/economie\/accuses-de-cabales-contre-ange-leonid-b-battesti-lex-ministre-joel-nguessan-et-le-journaliste-said-penda-repondent-2#respond\"]}]},{\"@type\":\"WebPage\",\"@id\":\"https:\/\/www.africa-press.net\/cotedivoire\/economie\/accuses-de-cabales-contre-ange-leonid-b-battesti-lex-ministre-joel-nguessan-et-le-journaliste-said-penda-repondent-2\",\"url\":\"https:\/\/www.africa-press.net\/cotedivoire\/economie\/accuses-de-cabales-contre-ange-leonid-b-battesti-lex-ministre-joel-nguessan-et-le-journaliste-said-penda-repondent-2\",\"name\":\"Accus\u00e9s de cabales contre Ange L\u00e9onid B. Battesti: L\u2019ex ministre Jo\u00ebl N\u2019guessan et le journaliste Sa\u00efd Penda r\u00e9pondent - C\u00f4te d&#039;Ivoire\",\"isPartOf\":{\"@id\":\"https:\/\/www.africa-press.net\/cotedivoire\/#website\"},\"primaryImageOfPage\":{\"@id\":\"https:\/\/www.africa-press.net\/cotedivoire\/economie\/accuses-de-cabales-contre-ange-leonid-b-battesti-lex-ministre-joel-nguessan-et-le-journaliste-said-penda-repondent-2#primaryimage\"},\"image\":{\"@id\":\"https:\/\/www.africa-press.net\/cotedivoire\/economie\/accuses-de-cabales-contre-ange-leonid-b-battesti-lex-ministre-joel-nguessan-et-le-journaliste-said-penda-repondent-2#primaryimage\"},\"thumbnailUrl\":\"https:\/\/static.africa-press.net\/cote\/sites\/43\/2021\/08\/img-611a7a001259f.jpg\",\"datePublished\":\"2021-08-16T14:46:32+00:00\",\"dateModified\":\"2021-08-16T21:10:15+00:00\",\"author\":{\"@id\":\"https:\/\/www.africa-press.net\/cotedivoire\/#\/schema\/person\/2b1cf3cd81a31e3cd26889ca66d677f1\"},\"description\":\"C\u00f4te d\u2019Ivoire \u2013 L\u2019intelligent d\u2019Abidjan a appris que le Pr\u00e9sident du conseil de gestion, Jo\u00ebl N\u2019guessan et le journalist ...\",\"breadcrumb\":{\"@id\":\"https:\/\/www.africa-press.net\/cotedivoire\/economie\/accuses-de-cabales-contre-ange-leonid-b-battesti-lex-ministre-joel-nguessan-et-le-journaliste-said-penda-repondent-2#breadcrumb\"},\"inLanguage\":\"fr-FR\",\"potentialAction\":[{\"@type\":\"ReadAction\",\"target\":[\"https:\/\/www.africa-press.net\/cotedivoire\/economie\/accuses-de-cabales-contre-ange-leonid-b-battesti-lex-ministre-joel-nguessan-et-le-journaliste-said-penda-repondent-2\"]}]},{\"@type\":\"ImageObject\",\"inLanguage\":\"fr-FR\",\"@id\":\"https:\/\/www.africa-press.net\/cotedivoire\/economie\/accuses-de-cabales-contre-ange-leonid-b-battesti-lex-ministre-joel-nguessan-et-le-journaliste-said-penda-repondent-2#primaryimage\",\"url\":\"https:\/\/static.africa-press.net\/cote\/sites\/43\/2021\/08\/img-611a7a001259f.jpg\",\"contentUrl\":\"https:\/\/static.africa-press.net\/cote\/sites\/43\/2021\/08\/img-611a7a001259f.jpg\",\"width\":796,\"height\":399,\"caption\":\"Accus\u00e9s de cabales contre Ange L\u00e9onid B. Battesti: L\u2019ex ministre Jo\u00ebl N\u2019guessan et le journaliste Sa\u00efd Penda r\u00e9pondent\"},{\"@type\":\"BreadcrumbList\",\"@id\":\"https:\/\/www.africa-press.net\/cotedivoire\/economie\/accuses-de-cabales-contre-ange-leonid-b-battesti-lex-ministre-joel-nguessan-et-le-journaliste-said-penda-repondent-2#breadcrumb\",\"itemListElement\":[{\"@type\":\"ListItem\",\"position\":1,\"name\":\"Accueil\",\"item\":\"https:\/\/www.africa-press.net\/cotedivoire\/\"},{\"@type\":\"ListItem\",\"position\":2,\"name\":\"Accus\u00e9s de cabales contre Ange L\u00e9onid B. Battesti: L\u2019ex ministre Jo\u00ebl N\u2019guessan et le journaliste Sa\u00efd Penda r\u00e9pondent\"}]},{\"@type\":\"WebSite\",\"@id\":\"https:\/\/www.africa-press.net\/cotedivoire\/#website\",\"url\":\"https:\/\/www.africa-press.net\/cotedivoire\/\",\"name\":\"C\u00f4te d&#039;Ivoire\",\"description\":\"Just another Africa News Agency Sites site\",\"potentialAction\":[{\"@type\":\"SearchAction\",\"target\":{\"@type\":\"EntryPoint\",\"urlTemplate\":\"https:\/\/www.africa-press.net\/cotedivoire\/?s={search_term_string}\"},\"query-input\":{\"@type\":\"PropertyValueSpecification\",\"valueRequired\":true,\"valueName\":\"search_term_string\"}}],\"inLanguage\":\"fr-FR\"},{\"@type\":\"Person\",\"@id\":\"https:\/\/www.africa-press.net\/cotedivoire\/#\/schema\/person\/2b1cf3cd81a31e3cd26889ca66d677f1\",\"name\":\"cfeditorfr\"}]}<\/script>\n<!-- \/ Yoast SEO Premium plugin. -->","yoast_head_json":{"title":"Accus\u00e9s de cabales contre Ange L\u00e9onid B. Battesti: L\u2019ex ministre Jo\u00ebl N\u2019guessan et le journaliste Sa\u00efd Penda r\u00e9pondent - C\u00f4te d&#039;Ivoire","description":"C\u00f4te d\u2019Ivoire \u2013 L\u2019intelligent d\u2019Abidjan a appris que le Pr\u00e9sident du conseil de gestion, Jo\u00ebl N\u2019guessan et le journalist ...","robots":{"index":"index","follow":"follow","max-snippet":"max-snippet:-1","max-image-preview":"max-image-preview:large","max-video-preview":"max-video-preview:-1"},"canonical":"https:\/\/www.africa-press.net\/cotedivoire\/economie\/accuses-de-cabales-contre-ange-leonid-b-battesti-lex-ministre-joel-nguessan-et-le-journaliste-said-penda-repondent-2","og_locale":"fr_FR","og_type":"article","og_title":"Accus\u00e9s de cabales contre Ange L\u00e9onid B. Battesti: L\u2019ex ministre Jo\u00ebl N\u2019guessan et le journaliste Sa\u00efd Penda r\u00e9pondent","og_description":"C\u00f4te d\u2019Ivoire \u2013 L\u2019intelligent d\u2019Abidjan a appris que le Pr\u00e9sident du conseil de gestion, Jo\u00ebl N\u2019guessan et le journalist ...","og_url":"https:\/\/www.africa-press.net\/cotedivoire\/economie\/accuses-de-cabales-contre-ange-leonid-b-battesti-lex-ministre-joel-nguessan-et-le-journaliste-said-penda-repondent-2","og_site_name":"C\u00f4te d&#039;Ivoire","article_published_time":"2021-08-16T14:46:32+00:00","article_modified_time":"2021-08-16T21:10:15+00:00","og_image":[{"width":796,"height":399,"url":"https:\/\/static.africa-press.net\/cote\/sites\/43\/2021\/08\/img-611a7a001259f.jpg","type":"image\/jpeg"}],"author":"cfeditorfr","twitter_card":"summary_large_image","twitter_misc":{"\u00c9crit par":"cfeditorfr","Dur\u00e9e de lecture estim\u00e9e":"5 minutes"},"schema":{"@context":"https:\/\/schema.org","@graph":[{"@type":"Article","@id":"https:\/\/www.africa-press.net\/cotedivoire\/economie\/accuses-de-cabales-contre-ange-leonid-b-battesti-lex-ministre-joel-nguessan-et-le-journaliste-said-penda-repondent-2#article","isPartOf":{"@id":"https:\/\/www.africa-press.net\/cotedivoire\/economie\/accuses-de-cabales-contre-ange-leonid-b-battesti-lex-ministre-joel-nguessan-et-le-journaliste-said-penda-repondent-2"},"author":{"name":"cfeditorfr","@id":"https:\/\/www.africa-press.net\/cotedivoire\/#\/schema\/person\/2b1cf3cd81a31e3cd26889ca66d677f1"},"headline":"Accus\u00e9s de cabales contre Ange L\u00e9onid B. Battesti: L\u2019ex ministre Jo\u00ebl N\u2019guessan et le journaliste Sa\u00efd Penda r\u00e9pondent","datePublished":"2021-08-16T14:46:32+00:00","dateModified":"2021-08-16T21:10:15+00:00","mainEntityOfPage":{"@id":"https:\/\/www.africa-press.net\/cotedivoire\/economie\/accuses-de-cabales-contre-ange-leonid-b-battesti-lex-ministre-joel-nguessan-et-le-journaliste-said-penda-repondent-2"},"wordCount":1305,"commentCount":0,"image":{"@id":"https:\/\/www.africa-press.net\/cotedivoire\/economie\/accuses-de-cabales-contre-ange-leonid-b-battesti-lex-ministre-joel-nguessan-et-le-journaliste-said-penda-repondent-2#primaryimage"},"thumbnailUrl":"https:\/\/static.africa-press.net\/cote\/sites\/43\/2021\/08\/img-611a7a001259f.jpg","keywords":["Africa Press","Africa Press-C\u00f4te d'Ivoire","C\u00d4TE D'IVOIRE"],"articleSection":["\u00c9conomie","homepage-french","Toutes les actualit\u00e9s"],"inLanguage":"fr-FR","potentialAction":[{"@type":"CommentAction","name":"Comment","target":["https:\/\/www.africa-press.net\/cotedivoire\/economie\/accuses-de-cabales-contre-ange-leonid-b-battesti-lex-ministre-joel-nguessan-et-le-journaliste-said-penda-repondent-2#respond"]}]},{"@type":"WebPage","@id":"https:\/\/www.africa-press.net\/cotedivoire\/economie\/accuses-de-cabales-contre-ange-leonid-b-battesti-lex-ministre-joel-nguessan-et-le-journaliste-said-penda-repondent-2","url":"https:\/\/www.africa-press.net\/cotedivoire\/economie\/accuses-de-cabales-contre-ange-leonid-b-battesti-lex-ministre-joel-nguessan-et-le-journaliste-said-penda-repondent-2","name":"Accus\u00e9s de cabales contre Ange L\u00e9onid B. Battesti: L\u2019ex ministre Jo\u00ebl N\u2019guessan et le journaliste Sa\u00efd Penda r\u00e9pondent - C\u00f4te d&#039;Ivoire","isPartOf":{"@id":"https:\/\/www.africa-press.net\/cotedivoire\/#website"},"primaryImageOfPage":{"@id":"https:\/\/www.africa-press.net\/cotedivoire\/economie\/accuses-de-cabales-contre-ange-leonid-b-battesti-lex-ministre-joel-nguessan-et-le-journaliste-said-penda-repondent-2#primaryimage"},"image":{"@id":"https:\/\/www.africa-press.net\/cotedivoire\/economie\/accuses-de-cabales-contre-ange-leonid-b-battesti-lex-ministre-joel-nguessan-et-le-journaliste-said-penda-repondent-2#primaryimage"},"thumbnailUrl":"https:\/\/static.africa-press.net\/cote\/sites\/43\/2021\/08\/img-611a7a001259f.jpg","datePublished":"2021-08-16T14:46:32+00:00","dateModified":"2021-08-16T21:10:15+00:00","author":{"@id":"https:\/\/www.africa-press.net\/cotedivoire\/#\/schema\/person\/2b1cf3cd81a31e3cd26889ca66d677f1"},"description":"C\u00f4te d\u2019Ivoire \u2013 L\u2019intelligent d\u2019Abidjan a appris que le Pr\u00e9sident du conseil de gestion, Jo\u00ebl N\u2019guessan et le journalist ...","breadcrumb":{"@id":"https:\/\/www.africa-press.net\/cotedivoire\/economie\/accuses-de-cabales-contre-ange-leonid-b-battesti-lex-ministre-joel-nguessan-et-le-journaliste-said-penda-repondent-2#breadcrumb"},"inLanguage":"fr-FR","potentialAction":[{"@type":"ReadAction","target":["https:\/\/www.africa-press.net\/cotedivoire\/economie\/accuses-de-cabales-contre-ange-leonid-b-battesti-lex-ministre-joel-nguessan-et-le-journaliste-said-penda-repondent-2"]}]},{"@type":"ImageObject","inLanguage":"fr-FR","@id":"https:\/\/www.africa-press.net\/cotedivoire\/economie\/accuses-de-cabales-contre-ange-leonid-b-battesti-lex-ministre-joel-nguessan-et-le-journaliste-said-penda-repondent-2#primaryimage","url":"https:\/\/static.africa-press.net\/cote\/sites\/43\/2021\/08\/img-611a7a001259f.jpg","contentUrl":"https:\/\/static.africa-press.net\/cote\/sites\/43\/2021\/08\/img-611a7a001259f.jpg","width":796,"height":399,"caption":"Accus\u00e9s de cabales contre Ange L\u00e9onid B. Battesti: L\u2019ex ministre Jo\u00ebl N\u2019guessan et le journaliste Sa\u00efd Penda r\u00e9pondent"},{"@type":"BreadcrumbList","@id":"https:\/\/www.africa-press.net\/cotedivoire\/economie\/accuses-de-cabales-contre-ange-leonid-b-battesti-lex-ministre-joel-nguessan-et-le-journaliste-said-penda-repondent-2#breadcrumb","itemListElement":[{"@type":"ListItem","position":1,"name":"Accueil","item":"https:\/\/www.africa-press.net\/cotedivoire\/"},{"@type":"ListItem","position":2,"name":"Accus\u00e9s de cabales contre Ange L\u00e9onid B. Battesti: L\u2019ex ministre Jo\u00ebl N\u2019guessan et le journaliste Sa\u00efd Penda r\u00e9pondent"}]},{"@type":"WebSite","@id":"https:\/\/www.africa-press.net\/cotedivoire\/#website","url":"https:\/\/www.africa-press.net\/cotedivoire\/","name":"C\u00f4te d&#039;Ivoire","description":"Just another Africa News Agency Sites site","potentialAction":[{"@type":"SearchAction","target":{"@type":"EntryPoint","urlTemplate":"https:\/\/www.africa-press.net\/cotedivoire\/?s={search_term_string}"},"query-input":{"@type":"PropertyValueSpecification","valueRequired":true,"valueName":"search_term_string"}}],"inLanguage":"fr-FR"},{"@type":"Person","@id":"https:\/\/www.africa-press.net\/cotedivoire\/#\/schema\/person\/2b1cf3cd81a31e3cd26889ca66d677f1","name":"cfeditorfr"}]}},"_links":{"self":[{"href":"https:\/\/www.africa-press.net\/cotedivoire\/wp-json\/wp\/v2\/posts\/11421","targetHints":{"allow":["GET"]}}],"collection":[{"href":"https:\/\/www.africa-press.net\/cotedivoire\/wp-json\/wp\/v2\/posts"}],"about":[{"href":"https:\/\/www.africa-press.net\/cotedivoire\/wp-json\/wp\/v2\/types\/post"}],"author":[{"embeddable":true,"href":"https:\/\/www.africa-press.net\/cotedivoire\/wp-json\/wp\/v2\/users\/82"}],"replies":[{"embeddable":true,"href":"https:\/\/www.africa-press.net\/cotedivoire\/wp-json\/wp\/v2\/comments?post=11421"}],"version-history":[{"count":0,"href":"https:\/\/www.africa-press.net\/cotedivoire\/wp-json\/wp\/v2\/posts\/11421\/revisions"}],"wp:featuredmedia":[{"embeddable":true,"href":"https:\/\/www.africa-press.net\/cotedivoire\/wp-json\/wp\/v2\/media\/11420"}],"wp:attachment":[{"href":"https:\/\/www.africa-press.net\/cotedivoire\/wp-json\/wp\/v2\/media?parent=11421"}],"wp:term":[{"taxonomy":"category","embeddable":true,"href":"https:\/\/www.africa-press.net\/cotedivoire\/wp-json\/wp\/v2\/categories?post=11421"},{"taxonomy":"post_tag","embeddable":true,"href":"https:\/\/www.africa-press.net\/cotedivoire\/wp-json\/wp\/v2\/tags?post=11421"}],"curies":[{"name":"wp","href":"https:\/\/api.w.org\/{rel}","templated":true}]}}