{"id":11424,"date":"2021-08-16T14:57:14","date_gmt":"2021-08-16T14:57:14","guid":{"rendered":"https:\/\/www.africa-press.net\/cotedivoire\/?p=11424"},"modified":"2021-08-16T21:10:22","modified_gmt":"2021-08-16T21:10:22","slug":"affi-exclut-symboliquement-laurent-gbagbo-de-son-fpi","status":"publish","type":"post","link":"https:\/\/www.africa-press.net\/cotedivoire\/politique\/affi-exclut-symboliquement-laurent-gbagbo-de-son-fpi","title":{"rendered":"Affi \u00ab\u00a0exclut\u00a0\u00bb symboliquement Laurent Gbagbo de son FPI"},"content":{"rendered":"<p><span style=\"color: #ff6600\"><strong><a href=\"https:\/\/www.africa-press.net\/\">Africa-Press<\/a> &#8211; <a href=\"https:\/\/www.africa-press.net\/cotedivoire\">C\u00f4te d&rsquo;Ivoire<\/a>. <\/strong><\/span>\u00ab Le Pr\u00e9sident Gbagbo ne fait plus partie du Front Populaire Ivoirien \u00bb. C\u2019est l\u2019une des d\u00e9cisions prise, ce samedi 14 ao\u00fbt 2021, \u00e0 Abidjan-Cocody, 2Plateaux les Vallons, par le Comit\u00e9 central qui exclue l\u2019ex-Chef de l\u2019Etat du Front populaire ivoirien (Fpi). Le Comit\u00e9 a recommand\u00e9 \u00e0 sa direction de mener des missions d\u2019explication \u00e0 l\u2019intention des militants. Aussi, a-t-il recommand\u00e9 la convocation d\u2019un congr\u00e8s extraordinaire.<\/p>\n<p>A noter que le lundi 9 ao\u00fbt 2021, au cours d\u2019une rencontre avec ses partisans, l\u2019ex-Pr\u00e9sident Laurent Gbagbo a d\u00e9cid\u00e9 d\u2019abandonn\u00e9 le Fpi entre les mains de Pascal Affi N\u2019Guessan. Et de proposer la cr\u00e9ation d\u2019un nouveau parti. Ci-dessous l\u2019int\u00e9gralit\u00e9 de d\u00e9claration du Comit\u00e9 central du Fpi.<\/p>\n<p>Au cours d\u2019une rencontre avec ses partisans, le lundi 9 ao\u00fbt 2021, l\u2019ex-Pr\u00e9sident Laurent Gbagbo a propos\u00e9 \u00e0 ceux-ci, la cr\u00e9ation d\u2019un nouveau parti. Il d\u00e9cide donc d\u2019abandonner le Front Populaire Ivoirien entre les mains de son Pr\u00e9sident Pascal Affi N\u2019guessan.<\/p>\n<p>Le Comit\u00e9 Central note que cette annonce intervient dans un contexte de crise que traverse le Front Populaire Ivoirien depuis la fin de la crise post\u00e9lectorale de 2010-2011. Les nombreuses tentatives de r\u00e9solution de cette crise se sont heurt\u00e9es \u00e0 l\u2019intransigeance des dissidents autoproclam\u00e9s GOR (Gbagbo Ou Rien). A l\u2019analyse, il s\u2019av\u00e8re que c\u2019est le Pr\u00e9sident Laurent Gbagbo qui est le commanditaire de cette crise.<\/p>\n<p>Le Pr\u00e9sident du Front Populaire Ivoirien n\u2019a m\u00e9nag\u00e9 aucun effort pour esp\u00e9rer ramener la coh\u00e9sion au sein du parti. Ainsi, joignant l\u2019acte \u00e0 la parole, et en r\u00e9ponse \u00e0 tous ceux qui lui demandaient de confier la direction du parti au Pr\u00e9sident Gbagbo qui serait demandeur, il a toujours indiqu\u00e9 \u00eatre dispos\u00e9 \u00e0 le faire si le Pr\u00e9sident Gbagbo le lui demandait.<\/p>\n<p>Le Comit\u00e9 Central rappelle qu\u2019apr\u00e8s des tentatives de rencontres infructueuses avec le Pr\u00e9sident Gbagbo \u00e0 la Haye comme \u00e0 Bruxelles, les deux compagnons politiques ont finalement eu un t\u00eate-\u00e0-t\u00eate en janvier 2020. A cette occasion, le Pr\u00e9sident Affi N\u2019guessan a confirm\u00e9 au Pr\u00e9sident Gbagbo sa disponibilit\u00e9 \u00e0 lui laisser la direction du parti dans le respect des textes qui le r\u00e9gissent, notamment, \u00e0 l\u2019issue d\u2019un congr\u00e8s extraordinaire.<\/p>\n<p>Pour plus d\u2019efficacit\u00e9, le Pr\u00e9sident Affi a propos\u00e9 au Pr\u00e9sident Gbagbo un sch\u00e9ma de r\u00e9unification du parti. En guise de r\u00e9ponse, le Pr\u00e9sident Gbagbo a recommand\u00e9 au Pr\u00e9sident Affi et \u00e0 Monsieur Assoa Adou de poursuivre les discussions en C\u00f4te d\u2019Ivoire.<\/p>\n<p>Le Comit\u00e9 Central note que ces discussions n\u2019ont pu prosp\u00e9rer par la faute des dissidents.<\/p>\n<p>Le Comit\u00e9 Central constate que depuis la suspension des discussions, les nombreuses relances du Pr\u00e9sident Affi \u00e0 la partie dissidente sont rest\u00e9es vaines jusqu\u2019au retour du Pr\u00e9sident Gbagbo le 17 juin 2021.<\/p>\n<p>Le Comit\u00e9 Central fait remarquer que d\u00e8s le retour en C\u00f4te d\u2019Ivoire du Pr\u00e9sident Gbagbo, le Pr\u00e9sident du parti a sollicit\u00e9 une rencontre en vue de la r\u00e9solution de la crise que traverse le parti.<\/p>\n<p>C\u2019est dans l\u2019attente de cette rencontre que le Pr\u00e9sident du parti et l\u2019ensemble des Ivoiriens apprennent la d\u00e9cision du Pr\u00e9sident Gbagbo d\u2019abandonner le Front Populaire Ivoirien.<\/p>\n<p>Le Comit\u00e9 Central en prend acte.<\/p>\n<p>Le Comit\u00e9 Central f\u00e9licite le Pr\u00e9sident du parti, Pascal Affi N\u2019guessan, pour sa r\u00e9silience et sa qu\u00eate de paix et de r\u00e9conciliation nationale.<\/p>\n<p>Le Comit\u00e9 central f\u00e9licite les militants pour leur courage, leur d\u00e9termination et leur engagement ayant mis \u00e0 nue les tentatives de d\u00e9stabilisation du Front Populaire Ivoirien.<\/p>\n<p>Par Salif D. Cheickna<\/p>\n<p>LE COMITE CENTRAL DECIDE :<\/p>\n<p>Le Pr\u00e9sident Gbagbo ne fait plus partie du Front Populaire Ivoirien ;<\/p>\n<p>Recommande \u00e0 la direction du parti de mener des missions d\u2019explication \u00e0 l\u2019intention des militants ;<\/p>\n<p>Recommande la convocation d\u2019un congr\u00e8s extraordinaire ;<\/p>\n<p>Sur proposition du Pr\u00e9sident du parti, le Comit\u00e9 central donne son accord pour la d\u00e9signation du Secr\u00e9taire G\u00e9n\u00e9ral du Parti, le camarade Issiaka Sangar\u00e9, en qualit\u00e9 de Pr\u00e9sident dudit congr\u00e8s.<\/p>\n<p>Le Comit\u00e9 Central f\u00e9licite les militantes et les militants et les exhorte \u00e0 poursuivre l\u2019implantation du parti et l\u2019animation des structures de base et de d\u00e9fendre partout, l\u2019image du parti.<\/p>\n<p>&nbsp;<\/p>\n","protected":false},"excerpt":{"rendered":"<p>Africa-Press &#8211; C\u00f4te d&rsquo;Ivoire. \u00ab Le Pr\u00e9sident Gbagbo ne fait plus partie du Front Populaire Ivoirien \u00bb. C\u2019est l\u2019une des d\u00e9cisions prise, ce samedi 14 ao\u00fbt 2021, \u00e0 Abidjan-Cocody, 2Plateaux les Vallons, par le Comit\u00e9 central qui exclue l\u2019ex-Chef de l\u2019Etat du Front populaire ivoirien (Fpi). Le Comit\u00e9 a recommand\u00e9 \u00e0 sa direction de mener [&hellip;]<\/p>\n","protected":false},"author":82,"featured_media":11423,"comment_status":"open","ping_status":"closed","sticky":false,"template":"","format":"standard","meta":{"footnotes":""},"categories":[11,2,20,10],"tags":[56,63,29],"class_list":["post-11424","post","type-post","status-publish","format-standard","has-post-thumbnail","hentry","category-homepage-french","category-politique","category-top-nouvelles","category-toutes-les-actualites","tag-africa-press","tag-africa-press-cote-divoire","tag-cote-divoire"],"yoast_head":"<!-- This site is optimized with the Yoast SEO Premium plugin v26.1 (Yoast SEO v27.0) - https:\/\/yoast.com\/product\/yoast-seo-premium-wordpress\/ -->\n<title>Affi \u00ab\u00a0exclut\u00a0\u00bb symboliquement Laurent Gbagbo de son FPI - C\u00f4te d&#039;Ivoire<\/title>\n<meta name=\"description\" content=\"\u00ab Le Pr\u00e9sident Gbagbo ne fait plus partie du Front Populaire Ivoirien \u00bb. C\u2019est l\u2019une des d\u00e9cisions prise, ce samedi 14 a ...\" \/>\n<meta name=\"robots\" content=\"index, follow, max-snippet:-1, max-image-preview:large, max-video-preview:-1\" \/>\n<link rel=\"canonical\" href=\"https:\/\/www.africa-press.net\/cotedivoire\/politique\/affi-exclut-symboliquement-laurent-gbagbo-de-son-fpi\" \/>\n<meta property=\"og:locale\" content=\"fr_FR\" \/>\n<meta property=\"og:type\" content=\"article\" \/>\n<meta property=\"og:title\" content=\"Affi \u00ab\u00a0exclut\u00a0\u00bb symboliquement Laurent Gbagbo de son FPI\" \/>\n<meta property=\"og:description\" content=\"\u00ab Le Pr\u00e9sident Gbagbo ne fait plus partie du Front Populaire Ivoirien \u00bb. C\u2019est l\u2019une des d\u00e9cisions prise, ce samedi 14 a ...\" \/>\n<meta property=\"og:url\" content=\"https:\/\/www.africa-press.net\/cotedivoire\/politique\/affi-exclut-symboliquement-laurent-gbagbo-de-son-fpi\" \/>\n<meta property=\"og:site_name\" content=\"C\u00f4te d&#039;Ivoire\" \/>\n<meta property=\"article:published_time\" content=\"2021-08-16T14:57:14+00:00\" \/>\n<meta property=\"article:modified_time\" content=\"2021-08-16T21:10:22+00:00\" \/>\n<meta property=\"og:image\" content=\"https:\/\/static.africa-press.net\/cote\/sites\/43\/2021\/08\/img-611a7a287441d.jpg\" \/>\n\t<meta property=\"og:image:width\" content=\"720\" \/>\n\t<meta property=\"og:image:height\" content=\"541\" \/>\n\t<meta property=\"og:image:type\" content=\"image\/jpeg\" \/>\n<meta name=\"author\" content=\"cfeditorfr\" \/>\n<meta name=\"twitter:card\" content=\"summary_large_image\" \/>\n<meta name=\"twitter:label1\" content=\"\u00c9crit par\" \/>\n\t<meta name=\"twitter:data1\" content=\"cfeditorfr\" \/>\n\t<meta name=\"twitter:label2\" content=\"Dur\u00e9e de lecture estim\u00e9e\" \/>\n\t<meta name=\"twitter:data2\" content=\"4 minutes\" \/>\n<script type=\"application\/ld+json\" class=\"yoast-schema-graph\">{\"@context\":\"https:\/\/schema.org\",\"@graph\":[{\"@type\":\"Article\",\"@id\":\"https:\/\/www.africa-press.net\/cotedivoire\/politique\/affi-exclut-symboliquement-laurent-gbagbo-de-son-fpi#article\",\"isPartOf\":{\"@id\":\"https:\/\/www.africa-press.net\/cotedivoire\/politique\/affi-exclut-symboliquement-laurent-gbagbo-de-son-fpi\"},\"author\":{\"name\":\"cfeditorfr\",\"@id\":\"https:\/\/www.africa-press.net\/cotedivoire\/#\/schema\/person\/2b1cf3cd81a31e3cd26889ca66d677f1\"},\"headline\":\"Affi \u00ab\u00a0exclut\u00a0\u00bb symboliquement Laurent Gbagbo de son FPI\",\"datePublished\":\"2021-08-16T14:57:14+00:00\",\"dateModified\":\"2021-08-16T21:10:22+00:00\",\"mainEntityOfPage\":{\"@id\":\"https:\/\/www.africa-press.net\/cotedivoire\/politique\/affi-exclut-symboliquement-laurent-gbagbo-de-son-fpi\"},\"wordCount\":758,\"commentCount\":0,\"image\":{\"@id\":\"https:\/\/www.africa-press.net\/cotedivoire\/politique\/affi-exclut-symboliquement-laurent-gbagbo-de-son-fpi#primaryimage\"},\"thumbnailUrl\":\"https:\/\/static.africa-press.net\/cote\/sites\/43\/2021\/08\/img-611a7a287441d.jpg\",\"keywords\":[\"Africa Press\",\"Africa Press-C\u00f4te d'Ivoire\",\"C\u00d4TE D'IVOIRE\"],\"articleSection\":[\"homepage-french\",\"Politique\",\"Top Nouvelles\",\"Toutes les actualit\u00e9s\"],\"inLanguage\":\"fr-FR\",\"potentialAction\":[{\"@type\":\"CommentAction\",\"name\":\"Comment\",\"target\":[\"https:\/\/www.africa-press.net\/cotedivoire\/politique\/affi-exclut-symboliquement-laurent-gbagbo-de-son-fpi#respond\"]}]},{\"@type\":\"WebPage\",\"@id\":\"https:\/\/www.africa-press.net\/cotedivoire\/politique\/affi-exclut-symboliquement-laurent-gbagbo-de-son-fpi\",\"url\":\"https:\/\/www.africa-press.net\/cotedivoire\/politique\/affi-exclut-symboliquement-laurent-gbagbo-de-son-fpi\",\"name\":\"Affi \u00ab\u00a0exclut\u00a0\u00bb symboliquement Laurent Gbagbo de son FPI - C\u00f4te d&#039;Ivoire\",\"isPartOf\":{\"@id\":\"https:\/\/www.africa-press.net\/cotedivoire\/#website\"},\"primaryImageOfPage\":{\"@id\":\"https:\/\/www.africa-press.net\/cotedivoire\/politique\/affi-exclut-symboliquement-laurent-gbagbo-de-son-fpi#primaryimage\"},\"image\":{\"@id\":\"https:\/\/www.africa-press.net\/cotedivoire\/politique\/affi-exclut-symboliquement-laurent-gbagbo-de-son-fpi#primaryimage\"},\"thumbnailUrl\":\"https:\/\/static.africa-press.net\/cote\/sites\/43\/2021\/08\/img-611a7a287441d.jpg\",\"datePublished\":\"2021-08-16T14:57:14+00:00\",\"dateModified\":\"2021-08-16T21:10:22+00:00\",\"author\":{\"@id\":\"https:\/\/www.africa-press.net\/cotedivoire\/#\/schema\/person\/2b1cf3cd81a31e3cd26889ca66d677f1\"},\"description\":\"\u00ab Le Pr\u00e9sident Gbagbo ne fait plus partie du Front Populaire Ivoirien \u00bb. C\u2019est l\u2019une des d\u00e9cisions prise, ce samedi 14 a ...\",\"breadcrumb\":{\"@id\":\"https:\/\/www.africa-press.net\/cotedivoire\/politique\/affi-exclut-symboliquement-laurent-gbagbo-de-son-fpi#breadcrumb\"},\"inLanguage\":\"fr-FR\",\"potentialAction\":[{\"@type\":\"ReadAction\",\"target\":[\"https:\/\/www.africa-press.net\/cotedivoire\/politique\/affi-exclut-symboliquement-laurent-gbagbo-de-son-fpi\"]}]},{\"@type\":\"ImageObject\",\"inLanguage\":\"fr-FR\",\"@id\":\"https:\/\/www.africa-press.net\/cotedivoire\/politique\/affi-exclut-symboliquement-laurent-gbagbo-de-son-fpi#primaryimage\",\"url\":\"https:\/\/static.africa-press.net\/cote\/sites\/43\/2021\/08\/img-611a7a287441d.jpg\",\"contentUrl\":\"https:\/\/static.africa-press.net\/cote\/sites\/43\/2021\/08\/img-611a7a287441d.jpg\",\"width\":720,\"height\":541,\"caption\":\"Affi \u00ab\u00a0exclut\u00a0\u00bb symboliquement Laurent Gbagbo de son FPI\"},{\"@type\":\"BreadcrumbList\",\"@id\":\"https:\/\/www.africa-press.net\/cotedivoire\/politique\/affi-exclut-symboliquement-laurent-gbagbo-de-son-fpi#breadcrumb\",\"itemListElement\":[{\"@type\":\"ListItem\",\"position\":1,\"name\":\"Accueil\",\"item\":\"https:\/\/www.africa-press.net\/cotedivoire\/\"},{\"@type\":\"ListItem\",\"position\":2,\"name\":\"Affi \u00ab\u00a0exclut\u00a0\u00bb symboliquement Laurent Gbagbo de son FPI\"}]},{\"@type\":\"WebSite\",\"@id\":\"https:\/\/www.africa-press.net\/cotedivoire\/#website\",\"url\":\"https:\/\/www.africa-press.net\/cotedivoire\/\",\"name\":\"C\u00f4te d&#039;Ivoire\",\"description\":\"Just another Africa News Agency Sites site\",\"potentialAction\":[{\"@type\":\"SearchAction\",\"target\":{\"@type\":\"EntryPoint\",\"urlTemplate\":\"https:\/\/www.africa-press.net\/cotedivoire\/?s={search_term_string}\"},\"query-input\":{\"@type\":\"PropertyValueSpecification\",\"valueRequired\":true,\"valueName\":\"search_term_string\"}}],\"inLanguage\":\"fr-FR\"},{\"@type\":\"Person\",\"@id\":\"https:\/\/www.africa-press.net\/cotedivoire\/#\/schema\/person\/2b1cf3cd81a31e3cd26889ca66d677f1\",\"name\":\"cfeditorfr\"}]}<\/script>\n<!-- \/ Yoast SEO Premium plugin. -->","yoast_head_json":{"title":"Affi \u00ab\u00a0exclut\u00a0\u00bb symboliquement Laurent Gbagbo de son FPI - C\u00f4te d&#039;Ivoire","description":"\u00ab Le Pr\u00e9sident Gbagbo ne fait plus partie du Front Populaire Ivoirien \u00bb. C\u2019est l\u2019une des d\u00e9cisions prise, ce samedi 14 a ...","robots":{"index":"index","follow":"follow","max-snippet":"max-snippet:-1","max-image-preview":"max-image-preview:large","max-video-preview":"max-video-preview:-1"},"canonical":"https:\/\/www.africa-press.net\/cotedivoire\/politique\/affi-exclut-symboliquement-laurent-gbagbo-de-son-fpi","og_locale":"fr_FR","og_type":"article","og_title":"Affi \u00ab\u00a0exclut\u00a0\u00bb symboliquement Laurent Gbagbo de son FPI","og_description":"\u00ab Le Pr\u00e9sident Gbagbo ne fait plus partie du Front Populaire Ivoirien \u00bb. C\u2019est l\u2019une des d\u00e9cisions prise, ce samedi 14 a ...","og_url":"https:\/\/www.africa-press.net\/cotedivoire\/politique\/affi-exclut-symboliquement-laurent-gbagbo-de-son-fpi","og_site_name":"C\u00f4te d&#039;Ivoire","article_published_time":"2021-08-16T14:57:14+00:00","article_modified_time":"2021-08-16T21:10:22+00:00","og_image":[{"width":720,"height":541,"url":"https:\/\/static.africa-press.net\/cote\/sites\/43\/2021\/08\/img-611a7a287441d.jpg","type":"image\/jpeg"}],"author":"cfeditorfr","twitter_card":"summary_large_image","twitter_misc":{"\u00c9crit par":"cfeditorfr","Dur\u00e9e de lecture estim\u00e9e":"4 minutes"},"schema":{"@context":"https:\/\/schema.org","@graph":[{"@type":"Article","@id":"https:\/\/www.africa-press.net\/cotedivoire\/politique\/affi-exclut-symboliquement-laurent-gbagbo-de-son-fpi#article","isPartOf":{"@id":"https:\/\/www.africa-press.net\/cotedivoire\/politique\/affi-exclut-symboliquement-laurent-gbagbo-de-son-fpi"},"author":{"name":"cfeditorfr","@id":"https:\/\/www.africa-press.net\/cotedivoire\/#\/schema\/person\/2b1cf3cd81a31e3cd26889ca66d677f1"},"headline":"Affi \u00ab\u00a0exclut\u00a0\u00bb symboliquement Laurent Gbagbo de son FPI","datePublished":"2021-08-16T14:57:14+00:00","dateModified":"2021-08-16T21:10:22+00:00","mainEntityOfPage":{"@id":"https:\/\/www.africa-press.net\/cotedivoire\/politique\/affi-exclut-symboliquement-laurent-gbagbo-de-son-fpi"},"wordCount":758,"commentCount":0,"image":{"@id":"https:\/\/www.africa-press.net\/cotedivoire\/politique\/affi-exclut-symboliquement-laurent-gbagbo-de-son-fpi#primaryimage"},"thumbnailUrl":"https:\/\/static.africa-press.net\/cote\/sites\/43\/2021\/08\/img-611a7a287441d.jpg","keywords":["Africa Press","Africa Press-C\u00f4te d'Ivoire","C\u00d4TE D'IVOIRE"],"articleSection":["homepage-french","Politique","Top Nouvelles","Toutes les actualit\u00e9s"],"inLanguage":"fr-FR","potentialAction":[{"@type":"CommentAction","name":"Comment","target":["https:\/\/www.africa-press.net\/cotedivoire\/politique\/affi-exclut-symboliquement-laurent-gbagbo-de-son-fpi#respond"]}]},{"@type":"WebPage","@id":"https:\/\/www.africa-press.net\/cotedivoire\/politique\/affi-exclut-symboliquement-laurent-gbagbo-de-son-fpi","url":"https:\/\/www.africa-press.net\/cotedivoire\/politique\/affi-exclut-symboliquement-laurent-gbagbo-de-son-fpi","name":"Affi \u00ab\u00a0exclut\u00a0\u00bb symboliquement Laurent Gbagbo de son FPI - C\u00f4te d&#039;Ivoire","isPartOf":{"@id":"https:\/\/www.africa-press.net\/cotedivoire\/#website"},"primaryImageOfPage":{"@id":"https:\/\/www.africa-press.net\/cotedivoire\/politique\/affi-exclut-symboliquement-laurent-gbagbo-de-son-fpi#primaryimage"},"image":{"@id":"https:\/\/www.africa-press.net\/cotedivoire\/politique\/affi-exclut-symboliquement-laurent-gbagbo-de-son-fpi#primaryimage"},"thumbnailUrl":"https:\/\/static.africa-press.net\/cote\/sites\/43\/2021\/08\/img-611a7a287441d.jpg","datePublished":"2021-08-16T14:57:14+00:00","dateModified":"2021-08-16T21:10:22+00:00","author":{"@id":"https:\/\/www.africa-press.net\/cotedivoire\/#\/schema\/person\/2b1cf3cd81a31e3cd26889ca66d677f1"},"description":"\u00ab Le Pr\u00e9sident Gbagbo ne fait plus partie du Front Populaire Ivoirien \u00bb. C\u2019est l\u2019une des d\u00e9cisions prise, ce samedi 14 a ...","breadcrumb":{"@id":"https:\/\/www.africa-press.net\/cotedivoire\/politique\/affi-exclut-symboliquement-laurent-gbagbo-de-son-fpi#breadcrumb"},"inLanguage":"fr-FR","potentialAction":[{"@type":"ReadAction","target":["https:\/\/www.africa-press.net\/cotedivoire\/politique\/affi-exclut-symboliquement-laurent-gbagbo-de-son-fpi"]}]},{"@type":"ImageObject","inLanguage":"fr-FR","@id":"https:\/\/www.africa-press.net\/cotedivoire\/politique\/affi-exclut-symboliquement-laurent-gbagbo-de-son-fpi#primaryimage","url":"https:\/\/static.africa-press.net\/cote\/sites\/43\/2021\/08\/img-611a7a287441d.jpg","contentUrl":"https:\/\/static.africa-press.net\/cote\/sites\/43\/2021\/08\/img-611a7a287441d.jpg","width":720,"height":541,"caption":"Affi \u00ab\u00a0exclut\u00a0\u00bb symboliquement Laurent Gbagbo de son FPI"},{"@type":"BreadcrumbList","@id":"https:\/\/www.africa-press.net\/cotedivoire\/politique\/affi-exclut-symboliquement-laurent-gbagbo-de-son-fpi#breadcrumb","itemListElement":[{"@type":"ListItem","position":1,"name":"Accueil","item":"https:\/\/www.africa-press.net\/cotedivoire\/"},{"@type":"ListItem","position":2,"name":"Affi \u00ab\u00a0exclut\u00a0\u00bb symboliquement Laurent Gbagbo de son FPI"}]},{"@type":"WebSite","@id":"https:\/\/www.africa-press.net\/cotedivoire\/#website","url":"https:\/\/www.africa-press.net\/cotedivoire\/","name":"C\u00f4te d&#039;Ivoire","description":"Just another Africa News Agency Sites site","potentialAction":[{"@type":"SearchAction","target":{"@type":"EntryPoint","urlTemplate":"https:\/\/www.africa-press.net\/cotedivoire\/?s={search_term_string}"},"query-input":{"@type":"PropertyValueSpecification","valueRequired":true,"valueName":"search_term_string"}}],"inLanguage":"fr-FR"},{"@type":"Person","@id":"https:\/\/www.africa-press.net\/cotedivoire\/#\/schema\/person\/2b1cf3cd81a31e3cd26889ca66d677f1","name":"cfeditorfr"}]}},"_links":{"self":[{"href":"https:\/\/www.africa-press.net\/cotedivoire\/wp-json\/wp\/v2\/posts\/11424","targetHints":{"allow":["GET"]}}],"collection":[{"href":"https:\/\/www.africa-press.net\/cotedivoire\/wp-json\/wp\/v2\/posts"}],"about":[{"href":"https:\/\/www.africa-press.net\/cotedivoire\/wp-json\/wp\/v2\/types\/post"}],"author":[{"embeddable":true,"href":"https:\/\/www.africa-press.net\/cotedivoire\/wp-json\/wp\/v2\/users\/82"}],"replies":[{"embeddable":true,"href":"https:\/\/www.africa-press.net\/cotedivoire\/wp-json\/wp\/v2\/comments?post=11424"}],"version-history":[{"count":0,"href":"https:\/\/www.africa-press.net\/cotedivoire\/wp-json\/wp\/v2\/posts\/11424\/revisions"}],"wp:featuredmedia":[{"embeddable":true,"href":"https:\/\/www.africa-press.net\/cotedivoire\/wp-json\/wp\/v2\/media\/11423"}],"wp:attachment":[{"href":"https:\/\/www.africa-press.net\/cotedivoire\/wp-json\/wp\/v2\/media?parent=11424"}],"wp:term":[{"taxonomy":"category","embeddable":true,"href":"https:\/\/www.africa-press.net\/cotedivoire\/wp-json\/wp\/v2\/categories?post=11424"},{"taxonomy":"post_tag","embeddable":true,"href":"https:\/\/www.africa-press.net\/cotedivoire\/wp-json\/wp\/v2\/tags?post=11424"}],"curies":[{"name":"wp","href":"https:\/\/api.w.org\/{rel}","templated":true}]}}