{"id":11433,"date":"2021-08-16T15:19:25","date_gmt":"2021-08-16T15:19:25","guid":{"rendered":"https:\/\/www.africa-press.net\/cotedivoire\/?p=11433"},"modified":"2021-08-16T21:10:50","modified_gmt":"2021-08-16T21:10:50","slug":"cote-divoire-debut-des-vaccinations-contre-le-virus-ebola","status":"publish","type":"post","link":"https:\/\/www.africa-press.net\/cotedivoire\/toutes-les-actualites\/cote-divoire-debut-des-vaccinations-contre-le-virus-ebola","title":{"rendered":"d\u00e9but des vaccinations contre le virus Ebola"},"content":{"rendered":"<p><span style=\"color: #ff6600\"><strong><a href=\"https:\/\/www.africa-press.net\/\">Africa-Press<\/a> &#8211; <a href=\"https:\/\/www.africa-press.net\/cotedivoire\">C\u00f4te d&rsquo;Ivoire<\/a>. <\/strong><\/span>Les vaccinations en C\u00f4te d\u2019Ivoire contre le virus Ebola, dont un cas a \u00e9t\u00e9 d\u00e9tect\u00e9 la semaine derni\u00e8re \u00e0 Abidjan \u2013 le premier depuis pr\u00e8s de trente ans \u2013, devaient d\u00e9buter lundi 16 ao\u00fbt, a annonc\u00e9 le minist\u00e8re de la sant\u00e9. La C\u00f4te d\u2019Ivoire a re\u00e7u de Guin\u00e9e 5 000 doses de vaccins contre Ebola et \u00ab va vacciner \u00bb \u00e0 partir de lundi apr\u00e8s-midi \u00ab le personnel de sant\u00e9, les parents proches de la victime et ses contacts \u00bb, a d\u00e9clar\u00e9 \u00e0 l\u2019AFP Germain Mahan S\u00e9hi, porte-parole du minist\u00e8re. Ces vaccinations d\u00e9marrent apr\u00e8s \u00ab la formation [\u2026] de plusieurs dizaines d\u2019agents vaccinateurs en pr\u00e9sence de cinq experts de l\u2019OMS [Organisation mondiale de la sant\u00e9] venus de la Guin\u00e9e \u00bb voisine, durement touch\u00e9e de 2013 \u00e0 2016 et o\u00f9 le virus est r\u00e9apparu en 2021.<\/p>\n<p>Samedi, les autorit\u00e9s sanitaires ivoiriennes avaient \u00e9t\u00e9 inform\u00e9es par l\u2019Institut Pasteur \u00ab d\u2019un cas positif de maladie \u00e0 virus Ebola apr\u00e8s examen d\u2019un \u00e9chantillon pr\u00e9lev\u00e9 \u00bb vendredi \u00ab sur une jeune fille \u00e2g\u00e9e de 18 ans de nationalit\u00e9 guin\u00e9enne \u00bb. \u00ab Il est extr\u00eamement pr\u00e9occupant que cette \u00e9pid\u00e9mie ait \u00e9t\u00e9 d\u00e9clar\u00e9e \u00e0 Abidjan, une m\u00e9tropole de plus de 4 millions d\u2019habitants \u00bb, avait estim\u00e9 Matshidiso Moeti, directrice r\u00e9gionale de l\u2019OMS pour l\u2019Afrique, dans un communiqu\u00e9. \u00ab Aucun \u00e9l\u00e9ment n\u2019indique que le cas d\u00e9tect\u00e9 en C\u00f4te d\u2019Ivoire est li\u00e9 \u00e0 la r\u00e9cente flamb\u00e9e \u00e9pid\u00e9mique qui a touch\u00e9 la Guin\u00e9e, estime l\u2019OMS. Une enqu\u00eate plus approfondie et un s\u00e9quen\u00e7age g\u00e9nomique permettront d\u2019identifier la souche du virus et de d\u00e9terminer s\u2019il existe un lien \u00bb.<\/p>\n<p>Ebola est une maladie virale souvent mortelle qui touche les humains et d\u2019autres primates. \u00ab Les taux de l\u00e9talit\u00e9 ont vari\u00e9 de 25 \u00e0 90 % lors des \u00e9pid\u00e9mies pr\u00e9c\u00e9dentes, selon l\u2019OMS. N\u00e9anmoins, il existe d\u00e9sormais un traitement efficace, et si les patients sont pris en charge \u00e0 un stade pr\u00e9coce de la maladie, avec en parall\u00e8le des soins de soutien, leurs chances de survie s\u2019am\u00e9liorent consid\u00e9rablement. \u00bb<\/p>\n","protected":false},"excerpt":{"rendered":"<p>Africa-Press &#8211; C\u00f4te d&rsquo;Ivoire. Les vaccinations en C\u00f4te d\u2019Ivoire contre le virus Ebola, dont un cas a \u00e9t\u00e9 d\u00e9tect\u00e9 la semaine derni\u00e8re \u00e0 Abidjan \u2013 le premier depuis pr\u00e8s de trente ans \u2013, devaient d\u00e9buter lundi 16 ao\u00fbt, a annonc\u00e9 le minist\u00e8re de la sant\u00e9. La C\u00f4te d\u2019Ivoire a re\u00e7u de Guin\u00e9e 5 000 doses [&hellip;]<\/p>\n","protected":false},"author":82,"featured_media":11432,"comment_status":"open","ping_status":"closed","sticky":false,"template":"","format":"standard","meta":{"footnotes":""},"categories":[21,11,20,10],"tags":[56,63,29],"class_list":["post-11433","post","type-post","status-publish","format-standard","has-post-thumbnail","hentry","category-communaute","category-homepage-french","category-top-nouvelles","category-toutes-les-actualites","tag-africa-press","tag-africa-press-cote-divoire","tag-cote-divoire"],"yoast_head":"<!-- This site is optimized with the Yoast SEO Premium plugin v26.1 (Yoast SEO v27.0) - https:\/\/yoast.com\/product\/yoast-seo-premium-wordpress\/ -->\n<title>d\u00e9but des vaccinations contre le virus Ebola - C\u00f4te d&#039;Ivoire<\/title>\n<meta name=\"description\" content=\"Les vaccinations en C\u00f4te d\u2019Ivoire contre le virus Ebola, dont un cas a \u00e9t\u00e9 d\u00e9tect\u00e9 la semaine derni\u00e8re \u00e0 Abidjan \u2013 le pr ...\" \/>\n<meta name=\"robots\" content=\"index, follow, max-snippet:-1, max-image-preview:large, max-video-preview:-1\" \/>\n<link rel=\"canonical\" href=\"https:\/\/www.africa-press.net\/cotedivoire\/toutes-les-actualites\/cote-divoire-debut-des-vaccinations-contre-le-virus-ebola\" \/>\n<meta property=\"og:locale\" content=\"fr_FR\" \/>\n<meta property=\"og:type\" content=\"article\" \/>\n<meta property=\"og:title\" content=\"d\u00e9but des vaccinations contre le virus Ebola\" \/>\n<meta property=\"og:description\" content=\"Les vaccinations en C\u00f4te d\u2019Ivoire contre le virus Ebola, dont un cas a \u00e9t\u00e9 d\u00e9tect\u00e9 la semaine derni\u00e8re \u00e0 Abidjan \u2013 le pr ...\" \/>\n<meta property=\"og:url\" content=\"https:\/\/www.africa-press.net\/cotedivoire\/toutes-les-actualites\/cote-divoire-debut-des-vaccinations-contre-le-virus-ebola\" \/>\n<meta property=\"og:site_name\" content=\"C\u00f4te d&#039;Ivoire\" \/>\n<meta property=\"article:published_time\" content=\"2021-08-16T15:19:25+00:00\" \/>\n<meta property=\"article:modified_time\" content=\"2021-08-16T21:10:50+00:00\" \/>\n<meta property=\"og:image\" content=\"https:\/\/static.africa-press.net\/cote\/sites\/43\/2021\/08\/img-611a7aa8d1142.jpg\" \/>\n\t<meta property=\"og:image:width\" content=\"1440\" \/>\n\t<meta property=\"og:image:height\" content=\"720\" \/>\n\t<meta property=\"og:image:type\" content=\"image\/jpeg\" \/>\n<meta name=\"author\" content=\"cfeditorfr\" \/>\n<meta name=\"twitter:card\" content=\"summary_large_image\" \/>\n<meta name=\"twitter:label1\" content=\"\u00c9crit par\" \/>\n\t<meta name=\"twitter:data1\" content=\"cfeditorfr\" \/>\n\t<meta name=\"twitter:label2\" content=\"Dur\u00e9e de lecture estim\u00e9e\" \/>\n\t<meta name=\"twitter:data2\" content=\"2 minutes\" \/>\n<script type=\"application\/ld+json\" class=\"yoast-schema-graph\">{\"@context\":\"https:\/\/schema.org\",\"@graph\":[{\"@type\":\"Article\",\"@id\":\"https:\/\/www.africa-press.net\/cotedivoire\/toutes-les-actualites\/cote-divoire-debut-des-vaccinations-contre-le-virus-ebola#article\",\"isPartOf\":{\"@id\":\"https:\/\/www.africa-press.net\/cotedivoire\/toutes-les-actualites\/cote-divoire-debut-des-vaccinations-contre-le-virus-ebola\"},\"author\":{\"name\":\"cfeditorfr\",\"@id\":\"https:\/\/www.africa-press.net\/cotedivoire\/#\/schema\/person\/2b1cf3cd81a31e3cd26889ca66d677f1\"},\"headline\":\"d\u00e9but des vaccinations contre le virus Ebola\",\"datePublished\":\"2021-08-16T15:19:25+00:00\",\"dateModified\":\"2021-08-16T21:10:50+00:00\",\"mainEntityOfPage\":{\"@id\":\"https:\/\/www.africa-press.net\/cotedivoire\/toutes-les-actualites\/cote-divoire-debut-des-vaccinations-contre-le-virus-ebola\"},\"wordCount\":374,\"commentCount\":0,\"image\":{\"@id\":\"https:\/\/www.africa-press.net\/cotedivoire\/toutes-les-actualites\/cote-divoire-debut-des-vaccinations-contre-le-virus-ebola#primaryimage\"},\"thumbnailUrl\":\"https:\/\/static.africa-press.net\/cote\/sites\/43\/2021\/08\/img-611a7aa8d1142.jpg\",\"keywords\":[\"Africa Press\",\"Africa Press-C\u00f4te d'Ivoire\",\"C\u00d4TE D'IVOIRE\"],\"articleSection\":[\"Communaut\u00e9\",\"homepage-french\",\"Top Nouvelles\",\"Toutes les actualit\u00e9s\"],\"inLanguage\":\"fr-FR\",\"potentialAction\":[{\"@type\":\"CommentAction\",\"name\":\"Comment\",\"target\":[\"https:\/\/www.africa-press.net\/cotedivoire\/toutes-les-actualites\/cote-divoire-debut-des-vaccinations-contre-le-virus-ebola#respond\"]}]},{\"@type\":\"WebPage\",\"@id\":\"https:\/\/www.africa-press.net\/cotedivoire\/toutes-les-actualites\/cote-divoire-debut-des-vaccinations-contre-le-virus-ebola\",\"url\":\"https:\/\/www.africa-press.net\/cotedivoire\/toutes-les-actualites\/cote-divoire-debut-des-vaccinations-contre-le-virus-ebola\",\"name\":\"d\u00e9but des vaccinations contre le virus Ebola - C\u00f4te d&#039;Ivoire\",\"isPartOf\":{\"@id\":\"https:\/\/www.africa-press.net\/cotedivoire\/#website\"},\"primaryImageOfPage\":{\"@id\":\"https:\/\/www.africa-press.net\/cotedivoire\/toutes-les-actualites\/cote-divoire-debut-des-vaccinations-contre-le-virus-ebola#primaryimage\"},\"image\":{\"@id\":\"https:\/\/www.africa-press.net\/cotedivoire\/toutes-les-actualites\/cote-divoire-debut-des-vaccinations-contre-le-virus-ebola#primaryimage\"},\"thumbnailUrl\":\"https:\/\/static.africa-press.net\/cote\/sites\/43\/2021\/08\/img-611a7aa8d1142.jpg\",\"datePublished\":\"2021-08-16T15:19:25+00:00\",\"dateModified\":\"2021-08-16T21:10:50+00:00\",\"author\":{\"@id\":\"https:\/\/www.africa-press.net\/cotedivoire\/#\/schema\/person\/2b1cf3cd81a31e3cd26889ca66d677f1\"},\"description\":\"Les vaccinations en C\u00f4te d\u2019Ivoire contre le virus Ebola, dont un cas a \u00e9t\u00e9 d\u00e9tect\u00e9 la semaine derni\u00e8re \u00e0 Abidjan \u2013 le pr ...\",\"breadcrumb\":{\"@id\":\"https:\/\/www.africa-press.net\/cotedivoire\/toutes-les-actualites\/cote-divoire-debut-des-vaccinations-contre-le-virus-ebola#breadcrumb\"},\"inLanguage\":\"fr-FR\",\"potentialAction\":[{\"@type\":\"ReadAction\",\"target\":[\"https:\/\/www.africa-press.net\/cotedivoire\/toutes-les-actualites\/cote-divoire-debut-des-vaccinations-contre-le-virus-ebola\"]}]},{\"@type\":\"ImageObject\",\"inLanguage\":\"fr-FR\",\"@id\":\"https:\/\/www.africa-press.net\/cotedivoire\/toutes-les-actualites\/cote-divoire-debut-des-vaccinations-contre-le-virus-ebola#primaryimage\",\"url\":\"https:\/\/static.africa-press.net\/cote\/sites\/43\/2021\/08\/img-611a7aa8d1142.jpg\",\"contentUrl\":\"https:\/\/static.africa-press.net\/cote\/sites\/43\/2021\/08\/img-611a7aa8d1142.jpg\",\"width\":1440,\"height\":720,\"caption\":\"C\u00f4te d\u2019Ivoire\u00a0: d\u00e9but des vaccinations contre le virus Ebola\"},{\"@type\":\"BreadcrumbList\",\"@id\":\"https:\/\/www.africa-press.net\/cotedivoire\/toutes-les-actualites\/cote-divoire-debut-des-vaccinations-contre-le-virus-ebola#breadcrumb\",\"itemListElement\":[{\"@type\":\"ListItem\",\"position\":1,\"name\":\"Accueil\",\"item\":\"https:\/\/www.africa-press.net\/cotedivoire\/\"},{\"@type\":\"ListItem\",\"position\":2,\"name\":\"d\u00e9but des vaccinations contre le virus Ebola\"}]},{\"@type\":\"WebSite\",\"@id\":\"https:\/\/www.africa-press.net\/cotedivoire\/#website\",\"url\":\"https:\/\/www.africa-press.net\/cotedivoire\/\",\"name\":\"C\u00f4te d&#039;Ivoire\",\"description\":\"Just another Africa News Agency Sites site\",\"potentialAction\":[{\"@type\":\"SearchAction\",\"target\":{\"@type\":\"EntryPoint\",\"urlTemplate\":\"https:\/\/www.africa-press.net\/cotedivoire\/?s={search_term_string}\"},\"query-input\":{\"@type\":\"PropertyValueSpecification\",\"valueRequired\":true,\"valueName\":\"search_term_string\"}}],\"inLanguage\":\"fr-FR\"},{\"@type\":\"Person\",\"@id\":\"https:\/\/www.africa-press.net\/cotedivoire\/#\/schema\/person\/2b1cf3cd81a31e3cd26889ca66d677f1\",\"name\":\"cfeditorfr\"}]}<\/script>\n<!-- \/ Yoast SEO Premium plugin. -->","yoast_head_json":{"title":"d\u00e9but des vaccinations contre le virus Ebola - C\u00f4te d&#039;Ivoire","description":"Les vaccinations en C\u00f4te d\u2019Ivoire contre le virus Ebola, dont un cas a \u00e9t\u00e9 d\u00e9tect\u00e9 la semaine derni\u00e8re \u00e0 Abidjan \u2013 le pr ...","robots":{"index":"index","follow":"follow","max-snippet":"max-snippet:-1","max-image-preview":"max-image-preview:large","max-video-preview":"max-video-preview:-1"},"canonical":"https:\/\/www.africa-press.net\/cotedivoire\/toutes-les-actualites\/cote-divoire-debut-des-vaccinations-contre-le-virus-ebola","og_locale":"fr_FR","og_type":"article","og_title":"d\u00e9but des vaccinations contre le virus Ebola","og_description":"Les vaccinations en C\u00f4te d\u2019Ivoire contre le virus Ebola, dont un cas a \u00e9t\u00e9 d\u00e9tect\u00e9 la semaine derni\u00e8re \u00e0 Abidjan \u2013 le pr ...","og_url":"https:\/\/www.africa-press.net\/cotedivoire\/toutes-les-actualites\/cote-divoire-debut-des-vaccinations-contre-le-virus-ebola","og_site_name":"C\u00f4te d&#039;Ivoire","article_published_time":"2021-08-16T15:19:25+00:00","article_modified_time":"2021-08-16T21:10:50+00:00","og_image":[{"width":1440,"height":720,"url":"https:\/\/static.africa-press.net\/cote\/sites\/43\/2021\/08\/img-611a7aa8d1142.jpg","type":"image\/jpeg"}],"author":"cfeditorfr","twitter_card":"summary_large_image","twitter_misc":{"\u00c9crit par":"cfeditorfr","Dur\u00e9e de lecture estim\u00e9e":"2 minutes"},"schema":{"@context":"https:\/\/schema.org","@graph":[{"@type":"Article","@id":"https:\/\/www.africa-press.net\/cotedivoire\/toutes-les-actualites\/cote-divoire-debut-des-vaccinations-contre-le-virus-ebola#article","isPartOf":{"@id":"https:\/\/www.africa-press.net\/cotedivoire\/toutes-les-actualites\/cote-divoire-debut-des-vaccinations-contre-le-virus-ebola"},"author":{"name":"cfeditorfr","@id":"https:\/\/www.africa-press.net\/cotedivoire\/#\/schema\/person\/2b1cf3cd81a31e3cd26889ca66d677f1"},"headline":"d\u00e9but des vaccinations contre le virus Ebola","datePublished":"2021-08-16T15:19:25+00:00","dateModified":"2021-08-16T21:10:50+00:00","mainEntityOfPage":{"@id":"https:\/\/www.africa-press.net\/cotedivoire\/toutes-les-actualites\/cote-divoire-debut-des-vaccinations-contre-le-virus-ebola"},"wordCount":374,"commentCount":0,"image":{"@id":"https:\/\/www.africa-press.net\/cotedivoire\/toutes-les-actualites\/cote-divoire-debut-des-vaccinations-contre-le-virus-ebola#primaryimage"},"thumbnailUrl":"https:\/\/static.africa-press.net\/cote\/sites\/43\/2021\/08\/img-611a7aa8d1142.jpg","keywords":["Africa Press","Africa Press-C\u00f4te d'Ivoire","C\u00d4TE D'IVOIRE"],"articleSection":["Communaut\u00e9","homepage-french","Top Nouvelles","Toutes les actualit\u00e9s"],"inLanguage":"fr-FR","potentialAction":[{"@type":"CommentAction","name":"Comment","target":["https:\/\/www.africa-press.net\/cotedivoire\/toutes-les-actualites\/cote-divoire-debut-des-vaccinations-contre-le-virus-ebola#respond"]}]},{"@type":"WebPage","@id":"https:\/\/www.africa-press.net\/cotedivoire\/toutes-les-actualites\/cote-divoire-debut-des-vaccinations-contre-le-virus-ebola","url":"https:\/\/www.africa-press.net\/cotedivoire\/toutes-les-actualites\/cote-divoire-debut-des-vaccinations-contre-le-virus-ebola","name":"d\u00e9but des vaccinations contre le virus Ebola - C\u00f4te d&#039;Ivoire","isPartOf":{"@id":"https:\/\/www.africa-press.net\/cotedivoire\/#website"},"primaryImageOfPage":{"@id":"https:\/\/www.africa-press.net\/cotedivoire\/toutes-les-actualites\/cote-divoire-debut-des-vaccinations-contre-le-virus-ebola#primaryimage"},"image":{"@id":"https:\/\/www.africa-press.net\/cotedivoire\/toutes-les-actualites\/cote-divoire-debut-des-vaccinations-contre-le-virus-ebola#primaryimage"},"thumbnailUrl":"https:\/\/static.africa-press.net\/cote\/sites\/43\/2021\/08\/img-611a7aa8d1142.jpg","datePublished":"2021-08-16T15:19:25+00:00","dateModified":"2021-08-16T21:10:50+00:00","author":{"@id":"https:\/\/www.africa-press.net\/cotedivoire\/#\/schema\/person\/2b1cf3cd81a31e3cd26889ca66d677f1"},"description":"Les vaccinations en C\u00f4te d\u2019Ivoire contre le virus Ebola, dont un cas a \u00e9t\u00e9 d\u00e9tect\u00e9 la semaine derni\u00e8re \u00e0 Abidjan \u2013 le pr ...","breadcrumb":{"@id":"https:\/\/www.africa-press.net\/cotedivoire\/toutes-les-actualites\/cote-divoire-debut-des-vaccinations-contre-le-virus-ebola#breadcrumb"},"inLanguage":"fr-FR","potentialAction":[{"@type":"ReadAction","target":["https:\/\/www.africa-press.net\/cotedivoire\/toutes-les-actualites\/cote-divoire-debut-des-vaccinations-contre-le-virus-ebola"]}]},{"@type":"ImageObject","inLanguage":"fr-FR","@id":"https:\/\/www.africa-press.net\/cotedivoire\/toutes-les-actualites\/cote-divoire-debut-des-vaccinations-contre-le-virus-ebola#primaryimage","url":"https:\/\/static.africa-press.net\/cote\/sites\/43\/2021\/08\/img-611a7aa8d1142.jpg","contentUrl":"https:\/\/static.africa-press.net\/cote\/sites\/43\/2021\/08\/img-611a7aa8d1142.jpg","width":1440,"height":720,"caption":"C\u00f4te d\u2019Ivoire\u00a0: d\u00e9but des vaccinations contre le virus Ebola"},{"@type":"BreadcrumbList","@id":"https:\/\/www.africa-press.net\/cotedivoire\/toutes-les-actualites\/cote-divoire-debut-des-vaccinations-contre-le-virus-ebola#breadcrumb","itemListElement":[{"@type":"ListItem","position":1,"name":"Accueil","item":"https:\/\/www.africa-press.net\/cotedivoire\/"},{"@type":"ListItem","position":2,"name":"d\u00e9but des vaccinations contre le virus Ebola"}]},{"@type":"WebSite","@id":"https:\/\/www.africa-press.net\/cotedivoire\/#website","url":"https:\/\/www.africa-press.net\/cotedivoire\/","name":"C\u00f4te d&#039;Ivoire","description":"Just another Africa News Agency Sites site","potentialAction":[{"@type":"SearchAction","target":{"@type":"EntryPoint","urlTemplate":"https:\/\/www.africa-press.net\/cotedivoire\/?s={search_term_string}"},"query-input":{"@type":"PropertyValueSpecification","valueRequired":true,"valueName":"search_term_string"}}],"inLanguage":"fr-FR"},{"@type":"Person","@id":"https:\/\/www.africa-press.net\/cotedivoire\/#\/schema\/person\/2b1cf3cd81a31e3cd26889ca66d677f1","name":"cfeditorfr"}]}},"_links":{"self":[{"href":"https:\/\/www.africa-press.net\/cotedivoire\/wp-json\/wp\/v2\/posts\/11433","targetHints":{"allow":["GET"]}}],"collection":[{"href":"https:\/\/www.africa-press.net\/cotedivoire\/wp-json\/wp\/v2\/posts"}],"about":[{"href":"https:\/\/www.africa-press.net\/cotedivoire\/wp-json\/wp\/v2\/types\/post"}],"author":[{"embeddable":true,"href":"https:\/\/www.africa-press.net\/cotedivoire\/wp-json\/wp\/v2\/users\/82"}],"replies":[{"embeddable":true,"href":"https:\/\/www.africa-press.net\/cotedivoire\/wp-json\/wp\/v2\/comments?post=11433"}],"version-history":[{"count":0,"href":"https:\/\/www.africa-press.net\/cotedivoire\/wp-json\/wp\/v2\/posts\/11433\/revisions"}],"wp:featuredmedia":[{"embeddable":true,"href":"https:\/\/www.africa-press.net\/cotedivoire\/wp-json\/wp\/v2\/media\/11432"}],"wp:attachment":[{"href":"https:\/\/www.africa-press.net\/cotedivoire\/wp-json\/wp\/v2\/media?parent=11433"}],"wp:term":[{"taxonomy":"category","embeddable":true,"href":"https:\/\/www.africa-press.net\/cotedivoire\/wp-json\/wp\/v2\/categories?post=11433"},{"taxonomy":"post_tag","embeddable":true,"href":"https:\/\/www.africa-press.net\/cotedivoire\/wp-json\/wp\/v2\/tags?post=11433"}],"curies":[{"name":"wp","href":"https:\/\/api.w.org\/{rel}","templated":true}]}}