{"id":11482,"date":"2021-08-16T18:46:33","date_gmt":"2021-08-16T18:46:33","guid":{"rendered":"https:\/\/www.africa-press.net\/cotedivoire\/?p=11482"},"modified":"2021-08-16T21:08:25","modified_gmt":"2021-08-16T21:08:25","slug":"ibrahim-khalil-konate-sengage-a-inscrire-le-festival-de-la-culture-mangoro-au-programme-triennal-du-conseil-regional","status":"publish","type":"post","link":"https:\/\/www.africa-press.net\/cotedivoire\/culture-et-art\/ibrahim-khalil-konate-sengage-a-inscrire-le-festival-de-la-culture-mangoro-au-programme-triennal-du-conseil-regional","title":{"rendered":"Ibrahim Khalil Konat\u00e9 s\u2019engage \u00e0 inscrire le festival de la culture Mangoro au programme triennal du conseil r\u00e9gional"},"content":{"rendered":"<p><span style=\"color: #ff6600\"><strong><a href=\"https:\/\/www.africa-press.net\/\">Africa-Press<\/a> &#8211; <a href=\"https:\/\/www.africa-press.net\/cotedivoire\">C\u00f4te d&rsquo;Ivoire<\/a>.\u00a0 <\/strong><\/span>Le pr\u00e9sident du conseil r\u00e9gional du Hambol, Ibrahim Khalil Konat\u00e9, s\u2019est engag\u00e9 samedi 14 ao\u00fbt 2021, \u00e0 inscrire le festival de la poterie et de la culture Mangoro au programme triennal du conseil r\u00e9gional avec une dotation de 5 millions, lors de la c\u00e9r\u00e9monie d\u2019ouverture du festival sur l\u2019esplanade du centre culturel de Katiola.<\/p>\n<p>Pour le commissaire du festival, Coulibaly Adams, \u00ab ce festival de la poterie et de la culture Mangoro est une f\u00eate de retrouvailles et de consolidation de liens entre les fils et filles Mangoro \u00bb.<\/p>\n<p>Cette c\u00e9r\u00e9monie d\u2019ouverture a pris fin par la visite guid\u00e9e au village du festival o\u00f9 les poti\u00e8res venues des villages de la r\u00e9gion du Hambol faisaient \u00e9talage de leurs talents dans le processus de la fabrication des pots du d\u00e9but jusqu\u2019aux produits finis.<\/p>\n<p>Le festival de la poterie et de la culture Mangoro, qui est \u00e0 sa septi\u00e8me \u00e9dition, se d\u00e9roule du 14 au 19 ao\u00fbt 2021, et est pr\u00e9sid\u00e9 par le maire de Katiola, Thomas Camara.<\/p>\n<p>&nbsp;<\/p>\n","protected":false},"excerpt":{"rendered":"<p>Africa-Press &#8211; C\u00f4te d&rsquo;Ivoire.\u00a0 Le pr\u00e9sident du conseil r\u00e9gional du Hambol, Ibrahim Khalil Konat\u00e9, s\u2019est engag\u00e9 samedi 14 ao\u00fbt 2021, \u00e0 inscrire le festival de la poterie et de la culture Mangoro au programme triennal du conseil r\u00e9gional avec une dotation de 5 millions, lors de la c\u00e9r\u00e9monie d\u2019ouverture du festival sur l\u2019esplanade du centre [&hellip;]<\/p>\n","protected":false},"author":82,"featured_media":11481,"comment_status":"open","ping_status":"closed","sticky":false,"template":"","format":"standard","meta":{"footnotes":""},"categories":[5,11,10],"tags":[56,63,29],"class_list":["post-11482","post","type-post","status-publish","format-standard","has-post-thumbnail","hentry","category-culture-et-art","category-homepage-french","category-toutes-les-actualites","tag-africa-press","tag-africa-press-cote-divoire","tag-cote-divoire"],"yoast_head":"<!-- This site is optimized with the Yoast SEO Premium plugin v26.1 (Yoast SEO v27.0) - https:\/\/yoast.com\/product\/yoast-seo-premium-wordpress\/ -->\n<title>Ibrahim Khalil Konat\u00e9 s\u2019engage \u00e0 inscrire le festival de la culture Mangoro au programme triennal du conseil r\u00e9gional - C\u00f4te d&#039;Ivoire<\/title>\n<meta name=\"description\" content=\"Katiola, 15 ao\u00fbt 2021 (AIP)- Le pr\u00e9sident du conseil r\u00e9gional du Hambol, Ibrahim Khalil Konat\u00e9, s\u2019est engag\u00e9 samedi 14 a ...\" \/>\n<meta name=\"robots\" content=\"index, follow, max-snippet:-1, max-image-preview:large, max-video-preview:-1\" \/>\n<link rel=\"canonical\" href=\"https:\/\/www.africa-press.net\/cotedivoire\/culture-et-art\/ibrahim-khalil-konate-sengage-a-inscrire-le-festival-de-la-culture-mangoro-au-programme-triennal-du-conseil-regional\" \/>\n<meta property=\"og:locale\" content=\"fr_FR\" \/>\n<meta property=\"og:type\" content=\"article\" \/>\n<meta property=\"og:title\" content=\"Ibrahim Khalil Konat\u00e9 s\u2019engage \u00e0 inscrire le festival de la culture Mangoro au programme triennal du conseil r\u00e9gional\" \/>\n<meta property=\"og:description\" content=\"Katiola, 15 ao\u00fbt 2021 (AIP)- Le pr\u00e9sident du conseil r\u00e9gional du Hambol, Ibrahim Khalil Konat\u00e9, s\u2019est engag\u00e9 samedi 14 a ...\" \/>\n<meta property=\"og:url\" content=\"https:\/\/www.africa-press.net\/cotedivoire\/culture-et-art\/ibrahim-khalil-konate-sengage-a-inscrire-le-festival-de-la-culture-mangoro-au-programme-triennal-du-conseil-regional\" \/>\n<meta property=\"og:site_name\" content=\"C\u00f4te d&#039;Ivoire\" \/>\n<meta property=\"article:published_time\" content=\"2021-08-16T18:46:33+00:00\" \/>\n<meta property=\"article:modified_time\" content=\"2021-08-16T21:08:25+00:00\" \/>\n<meta property=\"og:image\" content=\"https:\/\/static.africa-press.net\/cote\/sites\/43\/2021\/08\/img-611a98b3adc30.jpg\" \/>\n\t<meta property=\"og:image:width\" content=\"920\" \/>\n\t<meta property=\"og:image:height\" content=\"425\" \/>\n\t<meta property=\"og:image:type\" content=\"image\/jpeg\" \/>\n<meta name=\"author\" content=\"cfeditorfr\" \/>\n<meta name=\"twitter:card\" content=\"summary_large_image\" \/>\n<meta name=\"twitter:label1\" content=\"\u00c9crit par\" \/>\n\t<meta name=\"twitter:data1\" content=\"cfeditorfr\" \/>\n\t<meta name=\"twitter:label2\" content=\"Dur\u00e9e de lecture estim\u00e9e\" \/>\n\t<meta name=\"twitter:data2\" content=\"1 minute\" \/>\n<script type=\"application\/ld+json\" class=\"yoast-schema-graph\">{\"@context\":\"https:\/\/schema.org\",\"@graph\":[{\"@type\":\"Article\",\"@id\":\"https:\/\/www.africa-press.net\/cotedivoire\/culture-et-art\/ibrahim-khalil-konate-sengage-a-inscrire-le-festival-de-la-culture-mangoro-au-programme-triennal-du-conseil-regional#article\",\"isPartOf\":{\"@id\":\"https:\/\/www.africa-press.net\/cotedivoire\/culture-et-art\/ibrahim-khalil-konate-sengage-a-inscrire-le-festival-de-la-culture-mangoro-au-programme-triennal-du-conseil-regional\"},\"author\":{\"name\":\"cfeditorfr\",\"@id\":\"https:\/\/www.africa-press.net\/cotedivoire\/#\/schema\/person\/2b1cf3cd81a31e3cd26889ca66d677f1\"},\"headline\":\"Ibrahim Khalil Konat\u00e9 s\u2019engage \u00e0 inscrire le festival de la culture Mangoro au programme triennal du conseil r\u00e9gional\",\"datePublished\":\"2021-08-16T18:46:33+00:00\",\"dateModified\":\"2021-08-16T21:08:25+00:00\",\"mainEntityOfPage\":{\"@id\":\"https:\/\/www.africa-press.net\/cotedivoire\/culture-et-art\/ibrahim-khalil-konate-sengage-a-inscrire-le-festival-de-la-culture-mangoro-au-programme-triennal-du-conseil-regional\"},\"wordCount\":204,\"commentCount\":0,\"image\":{\"@id\":\"https:\/\/www.africa-press.net\/cotedivoire\/culture-et-art\/ibrahim-khalil-konate-sengage-a-inscrire-le-festival-de-la-culture-mangoro-au-programme-triennal-du-conseil-regional#primaryimage\"},\"thumbnailUrl\":\"https:\/\/static.africa-press.net\/cote\/sites\/43\/2021\/08\/img-611a98b3adc30.jpg\",\"keywords\":[\"Africa Press\",\"Africa Press-C\u00f4te d'Ivoire\",\"C\u00d4TE D'IVOIRE\"],\"articleSection\":[\"Culture et Art\",\"homepage-french\",\"Toutes les actualit\u00e9s\"],\"inLanguage\":\"fr-FR\",\"potentialAction\":[{\"@type\":\"CommentAction\",\"name\":\"Comment\",\"target\":[\"https:\/\/www.africa-press.net\/cotedivoire\/culture-et-art\/ibrahim-khalil-konate-sengage-a-inscrire-le-festival-de-la-culture-mangoro-au-programme-triennal-du-conseil-regional#respond\"]}]},{\"@type\":\"WebPage\",\"@id\":\"https:\/\/www.africa-press.net\/cotedivoire\/culture-et-art\/ibrahim-khalil-konate-sengage-a-inscrire-le-festival-de-la-culture-mangoro-au-programme-triennal-du-conseil-regional\",\"url\":\"https:\/\/www.africa-press.net\/cotedivoire\/culture-et-art\/ibrahim-khalil-konate-sengage-a-inscrire-le-festival-de-la-culture-mangoro-au-programme-triennal-du-conseil-regional\",\"name\":\"Ibrahim Khalil Konat\u00e9 s\u2019engage \u00e0 inscrire le festival de la culture Mangoro au programme triennal du conseil r\u00e9gional - C\u00f4te d&#039;Ivoire\",\"isPartOf\":{\"@id\":\"https:\/\/www.africa-press.net\/cotedivoire\/#website\"},\"primaryImageOfPage\":{\"@id\":\"https:\/\/www.africa-press.net\/cotedivoire\/culture-et-art\/ibrahim-khalil-konate-sengage-a-inscrire-le-festival-de-la-culture-mangoro-au-programme-triennal-du-conseil-regional#primaryimage\"},\"image\":{\"@id\":\"https:\/\/www.africa-press.net\/cotedivoire\/culture-et-art\/ibrahim-khalil-konate-sengage-a-inscrire-le-festival-de-la-culture-mangoro-au-programme-triennal-du-conseil-regional#primaryimage\"},\"thumbnailUrl\":\"https:\/\/static.africa-press.net\/cote\/sites\/43\/2021\/08\/img-611a98b3adc30.jpg\",\"datePublished\":\"2021-08-16T18:46:33+00:00\",\"dateModified\":\"2021-08-16T21:08:25+00:00\",\"author\":{\"@id\":\"https:\/\/www.africa-press.net\/cotedivoire\/#\/schema\/person\/2b1cf3cd81a31e3cd26889ca66d677f1\"},\"description\":\"Katiola, 15 ao\u00fbt 2021 (AIP)- Le pr\u00e9sident du conseil r\u00e9gional du Hambol, Ibrahim Khalil Konat\u00e9, s\u2019est engag\u00e9 samedi 14 a ...\",\"breadcrumb\":{\"@id\":\"https:\/\/www.africa-press.net\/cotedivoire\/culture-et-art\/ibrahim-khalil-konate-sengage-a-inscrire-le-festival-de-la-culture-mangoro-au-programme-triennal-du-conseil-regional#breadcrumb\"},\"inLanguage\":\"fr-FR\",\"potentialAction\":[{\"@type\":\"ReadAction\",\"target\":[\"https:\/\/www.africa-press.net\/cotedivoire\/culture-et-art\/ibrahim-khalil-konate-sengage-a-inscrire-le-festival-de-la-culture-mangoro-au-programme-triennal-du-conseil-regional\"]}]},{\"@type\":\"ImageObject\",\"inLanguage\":\"fr-FR\",\"@id\":\"https:\/\/www.africa-press.net\/cotedivoire\/culture-et-art\/ibrahim-khalil-konate-sengage-a-inscrire-le-festival-de-la-culture-mangoro-au-programme-triennal-du-conseil-regional#primaryimage\",\"url\":\"https:\/\/static.africa-press.net\/cote\/sites\/43\/2021\/08\/img-611a98b3adc30.jpg\",\"contentUrl\":\"https:\/\/static.africa-press.net\/cote\/sites\/43\/2021\/08\/img-611a98b3adc30.jpg\",\"width\":920,\"height\":425,\"caption\":\"Ibrahim Khalil Konat\u00e9 s\u2019engage \u00e0 inscrire le festival de la culture Mangoro au programme triennal du conseil r\u00e9gional\"},{\"@type\":\"BreadcrumbList\",\"@id\":\"https:\/\/www.africa-press.net\/cotedivoire\/culture-et-art\/ibrahim-khalil-konate-sengage-a-inscrire-le-festival-de-la-culture-mangoro-au-programme-triennal-du-conseil-regional#breadcrumb\",\"itemListElement\":[{\"@type\":\"ListItem\",\"position\":1,\"name\":\"Accueil\",\"item\":\"https:\/\/www.africa-press.net\/cotedivoire\/\"},{\"@type\":\"ListItem\",\"position\":2,\"name\":\"Ibrahim Khalil Konat\u00e9 s\u2019engage \u00e0 inscrire le festival de la culture Mangoro au programme triennal du conseil r\u00e9gional\"}]},{\"@type\":\"WebSite\",\"@id\":\"https:\/\/www.africa-press.net\/cotedivoire\/#website\",\"url\":\"https:\/\/www.africa-press.net\/cotedivoire\/\",\"name\":\"C\u00f4te d&#039;Ivoire\",\"description\":\"Just another Africa News Agency Sites site\",\"potentialAction\":[{\"@type\":\"SearchAction\",\"target\":{\"@type\":\"EntryPoint\",\"urlTemplate\":\"https:\/\/www.africa-press.net\/cotedivoire\/?s={search_term_string}\"},\"query-input\":{\"@type\":\"PropertyValueSpecification\",\"valueRequired\":true,\"valueName\":\"search_term_string\"}}],\"inLanguage\":\"fr-FR\"},{\"@type\":\"Person\",\"@id\":\"https:\/\/www.africa-press.net\/cotedivoire\/#\/schema\/person\/2b1cf3cd81a31e3cd26889ca66d677f1\",\"name\":\"cfeditorfr\"}]}<\/script>\n<!-- \/ Yoast SEO Premium plugin. -->","yoast_head_json":{"title":"Ibrahim Khalil Konat\u00e9 s\u2019engage \u00e0 inscrire le festival de la culture Mangoro au programme triennal du conseil r\u00e9gional - C\u00f4te d&#039;Ivoire","description":"Katiola, 15 ao\u00fbt 2021 (AIP)- Le pr\u00e9sident du conseil r\u00e9gional du Hambol, Ibrahim Khalil Konat\u00e9, s\u2019est engag\u00e9 samedi 14 a ...","robots":{"index":"index","follow":"follow","max-snippet":"max-snippet:-1","max-image-preview":"max-image-preview:large","max-video-preview":"max-video-preview:-1"},"canonical":"https:\/\/www.africa-press.net\/cotedivoire\/culture-et-art\/ibrahim-khalil-konate-sengage-a-inscrire-le-festival-de-la-culture-mangoro-au-programme-triennal-du-conseil-regional","og_locale":"fr_FR","og_type":"article","og_title":"Ibrahim Khalil Konat\u00e9 s\u2019engage \u00e0 inscrire le festival de la culture Mangoro au programme triennal du conseil r\u00e9gional","og_description":"Katiola, 15 ao\u00fbt 2021 (AIP)- Le pr\u00e9sident du conseil r\u00e9gional du Hambol, Ibrahim Khalil Konat\u00e9, s\u2019est engag\u00e9 samedi 14 a ...","og_url":"https:\/\/www.africa-press.net\/cotedivoire\/culture-et-art\/ibrahim-khalil-konate-sengage-a-inscrire-le-festival-de-la-culture-mangoro-au-programme-triennal-du-conseil-regional","og_site_name":"C\u00f4te d&#039;Ivoire","article_published_time":"2021-08-16T18:46:33+00:00","article_modified_time":"2021-08-16T21:08:25+00:00","og_image":[{"width":920,"height":425,"url":"https:\/\/static.africa-press.net\/cote\/sites\/43\/2021\/08\/img-611a98b3adc30.jpg","type":"image\/jpeg"}],"author":"cfeditorfr","twitter_card":"summary_large_image","twitter_misc":{"\u00c9crit par":"cfeditorfr","Dur\u00e9e de lecture estim\u00e9e":"1 minute"},"schema":{"@context":"https:\/\/schema.org","@graph":[{"@type":"Article","@id":"https:\/\/www.africa-press.net\/cotedivoire\/culture-et-art\/ibrahim-khalil-konate-sengage-a-inscrire-le-festival-de-la-culture-mangoro-au-programme-triennal-du-conseil-regional#article","isPartOf":{"@id":"https:\/\/www.africa-press.net\/cotedivoire\/culture-et-art\/ibrahim-khalil-konate-sengage-a-inscrire-le-festival-de-la-culture-mangoro-au-programme-triennal-du-conseil-regional"},"author":{"name":"cfeditorfr","@id":"https:\/\/www.africa-press.net\/cotedivoire\/#\/schema\/person\/2b1cf3cd81a31e3cd26889ca66d677f1"},"headline":"Ibrahim Khalil Konat\u00e9 s\u2019engage \u00e0 inscrire le festival de la culture Mangoro au programme triennal du conseil r\u00e9gional","datePublished":"2021-08-16T18:46:33+00:00","dateModified":"2021-08-16T21:08:25+00:00","mainEntityOfPage":{"@id":"https:\/\/www.africa-press.net\/cotedivoire\/culture-et-art\/ibrahim-khalil-konate-sengage-a-inscrire-le-festival-de-la-culture-mangoro-au-programme-triennal-du-conseil-regional"},"wordCount":204,"commentCount":0,"image":{"@id":"https:\/\/www.africa-press.net\/cotedivoire\/culture-et-art\/ibrahim-khalil-konate-sengage-a-inscrire-le-festival-de-la-culture-mangoro-au-programme-triennal-du-conseil-regional#primaryimage"},"thumbnailUrl":"https:\/\/static.africa-press.net\/cote\/sites\/43\/2021\/08\/img-611a98b3adc30.jpg","keywords":["Africa Press","Africa Press-C\u00f4te d'Ivoire","C\u00d4TE D'IVOIRE"],"articleSection":["Culture et Art","homepage-french","Toutes les actualit\u00e9s"],"inLanguage":"fr-FR","potentialAction":[{"@type":"CommentAction","name":"Comment","target":["https:\/\/www.africa-press.net\/cotedivoire\/culture-et-art\/ibrahim-khalil-konate-sengage-a-inscrire-le-festival-de-la-culture-mangoro-au-programme-triennal-du-conseil-regional#respond"]}]},{"@type":"WebPage","@id":"https:\/\/www.africa-press.net\/cotedivoire\/culture-et-art\/ibrahim-khalil-konate-sengage-a-inscrire-le-festival-de-la-culture-mangoro-au-programme-triennal-du-conseil-regional","url":"https:\/\/www.africa-press.net\/cotedivoire\/culture-et-art\/ibrahim-khalil-konate-sengage-a-inscrire-le-festival-de-la-culture-mangoro-au-programme-triennal-du-conseil-regional","name":"Ibrahim Khalil Konat\u00e9 s\u2019engage \u00e0 inscrire le festival de la culture Mangoro au programme triennal du conseil r\u00e9gional - C\u00f4te d&#039;Ivoire","isPartOf":{"@id":"https:\/\/www.africa-press.net\/cotedivoire\/#website"},"primaryImageOfPage":{"@id":"https:\/\/www.africa-press.net\/cotedivoire\/culture-et-art\/ibrahim-khalil-konate-sengage-a-inscrire-le-festival-de-la-culture-mangoro-au-programme-triennal-du-conseil-regional#primaryimage"},"image":{"@id":"https:\/\/www.africa-press.net\/cotedivoire\/culture-et-art\/ibrahim-khalil-konate-sengage-a-inscrire-le-festival-de-la-culture-mangoro-au-programme-triennal-du-conseil-regional#primaryimage"},"thumbnailUrl":"https:\/\/static.africa-press.net\/cote\/sites\/43\/2021\/08\/img-611a98b3adc30.jpg","datePublished":"2021-08-16T18:46:33+00:00","dateModified":"2021-08-16T21:08:25+00:00","author":{"@id":"https:\/\/www.africa-press.net\/cotedivoire\/#\/schema\/person\/2b1cf3cd81a31e3cd26889ca66d677f1"},"description":"Katiola, 15 ao\u00fbt 2021 (AIP)- Le pr\u00e9sident du conseil r\u00e9gional du Hambol, Ibrahim Khalil Konat\u00e9, s\u2019est engag\u00e9 samedi 14 a ...","breadcrumb":{"@id":"https:\/\/www.africa-press.net\/cotedivoire\/culture-et-art\/ibrahim-khalil-konate-sengage-a-inscrire-le-festival-de-la-culture-mangoro-au-programme-triennal-du-conseil-regional#breadcrumb"},"inLanguage":"fr-FR","potentialAction":[{"@type":"ReadAction","target":["https:\/\/www.africa-press.net\/cotedivoire\/culture-et-art\/ibrahim-khalil-konate-sengage-a-inscrire-le-festival-de-la-culture-mangoro-au-programme-triennal-du-conseil-regional"]}]},{"@type":"ImageObject","inLanguage":"fr-FR","@id":"https:\/\/www.africa-press.net\/cotedivoire\/culture-et-art\/ibrahim-khalil-konate-sengage-a-inscrire-le-festival-de-la-culture-mangoro-au-programme-triennal-du-conseil-regional#primaryimage","url":"https:\/\/static.africa-press.net\/cote\/sites\/43\/2021\/08\/img-611a98b3adc30.jpg","contentUrl":"https:\/\/static.africa-press.net\/cote\/sites\/43\/2021\/08\/img-611a98b3adc30.jpg","width":920,"height":425,"caption":"Ibrahim Khalil Konat\u00e9 s\u2019engage \u00e0 inscrire le festival de la culture Mangoro au programme triennal du conseil r\u00e9gional"},{"@type":"BreadcrumbList","@id":"https:\/\/www.africa-press.net\/cotedivoire\/culture-et-art\/ibrahim-khalil-konate-sengage-a-inscrire-le-festival-de-la-culture-mangoro-au-programme-triennal-du-conseil-regional#breadcrumb","itemListElement":[{"@type":"ListItem","position":1,"name":"Accueil","item":"https:\/\/www.africa-press.net\/cotedivoire\/"},{"@type":"ListItem","position":2,"name":"Ibrahim Khalil Konat\u00e9 s\u2019engage \u00e0 inscrire le festival de la culture Mangoro au programme triennal du conseil r\u00e9gional"}]},{"@type":"WebSite","@id":"https:\/\/www.africa-press.net\/cotedivoire\/#website","url":"https:\/\/www.africa-press.net\/cotedivoire\/","name":"C\u00f4te d&#039;Ivoire","description":"Just another Africa News Agency Sites site","potentialAction":[{"@type":"SearchAction","target":{"@type":"EntryPoint","urlTemplate":"https:\/\/www.africa-press.net\/cotedivoire\/?s={search_term_string}"},"query-input":{"@type":"PropertyValueSpecification","valueRequired":true,"valueName":"search_term_string"}}],"inLanguage":"fr-FR"},{"@type":"Person","@id":"https:\/\/www.africa-press.net\/cotedivoire\/#\/schema\/person\/2b1cf3cd81a31e3cd26889ca66d677f1","name":"cfeditorfr"}]}},"_links":{"self":[{"href":"https:\/\/www.africa-press.net\/cotedivoire\/wp-json\/wp\/v2\/posts\/11482","targetHints":{"allow":["GET"]}}],"collection":[{"href":"https:\/\/www.africa-press.net\/cotedivoire\/wp-json\/wp\/v2\/posts"}],"about":[{"href":"https:\/\/www.africa-press.net\/cotedivoire\/wp-json\/wp\/v2\/types\/post"}],"author":[{"embeddable":true,"href":"https:\/\/www.africa-press.net\/cotedivoire\/wp-json\/wp\/v2\/users\/82"}],"replies":[{"embeddable":true,"href":"https:\/\/www.africa-press.net\/cotedivoire\/wp-json\/wp\/v2\/comments?post=11482"}],"version-history":[{"count":0,"href":"https:\/\/www.africa-press.net\/cotedivoire\/wp-json\/wp\/v2\/posts\/11482\/revisions"}],"wp:featuredmedia":[{"embeddable":true,"href":"https:\/\/www.africa-press.net\/cotedivoire\/wp-json\/wp\/v2\/media\/11481"}],"wp:attachment":[{"href":"https:\/\/www.africa-press.net\/cotedivoire\/wp-json\/wp\/v2\/media?parent=11482"}],"wp:term":[{"taxonomy":"category","embeddable":true,"href":"https:\/\/www.africa-press.net\/cotedivoire\/wp-json\/wp\/v2\/categories?post=11482"},{"taxonomy":"post_tag","embeddable":true,"href":"https:\/\/www.africa-press.net\/cotedivoire\/wp-json\/wp\/v2\/tags?post=11482"}],"curies":[{"name":"wp","href":"https:\/\/api.w.org\/{rel}","templated":true}]}}