{"id":11485,"date":"2021-08-16T18:53:18","date_gmt":"2021-08-16T18:53:18","guid":{"rendered":"https:\/\/www.africa-press.net\/cotedivoire\/?p=11485"},"modified":"2021-08-16T21:08:35","modified_gmt":"2021-08-16T21:08:35","slug":"la-premiere-edition-du-tournoi-des-minimes-lancee-a-daoukro","status":"publish","type":"post","link":"https:\/\/www.africa-press.net\/cotedivoire\/sports\/la-premiere-edition-du-tournoi-des-minimes-lancee-a-daoukro","title":{"rendered":"La premi\u00e8re \u00e9dition du tournoi des minimes lanc\u00e9e \u00e0 Daoukro"},"content":{"rendered":"<p><span style=\"color: #ff6600\"><strong><a href=\"https:\/\/www.africa-press.net\/\">Africa-Press<\/a> &#8211; <a href=\"https:\/\/www.africa-press.net\/cotedivoire\">C\u00f4te d&rsquo;Ivoire<\/a>.\u00a0 <\/strong><\/span>\u00a0La premi\u00e8re \u00e9dition du tournoi des minimes a d\u00e9but\u00e9 samedi 14 ao\u00fbt 2021 \u00e0 Daoukro, lors d\u2019une c\u00e9r\u00e9monie pr\u00e9sid\u00e9e par Guillaume B\u00e9di\u00e9, l\u2019initiateur.<\/p>\n<p>Huit \u00e9quipes prennent part \u00e0 cette comp\u00e9tition o\u00f9 M. B\u00e9di\u00e9 a offert un jeu de maillots, un ballon, un fanion \u00e0 chaque \u00e9quipe. Il a promis de nombreuses r\u00e9compenses aux \u00e9quipes \u00e0 la fin du tournoi.<\/p>\n<p>Rappelant les moments glorieux qu\u2019a connus le football dans la r\u00e9gion, il a affirm\u00e9 vouloir apporter sa contribution au d\u00e9veloppement du football \u00e0 Daoukro en partant de la graine, promettant son soutien aux centres de formation des jeunes \u00e2g\u00e9s de 10 \u00e0 14 ans.<\/p>\n<p>Le tournoi a \u00e9t\u00e9 pr\u00e9sent\u00e9 vendredi et des jeux de maillots ont \u00e9t\u00e9 remis aux diff\u00e9rentes \u00e9quipes au stade, pr\u00e8s de la place HKB de Daoukro, en pr\u00e9sence des capitaines de diff\u00e9rentes \u00e9quipes. L\u2019initiateur du tournoi a exhort\u00e9 \u00e0 demeurer dans un esprit de fair-play et de non-violence.<\/p>\n<p>&nbsp;<\/p>\n","protected":false},"excerpt":{"rendered":"<p>Africa-Press &#8211; C\u00f4te d&rsquo;Ivoire.\u00a0 \u00a0La premi\u00e8re \u00e9dition du tournoi des minimes a d\u00e9but\u00e9 samedi 14 ao\u00fbt 2021 \u00e0 Daoukro, lors d\u2019une c\u00e9r\u00e9monie pr\u00e9sid\u00e9e par Guillaume B\u00e9di\u00e9, l\u2019initiateur. Huit \u00e9quipes prennent part \u00e0 cette comp\u00e9tition o\u00f9 M. B\u00e9di\u00e9 a offert un jeu de maillots, un ballon, un fanion \u00e0 chaque \u00e9quipe. Il a promis de nombreuses [&hellip;]<\/p>\n","protected":false},"author":82,"featured_media":11484,"comment_status":"open","ping_status":"closed","sticky":false,"template":"","format":"standard","meta":{"footnotes":""},"categories":[11,6,10],"tags":[56,63,29],"class_list":["post-11485","post","type-post","status-publish","format-standard","has-post-thumbnail","hentry","category-homepage-french","category-sports","category-toutes-les-actualites","tag-africa-press","tag-africa-press-cote-divoire","tag-cote-divoire"],"yoast_head":"<!-- This site is optimized with the Yoast SEO Premium plugin v26.1 (Yoast SEO v27.0) - https:\/\/yoast.com\/product\/yoast-seo-premium-wordpress\/ -->\n<title>La premi\u00e8re \u00e9dition du tournoi des minimes lanc\u00e9e \u00e0 Daoukro - C\u00f4te d&#039;Ivoire<\/title>\n<meta name=\"description\" content=\"Daoukro, 16 ao\u00fbt 2021 (AIP) \u2013 La premi\u00e8re \u00e9dition du tournoi des minimes a d\u00e9but\u00e9 samedi 14 ao\u00fbt 2021 \u00e0 Daoukro, lors d\u2019 ...\" \/>\n<meta name=\"robots\" content=\"index, follow, max-snippet:-1, max-image-preview:large, max-video-preview:-1\" \/>\n<link rel=\"canonical\" href=\"https:\/\/www.africa-press.net\/cotedivoire\/sports\/la-premiere-edition-du-tournoi-des-minimes-lancee-a-daoukro\" \/>\n<meta property=\"og:locale\" content=\"fr_FR\" \/>\n<meta property=\"og:type\" content=\"article\" \/>\n<meta property=\"og:title\" content=\"La premi\u00e8re \u00e9dition du tournoi des minimes lanc\u00e9e \u00e0 Daoukro\" \/>\n<meta property=\"og:description\" content=\"Daoukro, 16 ao\u00fbt 2021 (AIP) \u2013 La premi\u00e8re \u00e9dition du tournoi des minimes a d\u00e9but\u00e9 samedi 14 ao\u00fbt 2021 \u00e0 Daoukro, lors d\u2019 ...\" \/>\n<meta property=\"og:url\" content=\"https:\/\/www.africa-press.net\/cotedivoire\/sports\/la-premiere-edition-du-tournoi-des-minimes-lancee-a-daoukro\" \/>\n<meta property=\"og:site_name\" content=\"C\u00f4te d&#039;Ivoire\" \/>\n<meta property=\"article:published_time\" content=\"2021-08-16T18:53:18+00:00\" \/>\n<meta property=\"article:modified_time\" content=\"2021-08-16T21:08:35+00:00\" \/>\n<meta property=\"og:image\" content=\"https:\/\/static.africa-press.net\/cote\/sites\/43\/2021\/08\/img-611a98ddcaaeb.jpg\" \/>\n\t<meta property=\"og:image:width\" content=\"825\" \/>\n\t<meta property=\"og:image:height\" content=\"380\" \/>\n\t<meta property=\"og:image:type\" content=\"image\/jpeg\" \/>\n<meta name=\"author\" content=\"cfeditorfr\" \/>\n<meta name=\"twitter:card\" content=\"summary_large_image\" \/>\n<meta name=\"twitter:label1\" content=\"\u00c9crit par\" \/>\n\t<meta name=\"twitter:data1\" content=\"cfeditorfr\" \/>\n\t<meta name=\"twitter:label2\" content=\"Dur\u00e9e de lecture estim\u00e9e\" \/>\n\t<meta name=\"twitter:data2\" content=\"1 minute\" \/>\n<script type=\"application\/ld+json\" class=\"yoast-schema-graph\">{\"@context\":\"https:\/\/schema.org\",\"@graph\":[{\"@type\":\"Article\",\"@id\":\"https:\/\/www.africa-press.net\/cotedivoire\/sports\/la-premiere-edition-du-tournoi-des-minimes-lancee-a-daoukro#article\",\"isPartOf\":{\"@id\":\"https:\/\/www.africa-press.net\/cotedivoire\/sports\/la-premiere-edition-du-tournoi-des-minimes-lancee-a-daoukro\"},\"author\":{\"name\":\"cfeditorfr\",\"@id\":\"https:\/\/www.africa-press.net\/cotedivoire\/#\/schema\/person\/2b1cf3cd81a31e3cd26889ca66d677f1\"},\"headline\":\"La premi\u00e8re \u00e9dition du tournoi des minimes lanc\u00e9e \u00e0 Daoukro\",\"datePublished\":\"2021-08-16T18:53:18+00:00\",\"dateModified\":\"2021-08-16T21:08:35+00:00\",\"mainEntityOfPage\":{\"@id\":\"https:\/\/www.africa-press.net\/cotedivoire\/sports\/la-premiere-edition-du-tournoi-des-minimes-lancee-a-daoukro\"},\"wordCount\":181,\"commentCount\":0,\"image\":{\"@id\":\"https:\/\/www.africa-press.net\/cotedivoire\/sports\/la-premiere-edition-du-tournoi-des-minimes-lancee-a-daoukro#primaryimage\"},\"thumbnailUrl\":\"https:\/\/static.africa-press.net\/cote\/sites\/43\/2021\/08\/img-611a98ddcaaeb.jpg\",\"keywords\":[\"Africa Press\",\"Africa Press-C\u00f4te d'Ivoire\",\"C\u00d4TE D'IVOIRE\"],\"articleSection\":[\"homepage-french\",\"Sports\",\"Toutes les actualit\u00e9s\"],\"inLanguage\":\"fr-FR\",\"potentialAction\":[{\"@type\":\"CommentAction\",\"name\":\"Comment\",\"target\":[\"https:\/\/www.africa-press.net\/cotedivoire\/sports\/la-premiere-edition-du-tournoi-des-minimes-lancee-a-daoukro#respond\"]}]},{\"@type\":\"WebPage\",\"@id\":\"https:\/\/www.africa-press.net\/cotedivoire\/sports\/la-premiere-edition-du-tournoi-des-minimes-lancee-a-daoukro\",\"url\":\"https:\/\/www.africa-press.net\/cotedivoire\/sports\/la-premiere-edition-du-tournoi-des-minimes-lancee-a-daoukro\",\"name\":\"La premi\u00e8re \u00e9dition du tournoi des minimes lanc\u00e9e \u00e0 Daoukro - C\u00f4te d&#039;Ivoire\",\"isPartOf\":{\"@id\":\"https:\/\/www.africa-press.net\/cotedivoire\/#website\"},\"primaryImageOfPage\":{\"@id\":\"https:\/\/www.africa-press.net\/cotedivoire\/sports\/la-premiere-edition-du-tournoi-des-minimes-lancee-a-daoukro#primaryimage\"},\"image\":{\"@id\":\"https:\/\/www.africa-press.net\/cotedivoire\/sports\/la-premiere-edition-du-tournoi-des-minimes-lancee-a-daoukro#primaryimage\"},\"thumbnailUrl\":\"https:\/\/static.africa-press.net\/cote\/sites\/43\/2021\/08\/img-611a98ddcaaeb.jpg\",\"datePublished\":\"2021-08-16T18:53:18+00:00\",\"dateModified\":\"2021-08-16T21:08:35+00:00\",\"author\":{\"@id\":\"https:\/\/www.africa-press.net\/cotedivoire\/#\/schema\/person\/2b1cf3cd81a31e3cd26889ca66d677f1\"},\"description\":\"Daoukro, 16 ao\u00fbt 2021 (AIP) \u2013 La premi\u00e8re \u00e9dition du tournoi des minimes a d\u00e9but\u00e9 samedi 14 ao\u00fbt 2021 \u00e0 Daoukro, lors d\u2019 ...\",\"breadcrumb\":{\"@id\":\"https:\/\/www.africa-press.net\/cotedivoire\/sports\/la-premiere-edition-du-tournoi-des-minimes-lancee-a-daoukro#breadcrumb\"},\"inLanguage\":\"fr-FR\",\"potentialAction\":[{\"@type\":\"ReadAction\",\"target\":[\"https:\/\/www.africa-press.net\/cotedivoire\/sports\/la-premiere-edition-du-tournoi-des-minimes-lancee-a-daoukro\"]}]},{\"@type\":\"ImageObject\",\"inLanguage\":\"fr-FR\",\"@id\":\"https:\/\/www.africa-press.net\/cotedivoire\/sports\/la-premiere-edition-du-tournoi-des-minimes-lancee-a-daoukro#primaryimage\",\"url\":\"https:\/\/static.africa-press.net\/cote\/sites\/43\/2021\/08\/img-611a98ddcaaeb.jpg\",\"contentUrl\":\"https:\/\/static.africa-press.net\/cote\/sites\/43\/2021\/08\/img-611a98ddcaaeb.jpg\",\"width\":825,\"height\":380,\"caption\":\"La premi\u00e8re \u00e9dition du tournoi des minimes lanc\u00e9e \u00e0 Daoukro\"},{\"@type\":\"BreadcrumbList\",\"@id\":\"https:\/\/www.africa-press.net\/cotedivoire\/sports\/la-premiere-edition-du-tournoi-des-minimes-lancee-a-daoukro#breadcrumb\",\"itemListElement\":[{\"@type\":\"ListItem\",\"position\":1,\"name\":\"Accueil\",\"item\":\"https:\/\/www.africa-press.net\/cotedivoire\/\"},{\"@type\":\"ListItem\",\"position\":2,\"name\":\"La premi\u00e8re \u00e9dition du tournoi des minimes lanc\u00e9e \u00e0 Daoukro\"}]},{\"@type\":\"WebSite\",\"@id\":\"https:\/\/www.africa-press.net\/cotedivoire\/#website\",\"url\":\"https:\/\/www.africa-press.net\/cotedivoire\/\",\"name\":\"C\u00f4te d&#039;Ivoire\",\"description\":\"Just another Africa News Agency Sites site\",\"potentialAction\":[{\"@type\":\"SearchAction\",\"target\":{\"@type\":\"EntryPoint\",\"urlTemplate\":\"https:\/\/www.africa-press.net\/cotedivoire\/?s={search_term_string}\"},\"query-input\":{\"@type\":\"PropertyValueSpecification\",\"valueRequired\":true,\"valueName\":\"search_term_string\"}}],\"inLanguage\":\"fr-FR\"},{\"@type\":\"Person\",\"@id\":\"https:\/\/www.africa-press.net\/cotedivoire\/#\/schema\/person\/2b1cf3cd81a31e3cd26889ca66d677f1\",\"name\":\"cfeditorfr\"}]}<\/script>\n<!-- \/ Yoast SEO Premium plugin. -->","yoast_head_json":{"title":"La premi\u00e8re \u00e9dition du tournoi des minimes lanc\u00e9e \u00e0 Daoukro - C\u00f4te d&#039;Ivoire","description":"Daoukro, 16 ao\u00fbt 2021 (AIP) \u2013 La premi\u00e8re \u00e9dition du tournoi des minimes a d\u00e9but\u00e9 samedi 14 ao\u00fbt 2021 \u00e0 Daoukro, lors d\u2019 ...","robots":{"index":"index","follow":"follow","max-snippet":"max-snippet:-1","max-image-preview":"max-image-preview:large","max-video-preview":"max-video-preview:-1"},"canonical":"https:\/\/www.africa-press.net\/cotedivoire\/sports\/la-premiere-edition-du-tournoi-des-minimes-lancee-a-daoukro","og_locale":"fr_FR","og_type":"article","og_title":"La premi\u00e8re \u00e9dition du tournoi des minimes lanc\u00e9e \u00e0 Daoukro","og_description":"Daoukro, 16 ao\u00fbt 2021 (AIP) \u2013 La premi\u00e8re \u00e9dition du tournoi des minimes a d\u00e9but\u00e9 samedi 14 ao\u00fbt 2021 \u00e0 Daoukro, lors d\u2019 ...","og_url":"https:\/\/www.africa-press.net\/cotedivoire\/sports\/la-premiere-edition-du-tournoi-des-minimes-lancee-a-daoukro","og_site_name":"C\u00f4te d&#039;Ivoire","article_published_time":"2021-08-16T18:53:18+00:00","article_modified_time":"2021-08-16T21:08:35+00:00","og_image":[{"width":825,"height":380,"url":"https:\/\/static.africa-press.net\/cote\/sites\/43\/2021\/08\/img-611a98ddcaaeb.jpg","type":"image\/jpeg"}],"author":"cfeditorfr","twitter_card":"summary_large_image","twitter_misc":{"\u00c9crit par":"cfeditorfr","Dur\u00e9e de lecture estim\u00e9e":"1 minute"},"schema":{"@context":"https:\/\/schema.org","@graph":[{"@type":"Article","@id":"https:\/\/www.africa-press.net\/cotedivoire\/sports\/la-premiere-edition-du-tournoi-des-minimes-lancee-a-daoukro#article","isPartOf":{"@id":"https:\/\/www.africa-press.net\/cotedivoire\/sports\/la-premiere-edition-du-tournoi-des-minimes-lancee-a-daoukro"},"author":{"name":"cfeditorfr","@id":"https:\/\/www.africa-press.net\/cotedivoire\/#\/schema\/person\/2b1cf3cd81a31e3cd26889ca66d677f1"},"headline":"La premi\u00e8re \u00e9dition du tournoi des minimes lanc\u00e9e \u00e0 Daoukro","datePublished":"2021-08-16T18:53:18+00:00","dateModified":"2021-08-16T21:08:35+00:00","mainEntityOfPage":{"@id":"https:\/\/www.africa-press.net\/cotedivoire\/sports\/la-premiere-edition-du-tournoi-des-minimes-lancee-a-daoukro"},"wordCount":181,"commentCount":0,"image":{"@id":"https:\/\/www.africa-press.net\/cotedivoire\/sports\/la-premiere-edition-du-tournoi-des-minimes-lancee-a-daoukro#primaryimage"},"thumbnailUrl":"https:\/\/static.africa-press.net\/cote\/sites\/43\/2021\/08\/img-611a98ddcaaeb.jpg","keywords":["Africa Press","Africa Press-C\u00f4te d'Ivoire","C\u00d4TE D'IVOIRE"],"articleSection":["homepage-french","Sports","Toutes les actualit\u00e9s"],"inLanguage":"fr-FR","potentialAction":[{"@type":"CommentAction","name":"Comment","target":["https:\/\/www.africa-press.net\/cotedivoire\/sports\/la-premiere-edition-du-tournoi-des-minimes-lancee-a-daoukro#respond"]}]},{"@type":"WebPage","@id":"https:\/\/www.africa-press.net\/cotedivoire\/sports\/la-premiere-edition-du-tournoi-des-minimes-lancee-a-daoukro","url":"https:\/\/www.africa-press.net\/cotedivoire\/sports\/la-premiere-edition-du-tournoi-des-minimes-lancee-a-daoukro","name":"La premi\u00e8re \u00e9dition du tournoi des minimes lanc\u00e9e \u00e0 Daoukro - C\u00f4te d&#039;Ivoire","isPartOf":{"@id":"https:\/\/www.africa-press.net\/cotedivoire\/#website"},"primaryImageOfPage":{"@id":"https:\/\/www.africa-press.net\/cotedivoire\/sports\/la-premiere-edition-du-tournoi-des-minimes-lancee-a-daoukro#primaryimage"},"image":{"@id":"https:\/\/www.africa-press.net\/cotedivoire\/sports\/la-premiere-edition-du-tournoi-des-minimes-lancee-a-daoukro#primaryimage"},"thumbnailUrl":"https:\/\/static.africa-press.net\/cote\/sites\/43\/2021\/08\/img-611a98ddcaaeb.jpg","datePublished":"2021-08-16T18:53:18+00:00","dateModified":"2021-08-16T21:08:35+00:00","author":{"@id":"https:\/\/www.africa-press.net\/cotedivoire\/#\/schema\/person\/2b1cf3cd81a31e3cd26889ca66d677f1"},"description":"Daoukro, 16 ao\u00fbt 2021 (AIP) \u2013 La premi\u00e8re \u00e9dition du tournoi des minimes a d\u00e9but\u00e9 samedi 14 ao\u00fbt 2021 \u00e0 Daoukro, lors d\u2019 ...","breadcrumb":{"@id":"https:\/\/www.africa-press.net\/cotedivoire\/sports\/la-premiere-edition-du-tournoi-des-minimes-lancee-a-daoukro#breadcrumb"},"inLanguage":"fr-FR","potentialAction":[{"@type":"ReadAction","target":["https:\/\/www.africa-press.net\/cotedivoire\/sports\/la-premiere-edition-du-tournoi-des-minimes-lancee-a-daoukro"]}]},{"@type":"ImageObject","inLanguage":"fr-FR","@id":"https:\/\/www.africa-press.net\/cotedivoire\/sports\/la-premiere-edition-du-tournoi-des-minimes-lancee-a-daoukro#primaryimage","url":"https:\/\/static.africa-press.net\/cote\/sites\/43\/2021\/08\/img-611a98ddcaaeb.jpg","contentUrl":"https:\/\/static.africa-press.net\/cote\/sites\/43\/2021\/08\/img-611a98ddcaaeb.jpg","width":825,"height":380,"caption":"La premi\u00e8re \u00e9dition du tournoi des minimes lanc\u00e9e \u00e0 Daoukro"},{"@type":"BreadcrumbList","@id":"https:\/\/www.africa-press.net\/cotedivoire\/sports\/la-premiere-edition-du-tournoi-des-minimes-lancee-a-daoukro#breadcrumb","itemListElement":[{"@type":"ListItem","position":1,"name":"Accueil","item":"https:\/\/www.africa-press.net\/cotedivoire\/"},{"@type":"ListItem","position":2,"name":"La premi\u00e8re \u00e9dition du tournoi des minimes lanc\u00e9e \u00e0 Daoukro"}]},{"@type":"WebSite","@id":"https:\/\/www.africa-press.net\/cotedivoire\/#website","url":"https:\/\/www.africa-press.net\/cotedivoire\/","name":"C\u00f4te d&#039;Ivoire","description":"Just another Africa News Agency Sites site","potentialAction":[{"@type":"SearchAction","target":{"@type":"EntryPoint","urlTemplate":"https:\/\/www.africa-press.net\/cotedivoire\/?s={search_term_string}"},"query-input":{"@type":"PropertyValueSpecification","valueRequired":true,"valueName":"search_term_string"}}],"inLanguage":"fr-FR"},{"@type":"Person","@id":"https:\/\/www.africa-press.net\/cotedivoire\/#\/schema\/person\/2b1cf3cd81a31e3cd26889ca66d677f1","name":"cfeditorfr"}]}},"_links":{"self":[{"href":"https:\/\/www.africa-press.net\/cotedivoire\/wp-json\/wp\/v2\/posts\/11485","targetHints":{"allow":["GET"]}}],"collection":[{"href":"https:\/\/www.africa-press.net\/cotedivoire\/wp-json\/wp\/v2\/posts"}],"about":[{"href":"https:\/\/www.africa-press.net\/cotedivoire\/wp-json\/wp\/v2\/types\/post"}],"author":[{"embeddable":true,"href":"https:\/\/www.africa-press.net\/cotedivoire\/wp-json\/wp\/v2\/users\/82"}],"replies":[{"embeddable":true,"href":"https:\/\/www.africa-press.net\/cotedivoire\/wp-json\/wp\/v2\/comments?post=11485"}],"version-history":[{"count":0,"href":"https:\/\/www.africa-press.net\/cotedivoire\/wp-json\/wp\/v2\/posts\/11485\/revisions"}],"wp:featuredmedia":[{"embeddable":true,"href":"https:\/\/www.africa-press.net\/cotedivoire\/wp-json\/wp\/v2\/media\/11484"}],"wp:attachment":[{"href":"https:\/\/www.africa-press.net\/cotedivoire\/wp-json\/wp\/v2\/media?parent=11485"}],"wp:term":[{"taxonomy":"category","embeddable":true,"href":"https:\/\/www.africa-press.net\/cotedivoire\/wp-json\/wp\/v2\/categories?post=11485"},{"taxonomy":"post_tag","embeddable":true,"href":"https:\/\/www.africa-press.net\/cotedivoire\/wp-json\/wp\/v2\/tags?post=11485"}],"curies":[{"name":"wp","href":"https:\/\/api.w.org\/{rel}","templated":true}]}}