{"id":11488,"date":"2021-08-16T18:58:08","date_gmt":"2021-08-16T18:58:08","guid":{"rendered":"https:\/\/www.africa-press.net\/cotedivoire\/?p=11488"},"modified":"2021-08-16T21:08:47","modified_gmt":"2021-08-16T21:08:47","slug":"elections-2025-boga-sako-invite-les-presidents-ouattara-gbagbo-et-bedie-au-dialogue","status":"publish","type":"post","link":"https:\/\/www.africa-press.net\/cotedivoire\/politique\/elections-2025-boga-sako-invite-les-presidents-ouattara-gbagbo-et-bedie-au-dialogue","title":{"rendered":"Elections 2025\u00a0: Boga Sako invite les pr\u00e9sidents Ouattara, Gbagbo et B\u00e9di\u00e9 au dialogue"},"content":{"rendered":"<p><span style=\"color: #ff6600\"><strong><a href=\"https:\/\/www.africa-press.net\/\">Africa-Press<\/a> &#8211; <a href=\"https:\/\/www.africa-press.net\/cotedivoire\">C\u00f4te d&rsquo;Ivoire<\/a>.\u00a0 <\/strong><\/span>Le pr\u00e9sident de la Fondation ivoirienne pour l\u2019observation et la surveillance des Droits de l\u2019Homme et de la vie politique (FIDHOP), Dr Boga Sako Gervais, a anim\u00e9 un meeting, dimanche 15 ao\u00fbt 2021, \u00e0 la place Eldorado du quartier L\u00e9gbr\u00e9ville de Divo, o\u00f9 il a invit\u00e9 les pr\u00e9sidents Ouattara, Gbagbo, et B\u00e9di\u00e9, \u00e0 se rencontrer \u00e0 trois pour pr\u00e9parer d\u00e8s maintenant les \u00e9ch\u00e9ances \u00e9lectorales de 2025, afin d\u2019\u00e9viter le pire \u00e0 la C\u00f4te d\u2019Ivoire.<\/p>\n<p>M. Boga a expliqu\u00e9 que les \u00e9ch\u00e9ances \u00e9lectorales de 2025, contrairement \u00e0 ce que l\u2019on peut penser, ne sont pas aussi \u00e9loign\u00e9es que cela, au regard de tout ce qui est \u00e0 pr\u00e9parer en amont pour avoir des \u00e9lections transparentes, inclusives et \u00e9quitables.<\/p>\n<p>\u00ab La C\u00f4te d\u2019Ivoire est paralys\u00e9e, mais apparemment on pense qu\u2019il y a la paix. Je demande aux trois pr\u00e9sidents, B\u00e9di\u00e9, Gbagbo, Ouattara, retrouvez-vous, parlez-vous, et sauvez la C\u00f4te d\u2018ivoire \u00bb, a-t-il d\u00e9clar\u00e9.<\/p>\n<p>Le militant des droits de l\u2019Homme a invit\u00e9 les trois pr\u00e9sidents \u00e0 faire en sorte que les g\u00e9n\u00e9rations qui vont venir apr\u00e8s eux h\u00e9ritent d\u2019un pays r\u00e9concili\u00e9, \u00ab parce que si la C\u00f4te d\u2019Ivoire n\u2019est pas reconcili\u00e9e, c\u2019est que quelque part vous aurez \u00e9chou\u00e9 (\u2026) Et apr\u00e8s vous ce ne doit pas \u00eatre le chao \u00bb.<\/p>\n<p>Membre influent de la soci\u00e9t\u00e9 civile, Dr Boga Sako est revenu d\u2019un exil de 10 ans, depuis le 09 juillet 2021. Il a d\u00e9clar\u00e9 \u00e0 son arriv\u00e9e s\u2019inscrire r\u00e9solument dans la dynamique de la r\u00e9conciliation nationale et est all\u00e9 \u00e0 Daoukro rencontrer l\u2019ex-pr\u00e9sident, Henri Konan B\u00e9di\u00e9 \u00e0 Daoukro, pour lui traduire cet imp\u00e9ratif de la r\u00e9conciliation.<\/p>\n<p>Il a adress\u00e9 une demande d\u2019audience au pr\u00e9sident de la R\u00e9publique, Alassane Ouattara, afin de l\u2019exhorter \u00e9galement \u00e0 cette rencontre tripartite, pour poser les bases d\u2019une paix durable en C\u00f4te d\u2019Ivoire.<\/p>\n<p>&nbsp;<\/p>\n","protected":false},"excerpt":{"rendered":"<p>Africa-Press &#8211; C\u00f4te d&rsquo;Ivoire.\u00a0 Le pr\u00e9sident de la Fondation ivoirienne pour l\u2019observation et la surveillance des Droits de l\u2019Homme et de la vie politique (FIDHOP), Dr Boga Sako Gervais, a anim\u00e9 un meeting, dimanche 15 ao\u00fbt 2021, \u00e0 la place Eldorado du quartier L\u00e9gbr\u00e9ville de Divo, o\u00f9 il a invit\u00e9 les pr\u00e9sidents Ouattara, Gbagbo, et [&hellip;]<\/p>\n","protected":false},"author":82,"featured_media":11487,"comment_status":"open","ping_status":"closed","sticky":false,"template":"","format":"standard","meta":{"footnotes":""},"categories":[11,2,20,10],"tags":[56,63,29],"class_list":["post-11488","post","type-post","status-publish","format-standard","has-post-thumbnail","hentry","category-homepage-french","category-politique","category-top-nouvelles","category-toutes-les-actualites","tag-africa-press","tag-africa-press-cote-divoire","tag-cote-divoire"],"yoast_head":"<!-- This site is optimized with the Yoast SEO Premium plugin v26.1 (Yoast SEO v27.0) - https:\/\/yoast.com\/product\/yoast-seo-premium-wordpress\/ -->\n<title>Elections 2025\u00a0: Boga Sako invite les pr\u00e9sidents Ouattara, Gbagbo et B\u00e9di\u00e9 au dialogue - C\u00f4te d&#039;Ivoire<\/title>\n<meta name=\"description\" content=\"Divo, 16 ao\u00fbt 2021 (AIP) \u2013 Le pr\u00e9sident de la Fondation ivoirienne pour l\u2019observation et la surveillance des Droits de l ...\" \/>\n<meta name=\"robots\" content=\"index, follow, max-snippet:-1, max-image-preview:large, max-video-preview:-1\" \/>\n<link rel=\"canonical\" href=\"https:\/\/www.africa-press.net\/cotedivoire\/politique\/elections-2025-boga-sako-invite-les-presidents-ouattara-gbagbo-et-bedie-au-dialogue\" \/>\n<meta property=\"og:locale\" content=\"fr_FR\" \/>\n<meta property=\"og:type\" content=\"article\" \/>\n<meta property=\"og:title\" content=\"Elections 2025\u00a0: Boga Sako invite les pr\u00e9sidents Ouattara, Gbagbo et B\u00e9di\u00e9 au dialogue\" \/>\n<meta property=\"og:description\" content=\"Divo, 16 ao\u00fbt 2021 (AIP) \u2013 Le pr\u00e9sident de la Fondation ivoirienne pour l\u2019observation et la surveillance des Droits de l ...\" \/>\n<meta property=\"og:url\" content=\"https:\/\/www.africa-press.net\/cotedivoire\/politique\/elections-2025-boga-sako-invite-les-presidents-ouattara-gbagbo-et-bedie-au-dialogue\" \/>\n<meta property=\"og:site_name\" content=\"C\u00f4te d&#039;Ivoire\" \/>\n<meta property=\"article:published_time\" content=\"2021-08-16T18:58:08+00:00\" \/>\n<meta property=\"article:modified_time\" content=\"2021-08-16T21:08:47+00:00\" \/>\n<meta property=\"og:image\" content=\"https:\/\/static.africa-press.net\/cote\/sites\/43\/2021\/08\/img-611a990fd561a.jpg\" \/>\n\t<meta property=\"og:image:width\" content=\"720\" \/>\n\t<meta property=\"og:image:height\" content=\"480\" \/>\n\t<meta property=\"og:image:type\" content=\"image\/jpeg\" \/>\n<meta name=\"author\" content=\"cfeditorfr\" \/>\n<meta name=\"twitter:card\" content=\"summary_large_image\" \/>\n<meta name=\"twitter:label1\" content=\"\u00c9crit par\" \/>\n\t<meta name=\"twitter:data1\" content=\"cfeditorfr\" \/>\n\t<meta name=\"twitter:label2\" content=\"Dur\u00e9e de lecture estim\u00e9e\" \/>\n\t<meta name=\"twitter:data2\" content=\"2 minutes\" \/>\n<script type=\"application\/ld+json\" class=\"yoast-schema-graph\">{\"@context\":\"https:\/\/schema.org\",\"@graph\":[{\"@type\":\"Article\",\"@id\":\"https:\/\/www.africa-press.net\/cotedivoire\/politique\/elections-2025-boga-sako-invite-les-presidents-ouattara-gbagbo-et-bedie-au-dialogue#article\",\"isPartOf\":{\"@id\":\"https:\/\/www.africa-press.net\/cotedivoire\/politique\/elections-2025-boga-sako-invite-les-presidents-ouattara-gbagbo-et-bedie-au-dialogue\"},\"author\":{\"name\":\"cfeditorfr\",\"@id\":\"https:\/\/www.africa-press.net\/cotedivoire\/#\/schema\/person\/2b1cf3cd81a31e3cd26889ca66d677f1\"},\"headline\":\"Elections 2025\u00a0: Boga Sako invite les pr\u00e9sidents Ouattara, Gbagbo et B\u00e9di\u00e9 au dialogue\",\"datePublished\":\"2021-08-16T18:58:08+00:00\",\"dateModified\":\"2021-08-16T21:08:47+00:00\",\"mainEntityOfPage\":{\"@id\":\"https:\/\/www.africa-press.net\/cotedivoire\/politique\/elections-2025-boga-sako-invite-les-presidents-ouattara-gbagbo-et-bedie-au-dialogue\"},\"wordCount\":351,\"commentCount\":0,\"image\":{\"@id\":\"https:\/\/www.africa-press.net\/cotedivoire\/politique\/elections-2025-boga-sako-invite-les-presidents-ouattara-gbagbo-et-bedie-au-dialogue#primaryimage\"},\"thumbnailUrl\":\"https:\/\/static.africa-press.net\/cote\/sites\/43\/2021\/08\/img-611a990fd561a.jpg\",\"keywords\":[\"Africa Press\",\"Africa Press-C\u00f4te d'Ivoire\",\"C\u00d4TE D'IVOIRE\"],\"articleSection\":[\"homepage-french\",\"Politique\",\"Top Nouvelles\",\"Toutes les actualit\u00e9s\"],\"inLanguage\":\"fr-FR\",\"potentialAction\":[{\"@type\":\"CommentAction\",\"name\":\"Comment\",\"target\":[\"https:\/\/www.africa-press.net\/cotedivoire\/politique\/elections-2025-boga-sako-invite-les-presidents-ouattara-gbagbo-et-bedie-au-dialogue#respond\"]}]},{\"@type\":\"WebPage\",\"@id\":\"https:\/\/www.africa-press.net\/cotedivoire\/politique\/elections-2025-boga-sako-invite-les-presidents-ouattara-gbagbo-et-bedie-au-dialogue\",\"url\":\"https:\/\/www.africa-press.net\/cotedivoire\/politique\/elections-2025-boga-sako-invite-les-presidents-ouattara-gbagbo-et-bedie-au-dialogue\",\"name\":\"Elections 2025\u00a0: Boga Sako invite les pr\u00e9sidents Ouattara, Gbagbo et B\u00e9di\u00e9 au dialogue - C\u00f4te d&#039;Ivoire\",\"isPartOf\":{\"@id\":\"https:\/\/www.africa-press.net\/cotedivoire\/#website\"},\"primaryImageOfPage\":{\"@id\":\"https:\/\/www.africa-press.net\/cotedivoire\/politique\/elections-2025-boga-sako-invite-les-presidents-ouattara-gbagbo-et-bedie-au-dialogue#primaryimage\"},\"image\":{\"@id\":\"https:\/\/www.africa-press.net\/cotedivoire\/politique\/elections-2025-boga-sako-invite-les-presidents-ouattara-gbagbo-et-bedie-au-dialogue#primaryimage\"},\"thumbnailUrl\":\"https:\/\/static.africa-press.net\/cote\/sites\/43\/2021\/08\/img-611a990fd561a.jpg\",\"datePublished\":\"2021-08-16T18:58:08+00:00\",\"dateModified\":\"2021-08-16T21:08:47+00:00\",\"author\":{\"@id\":\"https:\/\/www.africa-press.net\/cotedivoire\/#\/schema\/person\/2b1cf3cd81a31e3cd26889ca66d677f1\"},\"description\":\"Divo, 16 ao\u00fbt 2021 (AIP) \u2013 Le pr\u00e9sident de la Fondation ivoirienne pour l\u2019observation et la surveillance des Droits de l ...\",\"breadcrumb\":{\"@id\":\"https:\/\/www.africa-press.net\/cotedivoire\/politique\/elections-2025-boga-sako-invite-les-presidents-ouattara-gbagbo-et-bedie-au-dialogue#breadcrumb\"},\"inLanguage\":\"fr-FR\",\"potentialAction\":[{\"@type\":\"ReadAction\",\"target\":[\"https:\/\/www.africa-press.net\/cotedivoire\/politique\/elections-2025-boga-sako-invite-les-presidents-ouattara-gbagbo-et-bedie-au-dialogue\"]}]},{\"@type\":\"ImageObject\",\"inLanguage\":\"fr-FR\",\"@id\":\"https:\/\/www.africa-press.net\/cotedivoire\/politique\/elections-2025-boga-sako-invite-les-presidents-ouattara-gbagbo-et-bedie-au-dialogue#primaryimage\",\"url\":\"https:\/\/static.africa-press.net\/cote\/sites\/43\/2021\/08\/img-611a990fd561a.jpg\",\"contentUrl\":\"https:\/\/static.africa-press.net\/cote\/sites\/43\/2021\/08\/img-611a990fd561a.jpg\",\"width\":720,\"height\":480,\"caption\":\"Elections 2025\u00a0: Boga Sako invite les pr\u00e9sidents Ouattara, Gbagbo et B\u00e9di\u00e9 au dialogue\"},{\"@type\":\"BreadcrumbList\",\"@id\":\"https:\/\/www.africa-press.net\/cotedivoire\/politique\/elections-2025-boga-sako-invite-les-presidents-ouattara-gbagbo-et-bedie-au-dialogue#breadcrumb\",\"itemListElement\":[{\"@type\":\"ListItem\",\"position\":1,\"name\":\"Accueil\",\"item\":\"https:\/\/www.africa-press.net\/cotedivoire\/\"},{\"@type\":\"ListItem\",\"position\":2,\"name\":\"Elections 2025\u00a0: Boga Sako invite les pr\u00e9sidents Ouattara, Gbagbo et B\u00e9di\u00e9 au dialogue\"}]},{\"@type\":\"WebSite\",\"@id\":\"https:\/\/www.africa-press.net\/cotedivoire\/#website\",\"url\":\"https:\/\/www.africa-press.net\/cotedivoire\/\",\"name\":\"C\u00f4te d&#039;Ivoire\",\"description\":\"Just another Africa News Agency Sites site\",\"potentialAction\":[{\"@type\":\"SearchAction\",\"target\":{\"@type\":\"EntryPoint\",\"urlTemplate\":\"https:\/\/www.africa-press.net\/cotedivoire\/?s={search_term_string}\"},\"query-input\":{\"@type\":\"PropertyValueSpecification\",\"valueRequired\":true,\"valueName\":\"search_term_string\"}}],\"inLanguage\":\"fr-FR\"},{\"@type\":\"Person\",\"@id\":\"https:\/\/www.africa-press.net\/cotedivoire\/#\/schema\/person\/2b1cf3cd81a31e3cd26889ca66d677f1\",\"name\":\"cfeditorfr\"}]}<\/script>\n<!-- \/ Yoast SEO Premium plugin. -->","yoast_head_json":{"title":"Elections 2025\u00a0: Boga Sako invite les pr\u00e9sidents Ouattara, Gbagbo et B\u00e9di\u00e9 au dialogue - C\u00f4te d&#039;Ivoire","description":"Divo, 16 ao\u00fbt 2021 (AIP) \u2013 Le pr\u00e9sident de la Fondation ivoirienne pour l\u2019observation et la surveillance des Droits de l ...","robots":{"index":"index","follow":"follow","max-snippet":"max-snippet:-1","max-image-preview":"max-image-preview:large","max-video-preview":"max-video-preview:-1"},"canonical":"https:\/\/www.africa-press.net\/cotedivoire\/politique\/elections-2025-boga-sako-invite-les-presidents-ouattara-gbagbo-et-bedie-au-dialogue","og_locale":"fr_FR","og_type":"article","og_title":"Elections 2025\u00a0: Boga Sako invite les pr\u00e9sidents Ouattara, Gbagbo et B\u00e9di\u00e9 au dialogue","og_description":"Divo, 16 ao\u00fbt 2021 (AIP) \u2013 Le pr\u00e9sident de la Fondation ivoirienne pour l\u2019observation et la surveillance des Droits de l ...","og_url":"https:\/\/www.africa-press.net\/cotedivoire\/politique\/elections-2025-boga-sako-invite-les-presidents-ouattara-gbagbo-et-bedie-au-dialogue","og_site_name":"C\u00f4te d&#039;Ivoire","article_published_time":"2021-08-16T18:58:08+00:00","article_modified_time":"2021-08-16T21:08:47+00:00","og_image":[{"width":720,"height":480,"url":"https:\/\/static.africa-press.net\/cote\/sites\/43\/2021\/08\/img-611a990fd561a.jpg","type":"image\/jpeg"}],"author":"cfeditorfr","twitter_card":"summary_large_image","twitter_misc":{"\u00c9crit par":"cfeditorfr","Dur\u00e9e de lecture estim\u00e9e":"2 minutes"},"schema":{"@context":"https:\/\/schema.org","@graph":[{"@type":"Article","@id":"https:\/\/www.africa-press.net\/cotedivoire\/politique\/elections-2025-boga-sako-invite-les-presidents-ouattara-gbagbo-et-bedie-au-dialogue#article","isPartOf":{"@id":"https:\/\/www.africa-press.net\/cotedivoire\/politique\/elections-2025-boga-sako-invite-les-presidents-ouattara-gbagbo-et-bedie-au-dialogue"},"author":{"name":"cfeditorfr","@id":"https:\/\/www.africa-press.net\/cotedivoire\/#\/schema\/person\/2b1cf3cd81a31e3cd26889ca66d677f1"},"headline":"Elections 2025\u00a0: Boga Sako invite les pr\u00e9sidents Ouattara, Gbagbo et B\u00e9di\u00e9 au dialogue","datePublished":"2021-08-16T18:58:08+00:00","dateModified":"2021-08-16T21:08:47+00:00","mainEntityOfPage":{"@id":"https:\/\/www.africa-press.net\/cotedivoire\/politique\/elections-2025-boga-sako-invite-les-presidents-ouattara-gbagbo-et-bedie-au-dialogue"},"wordCount":351,"commentCount":0,"image":{"@id":"https:\/\/www.africa-press.net\/cotedivoire\/politique\/elections-2025-boga-sako-invite-les-presidents-ouattara-gbagbo-et-bedie-au-dialogue#primaryimage"},"thumbnailUrl":"https:\/\/static.africa-press.net\/cote\/sites\/43\/2021\/08\/img-611a990fd561a.jpg","keywords":["Africa Press","Africa Press-C\u00f4te d'Ivoire","C\u00d4TE D'IVOIRE"],"articleSection":["homepage-french","Politique","Top Nouvelles","Toutes les actualit\u00e9s"],"inLanguage":"fr-FR","potentialAction":[{"@type":"CommentAction","name":"Comment","target":["https:\/\/www.africa-press.net\/cotedivoire\/politique\/elections-2025-boga-sako-invite-les-presidents-ouattara-gbagbo-et-bedie-au-dialogue#respond"]}]},{"@type":"WebPage","@id":"https:\/\/www.africa-press.net\/cotedivoire\/politique\/elections-2025-boga-sako-invite-les-presidents-ouattara-gbagbo-et-bedie-au-dialogue","url":"https:\/\/www.africa-press.net\/cotedivoire\/politique\/elections-2025-boga-sako-invite-les-presidents-ouattara-gbagbo-et-bedie-au-dialogue","name":"Elections 2025\u00a0: Boga Sako invite les pr\u00e9sidents Ouattara, Gbagbo et B\u00e9di\u00e9 au dialogue - C\u00f4te d&#039;Ivoire","isPartOf":{"@id":"https:\/\/www.africa-press.net\/cotedivoire\/#website"},"primaryImageOfPage":{"@id":"https:\/\/www.africa-press.net\/cotedivoire\/politique\/elections-2025-boga-sako-invite-les-presidents-ouattara-gbagbo-et-bedie-au-dialogue#primaryimage"},"image":{"@id":"https:\/\/www.africa-press.net\/cotedivoire\/politique\/elections-2025-boga-sako-invite-les-presidents-ouattara-gbagbo-et-bedie-au-dialogue#primaryimage"},"thumbnailUrl":"https:\/\/static.africa-press.net\/cote\/sites\/43\/2021\/08\/img-611a990fd561a.jpg","datePublished":"2021-08-16T18:58:08+00:00","dateModified":"2021-08-16T21:08:47+00:00","author":{"@id":"https:\/\/www.africa-press.net\/cotedivoire\/#\/schema\/person\/2b1cf3cd81a31e3cd26889ca66d677f1"},"description":"Divo, 16 ao\u00fbt 2021 (AIP) \u2013 Le pr\u00e9sident de la Fondation ivoirienne pour l\u2019observation et la surveillance des Droits de l ...","breadcrumb":{"@id":"https:\/\/www.africa-press.net\/cotedivoire\/politique\/elections-2025-boga-sako-invite-les-presidents-ouattara-gbagbo-et-bedie-au-dialogue#breadcrumb"},"inLanguage":"fr-FR","potentialAction":[{"@type":"ReadAction","target":["https:\/\/www.africa-press.net\/cotedivoire\/politique\/elections-2025-boga-sako-invite-les-presidents-ouattara-gbagbo-et-bedie-au-dialogue"]}]},{"@type":"ImageObject","inLanguage":"fr-FR","@id":"https:\/\/www.africa-press.net\/cotedivoire\/politique\/elections-2025-boga-sako-invite-les-presidents-ouattara-gbagbo-et-bedie-au-dialogue#primaryimage","url":"https:\/\/static.africa-press.net\/cote\/sites\/43\/2021\/08\/img-611a990fd561a.jpg","contentUrl":"https:\/\/static.africa-press.net\/cote\/sites\/43\/2021\/08\/img-611a990fd561a.jpg","width":720,"height":480,"caption":"Elections 2025\u00a0: Boga Sako invite les pr\u00e9sidents Ouattara, Gbagbo et B\u00e9di\u00e9 au dialogue"},{"@type":"BreadcrumbList","@id":"https:\/\/www.africa-press.net\/cotedivoire\/politique\/elections-2025-boga-sako-invite-les-presidents-ouattara-gbagbo-et-bedie-au-dialogue#breadcrumb","itemListElement":[{"@type":"ListItem","position":1,"name":"Accueil","item":"https:\/\/www.africa-press.net\/cotedivoire\/"},{"@type":"ListItem","position":2,"name":"Elections 2025\u00a0: Boga Sako invite les pr\u00e9sidents Ouattara, Gbagbo et B\u00e9di\u00e9 au dialogue"}]},{"@type":"WebSite","@id":"https:\/\/www.africa-press.net\/cotedivoire\/#website","url":"https:\/\/www.africa-press.net\/cotedivoire\/","name":"C\u00f4te d&#039;Ivoire","description":"Just another Africa News Agency Sites site","potentialAction":[{"@type":"SearchAction","target":{"@type":"EntryPoint","urlTemplate":"https:\/\/www.africa-press.net\/cotedivoire\/?s={search_term_string}"},"query-input":{"@type":"PropertyValueSpecification","valueRequired":true,"valueName":"search_term_string"}}],"inLanguage":"fr-FR"},{"@type":"Person","@id":"https:\/\/www.africa-press.net\/cotedivoire\/#\/schema\/person\/2b1cf3cd81a31e3cd26889ca66d677f1","name":"cfeditorfr"}]}},"_links":{"self":[{"href":"https:\/\/www.africa-press.net\/cotedivoire\/wp-json\/wp\/v2\/posts\/11488","targetHints":{"allow":["GET"]}}],"collection":[{"href":"https:\/\/www.africa-press.net\/cotedivoire\/wp-json\/wp\/v2\/posts"}],"about":[{"href":"https:\/\/www.africa-press.net\/cotedivoire\/wp-json\/wp\/v2\/types\/post"}],"author":[{"embeddable":true,"href":"https:\/\/www.africa-press.net\/cotedivoire\/wp-json\/wp\/v2\/users\/82"}],"replies":[{"embeddable":true,"href":"https:\/\/www.africa-press.net\/cotedivoire\/wp-json\/wp\/v2\/comments?post=11488"}],"version-history":[{"count":0,"href":"https:\/\/www.africa-press.net\/cotedivoire\/wp-json\/wp\/v2\/posts\/11488\/revisions"}],"wp:featuredmedia":[{"embeddable":true,"href":"https:\/\/www.africa-press.net\/cotedivoire\/wp-json\/wp\/v2\/media\/11487"}],"wp:attachment":[{"href":"https:\/\/www.africa-press.net\/cotedivoire\/wp-json\/wp\/v2\/media?parent=11488"}],"wp:term":[{"taxonomy":"category","embeddable":true,"href":"https:\/\/www.africa-press.net\/cotedivoire\/wp-json\/wp\/v2\/categories?post=11488"},{"taxonomy":"post_tag","embeddable":true,"href":"https:\/\/www.africa-press.net\/cotedivoire\/wp-json\/wp\/v2\/tags?post=11488"}],"curies":[{"name":"wp","href":"https:\/\/api.w.org\/{rel}","templated":true}]}}