{"id":11491,"date":"2021-08-16T19:07:08","date_gmt":"2021-08-16T19:07:08","guid":{"rendered":"https:\/\/www.africa-press.net\/cotedivoire\/?p=11491"},"modified":"2021-08-16T21:09:09","modified_gmt":"2021-08-16T21:09:09","slug":"affery-2-et-agbossou-les-premiers-qualifies-en-8emes-de-finale-de-la-coupe-nguessan-ahondjon","status":"publish","type":"post","link":"https:\/\/www.africa-press.net\/cotedivoire\/sports\/affery-2-et-agbossou-les-premiers-qualifies-en-8emes-de-finale-de-la-coupe-nguessan-ahondjon","title":{"rendered":"Affery 2 et Agbossou, les premiers qualifi\u00e9s en 8\u00e8mes de finale de la coupe N\u2019Guessan Ahondjon"},"content":{"rendered":"<p><span style=\"color: #ff6600\"><strong><a href=\"https:\/\/www.africa-press.net\/\">Africa-Press<\/a> &#8211; <a href=\"https:\/\/www.africa-press.net\/cotedivoire\">C\u00f4te d&rsquo;Ivoire<\/a>.\u00a0 <\/strong><\/span>Les \u00e9quipes d\u2019Affery 2 et d\u2019Agbossou, deux villages de la sous-pr\u00e9fecture d\u2019And\u00e9, se sont qualifi\u00e9es pour les huiti\u00e8mes de finale de la premi\u00e8re \u00e9dition du tournoi de football dot\u00e9 de la coupe N\u2019Guessan Ahondjon, d\u00e9put\u00e9 d\u2019Arrah, au terme des matches de poule jou\u00e9s, samedi 14 ao\u00fbt 2021, \u00e0 Brou Akpaoussou dans le d\u00e9partement de Bongouanou.<\/p>\n<p>Le premier match de qualification a oppos\u00e9 l\u2019\u00e9quipe d\u2019Affery 2 au Maracana FC de Brou Akpaoussou. Le duel a \u00e9t\u00e9 remport\u00e9 par l\u2019\u00e9quipe d\u2019Affery sur le score d\u2019un but \u00e0 z\u00e9ro. La seconde rencontre a mis aux prises l\u2019\u00e9quipe d\u2019Agbossou \u00e0 celle de Nansrimika d\u2019And\u00e9. Agbossou a vaincu And\u00e9 sur le score de deux buts \u00e0 z\u00e9ro.<\/p>\n<p>Le repr\u00e9sentant du d\u00e9put\u00e9 d\u2019Arrah, Assand\u00e9 Yao Bernard, a rassur\u00e9 de la disponibilit\u00e9 de son mentor \u00e0 accompagner les villages de la sous-pr\u00e9fecture vers le d\u00e9veloppement. Il a affirm\u00e9 que l\u2019\u00e9lu d\u2019Arrah est conscient des difficult\u00e9s que rencontre la jeunesse du Moronou dans le financement des projets.<\/p>\n<p>Le pr\u00e9sident du comit\u00e9 d\u2019organisation, Aboli Fran\u00e7ois, a remerci\u00e9 le parrain pour avoir associ\u00e9 son nom \u00e0 ce tournoi, exprimant le v\u0153u de voir les pr\u00e9occupations de la sous-pr\u00e9fecture trouver des solutions \u201ccomme il le fait bien dans le d\u00e9partement d\u2019Arrah\u201d. La finale du tournoi est pr\u00e9vue pour le 5 septembre prochain sous le patronage de l\u2019inspecteur g\u00e9n\u00e9ral d\u2019Etat, Ahoua N\u2019doli Th\u00e9ophile.<\/p>\n<p>&nbsp;<\/p>\n","protected":false},"excerpt":{"rendered":"<p>Africa-Press &#8211; C\u00f4te d&rsquo;Ivoire.\u00a0 Les \u00e9quipes d\u2019Affery 2 et d\u2019Agbossou, deux villages de la sous-pr\u00e9fecture d\u2019And\u00e9, se sont qualifi\u00e9es pour les huiti\u00e8mes de finale de la premi\u00e8re \u00e9dition du tournoi de football dot\u00e9 de la coupe N\u2019Guessan Ahondjon, d\u00e9put\u00e9 d\u2019Arrah, au terme des matches de poule jou\u00e9s, samedi 14 ao\u00fbt 2021, \u00e0 Brou Akpaoussou dans [&hellip;]<\/p>\n","protected":false},"author":82,"featured_media":11490,"comment_status":"open","ping_status":"closed","sticky":false,"template":"","format":"standard","meta":{"footnotes":""},"categories":[11,6,10],"tags":[56,63,29],"class_list":["post-11491","post","type-post","status-publish","format-standard","has-post-thumbnail","hentry","category-homepage-french","category-sports","category-toutes-les-actualites","tag-africa-press","tag-africa-press-cote-divoire","tag-cote-divoire"],"yoast_head":"<!-- This site is optimized with the Yoast SEO Premium plugin v26.1 (Yoast SEO v27.0) - https:\/\/yoast.com\/product\/yoast-seo-premium-wordpress\/ -->\n<title>Affery 2 et Agbossou, les premiers qualifi\u00e9s en 8\u00e8mes de finale de la coupe N\u2019Guessan Ahondjon - C\u00f4te d&#039;Ivoire<\/title>\n<meta name=\"description\" content=\"Dimbokro, 16 ao\u00fbt 2021 (AIP) \u2013 Les \u00e9quipes d\u2019Affery 2 et d\u2019Agbossou, deux villages de la sous-pr\u00e9fecture d\u2019And\u00e9, se sont ...\" \/>\n<meta name=\"robots\" content=\"index, follow, max-snippet:-1, max-image-preview:large, max-video-preview:-1\" \/>\n<link rel=\"canonical\" href=\"https:\/\/www.africa-press.net\/cotedivoire\/sports\/affery-2-et-agbossou-les-premiers-qualifies-en-8emes-de-finale-de-la-coupe-nguessan-ahondjon\" \/>\n<meta property=\"og:locale\" content=\"fr_FR\" \/>\n<meta property=\"og:type\" content=\"article\" \/>\n<meta property=\"og:title\" content=\"Affery 2 et Agbossou, les premiers qualifi\u00e9s en 8\u00e8mes de finale de la coupe N\u2019Guessan Ahondjon\" \/>\n<meta property=\"og:description\" content=\"Dimbokro, 16 ao\u00fbt 2021 (AIP) \u2013 Les \u00e9quipes d\u2019Affery 2 et d\u2019Agbossou, deux villages de la sous-pr\u00e9fecture d\u2019And\u00e9, se sont ...\" \/>\n<meta property=\"og:url\" content=\"https:\/\/www.africa-press.net\/cotedivoire\/sports\/affery-2-et-agbossou-les-premiers-qualifies-en-8emes-de-finale-de-la-coupe-nguessan-ahondjon\" \/>\n<meta property=\"og:site_name\" content=\"C\u00f4te d&#039;Ivoire\" \/>\n<meta property=\"article:published_time\" content=\"2021-08-16T19:07:08+00:00\" \/>\n<meta property=\"article:modified_time\" content=\"2021-08-16T21:09:09+00:00\" \/>\n<meta property=\"og:image\" content=\"https:\/\/static.africa-press.net\/cote\/sites\/43\/2021\/08\/img-611a994d6b466.jpg\" \/>\n\t<meta property=\"og:image:width\" content=\"825\" \/>\n\t<meta property=\"og:image:height\" content=\"425\" \/>\n\t<meta property=\"og:image:type\" content=\"image\/jpeg\" \/>\n<meta name=\"author\" content=\"cfeditorfr\" \/>\n<meta name=\"twitter:card\" content=\"summary_large_image\" \/>\n<meta name=\"twitter:label1\" content=\"\u00c9crit par\" \/>\n\t<meta name=\"twitter:data1\" content=\"cfeditorfr\" \/>\n\t<meta name=\"twitter:label2\" content=\"Dur\u00e9e de lecture estim\u00e9e\" \/>\n\t<meta name=\"twitter:data2\" content=\"1 minute\" \/>\n<script type=\"application\/ld+json\" class=\"yoast-schema-graph\">{\"@context\":\"https:\/\/schema.org\",\"@graph\":[{\"@type\":\"Article\",\"@id\":\"https:\/\/www.africa-press.net\/cotedivoire\/sports\/affery-2-et-agbossou-les-premiers-qualifies-en-8emes-de-finale-de-la-coupe-nguessan-ahondjon#article\",\"isPartOf\":{\"@id\":\"https:\/\/www.africa-press.net\/cotedivoire\/sports\/affery-2-et-agbossou-les-premiers-qualifies-en-8emes-de-finale-de-la-coupe-nguessan-ahondjon\"},\"author\":{\"name\":\"cfeditorfr\",\"@id\":\"https:\/\/www.africa-press.net\/cotedivoire\/#\/schema\/person\/2b1cf3cd81a31e3cd26889ca66d677f1\"},\"headline\":\"Affery 2 et Agbossou, les premiers qualifi\u00e9s en 8\u00e8mes de finale de la coupe N\u2019Guessan Ahondjon\",\"datePublished\":\"2021-08-16T19:07:08+00:00\",\"dateModified\":\"2021-08-16T21:09:09+00:00\",\"mainEntityOfPage\":{\"@id\":\"https:\/\/www.africa-press.net\/cotedivoire\/sports\/affery-2-et-agbossou-les-premiers-qualifies-en-8emes-de-finale-de-la-coupe-nguessan-ahondjon\"},\"wordCount\":280,\"commentCount\":0,\"image\":{\"@id\":\"https:\/\/www.africa-press.net\/cotedivoire\/sports\/affery-2-et-agbossou-les-premiers-qualifies-en-8emes-de-finale-de-la-coupe-nguessan-ahondjon#primaryimage\"},\"thumbnailUrl\":\"https:\/\/static.africa-press.net\/cote\/sites\/43\/2021\/08\/img-611a994d6b466.jpg\",\"keywords\":[\"Africa Press\",\"Africa Press-C\u00f4te d'Ivoire\",\"C\u00d4TE D'IVOIRE\"],\"articleSection\":[\"homepage-french\",\"Sports\",\"Toutes les actualit\u00e9s\"],\"inLanguage\":\"fr-FR\",\"potentialAction\":[{\"@type\":\"CommentAction\",\"name\":\"Comment\",\"target\":[\"https:\/\/www.africa-press.net\/cotedivoire\/sports\/affery-2-et-agbossou-les-premiers-qualifies-en-8emes-de-finale-de-la-coupe-nguessan-ahondjon#respond\"]}]},{\"@type\":\"WebPage\",\"@id\":\"https:\/\/www.africa-press.net\/cotedivoire\/sports\/affery-2-et-agbossou-les-premiers-qualifies-en-8emes-de-finale-de-la-coupe-nguessan-ahondjon\",\"url\":\"https:\/\/www.africa-press.net\/cotedivoire\/sports\/affery-2-et-agbossou-les-premiers-qualifies-en-8emes-de-finale-de-la-coupe-nguessan-ahondjon\",\"name\":\"Affery 2 et Agbossou, les premiers qualifi\u00e9s en 8\u00e8mes de finale de la coupe N\u2019Guessan Ahondjon - C\u00f4te d&#039;Ivoire\",\"isPartOf\":{\"@id\":\"https:\/\/www.africa-press.net\/cotedivoire\/#website\"},\"primaryImageOfPage\":{\"@id\":\"https:\/\/www.africa-press.net\/cotedivoire\/sports\/affery-2-et-agbossou-les-premiers-qualifies-en-8emes-de-finale-de-la-coupe-nguessan-ahondjon#primaryimage\"},\"image\":{\"@id\":\"https:\/\/www.africa-press.net\/cotedivoire\/sports\/affery-2-et-agbossou-les-premiers-qualifies-en-8emes-de-finale-de-la-coupe-nguessan-ahondjon#primaryimage\"},\"thumbnailUrl\":\"https:\/\/static.africa-press.net\/cote\/sites\/43\/2021\/08\/img-611a994d6b466.jpg\",\"datePublished\":\"2021-08-16T19:07:08+00:00\",\"dateModified\":\"2021-08-16T21:09:09+00:00\",\"author\":{\"@id\":\"https:\/\/www.africa-press.net\/cotedivoire\/#\/schema\/person\/2b1cf3cd81a31e3cd26889ca66d677f1\"},\"description\":\"Dimbokro, 16 ao\u00fbt 2021 (AIP) \u2013 Les \u00e9quipes d\u2019Affery 2 et d\u2019Agbossou, deux villages de la sous-pr\u00e9fecture d\u2019And\u00e9, se sont ...\",\"breadcrumb\":{\"@id\":\"https:\/\/www.africa-press.net\/cotedivoire\/sports\/affery-2-et-agbossou-les-premiers-qualifies-en-8emes-de-finale-de-la-coupe-nguessan-ahondjon#breadcrumb\"},\"inLanguage\":\"fr-FR\",\"potentialAction\":[{\"@type\":\"ReadAction\",\"target\":[\"https:\/\/www.africa-press.net\/cotedivoire\/sports\/affery-2-et-agbossou-les-premiers-qualifies-en-8emes-de-finale-de-la-coupe-nguessan-ahondjon\"]}]},{\"@type\":\"ImageObject\",\"inLanguage\":\"fr-FR\",\"@id\":\"https:\/\/www.africa-press.net\/cotedivoire\/sports\/affery-2-et-agbossou-les-premiers-qualifies-en-8emes-de-finale-de-la-coupe-nguessan-ahondjon#primaryimage\",\"url\":\"https:\/\/static.africa-press.net\/cote\/sites\/43\/2021\/08\/img-611a994d6b466.jpg\",\"contentUrl\":\"https:\/\/static.africa-press.net\/cote\/sites\/43\/2021\/08\/img-611a994d6b466.jpg\",\"width\":825,\"height\":425,\"caption\":\"Affery 2 et Agbossou, les premiers qualifi\u00e9s en 8\u00e8mes de finale de la coupe N\u2019Guessan Ahondjon\"},{\"@type\":\"BreadcrumbList\",\"@id\":\"https:\/\/www.africa-press.net\/cotedivoire\/sports\/affery-2-et-agbossou-les-premiers-qualifies-en-8emes-de-finale-de-la-coupe-nguessan-ahondjon#breadcrumb\",\"itemListElement\":[{\"@type\":\"ListItem\",\"position\":1,\"name\":\"Accueil\",\"item\":\"https:\/\/www.africa-press.net\/cotedivoire\/\"},{\"@type\":\"ListItem\",\"position\":2,\"name\":\"Affery 2 et Agbossou, les premiers qualifi\u00e9s en 8\u00e8mes de finale de la coupe N\u2019Guessan Ahondjon\"}]},{\"@type\":\"WebSite\",\"@id\":\"https:\/\/www.africa-press.net\/cotedivoire\/#website\",\"url\":\"https:\/\/www.africa-press.net\/cotedivoire\/\",\"name\":\"C\u00f4te d&#039;Ivoire\",\"description\":\"Just another Africa News Agency Sites site\",\"potentialAction\":[{\"@type\":\"SearchAction\",\"target\":{\"@type\":\"EntryPoint\",\"urlTemplate\":\"https:\/\/www.africa-press.net\/cotedivoire\/?s={search_term_string}\"},\"query-input\":{\"@type\":\"PropertyValueSpecification\",\"valueRequired\":true,\"valueName\":\"search_term_string\"}}],\"inLanguage\":\"fr-FR\"},{\"@type\":\"Person\",\"@id\":\"https:\/\/www.africa-press.net\/cotedivoire\/#\/schema\/person\/2b1cf3cd81a31e3cd26889ca66d677f1\",\"name\":\"cfeditorfr\"}]}<\/script>\n<!-- \/ Yoast SEO Premium plugin. -->","yoast_head_json":{"title":"Affery 2 et Agbossou, les premiers qualifi\u00e9s en 8\u00e8mes de finale de la coupe N\u2019Guessan Ahondjon - C\u00f4te d&#039;Ivoire","description":"Dimbokro, 16 ao\u00fbt 2021 (AIP) \u2013 Les \u00e9quipes d\u2019Affery 2 et d\u2019Agbossou, deux villages de la sous-pr\u00e9fecture d\u2019And\u00e9, se sont ...","robots":{"index":"index","follow":"follow","max-snippet":"max-snippet:-1","max-image-preview":"max-image-preview:large","max-video-preview":"max-video-preview:-1"},"canonical":"https:\/\/www.africa-press.net\/cotedivoire\/sports\/affery-2-et-agbossou-les-premiers-qualifies-en-8emes-de-finale-de-la-coupe-nguessan-ahondjon","og_locale":"fr_FR","og_type":"article","og_title":"Affery 2 et Agbossou, les premiers qualifi\u00e9s en 8\u00e8mes de finale de la coupe N\u2019Guessan Ahondjon","og_description":"Dimbokro, 16 ao\u00fbt 2021 (AIP) \u2013 Les \u00e9quipes d\u2019Affery 2 et d\u2019Agbossou, deux villages de la sous-pr\u00e9fecture d\u2019And\u00e9, se sont ...","og_url":"https:\/\/www.africa-press.net\/cotedivoire\/sports\/affery-2-et-agbossou-les-premiers-qualifies-en-8emes-de-finale-de-la-coupe-nguessan-ahondjon","og_site_name":"C\u00f4te d&#039;Ivoire","article_published_time":"2021-08-16T19:07:08+00:00","article_modified_time":"2021-08-16T21:09:09+00:00","og_image":[{"width":825,"height":425,"url":"https:\/\/static.africa-press.net\/cote\/sites\/43\/2021\/08\/img-611a994d6b466.jpg","type":"image\/jpeg"}],"author":"cfeditorfr","twitter_card":"summary_large_image","twitter_misc":{"\u00c9crit par":"cfeditorfr","Dur\u00e9e de lecture estim\u00e9e":"1 minute"},"schema":{"@context":"https:\/\/schema.org","@graph":[{"@type":"Article","@id":"https:\/\/www.africa-press.net\/cotedivoire\/sports\/affery-2-et-agbossou-les-premiers-qualifies-en-8emes-de-finale-de-la-coupe-nguessan-ahondjon#article","isPartOf":{"@id":"https:\/\/www.africa-press.net\/cotedivoire\/sports\/affery-2-et-agbossou-les-premiers-qualifies-en-8emes-de-finale-de-la-coupe-nguessan-ahondjon"},"author":{"name":"cfeditorfr","@id":"https:\/\/www.africa-press.net\/cotedivoire\/#\/schema\/person\/2b1cf3cd81a31e3cd26889ca66d677f1"},"headline":"Affery 2 et Agbossou, les premiers qualifi\u00e9s en 8\u00e8mes de finale de la coupe N\u2019Guessan Ahondjon","datePublished":"2021-08-16T19:07:08+00:00","dateModified":"2021-08-16T21:09:09+00:00","mainEntityOfPage":{"@id":"https:\/\/www.africa-press.net\/cotedivoire\/sports\/affery-2-et-agbossou-les-premiers-qualifies-en-8emes-de-finale-de-la-coupe-nguessan-ahondjon"},"wordCount":280,"commentCount":0,"image":{"@id":"https:\/\/www.africa-press.net\/cotedivoire\/sports\/affery-2-et-agbossou-les-premiers-qualifies-en-8emes-de-finale-de-la-coupe-nguessan-ahondjon#primaryimage"},"thumbnailUrl":"https:\/\/static.africa-press.net\/cote\/sites\/43\/2021\/08\/img-611a994d6b466.jpg","keywords":["Africa Press","Africa Press-C\u00f4te d'Ivoire","C\u00d4TE D'IVOIRE"],"articleSection":["homepage-french","Sports","Toutes les actualit\u00e9s"],"inLanguage":"fr-FR","potentialAction":[{"@type":"CommentAction","name":"Comment","target":["https:\/\/www.africa-press.net\/cotedivoire\/sports\/affery-2-et-agbossou-les-premiers-qualifies-en-8emes-de-finale-de-la-coupe-nguessan-ahondjon#respond"]}]},{"@type":"WebPage","@id":"https:\/\/www.africa-press.net\/cotedivoire\/sports\/affery-2-et-agbossou-les-premiers-qualifies-en-8emes-de-finale-de-la-coupe-nguessan-ahondjon","url":"https:\/\/www.africa-press.net\/cotedivoire\/sports\/affery-2-et-agbossou-les-premiers-qualifies-en-8emes-de-finale-de-la-coupe-nguessan-ahondjon","name":"Affery 2 et Agbossou, les premiers qualifi\u00e9s en 8\u00e8mes de finale de la coupe N\u2019Guessan Ahondjon - C\u00f4te d&#039;Ivoire","isPartOf":{"@id":"https:\/\/www.africa-press.net\/cotedivoire\/#website"},"primaryImageOfPage":{"@id":"https:\/\/www.africa-press.net\/cotedivoire\/sports\/affery-2-et-agbossou-les-premiers-qualifies-en-8emes-de-finale-de-la-coupe-nguessan-ahondjon#primaryimage"},"image":{"@id":"https:\/\/www.africa-press.net\/cotedivoire\/sports\/affery-2-et-agbossou-les-premiers-qualifies-en-8emes-de-finale-de-la-coupe-nguessan-ahondjon#primaryimage"},"thumbnailUrl":"https:\/\/static.africa-press.net\/cote\/sites\/43\/2021\/08\/img-611a994d6b466.jpg","datePublished":"2021-08-16T19:07:08+00:00","dateModified":"2021-08-16T21:09:09+00:00","author":{"@id":"https:\/\/www.africa-press.net\/cotedivoire\/#\/schema\/person\/2b1cf3cd81a31e3cd26889ca66d677f1"},"description":"Dimbokro, 16 ao\u00fbt 2021 (AIP) \u2013 Les \u00e9quipes d\u2019Affery 2 et d\u2019Agbossou, deux villages de la sous-pr\u00e9fecture d\u2019And\u00e9, se sont ...","breadcrumb":{"@id":"https:\/\/www.africa-press.net\/cotedivoire\/sports\/affery-2-et-agbossou-les-premiers-qualifies-en-8emes-de-finale-de-la-coupe-nguessan-ahondjon#breadcrumb"},"inLanguage":"fr-FR","potentialAction":[{"@type":"ReadAction","target":["https:\/\/www.africa-press.net\/cotedivoire\/sports\/affery-2-et-agbossou-les-premiers-qualifies-en-8emes-de-finale-de-la-coupe-nguessan-ahondjon"]}]},{"@type":"ImageObject","inLanguage":"fr-FR","@id":"https:\/\/www.africa-press.net\/cotedivoire\/sports\/affery-2-et-agbossou-les-premiers-qualifies-en-8emes-de-finale-de-la-coupe-nguessan-ahondjon#primaryimage","url":"https:\/\/static.africa-press.net\/cote\/sites\/43\/2021\/08\/img-611a994d6b466.jpg","contentUrl":"https:\/\/static.africa-press.net\/cote\/sites\/43\/2021\/08\/img-611a994d6b466.jpg","width":825,"height":425,"caption":"Affery 2 et Agbossou, les premiers qualifi\u00e9s en 8\u00e8mes de finale de la coupe N\u2019Guessan Ahondjon"},{"@type":"BreadcrumbList","@id":"https:\/\/www.africa-press.net\/cotedivoire\/sports\/affery-2-et-agbossou-les-premiers-qualifies-en-8emes-de-finale-de-la-coupe-nguessan-ahondjon#breadcrumb","itemListElement":[{"@type":"ListItem","position":1,"name":"Accueil","item":"https:\/\/www.africa-press.net\/cotedivoire\/"},{"@type":"ListItem","position":2,"name":"Affery 2 et Agbossou, les premiers qualifi\u00e9s en 8\u00e8mes de finale de la coupe N\u2019Guessan Ahondjon"}]},{"@type":"WebSite","@id":"https:\/\/www.africa-press.net\/cotedivoire\/#website","url":"https:\/\/www.africa-press.net\/cotedivoire\/","name":"C\u00f4te d&#039;Ivoire","description":"Just another Africa News Agency Sites site","potentialAction":[{"@type":"SearchAction","target":{"@type":"EntryPoint","urlTemplate":"https:\/\/www.africa-press.net\/cotedivoire\/?s={search_term_string}"},"query-input":{"@type":"PropertyValueSpecification","valueRequired":true,"valueName":"search_term_string"}}],"inLanguage":"fr-FR"},{"@type":"Person","@id":"https:\/\/www.africa-press.net\/cotedivoire\/#\/schema\/person\/2b1cf3cd81a31e3cd26889ca66d677f1","name":"cfeditorfr"}]}},"_links":{"self":[{"href":"https:\/\/www.africa-press.net\/cotedivoire\/wp-json\/wp\/v2\/posts\/11491","targetHints":{"allow":["GET"]}}],"collection":[{"href":"https:\/\/www.africa-press.net\/cotedivoire\/wp-json\/wp\/v2\/posts"}],"about":[{"href":"https:\/\/www.africa-press.net\/cotedivoire\/wp-json\/wp\/v2\/types\/post"}],"author":[{"embeddable":true,"href":"https:\/\/www.africa-press.net\/cotedivoire\/wp-json\/wp\/v2\/users\/82"}],"replies":[{"embeddable":true,"href":"https:\/\/www.africa-press.net\/cotedivoire\/wp-json\/wp\/v2\/comments?post=11491"}],"version-history":[{"count":0,"href":"https:\/\/www.africa-press.net\/cotedivoire\/wp-json\/wp\/v2\/posts\/11491\/revisions"}],"wp:featuredmedia":[{"embeddable":true,"href":"https:\/\/www.africa-press.net\/cotedivoire\/wp-json\/wp\/v2\/media\/11490"}],"wp:attachment":[{"href":"https:\/\/www.africa-press.net\/cotedivoire\/wp-json\/wp\/v2\/media?parent=11491"}],"wp:term":[{"taxonomy":"category","embeddable":true,"href":"https:\/\/www.africa-press.net\/cotedivoire\/wp-json\/wp\/v2\/categories?post=11491"},{"taxonomy":"post_tag","embeddable":true,"href":"https:\/\/www.africa-press.net\/cotedivoire\/wp-json\/wp\/v2\/tags?post=11491"}],"curies":[{"name":"wp","href":"https:\/\/api.w.org\/{rel}","templated":true}]}}