{"id":11497,"date":"2021-08-16T19:26:34","date_gmt":"2021-08-16T19:26:34","guid":{"rendered":"https:\/\/www.africa-press.net\/cotedivoire\/?p=11497"},"modified":"2021-08-16T21:09:20","modified_gmt":"2021-08-16T21:09:20","slug":"loperation-un-mois-un-quartier-propre-se-poursuit-au-camp-fonctionnaire-de-gagnoa","status":"publish","type":"post","link":"https:\/\/www.africa-press.net\/cotedivoire\/toutes-les-actualites\/loperation-un-mois-un-quartier-propre-se-poursuit-au-camp-fonctionnaire-de-gagnoa","title":{"rendered":"L\u2019op\u00e9ration \u201cUn mois un quartier propre\u201d se poursuit au Camp fonctionnaire de Gagnoa"},"content":{"rendered":"<p><span style=\"color: #ff6600\"><strong><a href=\"https:\/\/www.africa-press.net\/\">Africa-Press<\/a> &#8211; <a href=\"https:\/\/www.africa-press.net\/cotedivoire\">C\u00f4te d&rsquo;Ivoire<\/a>.\u00a0 <\/strong><\/span>\u00a0L\u2019op\u00e9ration d\u00e9nomm\u00e9 \u201cUn mois un quartier propre\u201d initi\u00e9e par l\u2019Association des jeunes du quartier camp fonctionnaire de la ville de Gagnoa, s\u2019est poursuivie pour sa deuxi\u00e8me \u00e9tape, avec la forte mobilisation de la jeunesse et de quelques parents.<\/p>\n<p>\u00ab Nous sommes fiers de voir l\u2019implication de tous \u00bb, a d\u00e9clar\u00e9 samedi 14 ao\u00fbt 2021, le nouveau pr\u00e9sident de la jeunesse du Camp Fonctionnaire, Gnakouri Tohouri Wilfried, qui s\u2019est dit heureux de constater la participation effective d\u2019une centaine de jeunes volontaires dans la lutte contre l\u2019insalubrit\u00e9 qui se tient tous les week end du mois d\u2019ao\u00fbt.<\/p>\n<p>Il s\u2019agit d\u2019une satisfaction g\u00e9n\u00e9rale aussi bien chez les responsables de l\u2019administration publique qui ont leurs bureaux au sein du quartier, mais aussi au niveau des parents, fiers de constater que la jeunesse se \u00ab responsabilise \u00bb, a indiqu\u00e9 le pr\u00e9sident.<\/p>\n<p>Jeune entrepreneur, Gnakouri Wilfried, a indiqu\u00e9 que ces actions s\u2019inscrivent dans la droite ligne du programme du nouveau bureau, dont l\u2019ambition est de redynamiser le quartier Camp fonctionnaire, de le rendre propre, le s\u00e9curiser et surtout exhorter la jeunesse \u00e0 l\u2019auto-emploi<\/p>\n<p>La premi\u00e8re journ\u00e9e a enregistr\u00e9 la participation de nombreux parents et le soutien de plusieurs directeurs r\u00e9gionaux et d\u00e9partementaux r\u00e9sidents, mais aussi du pr\u00e9fet de r\u00e9gion du G\u00f4h, Fofana Lancina, agr\u00e9ablement surpris par le programme d\u2019entretien. \u00ab Il croyait qu\u2019il s\u2019agissait de la mairie \u00bb, a r\u00e9v\u00e9l\u00e9 le pr\u00e9sident.<\/p>\n<p>Le camp fonctionnaire de Gagnoa a depuis dimanche 11 juillet 2021 un nouveau pr\u00e9sident des jeunes. Cette organisation est un d\u00e9membrement du Conseil national des jeunes de C\u00f4te d\u2019Ivoire (CNJCI), d\u00e9l\u00e9gation Gagnoa.<\/p>\n<p>L\u2019objectif de l\u2019UJCF est de promouvoir les valeurs d\u2019unit\u00e9, de solidarit\u00e9, d\u2019entraide et d\u2019entrepreneuriat, afin que chacun soit autonome.<\/p>\n<p>&nbsp;<\/p>\n","protected":false},"excerpt":{"rendered":"<p>Africa-Press &#8211; C\u00f4te d&rsquo;Ivoire.\u00a0 \u00a0L\u2019op\u00e9ration d\u00e9nomm\u00e9 \u201cUn mois un quartier propre\u201d initi\u00e9e par l\u2019Association des jeunes du quartier camp fonctionnaire de la ville de Gagnoa, s\u2019est poursuivie pour sa deuxi\u00e8me \u00e9tape, avec la forte mobilisation de la jeunesse et de quelques parents. \u00ab Nous sommes fiers de voir l\u2019implication de tous \u00bb, a d\u00e9clar\u00e9 samedi [&hellip;]<\/p>\n","protected":false},"author":82,"featured_media":11496,"comment_status":"open","ping_status":"closed","sticky":false,"template":"","format":"standard","meta":{"footnotes":""},"categories":[21,11,10],"tags":[56,63,29],"class_list":["post-11497","post","type-post","status-publish","format-standard","has-post-thumbnail","hentry","category-communaute","category-homepage-french","category-toutes-les-actualites","tag-africa-press","tag-africa-press-cote-divoire","tag-cote-divoire"],"yoast_head":"<!-- This site is optimized with the Yoast SEO Premium plugin v26.1 (Yoast SEO v27.0) - https:\/\/yoast.com\/product\/yoast-seo-premium-wordpress\/ -->\n<title>L\u2019op\u00e9ration \u201cUn mois un quartier propre\u201d se poursuit au Camp fonctionnaire de Gagnoa - C\u00f4te d&#039;Ivoire<\/title>\n<meta name=\"description\" content=\"Gagnoa, 16 ao\u00fbt 2021 (AIP)- L\u2019op\u00e9ration d\u00e9nomm\u00e9 \u201cUn mois un quartier propre\u201d initi\u00e9e par l\u2019Association des jeunes du qua ...\" \/>\n<meta name=\"robots\" content=\"index, follow, max-snippet:-1, max-image-preview:large, max-video-preview:-1\" \/>\n<link rel=\"canonical\" href=\"https:\/\/www.africa-press.net\/cotedivoire\/toutes-les-actualites\/loperation-un-mois-un-quartier-propre-se-poursuit-au-camp-fonctionnaire-de-gagnoa\" \/>\n<meta property=\"og:locale\" content=\"fr_FR\" \/>\n<meta property=\"og:type\" content=\"article\" \/>\n<meta property=\"og:title\" content=\"L\u2019op\u00e9ration \u201cUn mois un quartier propre\u201d se poursuit au Camp fonctionnaire de Gagnoa\" \/>\n<meta property=\"og:description\" content=\"Gagnoa, 16 ao\u00fbt 2021 (AIP)- L\u2019op\u00e9ration d\u00e9nomm\u00e9 \u201cUn mois un quartier propre\u201d initi\u00e9e par l\u2019Association des jeunes du qua ...\" \/>\n<meta property=\"og:url\" content=\"https:\/\/www.africa-press.net\/cotedivoire\/toutes-les-actualites\/loperation-un-mois-un-quartier-propre-se-poursuit-au-camp-fonctionnaire-de-gagnoa\" \/>\n<meta property=\"og:site_name\" content=\"C\u00f4te d&#039;Ivoire\" \/>\n<meta property=\"article:published_time\" content=\"2021-08-16T19:26:34+00:00\" \/>\n<meta property=\"article:modified_time\" content=\"2021-08-16T21:09:20+00:00\" \/>\n<meta property=\"og:image\" content=\"https:\/\/static.africa-press.net\/cote\/sites\/43\/2021\/08\/img-611a99db867ba.jpg\" \/>\n\t<meta property=\"og:image:width\" content=\"720\" \/>\n\t<meta property=\"og:image:height\" content=\"475\" \/>\n\t<meta property=\"og:image:type\" content=\"image\/jpeg\" \/>\n<meta name=\"author\" content=\"cfeditorfr\" \/>\n<meta name=\"twitter:card\" content=\"summary_large_image\" \/>\n<meta name=\"twitter:label1\" content=\"\u00c9crit par\" \/>\n\t<meta name=\"twitter:data1\" content=\"cfeditorfr\" \/>\n\t<meta name=\"twitter:label2\" content=\"Dur\u00e9e de lecture estim\u00e9e\" \/>\n\t<meta name=\"twitter:data2\" content=\"2 minutes\" \/>\n<script type=\"application\/ld+json\" class=\"yoast-schema-graph\">{\"@context\":\"https:\/\/schema.org\",\"@graph\":[{\"@type\":\"Article\",\"@id\":\"https:\/\/www.africa-press.net\/cotedivoire\/toutes-les-actualites\/loperation-un-mois-un-quartier-propre-se-poursuit-au-camp-fonctionnaire-de-gagnoa#article\",\"isPartOf\":{\"@id\":\"https:\/\/www.africa-press.net\/cotedivoire\/toutes-les-actualites\/loperation-un-mois-un-quartier-propre-se-poursuit-au-camp-fonctionnaire-de-gagnoa\"},\"author\":{\"name\":\"cfeditorfr\",\"@id\":\"https:\/\/www.africa-press.net\/cotedivoire\/#\/schema\/person\/2b1cf3cd81a31e3cd26889ca66d677f1\"},\"headline\":\"L\u2019op\u00e9ration \u201cUn mois un quartier propre\u201d se poursuit au Camp fonctionnaire de Gagnoa\",\"datePublished\":\"2021-08-16T19:26:34+00:00\",\"dateModified\":\"2021-08-16T21:09:20+00:00\",\"mainEntityOfPage\":{\"@id\":\"https:\/\/www.africa-press.net\/cotedivoire\/toutes-les-actualites\/loperation-un-mois-un-quartier-propre-se-poursuit-au-camp-fonctionnaire-de-gagnoa\"},\"wordCount\":340,\"commentCount\":0,\"image\":{\"@id\":\"https:\/\/www.africa-press.net\/cotedivoire\/toutes-les-actualites\/loperation-un-mois-un-quartier-propre-se-poursuit-au-camp-fonctionnaire-de-gagnoa#primaryimage\"},\"thumbnailUrl\":\"https:\/\/static.africa-press.net\/cote\/sites\/43\/2021\/08\/img-611a99db867ba.jpg\",\"keywords\":[\"Africa Press\",\"Africa Press-C\u00f4te d'Ivoire\",\"C\u00d4TE D'IVOIRE\"],\"articleSection\":[\"Communaut\u00e9\",\"homepage-french\",\"Toutes les actualit\u00e9s\"],\"inLanguage\":\"fr-FR\",\"potentialAction\":[{\"@type\":\"CommentAction\",\"name\":\"Comment\",\"target\":[\"https:\/\/www.africa-press.net\/cotedivoire\/toutes-les-actualites\/loperation-un-mois-un-quartier-propre-se-poursuit-au-camp-fonctionnaire-de-gagnoa#respond\"]}]},{\"@type\":\"WebPage\",\"@id\":\"https:\/\/www.africa-press.net\/cotedivoire\/toutes-les-actualites\/loperation-un-mois-un-quartier-propre-se-poursuit-au-camp-fonctionnaire-de-gagnoa\",\"url\":\"https:\/\/www.africa-press.net\/cotedivoire\/toutes-les-actualites\/loperation-un-mois-un-quartier-propre-se-poursuit-au-camp-fonctionnaire-de-gagnoa\",\"name\":\"L\u2019op\u00e9ration \u201cUn mois un quartier propre\u201d se poursuit au Camp fonctionnaire de Gagnoa - C\u00f4te d&#039;Ivoire\",\"isPartOf\":{\"@id\":\"https:\/\/www.africa-press.net\/cotedivoire\/#website\"},\"primaryImageOfPage\":{\"@id\":\"https:\/\/www.africa-press.net\/cotedivoire\/toutes-les-actualites\/loperation-un-mois-un-quartier-propre-se-poursuit-au-camp-fonctionnaire-de-gagnoa#primaryimage\"},\"image\":{\"@id\":\"https:\/\/www.africa-press.net\/cotedivoire\/toutes-les-actualites\/loperation-un-mois-un-quartier-propre-se-poursuit-au-camp-fonctionnaire-de-gagnoa#primaryimage\"},\"thumbnailUrl\":\"https:\/\/static.africa-press.net\/cote\/sites\/43\/2021\/08\/img-611a99db867ba.jpg\",\"datePublished\":\"2021-08-16T19:26:34+00:00\",\"dateModified\":\"2021-08-16T21:09:20+00:00\",\"author\":{\"@id\":\"https:\/\/www.africa-press.net\/cotedivoire\/#\/schema\/person\/2b1cf3cd81a31e3cd26889ca66d677f1\"},\"description\":\"Gagnoa, 16 ao\u00fbt 2021 (AIP)- L\u2019op\u00e9ration d\u00e9nomm\u00e9 \u201cUn mois un quartier propre\u201d initi\u00e9e par l\u2019Association des jeunes du qua ...\",\"breadcrumb\":{\"@id\":\"https:\/\/www.africa-press.net\/cotedivoire\/toutes-les-actualites\/loperation-un-mois-un-quartier-propre-se-poursuit-au-camp-fonctionnaire-de-gagnoa#breadcrumb\"},\"inLanguage\":\"fr-FR\",\"potentialAction\":[{\"@type\":\"ReadAction\",\"target\":[\"https:\/\/www.africa-press.net\/cotedivoire\/toutes-les-actualites\/loperation-un-mois-un-quartier-propre-se-poursuit-au-camp-fonctionnaire-de-gagnoa\"]}]},{\"@type\":\"ImageObject\",\"inLanguage\":\"fr-FR\",\"@id\":\"https:\/\/www.africa-press.net\/cotedivoire\/toutes-les-actualites\/loperation-un-mois-un-quartier-propre-se-poursuit-au-camp-fonctionnaire-de-gagnoa#primaryimage\",\"url\":\"https:\/\/static.africa-press.net\/cote\/sites\/43\/2021\/08\/img-611a99db867ba.jpg\",\"contentUrl\":\"https:\/\/static.africa-press.net\/cote\/sites\/43\/2021\/08\/img-611a99db867ba.jpg\",\"width\":720,\"height\":475,\"caption\":\"L\u2019op\u00e9ration \u201cUn mois un quartier propre\u201d se poursuit au Camp fonctionnaire de Gagnoa\"},{\"@type\":\"BreadcrumbList\",\"@id\":\"https:\/\/www.africa-press.net\/cotedivoire\/toutes-les-actualites\/loperation-un-mois-un-quartier-propre-se-poursuit-au-camp-fonctionnaire-de-gagnoa#breadcrumb\",\"itemListElement\":[{\"@type\":\"ListItem\",\"position\":1,\"name\":\"Accueil\",\"item\":\"https:\/\/www.africa-press.net\/cotedivoire\/\"},{\"@type\":\"ListItem\",\"position\":2,\"name\":\"L\u2019op\u00e9ration \u201cUn mois un quartier propre\u201d se poursuit au Camp fonctionnaire de Gagnoa\"}]},{\"@type\":\"WebSite\",\"@id\":\"https:\/\/www.africa-press.net\/cotedivoire\/#website\",\"url\":\"https:\/\/www.africa-press.net\/cotedivoire\/\",\"name\":\"C\u00f4te d&#039;Ivoire\",\"description\":\"Just another Africa News Agency Sites site\",\"potentialAction\":[{\"@type\":\"SearchAction\",\"target\":{\"@type\":\"EntryPoint\",\"urlTemplate\":\"https:\/\/www.africa-press.net\/cotedivoire\/?s={search_term_string}\"},\"query-input\":{\"@type\":\"PropertyValueSpecification\",\"valueRequired\":true,\"valueName\":\"search_term_string\"}}],\"inLanguage\":\"fr-FR\"},{\"@type\":\"Person\",\"@id\":\"https:\/\/www.africa-press.net\/cotedivoire\/#\/schema\/person\/2b1cf3cd81a31e3cd26889ca66d677f1\",\"name\":\"cfeditorfr\"}]}<\/script>\n<!-- \/ Yoast SEO Premium plugin. -->","yoast_head_json":{"title":"L\u2019op\u00e9ration \u201cUn mois un quartier propre\u201d se poursuit au Camp fonctionnaire de Gagnoa - C\u00f4te d&#039;Ivoire","description":"Gagnoa, 16 ao\u00fbt 2021 (AIP)- L\u2019op\u00e9ration d\u00e9nomm\u00e9 \u201cUn mois un quartier propre\u201d initi\u00e9e par l\u2019Association des jeunes du qua ...","robots":{"index":"index","follow":"follow","max-snippet":"max-snippet:-1","max-image-preview":"max-image-preview:large","max-video-preview":"max-video-preview:-1"},"canonical":"https:\/\/www.africa-press.net\/cotedivoire\/toutes-les-actualites\/loperation-un-mois-un-quartier-propre-se-poursuit-au-camp-fonctionnaire-de-gagnoa","og_locale":"fr_FR","og_type":"article","og_title":"L\u2019op\u00e9ration \u201cUn mois un quartier propre\u201d se poursuit au Camp fonctionnaire de Gagnoa","og_description":"Gagnoa, 16 ao\u00fbt 2021 (AIP)- L\u2019op\u00e9ration d\u00e9nomm\u00e9 \u201cUn mois un quartier propre\u201d initi\u00e9e par l\u2019Association des jeunes du qua ...","og_url":"https:\/\/www.africa-press.net\/cotedivoire\/toutes-les-actualites\/loperation-un-mois-un-quartier-propre-se-poursuit-au-camp-fonctionnaire-de-gagnoa","og_site_name":"C\u00f4te d&#039;Ivoire","article_published_time":"2021-08-16T19:26:34+00:00","article_modified_time":"2021-08-16T21:09:20+00:00","og_image":[{"width":720,"height":475,"url":"https:\/\/static.africa-press.net\/cote\/sites\/43\/2021\/08\/img-611a99db867ba.jpg","type":"image\/jpeg"}],"author":"cfeditorfr","twitter_card":"summary_large_image","twitter_misc":{"\u00c9crit par":"cfeditorfr","Dur\u00e9e de lecture estim\u00e9e":"2 minutes"},"schema":{"@context":"https:\/\/schema.org","@graph":[{"@type":"Article","@id":"https:\/\/www.africa-press.net\/cotedivoire\/toutes-les-actualites\/loperation-un-mois-un-quartier-propre-se-poursuit-au-camp-fonctionnaire-de-gagnoa#article","isPartOf":{"@id":"https:\/\/www.africa-press.net\/cotedivoire\/toutes-les-actualites\/loperation-un-mois-un-quartier-propre-se-poursuit-au-camp-fonctionnaire-de-gagnoa"},"author":{"name":"cfeditorfr","@id":"https:\/\/www.africa-press.net\/cotedivoire\/#\/schema\/person\/2b1cf3cd81a31e3cd26889ca66d677f1"},"headline":"L\u2019op\u00e9ration \u201cUn mois un quartier propre\u201d se poursuit au Camp fonctionnaire de Gagnoa","datePublished":"2021-08-16T19:26:34+00:00","dateModified":"2021-08-16T21:09:20+00:00","mainEntityOfPage":{"@id":"https:\/\/www.africa-press.net\/cotedivoire\/toutes-les-actualites\/loperation-un-mois-un-quartier-propre-se-poursuit-au-camp-fonctionnaire-de-gagnoa"},"wordCount":340,"commentCount":0,"image":{"@id":"https:\/\/www.africa-press.net\/cotedivoire\/toutes-les-actualites\/loperation-un-mois-un-quartier-propre-se-poursuit-au-camp-fonctionnaire-de-gagnoa#primaryimage"},"thumbnailUrl":"https:\/\/static.africa-press.net\/cote\/sites\/43\/2021\/08\/img-611a99db867ba.jpg","keywords":["Africa Press","Africa Press-C\u00f4te d'Ivoire","C\u00d4TE D'IVOIRE"],"articleSection":["Communaut\u00e9","homepage-french","Toutes les actualit\u00e9s"],"inLanguage":"fr-FR","potentialAction":[{"@type":"CommentAction","name":"Comment","target":["https:\/\/www.africa-press.net\/cotedivoire\/toutes-les-actualites\/loperation-un-mois-un-quartier-propre-se-poursuit-au-camp-fonctionnaire-de-gagnoa#respond"]}]},{"@type":"WebPage","@id":"https:\/\/www.africa-press.net\/cotedivoire\/toutes-les-actualites\/loperation-un-mois-un-quartier-propre-se-poursuit-au-camp-fonctionnaire-de-gagnoa","url":"https:\/\/www.africa-press.net\/cotedivoire\/toutes-les-actualites\/loperation-un-mois-un-quartier-propre-se-poursuit-au-camp-fonctionnaire-de-gagnoa","name":"L\u2019op\u00e9ration \u201cUn mois un quartier propre\u201d se poursuit au Camp fonctionnaire de Gagnoa - C\u00f4te d&#039;Ivoire","isPartOf":{"@id":"https:\/\/www.africa-press.net\/cotedivoire\/#website"},"primaryImageOfPage":{"@id":"https:\/\/www.africa-press.net\/cotedivoire\/toutes-les-actualites\/loperation-un-mois-un-quartier-propre-se-poursuit-au-camp-fonctionnaire-de-gagnoa#primaryimage"},"image":{"@id":"https:\/\/www.africa-press.net\/cotedivoire\/toutes-les-actualites\/loperation-un-mois-un-quartier-propre-se-poursuit-au-camp-fonctionnaire-de-gagnoa#primaryimage"},"thumbnailUrl":"https:\/\/static.africa-press.net\/cote\/sites\/43\/2021\/08\/img-611a99db867ba.jpg","datePublished":"2021-08-16T19:26:34+00:00","dateModified":"2021-08-16T21:09:20+00:00","author":{"@id":"https:\/\/www.africa-press.net\/cotedivoire\/#\/schema\/person\/2b1cf3cd81a31e3cd26889ca66d677f1"},"description":"Gagnoa, 16 ao\u00fbt 2021 (AIP)- L\u2019op\u00e9ration d\u00e9nomm\u00e9 \u201cUn mois un quartier propre\u201d initi\u00e9e par l\u2019Association des jeunes du qua ...","breadcrumb":{"@id":"https:\/\/www.africa-press.net\/cotedivoire\/toutes-les-actualites\/loperation-un-mois-un-quartier-propre-se-poursuit-au-camp-fonctionnaire-de-gagnoa#breadcrumb"},"inLanguage":"fr-FR","potentialAction":[{"@type":"ReadAction","target":["https:\/\/www.africa-press.net\/cotedivoire\/toutes-les-actualites\/loperation-un-mois-un-quartier-propre-se-poursuit-au-camp-fonctionnaire-de-gagnoa"]}]},{"@type":"ImageObject","inLanguage":"fr-FR","@id":"https:\/\/www.africa-press.net\/cotedivoire\/toutes-les-actualites\/loperation-un-mois-un-quartier-propre-se-poursuit-au-camp-fonctionnaire-de-gagnoa#primaryimage","url":"https:\/\/static.africa-press.net\/cote\/sites\/43\/2021\/08\/img-611a99db867ba.jpg","contentUrl":"https:\/\/static.africa-press.net\/cote\/sites\/43\/2021\/08\/img-611a99db867ba.jpg","width":720,"height":475,"caption":"L\u2019op\u00e9ration \u201cUn mois un quartier propre\u201d se poursuit au Camp fonctionnaire de Gagnoa"},{"@type":"BreadcrumbList","@id":"https:\/\/www.africa-press.net\/cotedivoire\/toutes-les-actualites\/loperation-un-mois-un-quartier-propre-se-poursuit-au-camp-fonctionnaire-de-gagnoa#breadcrumb","itemListElement":[{"@type":"ListItem","position":1,"name":"Accueil","item":"https:\/\/www.africa-press.net\/cotedivoire\/"},{"@type":"ListItem","position":2,"name":"L\u2019op\u00e9ration \u201cUn mois un quartier propre\u201d se poursuit au Camp fonctionnaire de Gagnoa"}]},{"@type":"WebSite","@id":"https:\/\/www.africa-press.net\/cotedivoire\/#website","url":"https:\/\/www.africa-press.net\/cotedivoire\/","name":"C\u00f4te d&#039;Ivoire","description":"Just another Africa News Agency Sites site","potentialAction":[{"@type":"SearchAction","target":{"@type":"EntryPoint","urlTemplate":"https:\/\/www.africa-press.net\/cotedivoire\/?s={search_term_string}"},"query-input":{"@type":"PropertyValueSpecification","valueRequired":true,"valueName":"search_term_string"}}],"inLanguage":"fr-FR"},{"@type":"Person","@id":"https:\/\/www.africa-press.net\/cotedivoire\/#\/schema\/person\/2b1cf3cd81a31e3cd26889ca66d677f1","name":"cfeditorfr"}]}},"_links":{"self":[{"href":"https:\/\/www.africa-press.net\/cotedivoire\/wp-json\/wp\/v2\/posts\/11497","targetHints":{"allow":["GET"]}}],"collection":[{"href":"https:\/\/www.africa-press.net\/cotedivoire\/wp-json\/wp\/v2\/posts"}],"about":[{"href":"https:\/\/www.africa-press.net\/cotedivoire\/wp-json\/wp\/v2\/types\/post"}],"author":[{"embeddable":true,"href":"https:\/\/www.africa-press.net\/cotedivoire\/wp-json\/wp\/v2\/users\/82"}],"replies":[{"embeddable":true,"href":"https:\/\/www.africa-press.net\/cotedivoire\/wp-json\/wp\/v2\/comments?post=11497"}],"version-history":[{"count":0,"href":"https:\/\/www.africa-press.net\/cotedivoire\/wp-json\/wp\/v2\/posts\/11497\/revisions"}],"wp:featuredmedia":[{"embeddable":true,"href":"https:\/\/www.africa-press.net\/cotedivoire\/wp-json\/wp\/v2\/media\/11496"}],"wp:attachment":[{"href":"https:\/\/www.africa-press.net\/cotedivoire\/wp-json\/wp\/v2\/media?parent=11497"}],"wp:term":[{"taxonomy":"category","embeddable":true,"href":"https:\/\/www.africa-press.net\/cotedivoire\/wp-json\/wp\/v2\/categories?post=11497"},{"taxonomy":"post_tag","embeddable":true,"href":"https:\/\/www.africa-press.net\/cotedivoire\/wp-json\/wp\/v2\/tags?post=11497"}],"curies":[{"name":"wp","href":"https:\/\/api.w.org\/{rel}","templated":true}]}}