{"id":11500,"date":"2021-08-16T19:35:03","date_gmt":"2021-08-16T19:35:03","guid":{"rendered":"https:\/\/www.africa-press.net\/cotedivoire\/?p=11500"},"modified":"2021-08-16T21:09:30","modified_gmt":"2021-08-16T21:09:30","slug":"le-pdci-reviendra-au-pouvoir-en-2025-avec-une-nouvelle-generation-jean-louis-billion","status":"publish","type":"post","link":"https:\/\/www.africa-press.net\/cotedivoire\/parties\/le-pdci-reviendra-au-pouvoir-en-2025-avec-une-nouvelle-generation-jean-louis-billion","title":{"rendered":"Le PDCI reviendra au pouvoir en 2025 \u201cavec une nouvelle g\u00e9n\u00e9ration\u201d (Jean-Louis Billion)"},"content":{"rendered":"<p><span style=\"color: #ff6600\"><strong><a href=\"https:\/\/www.africa-press.net\/\">Africa-Press<\/a> &#8211; <a href=\"https:\/\/www.africa-press.net\/cotedivoire\">C\u00f4te d&rsquo;Ivoire<\/a>. <\/strong><\/span>Le secr\u00e9taire ex\u00e9cutif charg\u00e9 de l\u2019information, de la communication et de la propagande du Parti D\u00e9mocratique de C\u00f4te d\u2019Ivoire (PDCI), Jean-Louis Billon, annonce le retour de son parti au pouvoir en 2025, \u201cavec une nouvelle g\u00e9n\u00e9ration de cadres\u201d.<\/p>\n<p>Pour M. Billon, qui s\u2019exprimait \u00e0 l\u2019occasion de la c\u00e9r\u00e9monie d\u2019hommage au pr\u00e9sident du parti, Henri Konan B\u00e9di\u00e9 organis\u00e9e le samedi 14 ao\u00fbt 2021 \u00e0 Dam\u00e9, dans le d\u00e9partement d\u2019Agnibil\u00e9krou, le PDCI sera pr\u00eat en 2025 \u00e0 reprendre les r\u00eanes du pouvoir \u201cavec une nouvelle g\u00e9n\u00e9ration de cadres, de dirigeants et un tout nouveau logiciel de gouvernance en vue de mettre fin aux injustices et garantir les libert\u00e9s individuelles\u201d.<\/p>\n<p>Il a f\u00e9licit\u00e9 le d\u00e9put\u00e9 d\u2019Agnibil\u00e9krou sous-pr\u00e9fecture, Amankou Jean Michel, pour sa brillante victoire et l\u2019a remerci\u00e9 pour avoir remis cette victoire au PDCI.<\/p>\n<p>Pour lui, cet acte est la mat\u00e9rialisation du rajeunissement des cadres comp\u00e9tents du parti et la pr\u00e9paration du futur.<\/p>\n<p>&nbsp;<\/p>\n","protected":false},"excerpt":{"rendered":"<p>Africa-Press &#8211; C\u00f4te d&rsquo;Ivoire. Le secr\u00e9taire ex\u00e9cutif charg\u00e9 de l\u2019information, de la communication et de la propagande du Parti D\u00e9mocratique de C\u00f4te d\u2019Ivoire (PDCI), Jean-Louis Billon, annonce le retour de son parti au pouvoir en 2025, \u201cavec une nouvelle g\u00e9n\u00e9ration de cadres\u201d. Pour M. Billon, qui s\u2019exprimait \u00e0 l\u2019occasion de la c\u00e9r\u00e9monie d\u2019hommage au pr\u00e9sident [&hellip;]<\/p>\n","protected":false},"author":82,"featured_media":11499,"comment_status":"open","ping_status":"closed","sticky":false,"template":"","format":"standard","meta":{"footnotes":""},"categories":[11,4,10],"tags":[56,63,29],"class_list":["post-11500","post","type-post","status-publish","format-standard","has-post-thumbnail","hentry","category-homepage-french","category-parties","category-toutes-les-actualites","tag-africa-press","tag-africa-press-cote-divoire","tag-cote-divoire"],"yoast_head":"<!-- This site is optimized with the Yoast SEO Premium plugin v26.1 (Yoast SEO v27.0) - https:\/\/yoast.com\/product\/yoast-seo-premium-wordpress\/ -->\n<title>Le PDCI reviendra au pouvoir en 2025 \u201cavec une nouvelle g\u00e9n\u00e9ration\u201d (Jean-Louis Billion) - C\u00f4te d&#039;Ivoire<\/title>\n<meta name=\"description\" content=\"Agnibil\u00e9krou, 15 ao\u00fbt 2021 (AIP)- Le secr\u00e9taire ex\u00e9cutif charg\u00e9 de l\u2019information, de la communication et de la propagand ...\" \/>\n<meta name=\"robots\" content=\"index, follow, max-snippet:-1, max-image-preview:large, max-video-preview:-1\" \/>\n<link rel=\"canonical\" href=\"https:\/\/www.africa-press.net\/cotedivoire\/parties\/le-pdci-reviendra-au-pouvoir-en-2025-avec-une-nouvelle-generation-jean-louis-billion\" \/>\n<meta property=\"og:locale\" content=\"fr_FR\" \/>\n<meta property=\"og:type\" content=\"article\" \/>\n<meta property=\"og:title\" content=\"Le PDCI reviendra au pouvoir en 2025 \u201cavec une nouvelle g\u00e9n\u00e9ration\u201d (Jean-Louis Billion)\" \/>\n<meta property=\"og:description\" content=\"Agnibil\u00e9krou, 15 ao\u00fbt 2021 (AIP)- Le secr\u00e9taire ex\u00e9cutif charg\u00e9 de l\u2019information, de la communication et de la propagand ...\" \/>\n<meta property=\"og:url\" content=\"https:\/\/www.africa-press.net\/cotedivoire\/parties\/le-pdci-reviendra-au-pouvoir-en-2025-avec-une-nouvelle-generation-jean-louis-billion\" \/>\n<meta property=\"og:site_name\" content=\"C\u00f4te d&#039;Ivoire\" \/>\n<meta property=\"article:published_time\" content=\"2021-08-16T19:35:03+00:00\" \/>\n<meta property=\"article:modified_time\" content=\"2021-08-16T21:09:30+00:00\" \/>\n<meta property=\"og:image\" content=\"https:\/\/static.africa-press.net\/cote\/sites\/43\/2021\/08\/img-611a9a36bed18.jpg\" \/>\n\t<meta property=\"og:image:width\" content=\"825\" \/>\n\t<meta property=\"og:image:height\" content=\"426\" \/>\n\t<meta property=\"og:image:type\" content=\"image\/jpeg\" \/>\n<meta name=\"author\" content=\"cfeditorfr\" \/>\n<meta name=\"twitter:card\" content=\"summary_large_image\" \/>\n<meta name=\"twitter:label1\" content=\"\u00c9crit par\" \/>\n\t<meta name=\"twitter:data1\" content=\"cfeditorfr\" \/>\n\t<meta name=\"twitter:label2\" content=\"Dur\u00e9e de lecture estim\u00e9e\" \/>\n\t<meta name=\"twitter:data2\" content=\"1 minute\" \/>\n<script type=\"application\/ld+json\" class=\"yoast-schema-graph\">{\"@context\":\"https:\/\/schema.org\",\"@graph\":[{\"@type\":\"Article\",\"@id\":\"https:\/\/www.africa-press.net\/cotedivoire\/parties\/le-pdci-reviendra-au-pouvoir-en-2025-avec-une-nouvelle-generation-jean-louis-billion#article\",\"isPartOf\":{\"@id\":\"https:\/\/www.africa-press.net\/cotedivoire\/parties\/le-pdci-reviendra-au-pouvoir-en-2025-avec-une-nouvelle-generation-jean-louis-billion\"},\"author\":{\"name\":\"cfeditorfr\",\"@id\":\"https:\/\/www.africa-press.net\/cotedivoire\/#\/schema\/person\/2b1cf3cd81a31e3cd26889ca66d677f1\"},\"headline\":\"Le PDCI reviendra au pouvoir en 2025 \u201cavec une nouvelle g\u00e9n\u00e9ration\u201d (Jean-Louis Billion)\",\"datePublished\":\"2021-08-16T19:35:03+00:00\",\"dateModified\":\"2021-08-16T21:09:30+00:00\",\"mainEntityOfPage\":{\"@id\":\"https:\/\/www.africa-press.net\/cotedivoire\/parties\/le-pdci-reviendra-au-pouvoir-en-2025-avec-une-nouvelle-generation-jean-louis-billion\"},\"wordCount\":198,\"commentCount\":0,\"image\":{\"@id\":\"https:\/\/www.africa-press.net\/cotedivoire\/parties\/le-pdci-reviendra-au-pouvoir-en-2025-avec-une-nouvelle-generation-jean-louis-billion#primaryimage\"},\"thumbnailUrl\":\"https:\/\/static.africa-press.net\/cote\/sites\/43\/2021\/08\/img-611a9a36bed18.jpg\",\"keywords\":[\"Africa Press\",\"Africa Press-C\u00f4te d'Ivoire\",\"C\u00d4TE D'IVOIRE\"],\"articleSection\":[\"homepage-french\",\"Parties\",\"Toutes les actualit\u00e9s\"],\"inLanguage\":\"fr-FR\",\"potentialAction\":[{\"@type\":\"CommentAction\",\"name\":\"Comment\",\"target\":[\"https:\/\/www.africa-press.net\/cotedivoire\/parties\/le-pdci-reviendra-au-pouvoir-en-2025-avec-une-nouvelle-generation-jean-louis-billion#respond\"]}]},{\"@type\":\"WebPage\",\"@id\":\"https:\/\/www.africa-press.net\/cotedivoire\/parties\/le-pdci-reviendra-au-pouvoir-en-2025-avec-une-nouvelle-generation-jean-louis-billion\",\"url\":\"https:\/\/www.africa-press.net\/cotedivoire\/parties\/le-pdci-reviendra-au-pouvoir-en-2025-avec-une-nouvelle-generation-jean-louis-billion\",\"name\":\"Le PDCI reviendra au pouvoir en 2025 \u201cavec une nouvelle g\u00e9n\u00e9ration\u201d (Jean-Louis Billion) - C\u00f4te d&#039;Ivoire\",\"isPartOf\":{\"@id\":\"https:\/\/www.africa-press.net\/cotedivoire\/#website\"},\"primaryImageOfPage\":{\"@id\":\"https:\/\/www.africa-press.net\/cotedivoire\/parties\/le-pdci-reviendra-au-pouvoir-en-2025-avec-une-nouvelle-generation-jean-louis-billion#primaryimage\"},\"image\":{\"@id\":\"https:\/\/www.africa-press.net\/cotedivoire\/parties\/le-pdci-reviendra-au-pouvoir-en-2025-avec-une-nouvelle-generation-jean-louis-billion#primaryimage\"},\"thumbnailUrl\":\"https:\/\/static.africa-press.net\/cote\/sites\/43\/2021\/08\/img-611a9a36bed18.jpg\",\"datePublished\":\"2021-08-16T19:35:03+00:00\",\"dateModified\":\"2021-08-16T21:09:30+00:00\",\"author\":{\"@id\":\"https:\/\/www.africa-press.net\/cotedivoire\/#\/schema\/person\/2b1cf3cd81a31e3cd26889ca66d677f1\"},\"description\":\"Agnibil\u00e9krou, 15 ao\u00fbt 2021 (AIP)- Le secr\u00e9taire ex\u00e9cutif charg\u00e9 de l\u2019information, de la communication et de la propagand ...\",\"breadcrumb\":{\"@id\":\"https:\/\/www.africa-press.net\/cotedivoire\/parties\/le-pdci-reviendra-au-pouvoir-en-2025-avec-une-nouvelle-generation-jean-louis-billion#breadcrumb\"},\"inLanguage\":\"fr-FR\",\"potentialAction\":[{\"@type\":\"ReadAction\",\"target\":[\"https:\/\/www.africa-press.net\/cotedivoire\/parties\/le-pdci-reviendra-au-pouvoir-en-2025-avec-une-nouvelle-generation-jean-louis-billion\"]}]},{\"@type\":\"ImageObject\",\"inLanguage\":\"fr-FR\",\"@id\":\"https:\/\/www.africa-press.net\/cotedivoire\/parties\/le-pdci-reviendra-au-pouvoir-en-2025-avec-une-nouvelle-generation-jean-louis-billion#primaryimage\",\"url\":\"https:\/\/static.africa-press.net\/cote\/sites\/43\/2021\/08\/img-611a9a36bed18.jpg\",\"contentUrl\":\"https:\/\/static.africa-press.net\/cote\/sites\/43\/2021\/08\/img-611a9a36bed18.jpg\",\"width\":825,\"height\":426,\"caption\":\"Le PDCI reviendra au pouvoir en 2025 \u201cavec une nouvelle g\u00e9n\u00e9ration\u201d (Jean-Louis Billion)\"},{\"@type\":\"BreadcrumbList\",\"@id\":\"https:\/\/www.africa-press.net\/cotedivoire\/parties\/le-pdci-reviendra-au-pouvoir-en-2025-avec-une-nouvelle-generation-jean-louis-billion#breadcrumb\",\"itemListElement\":[{\"@type\":\"ListItem\",\"position\":1,\"name\":\"Accueil\",\"item\":\"https:\/\/www.africa-press.net\/cotedivoire\/\"},{\"@type\":\"ListItem\",\"position\":2,\"name\":\"Le PDCI reviendra au pouvoir en 2025 \u201cavec une nouvelle g\u00e9n\u00e9ration\u201d (Jean-Louis Billion)\"}]},{\"@type\":\"WebSite\",\"@id\":\"https:\/\/www.africa-press.net\/cotedivoire\/#website\",\"url\":\"https:\/\/www.africa-press.net\/cotedivoire\/\",\"name\":\"C\u00f4te d&#039;Ivoire\",\"description\":\"Just another Africa News Agency Sites site\",\"potentialAction\":[{\"@type\":\"SearchAction\",\"target\":{\"@type\":\"EntryPoint\",\"urlTemplate\":\"https:\/\/www.africa-press.net\/cotedivoire\/?s={search_term_string}\"},\"query-input\":{\"@type\":\"PropertyValueSpecification\",\"valueRequired\":true,\"valueName\":\"search_term_string\"}}],\"inLanguage\":\"fr-FR\"},{\"@type\":\"Person\",\"@id\":\"https:\/\/www.africa-press.net\/cotedivoire\/#\/schema\/person\/2b1cf3cd81a31e3cd26889ca66d677f1\",\"name\":\"cfeditorfr\"}]}<\/script>\n<!-- \/ Yoast SEO Premium plugin. -->","yoast_head_json":{"title":"Le PDCI reviendra au pouvoir en 2025 \u201cavec une nouvelle g\u00e9n\u00e9ration\u201d (Jean-Louis Billion) - C\u00f4te d&#039;Ivoire","description":"Agnibil\u00e9krou, 15 ao\u00fbt 2021 (AIP)- Le secr\u00e9taire ex\u00e9cutif charg\u00e9 de l\u2019information, de la communication et de la propagand ...","robots":{"index":"index","follow":"follow","max-snippet":"max-snippet:-1","max-image-preview":"max-image-preview:large","max-video-preview":"max-video-preview:-1"},"canonical":"https:\/\/www.africa-press.net\/cotedivoire\/parties\/le-pdci-reviendra-au-pouvoir-en-2025-avec-une-nouvelle-generation-jean-louis-billion","og_locale":"fr_FR","og_type":"article","og_title":"Le PDCI reviendra au pouvoir en 2025 \u201cavec une nouvelle g\u00e9n\u00e9ration\u201d (Jean-Louis Billion)","og_description":"Agnibil\u00e9krou, 15 ao\u00fbt 2021 (AIP)- Le secr\u00e9taire ex\u00e9cutif charg\u00e9 de l\u2019information, de la communication et de la propagand ...","og_url":"https:\/\/www.africa-press.net\/cotedivoire\/parties\/le-pdci-reviendra-au-pouvoir-en-2025-avec-une-nouvelle-generation-jean-louis-billion","og_site_name":"C\u00f4te d&#039;Ivoire","article_published_time":"2021-08-16T19:35:03+00:00","article_modified_time":"2021-08-16T21:09:30+00:00","og_image":[{"width":825,"height":426,"url":"https:\/\/static.africa-press.net\/cote\/sites\/43\/2021\/08\/img-611a9a36bed18.jpg","type":"image\/jpeg"}],"author":"cfeditorfr","twitter_card":"summary_large_image","twitter_misc":{"\u00c9crit par":"cfeditorfr","Dur\u00e9e de lecture estim\u00e9e":"1 minute"},"schema":{"@context":"https:\/\/schema.org","@graph":[{"@type":"Article","@id":"https:\/\/www.africa-press.net\/cotedivoire\/parties\/le-pdci-reviendra-au-pouvoir-en-2025-avec-une-nouvelle-generation-jean-louis-billion#article","isPartOf":{"@id":"https:\/\/www.africa-press.net\/cotedivoire\/parties\/le-pdci-reviendra-au-pouvoir-en-2025-avec-une-nouvelle-generation-jean-louis-billion"},"author":{"name":"cfeditorfr","@id":"https:\/\/www.africa-press.net\/cotedivoire\/#\/schema\/person\/2b1cf3cd81a31e3cd26889ca66d677f1"},"headline":"Le PDCI reviendra au pouvoir en 2025 \u201cavec une nouvelle g\u00e9n\u00e9ration\u201d (Jean-Louis Billion)","datePublished":"2021-08-16T19:35:03+00:00","dateModified":"2021-08-16T21:09:30+00:00","mainEntityOfPage":{"@id":"https:\/\/www.africa-press.net\/cotedivoire\/parties\/le-pdci-reviendra-au-pouvoir-en-2025-avec-une-nouvelle-generation-jean-louis-billion"},"wordCount":198,"commentCount":0,"image":{"@id":"https:\/\/www.africa-press.net\/cotedivoire\/parties\/le-pdci-reviendra-au-pouvoir-en-2025-avec-une-nouvelle-generation-jean-louis-billion#primaryimage"},"thumbnailUrl":"https:\/\/static.africa-press.net\/cote\/sites\/43\/2021\/08\/img-611a9a36bed18.jpg","keywords":["Africa Press","Africa Press-C\u00f4te d'Ivoire","C\u00d4TE D'IVOIRE"],"articleSection":["homepage-french","Parties","Toutes les actualit\u00e9s"],"inLanguage":"fr-FR","potentialAction":[{"@type":"CommentAction","name":"Comment","target":["https:\/\/www.africa-press.net\/cotedivoire\/parties\/le-pdci-reviendra-au-pouvoir-en-2025-avec-une-nouvelle-generation-jean-louis-billion#respond"]}]},{"@type":"WebPage","@id":"https:\/\/www.africa-press.net\/cotedivoire\/parties\/le-pdci-reviendra-au-pouvoir-en-2025-avec-une-nouvelle-generation-jean-louis-billion","url":"https:\/\/www.africa-press.net\/cotedivoire\/parties\/le-pdci-reviendra-au-pouvoir-en-2025-avec-une-nouvelle-generation-jean-louis-billion","name":"Le PDCI reviendra au pouvoir en 2025 \u201cavec une nouvelle g\u00e9n\u00e9ration\u201d (Jean-Louis Billion) - C\u00f4te d&#039;Ivoire","isPartOf":{"@id":"https:\/\/www.africa-press.net\/cotedivoire\/#website"},"primaryImageOfPage":{"@id":"https:\/\/www.africa-press.net\/cotedivoire\/parties\/le-pdci-reviendra-au-pouvoir-en-2025-avec-une-nouvelle-generation-jean-louis-billion#primaryimage"},"image":{"@id":"https:\/\/www.africa-press.net\/cotedivoire\/parties\/le-pdci-reviendra-au-pouvoir-en-2025-avec-une-nouvelle-generation-jean-louis-billion#primaryimage"},"thumbnailUrl":"https:\/\/static.africa-press.net\/cote\/sites\/43\/2021\/08\/img-611a9a36bed18.jpg","datePublished":"2021-08-16T19:35:03+00:00","dateModified":"2021-08-16T21:09:30+00:00","author":{"@id":"https:\/\/www.africa-press.net\/cotedivoire\/#\/schema\/person\/2b1cf3cd81a31e3cd26889ca66d677f1"},"description":"Agnibil\u00e9krou, 15 ao\u00fbt 2021 (AIP)- Le secr\u00e9taire ex\u00e9cutif charg\u00e9 de l\u2019information, de la communication et de la propagand ...","breadcrumb":{"@id":"https:\/\/www.africa-press.net\/cotedivoire\/parties\/le-pdci-reviendra-au-pouvoir-en-2025-avec-une-nouvelle-generation-jean-louis-billion#breadcrumb"},"inLanguage":"fr-FR","potentialAction":[{"@type":"ReadAction","target":["https:\/\/www.africa-press.net\/cotedivoire\/parties\/le-pdci-reviendra-au-pouvoir-en-2025-avec-une-nouvelle-generation-jean-louis-billion"]}]},{"@type":"ImageObject","inLanguage":"fr-FR","@id":"https:\/\/www.africa-press.net\/cotedivoire\/parties\/le-pdci-reviendra-au-pouvoir-en-2025-avec-une-nouvelle-generation-jean-louis-billion#primaryimage","url":"https:\/\/static.africa-press.net\/cote\/sites\/43\/2021\/08\/img-611a9a36bed18.jpg","contentUrl":"https:\/\/static.africa-press.net\/cote\/sites\/43\/2021\/08\/img-611a9a36bed18.jpg","width":825,"height":426,"caption":"Le PDCI reviendra au pouvoir en 2025 \u201cavec une nouvelle g\u00e9n\u00e9ration\u201d (Jean-Louis Billion)"},{"@type":"BreadcrumbList","@id":"https:\/\/www.africa-press.net\/cotedivoire\/parties\/le-pdci-reviendra-au-pouvoir-en-2025-avec-une-nouvelle-generation-jean-louis-billion#breadcrumb","itemListElement":[{"@type":"ListItem","position":1,"name":"Accueil","item":"https:\/\/www.africa-press.net\/cotedivoire\/"},{"@type":"ListItem","position":2,"name":"Le PDCI reviendra au pouvoir en 2025 \u201cavec une nouvelle g\u00e9n\u00e9ration\u201d (Jean-Louis Billion)"}]},{"@type":"WebSite","@id":"https:\/\/www.africa-press.net\/cotedivoire\/#website","url":"https:\/\/www.africa-press.net\/cotedivoire\/","name":"C\u00f4te d&#039;Ivoire","description":"Just another Africa News Agency Sites site","potentialAction":[{"@type":"SearchAction","target":{"@type":"EntryPoint","urlTemplate":"https:\/\/www.africa-press.net\/cotedivoire\/?s={search_term_string}"},"query-input":{"@type":"PropertyValueSpecification","valueRequired":true,"valueName":"search_term_string"}}],"inLanguage":"fr-FR"},{"@type":"Person","@id":"https:\/\/www.africa-press.net\/cotedivoire\/#\/schema\/person\/2b1cf3cd81a31e3cd26889ca66d677f1","name":"cfeditorfr"}]}},"_links":{"self":[{"href":"https:\/\/www.africa-press.net\/cotedivoire\/wp-json\/wp\/v2\/posts\/11500","targetHints":{"allow":["GET"]}}],"collection":[{"href":"https:\/\/www.africa-press.net\/cotedivoire\/wp-json\/wp\/v2\/posts"}],"about":[{"href":"https:\/\/www.africa-press.net\/cotedivoire\/wp-json\/wp\/v2\/types\/post"}],"author":[{"embeddable":true,"href":"https:\/\/www.africa-press.net\/cotedivoire\/wp-json\/wp\/v2\/users\/82"}],"replies":[{"embeddable":true,"href":"https:\/\/www.africa-press.net\/cotedivoire\/wp-json\/wp\/v2\/comments?post=11500"}],"version-history":[{"count":0,"href":"https:\/\/www.africa-press.net\/cotedivoire\/wp-json\/wp\/v2\/posts\/11500\/revisions"}],"wp:featuredmedia":[{"embeddable":true,"href":"https:\/\/www.africa-press.net\/cotedivoire\/wp-json\/wp\/v2\/media\/11499"}],"wp:attachment":[{"href":"https:\/\/www.africa-press.net\/cotedivoire\/wp-json\/wp\/v2\/media?parent=11500"}],"wp:term":[{"taxonomy":"category","embeddable":true,"href":"https:\/\/www.africa-press.net\/cotedivoire\/wp-json\/wp\/v2\/categories?post=11500"},{"taxonomy":"post_tag","embeddable":true,"href":"https:\/\/www.africa-press.net\/cotedivoire\/wp-json\/wp\/v2\/tags?post=11500"}],"curies":[{"name":"wp","href":"https:\/\/api.w.org\/{rel}","templated":true}]}}