{"id":11503,"date":"2021-08-16T19:39:38","date_gmt":"2021-08-16T19:39:38","guid":{"rendered":"https:\/\/www.africa-press.net\/cotedivoire\/?p=11503"},"modified":"2021-08-16T21:09:48","modified_gmt":"2021-08-16T21:09:48","slug":"gerants-de-badjans-et-de-cars-climatises-a-couteaux-tires-sur-laxe-tabou-neka","status":"publish","type":"post","link":"https:\/\/www.africa-press.net\/cotedivoire\/toutes-les-actualites\/gerants-de-badjans-et-de-cars-climatises-a-couteaux-tires-sur-laxe-tabou-neka","title":{"rendered":"G\u00e9rants de \u201cBadjans\u201d et de cars climatis\u00e9s \u00e0 couteaux tir\u00e9s sur l\u2019axe Tabou-Neka"},"content":{"rendered":"<p><span style=\"color: #ff6600\"><strong><a href=\"https:\/\/www.africa-press.net\/\">Africa-Press<\/a> &#8211; <a href=\"https:\/\/www.africa-press.net\/cotedivoire\">C\u00f4te d&rsquo;Ivoire<\/a>.\u00a0 <\/strong><\/span>Un bras de fer oppose les g\u00e9rants des v\u00e9hicules de transport en commun commun\u00e9ment appel\u00e9s \u201cBadjans\u201d et une soci\u00e9t\u00e9 de transport de cars climatis\u00e9s sur la ligne Tabou-Neka, longue de 120 km.<\/p>\n<p>\u201cCette ligne \u00e9tait exclusivement r\u00e9serv\u00e9e aux Badjans compte tenu de l\u2019\u00e9tat d\u00e9fectueux de la piste villageoise qui relie le chef-lieu de d\u00e9partement, Tabou, \u00e0 cette localit\u00e9. Mais depuis quelques temps, compte tenu de la raret\u00e9 des passagers, tout le monde veut desservir les diff\u00e9rentes lignes\u201d a expliqu\u00e9 samedi 14 ao\u00fbt 2021, le responsable de la F\u00e9d\u00e9ration des associations de transport, Adama Ben Keita.<\/p>\n<p>Il a ajout\u00e9 que cette situation a entra\u00een\u00e9 plusieurs jours d\u2019arr\u00eat de travail des \u201cBadjans\u201d qui demandent aux cars climatis\u00e9s de quitter la zone rurale pour s\u2019occuper de leur ligne traditionnelle, Tabou-Abidjan.<\/p>\n<p>\u201cLes discussions sont en cours depuis quelques jours \u00e0 la pr\u00e9fecture de Tabou o\u00f9 le pr\u00e9fet, Mme Kalidja Kouam\u00e9, tente de trouver une solution \u00e0 ce probl\u00e8me pour \u00e9viter la paralysie du transport\u201d, a pr\u00e9cis\u00e9 Adama Keita qui multiplie les r\u00e9unions avec les transporteurs de Tabou pour tenter de rapprocher les positions.<\/p>\n<p>Le d\u00e9partement de Tabou compte une centaine de \u201cBadjans\u201d qui desservent principalement les lignes Tabou-Nigr\u00e9 en passant par Olodio, Grabo, Neka, Djouroutou, Kari\u00e9, Para et trois soci\u00e9t\u00e9s de cars climatis\u00e9s.<\/p>\n<p>&nbsp;<\/p>\n","protected":false},"excerpt":{"rendered":"<p>Africa-Press &#8211; C\u00f4te d&rsquo;Ivoire.\u00a0 Un bras de fer oppose les g\u00e9rants des v\u00e9hicules de transport en commun commun\u00e9ment appel\u00e9s \u201cBadjans\u201d et une soci\u00e9t\u00e9 de transport de cars climatis\u00e9s sur la ligne Tabou-Neka, longue de 120 km. \u201cCette ligne \u00e9tait exclusivement r\u00e9serv\u00e9e aux Badjans compte tenu de l\u2019\u00e9tat d\u00e9fectueux de la piste villageoise qui relie le [&hellip;]<\/p>\n","protected":false},"author":82,"featured_media":11502,"comment_status":"open","ping_status":"closed","sticky":false,"template":"","format":"standard","meta":{"footnotes":""},"categories":[21,11,10],"tags":[56,63,29],"class_list":["post-11503","post","type-post","status-publish","format-standard","has-post-thumbnail","hentry","category-communaute","category-homepage-french","category-toutes-les-actualites","tag-africa-press","tag-africa-press-cote-divoire","tag-cote-divoire"],"yoast_head":"<!-- This site is optimized with the Yoast SEO Premium plugin v26.1 (Yoast SEO v27.0) - https:\/\/yoast.com\/product\/yoast-seo-premium-wordpress\/ -->\n<title>G\u00e9rants de \u201cBadjans\u201d et de cars climatis\u00e9s \u00e0 couteaux tir\u00e9s sur l\u2019axe Tabou-Neka - C\u00f4te d&#039;Ivoire<\/title>\n<meta name=\"description\" content=\"Tabou, 16 ao\u00fbt (AIP)- Un bras de fer oppose les g\u00e9rants des v\u00e9hicules de transport en commun commun\u00e9ment appel\u00e9s \u201cBadjan ...\" \/>\n<meta name=\"robots\" content=\"index, follow, max-snippet:-1, max-image-preview:large, max-video-preview:-1\" \/>\n<link rel=\"canonical\" href=\"https:\/\/www.africa-press.net\/cotedivoire\/toutes-les-actualites\/gerants-de-badjans-et-de-cars-climatises-a-couteaux-tires-sur-laxe-tabou-neka\" \/>\n<meta property=\"og:locale\" content=\"fr_FR\" \/>\n<meta property=\"og:type\" content=\"article\" \/>\n<meta property=\"og:title\" content=\"G\u00e9rants de \u201cBadjans\u201d et de cars climatis\u00e9s \u00e0 couteaux tir\u00e9s sur l\u2019axe Tabou-Neka\" \/>\n<meta property=\"og:description\" content=\"Tabou, 16 ao\u00fbt (AIP)- Un bras de fer oppose les g\u00e9rants des v\u00e9hicules de transport en commun commun\u00e9ment appel\u00e9s \u201cBadjan ...\" \/>\n<meta property=\"og:url\" content=\"https:\/\/www.africa-press.net\/cotedivoire\/toutes-les-actualites\/gerants-de-badjans-et-de-cars-climatises-a-couteaux-tires-sur-laxe-tabou-neka\" \/>\n<meta property=\"og:site_name\" content=\"C\u00f4te d&#039;Ivoire\" \/>\n<meta property=\"article:published_time\" content=\"2021-08-16T19:39:38+00:00\" \/>\n<meta property=\"article:modified_time\" content=\"2021-08-16T21:09:48+00:00\" \/>\n<meta property=\"og:image\" content=\"https:\/\/static.africa-press.net\/cote\/sites\/43\/2021\/08\/img-611a9a9683bd2.jpg\" \/>\n\t<meta property=\"og:image:width\" content=\"825\" \/>\n\t<meta property=\"og:image:height\" content=\"425\" \/>\n\t<meta property=\"og:image:type\" content=\"image\/jpeg\" \/>\n<meta name=\"author\" content=\"cfeditorfr\" \/>\n<meta name=\"twitter:card\" content=\"summary_large_image\" \/>\n<meta name=\"twitter:label1\" content=\"\u00c9crit par\" \/>\n\t<meta name=\"twitter:data1\" content=\"cfeditorfr\" \/>\n\t<meta name=\"twitter:label2\" content=\"Dur\u00e9e de lecture estim\u00e9e\" \/>\n\t<meta name=\"twitter:data2\" content=\"1 minute\" \/>\n<script type=\"application\/ld+json\" class=\"yoast-schema-graph\">{\"@context\":\"https:\/\/schema.org\",\"@graph\":[{\"@type\":\"Article\",\"@id\":\"https:\/\/www.africa-press.net\/cotedivoire\/toutes-les-actualites\/gerants-de-badjans-et-de-cars-climatises-a-couteaux-tires-sur-laxe-tabou-neka#article\",\"isPartOf\":{\"@id\":\"https:\/\/www.africa-press.net\/cotedivoire\/toutes-les-actualites\/gerants-de-badjans-et-de-cars-climatises-a-couteaux-tires-sur-laxe-tabou-neka\"},\"author\":{\"name\":\"cfeditorfr\",\"@id\":\"https:\/\/www.africa-press.net\/cotedivoire\/#\/schema\/person\/2b1cf3cd81a31e3cd26889ca66d677f1\"},\"headline\":\"G\u00e9rants de \u201cBadjans\u201d et de cars climatis\u00e9s \u00e0 couteaux tir\u00e9s sur l\u2019axe Tabou-Neka\",\"datePublished\":\"2021-08-16T19:39:38+00:00\",\"dateModified\":\"2021-08-16T21:09:48+00:00\",\"mainEntityOfPage\":{\"@id\":\"https:\/\/www.africa-press.net\/cotedivoire\/toutes-les-actualites\/gerants-de-badjans-et-de-cars-climatises-a-couteaux-tires-sur-laxe-tabou-neka\"},\"wordCount\":255,\"commentCount\":0,\"image\":{\"@id\":\"https:\/\/www.africa-press.net\/cotedivoire\/toutes-les-actualites\/gerants-de-badjans-et-de-cars-climatises-a-couteaux-tires-sur-laxe-tabou-neka#primaryimage\"},\"thumbnailUrl\":\"https:\/\/static.africa-press.net\/cote\/sites\/43\/2021\/08\/img-611a9a9683bd2.jpg\",\"keywords\":[\"Africa Press\",\"Africa Press-C\u00f4te d'Ivoire\",\"C\u00d4TE D'IVOIRE\"],\"articleSection\":[\"Communaut\u00e9\",\"homepage-french\",\"Toutes les actualit\u00e9s\"],\"inLanguage\":\"fr-FR\",\"potentialAction\":[{\"@type\":\"CommentAction\",\"name\":\"Comment\",\"target\":[\"https:\/\/www.africa-press.net\/cotedivoire\/toutes-les-actualites\/gerants-de-badjans-et-de-cars-climatises-a-couteaux-tires-sur-laxe-tabou-neka#respond\"]}]},{\"@type\":\"WebPage\",\"@id\":\"https:\/\/www.africa-press.net\/cotedivoire\/toutes-les-actualites\/gerants-de-badjans-et-de-cars-climatises-a-couteaux-tires-sur-laxe-tabou-neka\",\"url\":\"https:\/\/www.africa-press.net\/cotedivoire\/toutes-les-actualites\/gerants-de-badjans-et-de-cars-climatises-a-couteaux-tires-sur-laxe-tabou-neka\",\"name\":\"G\u00e9rants de \u201cBadjans\u201d et de cars climatis\u00e9s \u00e0 couteaux tir\u00e9s sur l\u2019axe Tabou-Neka - C\u00f4te d&#039;Ivoire\",\"isPartOf\":{\"@id\":\"https:\/\/www.africa-press.net\/cotedivoire\/#website\"},\"primaryImageOfPage\":{\"@id\":\"https:\/\/www.africa-press.net\/cotedivoire\/toutes-les-actualites\/gerants-de-badjans-et-de-cars-climatises-a-couteaux-tires-sur-laxe-tabou-neka#primaryimage\"},\"image\":{\"@id\":\"https:\/\/www.africa-press.net\/cotedivoire\/toutes-les-actualites\/gerants-de-badjans-et-de-cars-climatises-a-couteaux-tires-sur-laxe-tabou-neka#primaryimage\"},\"thumbnailUrl\":\"https:\/\/static.africa-press.net\/cote\/sites\/43\/2021\/08\/img-611a9a9683bd2.jpg\",\"datePublished\":\"2021-08-16T19:39:38+00:00\",\"dateModified\":\"2021-08-16T21:09:48+00:00\",\"author\":{\"@id\":\"https:\/\/www.africa-press.net\/cotedivoire\/#\/schema\/person\/2b1cf3cd81a31e3cd26889ca66d677f1\"},\"description\":\"Tabou, 16 ao\u00fbt (AIP)- Un bras de fer oppose les g\u00e9rants des v\u00e9hicules de transport en commun commun\u00e9ment appel\u00e9s \u201cBadjan ...\",\"breadcrumb\":{\"@id\":\"https:\/\/www.africa-press.net\/cotedivoire\/toutes-les-actualites\/gerants-de-badjans-et-de-cars-climatises-a-couteaux-tires-sur-laxe-tabou-neka#breadcrumb\"},\"inLanguage\":\"fr-FR\",\"potentialAction\":[{\"@type\":\"ReadAction\",\"target\":[\"https:\/\/www.africa-press.net\/cotedivoire\/toutes-les-actualites\/gerants-de-badjans-et-de-cars-climatises-a-couteaux-tires-sur-laxe-tabou-neka\"]}]},{\"@type\":\"ImageObject\",\"inLanguage\":\"fr-FR\",\"@id\":\"https:\/\/www.africa-press.net\/cotedivoire\/toutes-les-actualites\/gerants-de-badjans-et-de-cars-climatises-a-couteaux-tires-sur-laxe-tabou-neka#primaryimage\",\"url\":\"https:\/\/static.africa-press.net\/cote\/sites\/43\/2021\/08\/img-611a9a9683bd2.jpg\",\"contentUrl\":\"https:\/\/static.africa-press.net\/cote\/sites\/43\/2021\/08\/img-611a9a9683bd2.jpg\",\"width\":825,\"height\":425,\"caption\":\"G\u00e9rants de \u201cBadjans\u201d et de cars climatis\u00e9s \u00e0 couteaux tir\u00e9s sur l\u2019axe Tabou-Neka\"},{\"@type\":\"BreadcrumbList\",\"@id\":\"https:\/\/www.africa-press.net\/cotedivoire\/toutes-les-actualites\/gerants-de-badjans-et-de-cars-climatises-a-couteaux-tires-sur-laxe-tabou-neka#breadcrumb\",\"itemListElement\":[{\"@type\":\"ListItem\",\"position\":1,\"name\":\"Accueil\",\"item\":\"https:\/\/www.africa-press.net\/cotedivoire\/\"},{\"@type\":\"ListItem\",\"position\":2,\"name\":\"G\u00e9rants de \u201cBadjans\u201d et de cars climatis\u00e9s \u00e0 couteaux tir\u00e9s sur l\u2019axe Tabou-Neka\"}]},{\"@type\":\"WebSite\",\"@id\":\"https:\/\/www.africa-press.net\/cotedivoire\/#website\",\"url\":\"https:\/\/www.africa-press.net\/cotedivoire\/\",\"name\":\"C\u00f4te d&#039;Ivoire\",\"description\":\"Just another Africa News Agency Sites site\",\"potentialAction\":[{\"@type\":\"SearchAction\",\"target\":{\"@type\":\"EntryPoint\",\"urlTemplate\":\"https:\/\/www.africa-press.net\/cotedivoire\/?s={search_term_string}\"},\"query-input\":{\"@type\":\"PropertyValueSpecification\",\"valueRequired\":true,\"valueName\":\"search_term_string\"}}],\"inLanguage\":\"fr-FR\"},{\"@type\":\"Person\",\"@id\":\"https:\/\/www.africa-press.net\/cotedivoire\/#\/schema\/person\/2b1cf3cd81a31e3cd26889ca66d677f1\",\"name\":\"cfeditorfr\"}]}<\/script>\n<!-- \/ Yoast SEO Premium plugin. -->","yoast_head_json":{"title":"G\u00e9rants de \u201cBadjans\u201d et de cars climatis\u00e9s \u00e0 couteaux tir\u00e9s sur l\u2019axe Tabou-Neka - C\u00f4te d&#039;Ivoire","description":"Tabou, 16 ao\u00fbt (AIP)- Un bras de fer oppose les g\u00e9rants des v\u00e9hicules de transport en commun commun\u00e9ment appel\u00e9s \u201cBadjan ...","robots":{"index":"index","follow":"follow","max-snippet":"max-snippet:-1","max-image-preview":"max-image-preview:large","max-video-preview":"max-video-preview:-1"},"canonical":"https:\/\/www.africa-press.net\/cotedivoire\/toutes-les-actualites\/gerants-de-badjans-et-de-cars-climatises-a-couteaux-tires-sur-laxe-tabou-neka","og_locale":"fr_FR","og_type":"article","og_title":"G\u00e9rants de \u201cBadjans\u201d et de cars climatis\u00e9s \u00e0 couteaux tir\u00e9s sur l\u2019axe Tabou-Neka","og_description":"Tabou, 16 ao\u00fbt (AIP)- Un bras de fer oppose les g\u00e9rants des v\u00e9hicules de transport en commun commun\u00e9ment appel\u00e9s \u201cBadjan ...","og_url":"https:\/\/www.africa-press.net\/cotedivoire\/toutes-les-actualites\/gerants-de-badjans-et-de-cars-climatises-a-couteaux-tires-sur-laxe-tabou-neka","og_site_name":"C\u00f4te d&#039;Ivoire","article_published_time":"2021-08-16T19:39:38+00:00","article_modified_time":"2021-08-16T21:09:48+00:00","og_image":[{"width":825,"height":425,"url":"https:\/\/static.africa-press.net\/cote\/sites\/43\/2021\/08\/img-611a9a9683bd2.jpg","type":"image\/jpeg"}],"author":"cfeditorfr","twitter_card":"summary_large_image","twitter_misc":{"\u00c9crit par":"cfeditorfr","Dur\u00e9e de lecture estim\u00e9e":"1 minute"},"schema":{"@context":"https:\/\/schema.org","@graph":[{"@type":"Article","@id":"https:\/\/www.africa-press.net\/cotedivoire\/toutes-les-actualites\/gerants-de-badjans-et-de-cars-climatises-a-couteaux-tires-sur-laxe-tabou-neka#article","isPartOf":{"@id":"https:\/\/www.africa-press.net\/cotedivoire\/toutes-les-actualites\/gerants-de-badjans-et-de-cars-climatises-a-couteaux-tires-sur-laxe-tabou-neka"},"author":{"name":"cfeditorfr","@id":"https:\/\/www.africa-press.net\/cotedivoire\/#\/schema\/person\/2b1cf3cd81a31e3cd26889ca66d677f1"},"headline":"G\u00e9rants de \u201cBadjans\u201d et de cars climatis\u00e9s \u00e0 couteaux tir\u00e9s sur l\u2019axe Tabou-Neka","datePublished":"2021-08-16T19:39:38+00:00","dateModified":"2021-08-16T21:09:48+00:00","mainEntityOfPage":{"@id":"https:\/\/www.africa-press.net\/cotedivoire\/toutes-les-actualites\/gerants-de-badjans-et-de-cars-climatises-a-couteaux-tires-sur-laxe-tabou-neka"},"wordCount":255,"commentCount":0,"image":{"@id":"https:\/\/www.africa-press.net\/cotedivoire\/toutes-les-actualites\/gerants-de-badjans-et-de-cars-climatises-a-couteaux-tires-sur-laxe-tabou-neka#primaryimage"},"thumbnailUrl":"https:\/\/static.africa-press.net\/cote\/sites\/43\/2021\/08\/img-611a9a9683bd2.jpg","keywords":["Africa Press","Africa Press-C\u00f4te d'Ivoire","C\u00d4TE D'IVOIRE"],"articleSection":["Communaut\u00e9","homepage-french","Toutes les actualit\u00e9s"],"inLanguage":"fr-FR","potentialAction":[{"@type":"CommentAction","name":"Comment","target":["https:\/\/www.africa-press.net\/cotedivoire\/toutes-les-actualites\/gerants-de-badjans-et-de-cars-climatises-a-couteaux-tires-sur-laxe-tabou-neka#respond"]}]},{"@type":"WebPage","@id":"https:\/\/www.africa-press.net\/cotedivoire\/toutes-les-actualites\/gerants-de-badjans-et-de-cars-climatises-a-couteaux-tires-sur-laxe-tabou-neka","url":"https:\/\/www.africa-press.net\/cotedivoire\/toutes-les-actualites\/gerants-de-badjans-et-de-cars-climatises-a-couteaux-tires-sur-laxe-tabou-neka","name":"G\u00e9rants de \u201cBadjans\u201d et de cars climatis\u00e9s \u00e0 couteaux tir\u00e9s sur l\u2019axe Tabou-Neka - C\u00f4te d&#039;Ivoire","isPartOf":{"@id":"https:\/\/www.africa-press.net\/cotedivoire\/#website"},"primaryImageOfPage":{"@id":"https:\/\/www.africa-press.net\/cotedivoire\/toutes-les-actualites\/gerants-de-badjans-et-de-cars-climatises-a-couteaux-tires-sur-laxe-tabou-neka#primaryimage"},"image":{"@id":"https:\/\/www.africa-press.net\/cotedivoire\/toutes-les-actualites\/gerants-de-badjans-et-de-cars-climatises-a-couteaux-tires-sur-laxe-tabou-neka#primaryimage"},"thumbnailUrl":"https:\/\/static.africa-press.net\/cote\/sites\/43\/2021\/08\/img-611a9a9683bd2.jpg","datePublished":"2021-08-16T19:39:38+00:00","dateModified":"2021-08-16T21:09:48+00:00","author":{"@id":"https:\/\/www.africa-press.net\/cotedivoire\/#\/schema\/person\/2b1cf3cd81a31e3cd26889ca66d677f1"},"description":"Tabou, 16 ao\u00fbt (AIP)- Un bras de fer oppose les g\u00e9rants des v\u00e9hicules de transport en commun commun\u00e9ment appel\u00e9s \u201cBadjan ...","breadcrumb":{"@id":"https:\/\/www.africa-press.net\/cotedivoire\/toutes-les-actualites\/gerants-de-badjans-et-de-cars-climatises-a-couteaux-tires-sur-laxe-tabou-neka#breadcrumb"},"inLanguage":"fr-FR","potentialAction":[{"@type":"ReadAction","target":["https:\/\/www.africa-press.net\/cotedivoire\/toutes-les-actualites\/gerants-de-badjans-et-de-cars-climatises-a-couteaux-tires-sur-laxe-tabou-neka"]}]},{"@type":"ImageObject","inLanguage":"fr-FR","@id":"https:\/\/www.africa-press.net\/cotedivoire\/toutes-les-actualites\/gerants-de-badjans-et-de-cars-climatises-a-couteaux-tires-sur-laxe-tabou-neka#primaryimage","url":"https:\/\/static.africa-press.net\/cote\/sites\/43\/2021\/08\/img-611a9a9683bd2.jpg","contentUrl":"https:\/\/static.africa-press.net\/cote\/sites\/43\/2021\/08\/img-611a9a9683bd2.jpg","width":825,"height":425,"caption":"G\u00e9rants de \u201cBadjans\u201d et de cars climatis\u00e9s \u00e0 couteaux tir\u00e9s sur l\u2019axe Tabou-Neka"},{"@type":"BreadcrumbList","@id":"https:\/\/www.africa-press.net\/cotedivoire\/toutes-les-actualites\/gerants-de-badjans-et-de-cars-climatises-a-couteaux-tires-sur-laxe-tabou-neka#breadcrumb","itemListElement":[{"@type":"ListItem","position":1,"name":"Accueil","item":"https:\/\/www.africa-press.net\/cotedivoire\/"},{"@type":"ListItem","position":2,"name":"G\u00e9rants de \u201cBadjans\u201d et de cars climatis\u00e9s \u00e0 couteaux tir\u00e9s sur l\u2019axe Tabou-Neka"}]},{"@type":"WebSite","@id":"https:\/\/www.africa-press.net\/cotedivoire\/#website","url":"https:\/\/www.africa-press.net\/cotedivoire\/","name":"C\u00f4te d&#039;Ivoire","description":"Just another Africa News Agency Sites site","potentialAction":[{"@type":"SearchAction","target":{"@type":"EntryPoint","urlTemplate":"https:\/\/www.africa-press.net\/cotedivoire\/?s={search_term_string}"},"query-input":{"@type":"PropertyValueSpecification","valueRequired":true,"valueName":"search_term_string"}}],"inLanguage":"fr-FR"},{"@type":"Person","@id":"https:\/\/www.africa-press.net\/cotedivoire\/#\/schema\/person\/2b1cf3cd81a31e3cd26889ca66d677f1","name":"cfeditorfr"}]}},"_links":{"self":[{"href":"https:\/\/www.africa-press.net\/cotedivoire\/wp-json\/wp\/v2\/posts\/11503","targetHints":{"allow":["GET"]}}],"collection":[{"href":"https:\/\/www.africa-press.net\/cotedivoire\/wp-json\/wp\/v2\/posts"}],"about":[{"href":"https:\/\/www.africa-press.net\/cotedivoire\/wp-json\/wp\/v2\/types\/post"}],"author":[{"embeddable":true,"href":"https:\/\/www.africa-press.net\/cotedivoire\/wp-json\/wp\/v2\/users\/82"}],"replies":[{"embeddable":true,"href":"https:\/\/www.africa-press.net\/cotedivoire\/wp-json\/wp\/v2\/comments?post=11503"}],"version-history":[{"count":0,"href":"https:\/\/www.africa-press.net\/cotedivoire\/wp-json\/wp\/v2\/posts\/11503\/revisions"}],"wp:featuredmedia":[{"embeddable":true,"href":"https:\/\/www.africa-press.net\/cotedivoire\/wp-json\/wp\/v2\/media\/11502"}],"wp:attachment":[{"href":"https:\/\/www.africa-press.net\/cotedivoire\/wp-json\/wp\/v2\/media?parent=11503"}],"wp:term":[{"taxonomy":"category","embeddable":true,"href":"https:\/\/www.africa-press.net\/cotedivoire\/wp-json\/wp\/v2\/categories?post=11503"},{"taxonomy":"post_tag","embeddable":true,"href":"https:\/\/www.africa-press.net\/cotedivoire\/wp-json\/wp\/v2\/tags?post=11503"}],"curies":[{"name":"wp","href":"https:\/\/api.w.org\/{rel}","templated":true}]}}