{"id":11506,"date":"2021-08-16T19:51:02","date_gmt":"2021-08-16T19:51:02","guid":{"rendered":"https:\/\/www.africa-press.net\/cotedivoire\/?p=11506"},"modified":"2021-08-16T21:10:01","modified_gmt":"2021-08-16T21:10:01","slug":"la-conacopci-forme-ses-membres-issus-des-concours-exceptionnels","status":"publish","type":"post","link":"https:\/\/www.africa-press.net\/cotedivoire\/culture-et-art\/la-conacopci-forme-ses-membres-issus-des-concours-exceptionnels","title":{"rendered":"La CONACOPCI forme ses membres issus des concours exceptionnels"},"content":{"rendered":"<p><span style=\"color: #ff6600\"><strong><a href=\"https:\/\/www.africa-press.net\/\">Africa-Press<\/a> &#8211; <a href=\"https:\/\/www.africa-press.net\/cotedivoire\">C\u00f4te d&rsquo;Ivoire<\/a>.\u00a0 <\/strong><\/span>\u00a0La Coordination nationale des Conseillers p\u00e9dagogiques du pr\u00e9scolaire et du primaire de C\u00f4te d\u2019Ivoire (CONACOPCI) organise, lundi 16 et mardi 17 ao\u00fbt 2021 \u00e0 Abidjan, le renforcement des capacit\u00e9s de nouveaux conseillers p\u00e9dagogiques issus des concours professionnels 2019 et 2020.<\/p>\n<p>Selon le pr\u00e9sident-coordinateur, Soro Doloirou, la CONACOPCI entend renforcer les connaissances des conseillers p\u00e9dagogiques qui ont \u00e9t\u00e9 affect\u00e9s sans formation initiale.<\/p>\n<p>\u00ab La formation \u00e9tant par essence un bien intellectuel qui fait ses preuves dans l\u2019exercice du travail, elle reste la seule chose qui ne soit jamais de trop et que personne ne peut \u00e9galement vous retirer. Elle est la seule chose qui inspire respect et consid\u00e9ration quand vous \u00eates \u00e0 la hauteur des attentes. Et quand votre niveau est inf\u00e9rieur \u00e0 la t\u00e2che, vos limites se transforment en conflits inexplicables \u00bb, a-t-il d\u00e9clar\u00e9.<\/p>\n<p>Le formateur, Dr Atta Yeboua Germain, encourage les conseillers p\u00e9dagogiques \u00e0 toujours continuer leurs formations pour \u00eatre \u00e0 la hauteur de leur profession. \u00ab Ne faites pas d\u2019\u00e9conomie de formation, quand vous entendez qu\u2019il y\u2019a une formation, allez s\u2019y. Cela vous donnera une autorit\u00e9 p\u00e9dagogique \u00bb, les a-t-il encourag\u00e9s.<\/p>\n<p>Cette formation initi\u00e9e sous le th\u00e8me \u00ab Outillage didactique du conseiller p\u00e9dagogique \u00bb se tient sur deux jours, du 16 au 17 ao\u00fbt 2021 \u00e0 Cocody et les 18 et 19 ao\u00fbt 2021 \u00e0 Bouak\u00e9. Elle sera sanctionn\u00e9e par une attestation de participation.<\/p>\n<p>&nbsp;<\/p>\n","protected":false},"excerpt":{"rendered":"<p>Africa-Press &#8211; C\u00f4te d&rsquo;Ivoire.\u00a0 \u00a0La Coordination nationale des Conseillers p\u00e9dagogiques du pr\u00e9scolaire et du primaire de C\u00f4te d\u2019Ivoire (CONACOPCI) organise, lundi 16 et mardi 17 ao\u00fbt 2021 \u00e0 Abidjan, le renforcement des capacit\u00e9s de nouveaux conseillers p\u00e9dagogiques issus des concours professionnels 2019 et 2020. Selon le pr\u00e9sident-coordinateur, Soro Doloirou, la CONACOPCI entend renforcer les connaissances [&hellip;]<\/p>\n","protected":false},"author":82,"featured_media":11505,"comment_status":"open","ping_status":"closed","sticky":false,"template":"","format":"standard","meta":{"footnotes":""},"categories":[5,11,10],"tags":[56,63,29],"class_list":["post-11506","post","type-post","status-publish","format-standard","has-post-thumbnail","hentry","category-culture-et-art","category-homepage-french","category-toutes-les-actualites","tag-africa-press","tag-africa-press-cote-divoire","tag-cote-divoire"],"yoast_head":"<!-- This site is optimized with the Yoast SEO Premium plugin v26.1 (Yoast SEO v27.0) - https:\/\/yoast.com\/product\/yoast-seo-premium-wordpress\/ -->\n<title>La CONACOPCI forme ses membres issus des concours exceptionnels - C\u00f4te d&#039;Ivoire<\/title>\n<meta name=\"description\" content=\"Abidjan, 16 ao\u00fbt 2021 (AIP)- La Coordination nationale des Conseillers p\u00e9dagogiques du pr\u00e9scolaire et du primaire de C\u00f4t ...\" \/>\n<meta name=\"robots\" content=\"index, follow, max-snippet:-1, max-image-preview:large, max-video-preview:-1\" \/>\n<link rel=\"canonical\" href=\"https:\/\/www.africa-press.net\/cotedivoire\/culture-et-art\/la-conacopci-forme-ses-membres-issus-des-concours-exceptionnels\" \/>\n<meta property=\"og:locale\" content=\"fr_FR\" \/>\n<meta property=\"og:type\" content=\"article\" \/>\n<meta property=\"og:title\" content=\"La CONACOPCI forme ses membres issus des concours exceptionnels\" \/>\n<meta property=\"og:description\" content=\"Abidjan, 16 ao\u00fbt 2021 (AIP)- La Coordination nationale des Conseillers p\u00e9dagogiques du pr\u00e9scolaire et du primaire de C\u00f4t ...\" \/>\n<meta property=\"og:url\" content=\"https:\/\/www.africa-press.net\/cotedivoire\/culture-et-art\/la-conacopci-forme-ses-membres-issus-des-concours-exceptionnels\" \/>\n<meta property=\"og:site_name\" content=\"C\u00f4te d&#039;Ivoire\" \/>\n<meta property=\"article:published_time\" content=\"2021-08-16T19:51:02+00:00\" \/>\n<meta property=\"article:modified_time\" content=\"2021-08-16T21:10:01+00:00\" \/>\n<meta property=\"og:image\" content=\"https:\/\/static.africa-press.net\/cote\/sites\/43\/2021\/08\/img-611a9ae74a43d.jpg\" \/>\n\t<meta property=\"og:image:width\" content=\"825\" \/>\n\t<meta property=\"og:image:height\" content=\"426\" \/>\n\t<meta property=\"og:image:type\" content=\"image\/jpeg\" \/>\n<meta name=\"author\" content=\"cfeditorfr\" \/>\n<meta name=\"twitter:card\" content=\"summary_large_image\" \/>\n<meta name=\"twitter:label1\" content=\"\u00c9crit par\" \/>\n\t<meta name=\"twitter:data1\" content=\"cfeditorfr\" \/>\n\t<meta name=\"twitter:label2\" content=\"Dur\u00e9e de lecture estim\u00e9e\" \/>\n\t<meta name=\"twitter:data2\" content=\"1 minute\" \/>\n<script type=\"application\/ld+json\" class=\"yoast-schema-graph\">{\"@context\":\"https:\/\/schema.org\",\"@graph\":[{\"@type\":\"Article\",\"@id\":\"https:\/\/www.africa-press.net\/cotedivoire\/culture-et-art\/la-conacopci-forme-ses-membres-issus-des-concours-exceptionnels#article\",\"isPartOf\":{\"@id\":\"https:\/\/www.africa-press.net\/cotedivoire\/culture-et-art\/la-conacopci-forme-ses-membres-issus-des-concours-exceptionnels\"},\"author\":{\"name\":\"cfeditorfr\",\"@id\":\"https:\/\/www.africa-press.net\/cotedivoire\/#\/schema\/person\/2b1cf3cd81a31e3cd26889ca66d677f1\"},\"headline\":\"La CONACOPCI forme ses membres issus des concours exceptionnels\",\"datePublished\":\"2021-08-16T19:51:02+00:00\",\"dateModified\":\"2021-08-16T21:10:01+00:00\",\"mainEntityOfPage\":{\"@id\":\"https:\/\/www.africa-press.net\/cotedivoire\/culture-et-art\/la-conacopci-forme-ses-membres-issus-des-concours-exceptionnels\"},\"wordCount\":246,\"commentCount\":0,\"image\":{\"@id\":\"https:\/\/www.africa-press.net\/cotedivoire\/culture-et-art\/la-conacopci-forme-ses-membres-issus-des-concours-exceptionnels#primaryimage\"},\"thumbnailUrl\":\"https:\/\/static.africa-press.net\/cote\/sites\/43\/2021\/08\/img-611a9ae74a43d.jpg\",\"keywords\":[\"Africa Press\",\"Africa Press-C\u00f4te d'Ivoire\",\"C\u00d4TE D'IVOIRE\"],\"articleSection\":[\"Culture et Art\",\"homepage-french\",\"Toutes les actualit\u00e9s\"],\"inLanguage\":\"fr-FR\",\"potentialAction\":[{\"@type\":\"CommentAction\",\"name\":\"Comment\",\"target\":[\"https:\/\/www.africa-press.net\/cotedivoire\/culture-et-art\/la-conacopci-forme-ses-membres-issus-des-concours-exceptionnels#respond\"]}]},{\"@type\":\"WebPage\",\"@id\":\"https:\/\/www.africa-press.net\/cotedivoire\/culture-et-art\/la-conacopci-forme-ses-membres-issus-des-concours-exceptionnels\",\"url\":\"https:\/\/www.africa-press.net\/cotedivoire\/culture-et-art\/la-conacopci-forme-ses-membres-issus-des-concours-exceptionnels\",\"name\":\"La CONACOPCI forme ses membres issus des concours exceptionnels - C\u00f4te d&#039;Ivoire\",\"isPartOf\":{\"@id\":\"https:\/\/www.africa-press.net\/cotedivoire\/#website\"},\"primaryImageOfPage\":{\"@id\":\"https:\/\/www.africa-press.net\/cotedivoire\/culture-et-art\/la-conacopci-forme-ses-membres-issus-des-concours-exceptionnels#primaryimage\"},\"image\":{\"@id\":\"https:\/\/www.africa-press.net\/cotedivoire\/culture-et-art\/la-conacopci-forme-ses-membres-issus-des-concours-exceptionnels#primaryimage\"},\"thumbnailUrl\":\"https:\/\/static.africa-press.net\/cote\/sites\/43\/2021\/08\/img-611a9ae74a43d.jpg\",\"datePublished\":\"2021-08-16T19:51:02+00:00\",\"dateModified\":\"2021-08-16T21:10:01+00:00\",\"author\":{\"@id\":\"https:\/\/www.africa-press.net\/cotedivoire\/#\/schema\/person\/2b1cf3cd81a31e3cd26889ca66d677f1\"},\"description\":\"Abidjan, 16 ao\u00fbt 2021 (AIP)- La Coordination nationale des Conseillers p\u00e9dagogiques du pr\u00e9scolaire et du primaire de C\u00f4t ...\",\"breadcrumb\":{\"@id\":\"https:\/\/www.africa-press.net\/cotedivoire\/culture-et-art\/la-conacopci-forme-ses-membres-issus-des-concours-exceptionnels#breadcrumb\"},\"inLanguage\":\"fr-FR\",\"potentialAction\":[{\"@type\":\"ReadAction\",\"target\":[\"https:\/\/www.africa-press.net\/cotedivoire\/culture-et-art\/la-conacopci-forme-ses-membres-issus-des-concours-exceptionnels\"]}]},{\"@type\":\"ImageObject\",\"inLanguage\":\"fr-FR\",\"@id\":\"https:\/\/www.africa-press.net\/cotedivoire\/culture-et-art\/la-conacopci-forme-ses-membres-issus-des-concours-exceptionnels#primaryimage\",\"url\":\"https:\/\/static.africa-press.net\/cote\/sites\/43\/2021\/08\/img-611a9ae74a43d.jpg\",\"contentUrl\":\"https:\/\/static.africa-press.net\/cote\/sites\/43\/2021\/08\/img-611a9ae74a43d.jpg\",\"width\":825,\"height\":426,\"caption\":\"La CONACOPCI forme ses membres issus des concours exceptionnels\"},{\"@type\":\"BreadcrumbList\",\"@id\":\"https:\/\/www.africa-press.net\/cotedivoire\/culture-et-art\/la-conacopci-forme-ses-membres-issus-des-concours-exceptionnels#breadcrumb\",\"itemListElement\":[{\"@type\":\"ListItem\",\"position\":1,\"name\":\"Accueil\",\"item\":\"https:\/\/www.africa-press.net\/cotedivoire\/\"},{\"@type\":\"ListItem\",\"position\":2,\"name\":\"La CONACOPCI forme ses membres issus des concours exceptionnels\"}]},{\"@type\":\"WebSite\",\"@id\":\"https:\/\/www.africa-press.net\/cotedivoire\/#website\",\"url\":\"https:\/\/www.africa-press.net\/cotedivoire\/\",\"name\":\"C\u00f4te d&#039;Ivoire\",\"description\":\"Just another Africa News Agency Sites site\",\"potentialAction\":[{\"@type\":\"SearchAction\",\"target\":{\"@type\":\"EntryPoint\",\"urlTemplate\":\"https:\/\/www.africa-press.net\/cotedivoire\/?s={search_term_string}\"},\"query-input\":{\"@type\":\"PropertyValueSpecification\",\"valueRequired\":true,\"valueName\":\"search_term_string\"}}],\"inLanguage\":\"fr-FR\"},{\"@type\":\"Person\",\"@id\":\"https:\/\/www.africa-press.net\/cotedivoire\/#\/schema\/person\/2b1cf3cd81a31e3cd26889ca66d677f1\",\"name\":\"cfeditorfr\"}]}<\/script>\n<!-- \/ Yoast SEO Premium plugin. -->","yoast_head_json":{"title":"La CONACOPCI forme ses membres issus des concours exceptionnels - C\u00f4te d&#039;Ivoire","description":"Abidjan, 16 ao\u00fbt 2021 (AIP)- La Coordination nationale des Conseillers p\u00e9dagogiques du pr\u00e9scolaire et du primaire de C\u00f4t ...","robots":{"index":"index","follow":"follow","max-snippet":"max-snippet:-1","max-image-preview":"max-image-preview:large","max-video-preview":"max-video-preview:-1"},"canonical":"https:\/\/www.africa-press.net\/cotedivoire\/culture-et-art\/la-conacopci-forme-ses-membres-issus-des-concours-exceptionnels","og_locale":"fr_FR","og_type":"article","og_title":"La CONACOPCI forme ses membres issus des concours exceptionnels","og_description":"Abidjan, 16 ao\u00fbt 2021 (AIP)- La Coordination nationale des Conseillers p\u00e9dagogiques du pr\u00e9scolaire et du primaire de C\u00f4t ...","og_url":"https:\/\/www.africa-press.net\/cotedivoire\/culture-et-art\/la-conacopci-forme-ses-membres-issus-des-concours-exceptionnels","og_site_name":"C\u00f4te d&#039;Ivoire","article_published_time":"2021-08-16T19:51:02+00:00","article_modified_time":"2021-08-16T21:10:01+00:00","og_image":[{"width":825,"height":426,"url":"https:\/\/static.africa-press.net\/cote\/sites\/43\/2021\/08\/img-611a9ae74a43d.jpg","type":"image\/jpeg"}],"author":"cfeditorfr","twitter_card":"summary_large_image","twitter_misc":{"\u00c9crit par":"cfeditorfr","Dur\u00e9e de lecture estim\u00e9e":"1 minute"},"schema":{"@context":"https:\/\/schema.org","@graph":[{"@type":"Article","@id":"https:\/\/www.africa-press.net\/cotedivoire\/culture-et-art\/la-conacopci-forme-ses-membres-issus-des-concours-exceptionnels#article","isPartOf":{"@id":"https:\/\/www.africa-press.net\/cotedivoire\/culture-et-art\/la-conacopci-forme-ses-membres-issus-des-concours-exceptionnels"},"author":{"name":"cfeditorfr","@id":"https:\/\/www.africa-press.net\/cotedivoire\/#\/schema\/person\/2b1cf3cd81a31e3cd26889ca66d677f1"},"headline":"La CONACOPCI forme ses membres issus des concours exceptionnels","datePublished":"2021-08-16T19:51:02+00:00","dateModified":"2021-08-16T21:10:01+00:00","mainEntityOfPage":{"@id":"https:\/\/www.africa-press.net\/cotedivoire\/culture-et-art\/la-conacopci-forme-ses-membres-issus-des-concours-exceptionnels"},"wordCount":246,"commentCount":0,"image":{"@id":"https:\/\/www.africa-press.net\/cotedivoire\/culture-et-art\/la-conacopci-forme-ses-membres-issus-des-concours-exceptionnels#primaryimage"},"thumbnailUrl":"https:\/\/static.africa-press.net\/cote\/sites\/43\/2021\/08\/img-611a9ae74a43d.jpg","keywords":["Africa Press","Africa Press-C\u00f4te d'Ivoire","C\u00d4TE D'IVOIRE"],"articleSection":["Culture et Art","homepage-french","Toutes les actualit\u00e9s"],"inLanguage":"fr-FR","potentialAction":[{"@type":"CommentAction","name":"Comment","target":["https:\/\/www.africa-press.net\/cotedivoire\/culture-et-art\/la-conacopci-forme-ses-membres-issus-des-concours-exceptionnels#respond"]}]},{"@type":"WebPage","@id":"https:\/\/www.africa-press.net\/cotedivoire\/culture-et-art\/la-conacopci-forme-ses-membres-issus-des-concours-exceptionnels","url":"https:\/\/www.africa-press.net\/cotedivoire\/culture-et-art\/la-conacopci-forme-ses-membres-issus-des-concours-exceptionnels","name":"La CONACOPCI forme ses membres issus des concours exceptionnels - C\u00f4te d&#039;Ivoire","isPartOf":{"@id":"https:\/\/www.africa-press.net\/cotedivoire\/#website"},"primaryImageOfPage":{"@id":"https:\/\/www.africa-press.net\/cotedivoire\/culture-et-art\/la-conacopci-forme-ses-membres-issus-des-concours-exceptionnels#primaryimage"},"image":{"@id":"https:\/\/www.africa-press.net\/cotedivoire\/culture-et-art\/la-conacopci-forme-ses-membres-issus-des-concours-exceptionnels#primaryimage"},"thumbnailUrl":"https:\/\/static.africa-press.net\/cote\/sites\/43\/2021\/08\/img-611a9ae74a43d.jpg","datePublished":"2021-08-16T19:51:02+00:00","dateModified":"2021-08-16T21:10:01+00:00","author":{"@id":"https:\/\/www.africa-press.net\/cotedivoire\/#\/schema\/person\/2b1cf3cd81a31e3cd26889ca66d677f1"},"description":"Abidjan, 16 ao\u00fbt 2021 (AIP)- La Coordination nationale des Conseillers p\u00e9dagogiques du pr\u00e9scolaire et du primaire de C\u00f4t ...","breadcrumb":{"@id":"https:\/\/www.africa-press.net\/cotedivoire\/culture-et-art\/la-conacopci-forme-ses-membres-issus-des-concours-exceptionnels#breadcrumb"},"inLanguage":"fr-FR","potentialAction":[{"@type":"ReadAction","target":["https:\/\/www.africa-press.net\/cotedivoire\/culture-et-art\/la-conacopci-forme-ses-membres-issus-des-concours-exceptionnels"]}]},{"@type":"ImageObject","inLanguage":"fr-FR","@id":"https:\/\/www.africa-press.net\/cotedivoire\/culture-et-art\/la-conacopci-forme-ses-membres-issus-des-concours-exceptionnels#primaryimage","url":"https:\/\/static.africa-press.net\/cote\/sites\/43\/2021\/08\/img-611a9ae74a43d.jpg","contentUrl":"https:\/\/static.africa-press.net\/cote\/sites\/43\/2021\/08\/img-611a9ae74a43d.jpg","width":825,"height":426,"caption":"La CONACOPCI forme ses membres issus des concours exceptionnels"},{"@type":"BreadcrumbList","@id":"https:\/\/www.africa-press.net\/cotedivoire\/culture-et-art\/la-conacopci-forme-ses-membres-issus-des-concours-exceptionnels#breadcrumb","itemListElement":[{"@type":"ListItem","position":1,"name":"Accueil","item":"https:\/\/www.africa-press.net\/cotedivoire\/"},{"@type":"ListItem","position":2,"name":"La CONACOPCI forme ses membres issus des concours exceptionnels"}]},{"@type":"WebSite","@id":"https:\/\/www.africa-press.net\/cotedivoire\/#website","url":"https:\/\/www.africa-press.net\/cotedivoire\/","name":"C\u00f4te d&#039;Ivoire","description":"Just another Africa News Agency Sites site","potentialAction":[{"@type":"SearchAction","target":{"@type":"EntryPoint","urlTemplate":"https:\/\/www.africa-press.net\/cotedivoire\/?s={search_term_string}"},"query-input":{"@type":"PropertyValueSpecification","valueRequired":true,"valueName":"search_term_string"}}],"inLanguage":"fr-FR"},{"@type":"Person","@id":"https:\/\/www.africa-press.net\/cotedivoire\/#\/schema\/person\/2b1cf3cd81a31e3cd26889ca66d677f1","name":"cfeditorfr"}]}},"_links":{"self":[{"href":"https:\/\/www.africa-press.net\/cotedivoire\/wp-json\/wp\/v2\/posts\/11506","targetHints":{"allow":["GET"]}}],"collection":[{"href":"https:\/\/www.africa-press.net\/cotedivoire\/wp-json\/wp\/v2\/posts"}],"about":[{"href":"https:\/\/www.africa-press.net\/cotedivoire\/wp-json\/wp\/v2\/types\/post"}],"author":[{"embeddable":true,"href":"https:\/\/www.africa-press.net\/cotedivoire\/wp-json\/wp\/v2\/users\/82"}],"replies":[{"embeddable":true,"href":"https:\/\/www.africa-press.net\/cotedivoire\/wp-json\/wp\/v2\/comments?post=11506"}],"version-history":[{"count":0,"href":"https:\/\/www.africa-press.net\/cotedivoire\/wp-json\/wp\/v2\/posts\/11506\/revisions"}],"wp:featuredmedia":[{"embeddable":true,"href":"https:\/\/www.africa-press.net\/cotedivoire\/wp-json\/wp\/v2\/media\/11505"}],"wp:attachment":[{"href":"https:\/\/www.africa-press.net\/cotedivoire\/wp-json\/wp\/v2\/media?parent=11506"}],"wp:term":[{"taxonomy":"category","embeddable":true,"href":"https:\/\/www.africa-press.net\/cotedivoire\/wp-json\/wp\/v2\/categories?post=11506"},{"taxonomy":"post_tag","embeddable":true,"href":"https:\/\/www.africa-press.net\/cotedivoire\/wp-json\/wp\/v2\/tags?post=11506"}],"curies":[{"name":"wp","href":"https:\/\/api.w.org\/{rel}","templated":true}]}}