{"id":115137,"date":"2026-04-25T14:40:15","date_gmt":"2026-04-25T14:40:15","guid":{"rendered":"https:\/\/www.africa-press.net\/cotedivoire\/politique\/dysfonctionnement-judiciaire-deux-agents-mis-en-cause"},"modified":"2026-04-25T15:41:55","modified_gmt":"2026-04-25T15:41:55","slug":"dysfonctionnement-judiciaire-deux-agents-mis-en-cause","status":"publish","type":"post","link":"https:\/\/www.africa-press.net\/cotedivoire\/politique\/dysfonctionnement-judiciaire-deux-agents-mis-en-cause","title":{"rendered":"Dysfonctionnement Judiciaire Deux Agents Mis En Cause"},"content":{"rendered":"<p><span style=\"color: #ff6600\"><strong>Africa-Press &#8211; C\u00f4te d&rsquo;Ivoire. <\/strong><\/span>Le ministe\u0300re de la Justice et des Droits de l\u2019Homme a annonce\u0301, dans un communique\u0301 officiel publie\u0301 le 23 avril 2026, les conclusions d\u2019une enque\u0302te relative a\u0300 un grave dysfonctionnement judiciaire ayant affecte\u0301 une proce\u0301dure d\u2019appel reste\u0301e en suspens pendant plusieurs anne\u0301es.<\/p>\n<p>Signe\u0301 par le Garde des Sceaux, Jean Sansan Kambile\u0301, le communique\u0301 fait suite a\u0300 une premie\u0300re annonce en date du 7 avril 2026, dans laquelle le ministre avait saisi l\u2019Inspection ge\u0301ne\u0301rale des services judiciaires et pe\u0301nitentiaires afin de faire la lumie\u0300re sur cette affaire.<\/p>\n<p>Au c\u0153ur de ce dossier se trouve une justiciable, Kouame\u0301 Affoue\u0301 Fe\u0301licite\u0301, condamne\u0301e a\u0300 vingt ans d\u2019emprisonnement le 26 mars 2019. De\u0300s le lendemain, le 27 mars 2019, celle-ci avait interjete\u0301 appel de cette de\u0301cision. Cependant, cet appel n\u2019a connu aucune suite au niveau de la Cour d\u2019appel d\u2019Abidjan pendant pre\u0300s de sept ans. Ce n\u2019est que le 7 avril 2026, sur instruction du ministre, que le dossier a finalement e\u0301te\u0301 transmis a\u0300 la juridiction compe\u0301tente.<\/p>\n<p>L\u2019enque\u0302te mene\u0301e par les services compe\u0301tents a permis d\u2019e\u0301tablir, \u00ab sans e\u0301quivoque \u00bb, la responsabilite\u0301 de deux agents dans ce dysfonctionnement majeur du syste\u0300me judiciaire.<\/p>\n<p>Face a\u0300 la gravite\u0301 des faits, le ministe\u0300re a imme\u0301diatement engage\u0301 une proce\u0301dure disciplinaire a\u0300 l\u2019encontre des agents concerne\u0301s, marquant ainsi sa volonte\u0301 de sanctionner les manquements et de restaurer la confiance dans l\u2019institution judiciaire.<\/p>\n<p>A\u0300 travers cette de\u0301cision, Jean Sansan Kambile\u0301 re\u0301affirme son engagement en faveur d\u2019une justice plus efficace, transparente et respectueuse des droits des citoyens.<\/p>\n<p>Ce cas met en lumie\u0300re les de\u0301fis persistants auxquels fait face l\u2019administration judiciaire ivoirienne, notamment en matie\u0300re de suivi des proce\u0301dures et de ce\u0301le\u0301rite\u0301 dans le traitement des dossiers.<\/p>\n<p>Le ministe\u0300re de la Justice et des Droits de l\u2019Homme entend tirer toutes les conse\u0301quences de cette affaire, en renforc\u0327ant les me\u0301canismes de contro\u0302le interne et en veillant a\u0300 ce que de tels dysfonctionnements ne se reproduisent plus.<\/p>\n<p>Cette affaire relance e\u0301galement le de\u0301bat sur la ne\u0301cessite\u0301 d\u2019une modernisation du syste\u0300me judiciaire, afin de garantir aux justiciables un traitement e\u0301quitable et dans des de\u0301lais raisonnables.<\/p>\n<p><strong>Pour plus d&rsquo;informations et d&rsquo;analyses sur la <span style=\"color: #ff6600\">C\u00f4te d&rsquo;Ivoire<\/span>, suivez <span style=\"color: #ff6600\">Africa-Press<\/span><\/strong><\/p>\n","protected":false},"excerpt":{"rendered":"<p>Africa-Press &#8211; C\u00f4te d&rsquo;Ivoire. Le ministe\u0300re de la Justice et des Droits de l\u2019Homme a annonce\u0301, dans un communique\u0301 officiel publie\u0301 le 23 avril 2026, les conclusions d\u2019une enque\u0302te relative a\u0300 un grave dysfonctionnement judiciaire ayant affecte\u0301 une proce\u0301dure d\u2019appel reste\u0301e en suspens pendant plusieurs anne\u0301es. Signe\u0301 par le Garde des Sceaux, Jean Sansan Kambile\u0301, [&hellip;]<\/p>\n","protected":false},"author":82,"featured_media":115136,"comment_status":"open","ping_status":"closed","sticky":false,"template":"","format":"standard","meta":{"footnotes":""},"categories":[2,10],"tags":[29,12426,3422,12332,1892,5914,449,55,713],"class_list":["post-115137","post","type-post","status-publish","format-standard","has-post-thumbnail","hentry","category-politique","category-toutes-les-actualites","tag-cote-divoire","tag-disciplinaire","tag-droits","tag-dysfonctionnement","tag-homme","tag-jean-sansan-kambile","tag-judiciaire","tag-justice","tag-procedure"],"yoast_head":"<!-- This site is optimized with the Yoast SEO Premium plugin v26.1 (Yoast SEO v27.0) - https:\/\/yoast.com\/product\/yoast-seo-premium-wordpress\/ -->\n<title>Dysfonctionnement Judiciaire Deux Agents Mis En Cause - C\u00f4te d&#039;Ivoire<\/title>\n<meta name=\"description\" content=\"Le ministe\u0300re de la Justice et des Droits de l\u2019Homme a annonce\u0301, dans un communique\u0301 officiel publie\u0301 le 23 avril 2026, ...\" \/>\n<meta name=\"robots\" content=\"index, follow, max-snippet:-1, max-image-preview:large, max-video-preview:-1\" \/>\n<link rel=\"canonical\" href=\"https:\/\/www.africa-press.net\/cotedivoire\/politique\/dysfonctionnement-judiciaire-deux-agents-mis-en-cause\" \/>\n<meta property=\"og:locale\" content=\"fr_FR\" \/>\n<meta property=\"og:type\" content=\"article\" \/>\n<meta property=\"og:title\" content=\"Dysfonctionnement Judiciaire Deux Agents Mis En Cause\" \/>\n<meta property=\"og:description\" content=\"Le ministe\u0300re de la Justice et des Droits de l\u2019Homme a annonce\u0301, dans un communique\u0301 officiel publie\u0301 le 23 avril 2026, ...\" \/>\n<meta property=\"og:url\" content=\"https:\/\/www.africa-press.net\/cotedivoire\/politique\/dysfonctionnement-judiciaire-deux-agents-mis-en-cause\" \/>\n<meta property=\"og:site_name\" content=\"C\u00f4te d&#039;Ivoire\" \/>\n<meta property=\"article:published_time\" content=\"2026-04-25T14:40:15+00:00\" \/>\n<meta property=\"article:modified_time\" content=\"2026-04-25T15:41:55+00:00\" \/>\n<meta property=\"og:image\" content=\"https:\/\/static.africa-press.net\/cote\/sites\/43\/2026\/04\/sm_1777119088.266884.jpg\" \/>\n\t<meta property=\"og:image:width\" content=\"720\" \/>\n\t<meta property=\"og:image:height\" content=\"414\" \/>\n\t<meta property=\"og:image:type\" content=\"image\/jpeg\" \/>\n<meta name=\"author\" content=\"cfeditorfr\" \/>\n<meta name=\"twitter:card\" content=\"summary_large_image\" \/>\n<meta name=\"twitter:label1\" content=\"\u00c9crit par\" \/>\n\t<meta name=\"twitter:data1\" content=\"cfeditorfr\" \/>\n\t<meta name=\"twitter:label2\" content=\"Dur\u00e9e de lecture estim\u00e9e\" \/>\n\t<meta name=\"twitter:data2\" content=\"2 minutes\" \/>\n<script type=\"application\/ld+json\" class=\"yoast-schema-graph\">{\"@context\":\"https:\/\/schema.org\",\"@graph\":[{\"@type\":\"Article\",\"@id\":\"https:\/\/www.africa-press.net\/cotedivoire\/politique\/dysfonctionnement-judiciaire-deux-agents-mis-en-cause#article\",\"isPartOf\":{\"@id\":\"https:\/\/www.africa-press.net\/cotedivoire\/politique\/dysfonctionnement-judiciaire-deux-agents-mis-en-cause\"},\"author\":{\"name\":\"cfeditorfr\",\"@id\":\"https:\/\/www.africa-press.net\/cotedivoire\/#\/schema\/person\/2b1cf3cd81a31e3cd26889ca66d677f1\"},\"headline\":\"Dysfonctionnement Judiciaire Deux Agents Mis En Cause\",\"datePublished\":\"2026-04-25T14:40:15+00:00\",\"dateModified\":\"2026-04-25T15:41:55+00:00\",\"mainEntityOfPage\":{\"@id\":\"https:\/\/www.africa-press.net\/cotedivoire\/politique\/dysfonctionnement-judiciaire-deux-agents-mis-en-cause\"},\"wordCount\":419,\"commentCount\":0,\"image\":{\"@id\":\"https:\/\/www.africa-press.net\/cotedivoire\/politique\/dysfonctionnement-judiciaire-deux-agents-mis-en-cause#primaryimage\"},\"thumbnailUrl\":\"https:\/\/static.africa-press.net\/cote\/sites\/43\/2026\/04\/sm_1777119088.266884.jpg\",\"keywords\":[\"C\u00d4TE D'IVOIRE\",\"Disciplinaire\",\"droits\",\"dysfonctionnement\",\"homme\",\"Jean Sansan Kambil\u00e9\",\"judiciaire\",\"Justice\",\"proc\u00e9dure\"],\"articleSection\":[\"Politique\",\"Toutes les actualit\u00e9s\"],\"inLanguage\":\"fr-FR\",\"potentialAction\":[{\"@type\":\"CommentAction\",\"name\":\"Comment\",\"target\":[\"https:\/\/www.africa-press.net\/cotedivoire\/politique\/dysfonctionnement-judiciaire-deux-agents-mis-en-cause#respond\"]}]},{\"@type\":\"WebPage\",\"@id\":\"https:\/\/www.africa-press.net\/cotedivoire\/politique\/dysfonctionnement-judiciaire-deux-agents-mis-en-cause\",\"url\":\"https:\/\/www.africa-press.net\/cotedivoire\/politique\/dysfonctionnement-judiciaire-deux-agents-mis-en-cause\",\"name\":\"Dysfonctionnement Judiciaire Deux Agents Mis En Cause - C\u00f4te d&#039;Ivoire\",\"isPartOf\":{\"@id\":\"https:\/\/www.africa-press.net\/cotedivoire\/#website\"},\"primaryImageOfPage\":{\"@id\":\"https:\/\/www.africa-press.net\/cotedivoire\/politique\/dysfonctionnement-judiciaire-deux-agents-mis-en-cause#primaryimage\"},\"image\":{\"@id\":\"https:\/\/www.africa-press.net\/cotedivoire\/politique\/dysfonctionnement-judiciaire-deux-agents-mis-en-cause#primaryimage\"},\"thumbnailUrl\":\"https:\/\/static.africa-press.net\/cote\/sites\/43\/2026\/04\/sm_1777119088.266884.jpg\",\"datePublished\":\"2026-04-25T14:40:15+00:00\",\"dateModified\":\"2026-04-25T15:41:55+00:00\",\"author\":{\"@id\":\"https:\/\/www.africa-press.net\/cotedivoire\/#\/schema\/person\/2b1cf3cd81a31e3cd26889ca66d677f1\"},\"description\":\"Le ministe\u0300re de la Justice et des Droits de l\u2019Homme a annonce\u0301, dans un communique\u0301 officiel publie\u0301 le 23 avril 2026, ...\",\"breadcrumb\":{\"@id\":\"https:\/\/www.africa-press.net\/cotedivoire\/politique\/dysfonctionnement-judiciaire-deux-agents-mis-en-cause#breadcrumb\"},\"inLanguage\":\"fr-FR\",\"potentialAction\":[{\"@type\":\"ReadAction\",\"target\":[\"https:\/\/www.africa-press.net\/cotedivoire\/politique\/dysfonctionnement-judiciaire-deux-agents-mis-en-cause\"]}]},{\"@type\":\"ImageObject\",\"inLanguage\":\"fr-FR\",\"@id\":\"https:\/\/www.africa-press.net\/cotedivoire\/politique\/dysfonctionnement-judiciaire-deux-agents-mis-en-cause#primaryimage\",\"url\":\"https:\/\/static.africa-press.net\/cote\/sites\/43\/2026\/04\/sm_1777119088.266884.jpg\",\"contentUrl\":\"https:\/\/static.africa-press.net\/cote\/sites\/43\/2026\/04\/sm_1777119088.266884.jpg\",\"width\":720,\"height\":414,\"caption\":\"Dysfonctionnement Judiciaire Deux Agents Mis En Cause\"},{\"@type\":\"BreadcrumbList\",\"@id\":\"https:\/\/www.africa-press.net\/cotedivoire\/politique\/dysfonctionnement-judiciaire-deux-agents-mis-en-cause#breadcrumb\",\"itemListElement\":[{\"@type\":\"ListItem\",\"position\":1,\"name\":\"Accueil\",\"item\":\"https:\/\/www.africa-press.net\/cotedivoire\/\"},{\"@type\":\"ListItem\",\"position\":2,\"name\":\"Dysfonctionnement Judiciaire Deux Agents Mis En Cause\"}]},{\"@type\":\"WebSite\",\"@id\":\"https:\/\/www.africa-press.net\/cotedivoire\/#website\",\"url\":\"https:\/\/www.africa-press.net\/cotedivoire\/\",\"name\":\"C\u00f4te d&#039;Ivoire\",\"description\":\"Just another Africa News Agency Sites site\",\"potentialAction\":[{\"@type\":\"SearchAction\",\"target\":{\"@type\":\"EntryPoint\",\"urlTemplate\":\"https:\/\/www.africa-press.net\/cotedivoire\/?s={search_term_string}\"},\"query-input\":{\"@type\":\"PropertyValueSpecification\",\"valueRequired\":true,\"valueName\":\"search_term_string\"}}],\"inLanguage\":\"fr-FR\"},{\"@type\":\"Person\",\"@id\":\"https:\/\/www.africa-press.net\/cotedivoire\/#\/schema\/person\/2b1cf3cd81a31e3cd26889ca66d677f1\",\"name\":\"cfeditorfr\"}]}<\/script>\n<!-- \/ Yoast SEO Premium plugin. -->","yoast_head_json":{"title":"Dysfonctionnement Judiciaire Deux Agents Mis En Cause - C\u00f4te d&#039;Ivoire","description":"Le ministe\u0300re de la Justice et des Droits de l\u2019Homme a annonce\u0301, dans un communique\u0301 officiel publie\u0301 le 23 avril 2026, ...","robots":{"index":"index","follow":"follow","max-snippet":"max-snippet:-1","max-image-preview":"max-image-preview:large","max-video-preview":"max-video-preview:-1"},"canonical":"https:\/\/www.africa-press.net\/cotedivoire\/politique\/dysfonctionnement-judiciaire-deux-agents-mis-en-cause","og_locale":"fr_FR","og_type":"article","og_title":"Dysfonctionnement Judiciaire Deux Agents Mis En Cause","og_description":"Le ministe\u0300re de la Justice et des Droits de l\u2019Homme a annonce\u0301, dans un communique\u0301 officiel publie\u0301 le 23 avril 2026, ...","og_url":"https:\/\/www.africa-press.net\/cotedivoire\/politique\/dysfonctionnement-judiciaire-deux-agents-mis-en-cause","og_site_name":"C\u00f4te d&#039;Ivoire","article_published_time":"2026-04-25T14:40:15+00:00","article_modified_time":"2026-04-25T15:41:55+00:00","og_image":[{"width":720,"height":414,"url":"https:\/\/static.africa-press.net\/cote\/sites\/43\/2026\/04\/sm_1777119088.266884.jpg","type":"image\/jpeg"}],"author":"cfeditorfr","twitter_card":"summary_large_image","twitter_misc":{"\u00c9crit par":"cfeditorfr","Dur\u00e9e de lecture estim\u00e9e":"2 minutes"},"schema":{"@context":"https:\/\/schema.org","@graph":[{"@type":"Article","@id":"https:\/\/www.africa-press.net\/cotedivoire\/politique\/dysfonctionnement-judiciaire-deux-agents-mis-en-cause#article","isPartOf":{"@id":"https:\/\/www.africa-press.net\/cotedivoire\/politique\/dysfonctionnement-judiciaire-deux-agents-mis-en-cause"},"author":{"name":"cfeditorfr","@id":"https:\/\/www.africa-press.net\/cotedivoire\/#\/schema\/person\/2b1cf3cd81a31e3cd26889ca66d677f1"},"headline":"Dysfonctionnement Judiciaire Deux Agents Mis En Cause","datePublished":"2026-04-25T14:40:15+00:00","dateModified":"2026-04-25T15:41:55+00:00","mainEntityOfPage":{"@id":"https:\/\/www.africa-press.net\/cotedivoire\/politique\/dysfonctionnement-judiciaire-deux-agents-mis-en-cause"},"wordCount":419,"commentCount":0,"image":{"@id":"https:\/\/www.africa-press.net\/cotedivoire\/politique\/dysfonctionnement-judiciaire-deux-agents-mis-en-cause#primaryimage"},"thumbnailUrl":"https:\/\/static.africa-press.net\/cote\/sites\/43\/2026\/04\/sm_1777119088.266884.jpg","keywords":["C\u00d4TE D'IVOIRE","Disciplinaire","droits","dysfonctionnement","homme","Jean Sansan Kambil\u00e9","judiciaire","Justice","proc\u00e9dure"],"articleSection":["Politique","Toutes les actualit\u00e9s"],"inLanguage":"fr-FR","potentialAction":[{"@type":"CommentAction","name":"Comment","target":["https:\/\/www.africa-press.net\/cotedivoire\/politique\/dysfonctionnement-judiciaire-deux-agents-mis-en-cause#respond"]}]},{"@type":"WebPage","@id":"https:\/\/www.africa-press.net\/cotedivoire\/politique\/dysfonctionnement-judiciaire-deux-agents-mis-en-cause","url":"https:\/\/www.africa-press.net\/cotedivoire\/politique\/dysfonctionnement-judiciaire-deux-agents-mis-en-cause","name":"Dysfonctionnement Judiciaire Deux Agents Mis En Cause - C\u00f4te d&#039;Ivoire","isPartOf":{"@id":"https:\/\/www.africa-press.net\/cotedivoire\/#website"},"primaryImageOfPage":{"@id":"https:\/\/www.africa-press.net\/cotedivoire\/politique\/dysfonctionnement-judiciaire-deux-agents-mis-en-cause#primaryimage"},"image":{"@id":"https:\/\/www.africa-press.net\/cotedivoire\/politique\/dysfonctionnement-judiciaire-deux-agents-mis-en-cause#primaryimage"},"thumbnailUrl":"https:\/\/static.africa-press.net\/cote\/sites\/43\/2026\/04\/sm_1777119088.266884.jpg","datePublished":"2026-04-25T14:40:15+00:00","dateModified":"2026-04-25T15:41:55+00:00","author":{"@id":"https:\/\/www.africa-press.net\/cotedivoire\/#\/schema\/person\/2b1cf3cd81a31e3cd26889ca66d677f1"},"description":"Le ministe\u0300re de la Justice et des Droits de l\u2019Homme a annonce\u0301, dans un communique\u0301 officiel publie\u0301 le 23 avril 2026, ...","breadcrumb":{"@id":"https:\/\/www.africa-press.net\/cotedivoire\/politique\/dysfonctionnement-judiciaire-deux-agents-mis-en-cause#breadcrumb"},"inLanguage":"fr-FR","potentialAction":[{"@type":"ReadAction","target":["https:\/\/www.africa-press.net\/cotedivoire\/politique\/dysfonctionnement-judiciaire-deux-agents-mis-en-cause"]}]},{"@type":"ImageObject","inLanguage":"fr-FR","@id":"https:\/\/www.africa-press.net\/cotedivoire\/politique\/dysfonctionnement-judiciaire-deux-agents-mis-en-cause#primaryimage","url":"https:\/\/static.africa-press.net\/cote\/sites\/43\/2026\/04\/sm_1777119088.266884.jpg","contentUrl":"https:\/\/static.africa-press.net\/cote\/sites\/43\/2026\/04\/sm_1777119088.266884.jpg","width":720,"height":414,"caption":"Dysfonctionnement Judiciaire Deux Agents Mis En Cause"},{"@type":"BreadcrumbList","@id":"https:\/\/www.africa-press.net\/cotedivoire\/politique\/dysfonctionnement-judiciaire-deux-agents-mis-en-cause#breadcrumb","itemListElement":[{"@type":"ListItem","position":1,"name":"Accueil","item":"https:\/\/www.africa-press.net\/cotedivoire\/"},{"@type":"ListItem","position":2,"name":"Dysfonctionnement Judiciaire Deux Agents Mis En Cause"}]},{"@type":"WebSite","@id":"https:\/\/www.africa-press.net\/cotedivoire\/#website","url":"https:\/\/www.africa-press.net\/cotedivoire\/","name":"C\u00f4te d&#039;Ivoire","description":"Just another Africa News Agency Sites site","potentialAction":[{"@type":"SearchAction","target":{"@type":"EntryPoint","urlTemplate":"https:\/\/www.africa-press.net\/cotedivoire\/?s={search_term_string}"},"query-input":{"@type":"PropertyValueSpecification","valueRequired":true,"valueName":"search_term_string"}}],"inLanguage":"fr-FR"},{"@type":"Person","@id":"https:\/\/www.africa-press.net\/cotedivoire\/#\/schema\/person\/2b1cf3cd81a31e3cd26889ca66d677f1","name":"cfeditorfr"}]}},"_links":{"self":[{"href":"https:\/\/www.africa-press.net\/cotedivoire\/wp-json\/wp\/v2\/posts\/115137","targetHints":{"allow":["GET"]}}],"collection":[{"href":"https:\/\/www.africa-press.net\/cotedivoire\/wp-json\/wp\/v2\/posts"}],"about":[{"href":"https:\/\/www.africa-press.net\/cotedivoire\/wp-json\/wp\/v2\/types\/post"}],"author":[{"embeddable":true,"href":"https:\/\/www.africa-press.net\/cotedivoire\/wp-json\/wp\/v2\/users\/82"}],"replies":[{"embeddable":true,"href":"https:\/\/www.africa-press.net\/cotedivoire\/wp-json\/wp\/v2\/comments?post=115137"}],"version-history":[{"count":1,"href":"https:\/\/www.africa-press.net\/cotedivoire\/wp-json\/wp\/v2\/posts\/115137\/revisions"}],"predecessor-version":[{"id":115138,"href":"https:\/\/www.africa-press.net\/cotedivoire\/wp-json\/wp\/v2\/posts\/115137\/revisions\/115138"}],"wp:featuredmedia":[{"embeddable":true,"href":"https:\/\/www.africa-press.net\/cotedivoire\/wp-json\/wp\/v2\/media\/115136"}],"wp:attachment":[{"href":"https:\/\/www.africa-press.net\/cotedivoire\/wp-json\/wp\/v2\/media?parent=115137"}],"wp:term":[{"taxonomy":"category","embeddable":true,"href":"https:\/\/www.africa-press.net\/cotedivoire\/wp-json\/wp\/v2\/categories?post=115137"},{"taxonomy":"post_tag","embeddable":true,"href":"https:\/\/www.africa-press.net\/cotedivoire\/wp-json\/wp\/v2\/tags?post=115137"}],"curies":[{"name":"wp","href":"https:\/\/api.w.org\/{rel}","templated":true}]}}