{"id":115144,"date":"2026-04-26T11:28:17","date_gmt":"2026-04-26T11:28:17","guid":{"rendered":"https:\/\/www.africa-press.net\/cotedivoire\/politique\/fierte-nationale-expert-en-amenagement-foncier-global"},"modified":"2026-04-26T11:52:04","modified_gmt":"2026-04-26T11:52:04","slug":"fierte-nationale-expert-en-amenagement-foncier-global","status":"publish","type":"post","link":"https:\/\/www.africa-press.net\/cotedivoire\/toutes-les-actualites\/fierte-nationale-expert-en-amenagement-foncier-global","title":{"rendered":"Fierte\u0301 Nationale: Expert en Ame\u0301nagement Foncier Global"},"content":{"rendered":"<p><span style=\"color: #ff6600\"><strong>Africa-Press &#8211; C\u00f4te d&rsquo;Ivoire. <\/strong><\/span>L\u2019excellence ivoirienne continue de rayonner au-dela\u0300 des frontie\u0300res. M. Amed Oued Ouedraogo, Pre\u0301sident Directeur Ge\u0301ne\u0301ral de l\u2019entreprise Orbon Construction, vient d\u2019e\u0302tre officiellement certifie\u0301 et inte\u0301gre\u0301 a\u0300 l\u2019Ordre mondial des experts internationaux (OMEI), une organisation de re\u0301fe\u0301rence base\u0301e a\u0300 Gene\u0300ve, en Suisse.<\/p>\n<p>Originaire de Bouafle\u0301, dans la re\u0301gion de la Marahoue\u0301, ce spe\u0301cialiste du foncier voit ainsi son expertise reconnue a\u0300 l\u2019e\u0301chelle internationale. Cette accre\u0301ditation consacre ses compe\u0301tences en ame\u0301nagement foncier territorial et en gouvernance, et le positionne de\u0301sormais comme un expert habilite\u0301 a\u0300 intervenir aupre\u0300s des gouvernants pour accompagner la gestion et la transformation des territoires.<\/p>\n<p>A\u0300 travers cette reconnaissance, M. Ouedraogo est de\u0301sormais appele\u0301 a\u0300 contribuer au re\u0300glement des conflits fonciers, a\u0300 la promotion foncie\u0300re, ainsi qu\u2019a\u0300 l\u2019orientation strate\u0301gique des politiques publiques en matie\u0300re de gestion du foncier. Une mission d\u2019envergure dans un contexte ou\u0300 les enjeux lie\u0301s a\u0300 l\u2019urbanisation et a\u0300 la se\u0301curisation foncie\u0300re sont de plus en plus cruciaux.<\/p>\n<p>Dans une dynamique de renforcement de capacite\u0301s, il participe depuis le 14 avril 2026 a\u0300 un se\u0301minaire de haut niveau a\u0300 Grenoble, en France, consacre\u0301 a\u0300 \u00ab l\u2019intelligence foncie\u0300re et immobilie\u0300re \u00bb. Une formation qui vise a\u0300 lui permettre de mai\u0302triser les outils innovants et les approches modernes ne\u0301cessaires pour re\u0301pondre efficacement aux de\u0301fis contemporains.<\/p>\n<p>Une reconnaissance accueillie avec e\u0301motion et fierte\u0301<\/p>\n<p>Re\u0301agissant a\u0300 cette distinction, Amed Ouedraogo a exprime\u0301 un sentiment profond de satisfaction et de gratitude.<\/p>\n<p>\u00ab Mes impressions a\u0300 la suite de mon accre\u0301ditation en qualite\u0301 d\u2019Expert en ame\u0301nagement foncier territorial et en gouvernance, c\u2019est d\u2019abord un sentiment de joie et de fierte\u0301 que je ressens. Joie parce que mon courage, ma de\u0301termination et ma re\u0301silience ont fini par payer. Fierte\u0301 parce que c\u2019est toute une nation que je rends fie\u0300re, c\u2019est ma re\u0301gion la Marahoue\u0301, ma ville Bouafle\u0301 et ma famille. Et tous ces honneurs, c\u2019est au Seigneur Je\u0301sus-Christ que je dois tout cela \u00bb, a-t-il confie\u0301.<\/p>\n<p>Dans la Marahoue\u0301, cette reconnaissance suscite une vive admiration. Elle est perc\u0327ue comme une source d\u2019inspiration pour la jeunesse et un levier important pour le de\u0301veloppement local, notamment dans un domaine aussi strate\u0301gique que le foncier.<\/p>\n<p>A\u0300 travers ce parcours exemplaire, Amed Ouedraogo incarne une ge\u0301ne\u0301ration d\u2019Ivoiriens ambitieux et de\u0301termine\u0301s, capables de hisser leur expertise au plus haut niveau tout en restant profonde\u0301ment attache\u0301s a\u0300 leurs racines. Une fierte\u0301 nationale qui honore la Co\u0302te d\u2019Ivoire sur la sce\u0300ne internationale.<\/p>\n<p><strong>Pour plus d&rsquo;informations et d&rsquo;analyses sur la <span style=\"color: #ff6600\">C\u00f4te d&rsquo;Ivoire<\/span>, suivez <span style=\"color: #ff6600\">Africa-Press<\/span><\/strong><\/p>\n","protected":false},"excerpt":{"rendered":"<p>Africa-Press &#8211; C\u00f4te d&rsquo;Ivoire. L\u2019excellence ivoirienne continue de rayonner au-dela\u0300 des frontie\u0300res. M. Amed Oued Ouedraogo, Pre\u0301sident Directeur Ge\u0301ne\u0301ral de l\u2019entreprise Orbon Construction, vient d\u2019e\u0302tre officiellement certifie\u0301 et inte\u0301gre\u0301 a\u0300 l\u2019Ordre mondial des experts internationaux (OMEI), une organisation de re\u0301fe\u0301rence base\u0301e a\u0300 Gene\u0300ve, en Suisse. Originaire de Bouafle\u0301, dans la re\u0301gion de la Marahoue\u0301, ce [&hellip;]<\/p>\n","protected":false},"author":82,"featured_media":115143,"comment_status":"open","ping_status":"closed","sticky":false,"template":"","format":"standard","meta":{"footnotes":""},"categories":[21,10],"tags":[20834,29,947,1549],"class_list":["post-115144","post","type-post","status-publish","format-standard","has-post-thumbnail","hentry","category-communaute","category-toutes-les-actualites","tag-amed-oued-ouedraogo","tag-cote-divoire","tag-foncier","tag-gouvernance"],"yoast_head":"<!-- This site is optimized with the Yoast SEO Premium plugin v26.1 (Yoast SEO v27.0) - https:\/\/yoast.com\/product\/yoast-seo-premium-wordpress\/ -->\n<title>Fierte\u0301 Nationale: Expert en Ame\u0301nagement Foncier Global - C\u00f4te d&#039;Ivoire<\/title>\n<meta name=\"description\" content=\"L\u2019excellence ivoirienne continue de rayonner au-dela\u0300 des frontie\u0300res. M. Amed Oued Ouedraogo, Pre\u0301sident Directeur Ge\u0301n ...\" \/>\n<meta name=\"robots\" content=\"index, follow, max-snippet:-1, max-image-preview:large, max-video-preview:-1\" \/>\n<link rel=\"canonical\" href=\"https:\/\/www.africa-press.net\/cotedivoire\/toutes-les-actualites\/fierte-nationale-expert-en-amenagement-foncier-global\" \/>\n<meta property=\"og:locale\" content=\"fr_FR\" \/>\n<meta property=\"og:type\" content=\"article\" \/>\n<meta property=\"og:title\" content=\"Fierte\u0301 Nationale: Expert en Ame\u0301nagement Foncier Global\" \/>\n<meta property=\"og:description\" content=\"L\u2019excellence ivoirienne continue de rayonner au-dela\u0300 des frontie\u0300res. M. Amed Oued Ouedraogo, Pre\u0301sident Directeur Ge\u0301n ...\" \/>\n<meta property=\"og:url\" content=\"https:\/\/www.africa-press.net\/cotedivoire\/toutes-les-actualites\/fierte-nationale-expert-en-amenagement-foncier-global\" \/>\n<meta property=\"og:site_name\" content=\"C\u00f4te d&#039;Ivoire\" \/>\n<meta property=\"article:published_time\" content=\"2026-04-26T11:28:17+00:00\" \/>\n<meta property=\"article:modified_time\" content=\"2026-04-26T11:52:04+00:00\" \/>\n<meta property=\"og:image\" content=\"https:\/\/static.africa-press.net\/cote\/sites\/43\/2026\/04\/sm_1777190656.864442.jpg\" \/>\n\t<meta property=\"og:image:width\" content=\"720\" \/>\n\t<meta property=\"og:image:height\" content=\"543\" \/>\n\t<meta property=\"og:image:type\" content=\"image\/jpeg\" \/>\n<meta name=\"author\" content=\"cfeditorfr\" \/>\n<meta name=\"twitter:card\" content=\"summary_large_image\" \/>\n<meta name=\"twitter:label1\" content=\"\u00c9crit par\" \/>\n\t<meta name=\"twitter:data1\" content=\"cfeditorfr\" \/>\n\t<meta name=\"twitter:label2\" content=\"Dur\u00e9e de lecture estim\u00e9e\" \/>\n\t<meta name=\"twitter:data2\" content=\"3 minutes\" \/>\n<script type=\"application\/ld+json\" class=\"yoast-schema-graph\">{\"@context\":\"https:\/\/schema.org\",\"@graph\":[{\"@type\":\"Article\",\"@id\":\"https:\/\/www.africa-press.net\/cotedivoire\/toutes-les-actualites\/fierte-nationale-expert-en-amenagement-foncier-global#article\",\"isPartOf\":{\"@id\":\"https:\/\/www.africa-press.net\/cotedivoire\/toutes-les-actualites\/fierte-nationale-expert-en-amenagement-foncier-global\"},\"author\":{\"name\":\"cfeditorfr\",\"@id\":\"https:\/\/www.africa-press.net\/cotedivoire\/#\/schema\/person\/2b1cf3cd81a31e3cd26889ca66d677f1\"},\"headline\":\"Fierte\u0301 Nationale: Expert en Ame\u0301nagement Foncier Global\",\"datePublished\":\"2026-04-26T11:28:17+00:00\",\"dateModified\":\"2026-04-26T11:52:04+00:00\",\"mainEntityOfPage\":{\"@id\":\"https:\/\/www.africa-press.net\/cotedivoire\/toutes-les-actualites\/fierte-nationale-expert-en-amenagement-foncier-global\"},\"wordCount\":488,\"commentCount\":0,\"image\":{\"@id\":\"https:\/\/www.africa-press.net\/cotedivoire\/toutes-les-actualites\/fierte-nationale-expert-en-amenagement-foncier-global#primaryimage\"},\"thumbnailUrl\":\"https:\/\/static.africa-press.net\/cote\/sites\/43\/2026\/04\/sm_1777190656.864442.jpg\",\"keywords\":[\"Amed Oued Ouedraogo\",\"C\u00d4TE D'IVOIRE\",\"foncier\",\"Gouvernance\"],\"articleSection\":[\"Communaut\u00e9\",\"Toutes les actualit\u00e9s\"],\"inLanguage\":\"fr-FR\",\"potentialAction\":[{\"@type\":\"CommentAction\",\"name\":\"Comment\",\"target\":[\"https:\/\/www.africa-press.net\/cotedivoire\/toutes-les-actualites\/fierte-nationale-expert-en-amenagement-foncier-global#respond\"]}]},{\"@type\":\"WebPage\",\"@id\":\"https:\/\/www.africa-press.net\/cotedivoire\/toutes-les-actualites\/fierte-nationale-expert-en-amenagement-foncier-global\",\"url\":\"https:\/\/www.africa-press.net\/cotedivoire\/toutes-les-actualites\/fierte-nationale-expert-en-amenagement-foncier-global\",\"name\":\"Fierte\u0301 Nationale: Expert en Ame\u0301nagement Foncier Global - C\u00f4te d&#039;Ivoire\",\"isPartOf\":{\"@id\":\"https:\/\/www.africa-press.net\/cotedivoire\/#website\"},\"primaryImageOfPage\":{\"@id\":\"https:\/\/www.africa-press.net\/cotedivoire\/toutes-les-actualites\/fierte-nationale-expert-en-amenagement-foncier-global#primaryimage\"},\"image\":{\"@id\":\"https:\/\/www.africa-press.net\/cotedivoire\/toutes-les-actualites\/fierte-nationale-expert-en-amenagement-foncier-global#primaryimage\"},\"thumbnailUrl\":\"https:\/\/static.africa-press.net\/cote\/sites\/43\/2026\/04\/sm_1777190656.864442.jpg\",\"datePublished\":\"2026-04-26T11:28:17+00:00\",\"dateModified\":\"2026-04-26T11:52:04+00:00\",\"author\":{\"@id\":\"https:\/\/www.africa-press.net\/cotedivoire\/#\/schema\/person\/2b1cf3cd81a31e3cd26889ca66d677f1\"},\"description\":\"L\u2019excellence ivoirienne continue de rayonner au-dela\u0300 des frontie\u0300res. M. Amed Oued Ouedraogo, Pre\u0301sident Directeur Ge\u0301n ...\",\"breadcrumb\":{\"@id\":\"https:\/\/www.africa-press.net\/cotedivoire\/toutes-les-actualites\/fierte-nationale-expert-en-amenagement-foncier-global#breadcrumb\"},\"inLanguage\":\"fr-FR\",\"potentialAction\":[{\"@type\":\"ReadAction\",\"target\":[\"https:\/\/www.africa-press.net\/cotedivoire\/toutes-les-actualites\/fierte-nationale-expert-en-amenagement-foncier-global\"]}]},{\"@type\":\"ImageObject\",\"inLanguage\":\"fr-FR\",\"@id\":\"https:\/\/www.africa-press.net\/cotedivoire\/toutes-les-actualites\/fierte-nationale-expert-en-amenagement-foncier-global#primaryimage\",\"url\":\"https:\/\/static.africa-press.net\/cote\/sites\/43\/2026\/04\/sm_1777190656.864442.jpg\",\"contentUrl\":\"https:\/\/static.africa-press.net\/cote\/sites\/43\/2026\/04\/sm_1777190656.864442.jpg\",\"width\":720,\"height\":543,\"caption\":\"Fierte\u0301 Nationale: Expert en Ame\u0301nagement Foncier Global\"},{\"@type\":\"BreadcrumbList\",\"@id\":\"https:\/\/www.africa-press.net\/cotedivoire\/toutes-les-actualites\/fierte-nationale-expert-en-amenagement-foncier-global#breadcrumb\",\"itemListElement\":[{\"@type\":\"ListItem\",\"position\":1,\"name\":\"Accueil\",\"item\":\"https:\/\/www.africa-press.net\/cotedivoire\/\"},{\"@type\":\"ListItem\",\"position\":2,\"name\":\"Fierte\u0301 Nationale: Expert en Ame\u0301nagement Foncier Global\"}]},{\"@type\":\"WebSite\",\"@id\":\"https:\/\/www.africa-press.net\/cotedivoire\/#website\",\"url\":\"https:\/\/www.africa-press.net\/cotedivoire\/\",\"name\":\"C\u00f4te d&#039;Ivoire\",\"description\":\"Just another Africa News Agency Sites site\",\"potentialAction\":[{\"@type\":\"SearchAction\",\"target\":{\"@type\":\"EntryPoint\",\"urlTemplate\":\"https:\/\/www.africa-press.net\/cotedivoire\/?s={search_term_string}\"},\"query-input\":{\"@type\":\"PropertyValueSpecification\",\"valueRequired\":true,\"valueName\":\"search_term_string\"}}],\"inLanguage\":\"fr-FR\"},{\"@type\":\"Person\",\"@id\":\"https:\/\/www.africa-press.net\/cotedivoire\/#\/schema\/person\/2b1cf3cd81a31e3cd26889ca66d677f1\",\"name\":\"cfeditorfr\"}]}<\/script>\n<!-- \/ Yoast SEO Premium plugin. -->","yoast_head_json":{"title":"Fierte\u0301 Nationale: Expert en Ame\u0301nagement Foncier Global - C\u00f4te d&#039;Ivoire","description":"L\u2019excellence ivoirienne continue de rayonner au-dela\u0300 des frontie\u0300res. M. Amed Oued Ouedraogo, Pre\u0301sident Directeur Ge\u0301n ...","robots":{"index":"index","follow":"follow","max-snippet":"max-snippet:-1","max-image-preview":"max-image-preview:large","max-video-preview":"max-video-preview:-1"},"canonical":"https:\/\/www.africa-press.net\/cotedivoire\/toutes-les-actualites\/fierte-nationale-expert-en-amenagement-foncier-global","og_locale":"fr_FR","og_type":"article","og_title":"Fierte\u0301 Nationale: Expert en Ame\u0301nagement Foncier Global","og_description":"L\u2019excellence ivoirienne continue de rayonner au-dela\u0300 des frontie\u0300res. M. Amed Oued Ouedraogo, Pre\u0301sident Directeur Ge\u0301n ...","og_url":"https:\/\/www.africa-press.net\/cotedivoire\/toutes-les-actualites\/fierte-nationale-expert-en-amenagement-foncier-global","og_site_name":"C\u00f4te d&#039;Ivoire","article_published_time":"2026-04-26T11:28:17+00:00","article_modified_time":"2026-04-26T11:52:04+00:00","og_image":[{"width":720,"height":543,"url":"https:\/\/static.africa-press.net\/cote\/sites\/43\/2026\/04\/sm_1777190656.864442.jpg","type":"image\/jpeg"}],"author":"cfeditorfr","twitter_card":"summary_large_image","twitter_misc":{"\u00c9crit par":"cfeditorfr","Dur\u00e9e de lecture estim\u00e9e":"3 minutes"},"schema":{"@context":"https:\/\/schema.org","@graph":[{"@type":"Article","@id":"https:\/\/www.africa-press.net\/cotedivoire\/toutes-les-actualites\/fierte-nationale-expert-en-amenagement-foncier-global#article","isPartOf":{"@id":"https:\/\/www.africa-press.net\/cotedivoire\/toutes-les-actualites\/fierte-nationale-expert-en-amenagement-foncier-global"},"author":{"name":"cfeditorfr","@id":"https:\/\/www.africa-press.net\/cotedivoire\/#\/schema\/person\/2b1cf3cd81a31e3cd26889ca66d677f1"},"headline":"Fierte\u0301 Nationale: Expert en Ame\u0301nagement Foncier Global","datePublished":"2026-04-26T11:28:17+00:00","dateModified":"2026-04-26T11:52:04+00:00","mainEntityOfPage":{"@id":"https:\/\/www.africa-press.net\/cotedivoire\/toutes-les-actualites\/fierte-nationale-expert-en-amenagement-foncier-global"},"wordCount":488,"commentCount":0,"image":{"@id":"https:\/\/www.africa-press.net\/cotedivoire\/toutes-les-actualites\/fierte-nationale-expert-en-amenagement-foncier-global#primaryimage"},"thumbnailUrl":"https:\/\/static.africa-press.net\/cote\/sites\/43\/2026\/04\/sm_1777190656.864442.jpg","keywords":["Amed Oued Ouedraogo","C\u00d4TE D'IVOIRE","foncier","Gouvernance"],"articleSection":["Communaut\u00e9","Toutes les actualit\u00e9s"],"inLanguage":"fr-FR","potentialAction":[{"@type":"CommentAction","name":"Comment","target":["https:\/\/www.africa-press.net\/cotedivoire\/toutes-les-actualites\/fierte-nationale-expert-en-amenagement-foncier-global#respond"]}]},{"@type":"WebPage","@id":"https:\/\/www.africa-press.net\/cotedivoire\/toutes-les-actualites\/fierte-nationale-expert-en-amenagement-foncier-global","url":"https:\/\/www.africa-press.net\/cotedivoire\/toutes-les-actualites\/fierte-nationale-expert-en-amenagement-foncier-global","name":"Fierte\u0301 Nationale: Expert en Ame\u0301nagement Foncier Global - C\u00f4te d&#039;Ivoire","isPartOf":{"@id":"https:\/\/www.africa-press.net\/cotedivoire\/#website"},"primaryImageOfPage":{"@id":"https:\/\/www.africa-press.net\/cotedivoire\/toutes-les-actualites\/fierte-nationale-expert-en-amenagement-foncier-global#primaryimage"},"image":{"@id":"https:\/\/www.africa-press.net\/cotedivoire\/toutes-les-actualites\/fierte-nationale-expert-en-amenagement-foncier-global#primaryimage"},"thumbnailUrl":"https:\/\/static.africa-press.net\/cote\/sites\/43\/2026\/04\/sm_1777190656.864442.jpg","datePublished":"2026-04-26T11:28:17+00:00","dateModified":"2026-04-26T11:52:04+00:00","author":{"@id":"https:\/\/www.africa-press.net\/cotedivoire\/#\/schema\/person\/2b1cf3cd81a31e3cd26889ca66d677f1"},"description":"L\u2019excellence ivoirienne continue de rayonner au-dela\u0300 des frontie\u0300res. M. Amed Oued Ouedraogo, Pre\u0301sident Directeur Ge\u0301n ...","breadcrumb":{"@id":"https:\/\/www.africa-press.net\/cotedivoire\/toutes-les-actualites\/fierte-nationale-expert-en-amenagement-foncier-global#breadcrumb"},"inLanguage":"fr-FR","potentialAction":[{"@type":"ReadAction","target":["https:\/\/www.africa-press.net\/cotedivoire\/toutes-les-actualites\/fierte-nationale-expert-en-amenagement-foncier-global"]}]},{"@type":"ImageObject","inLanguage":"fr-FR","@id":"https:\/\/www.africa-press.net\/cotedivoire\/toutes-les-actualites\/fierte-nationale-expert-en-amenagement-foncier-global#primaryimage","url":"https:\/\/static.africa-press.net\/cote\/sites\/43\/2026\/04\/sm_1777190656.864442.jpg","contentUrl":"https:\/\/static.africa-press.net\/cote\/sites\/43\/2026\/04\/sm_1777190656.864442.jpg","width":720,"height":543,"caption":"Fierte\u0301 Nationale: Expert en Ame\u0301nagement Foncier Global"},{"@type":"BreadcrumbList","@id":"https:\/\/www.africa-press.net\/cotedivoire\/toutes-les-actualites\/fierte-nationale-expert-en-amenagement-foncier-global#breadcrumb","itemListElement":[{"@type":"ListItem","position":1,"name":"Accueil","item":"https:\/\/www.africa-press.net\/cotedivoire\/"},{"@type":"ListItem","position":2,"name":"Fierte\u0301 Nationale: Expert en Ame\u0301nagement Foncier Global"}]},{"@type":"WebSite","@id":"https:\/\/www.africa-press.net\/cotedivoire\/#website","url":"https:\/\/www.africa-press.net\/cotedivoire\/","name":"C\u00f4te d&#039;Ivoire","description":"Just another Africa News Agency Sites site","potentialAction":[{"@type":"SearchAction","target":{"@type":"EntryPoint","urlTemplate":"https:\/\/www.africa-press.net\/cotedivoire\/?s={search_term_string}"},"query-input":{"@type":"PropertyValueSpecification","valueRequired":true,"valueName":"search_term_string"}}],"inLanguage":"fr-FR"},{"@type":"Person","@id":"https:\/\/www.africa-press.net\/cotedivoire\/#\/schema\/person\/2b1cf3cd81a31e3cd26889ca66d677f1","name":"cfeditorfr"}]}},"_links":{"self":[{"href":"https:\/\/www.africa-press.net\/cotedivoire\/wp-json\/wp\/v2\/posts\/115144","targetHints":{"allow":["GET"]}}],"collection":[{"href":"https:\/\/www.africa-press.net\/cotedivoire\/wp-json\/wp\/v2\/posts"}],"about":[{"href":"https:\/\/www.africa-press.net\/cotedivoire\/wp-json\/wp\/v2\/types\/post"}],"author":[{"embeddable":true,"href":"https:\/\/www.africa-press.net\/cotedivoire\/wp-json\/wp\/v2\/users\/82"}],"replies":[{"embeddable":true,"href":"https:\/\/www.africa-press.net\/cotedivoire\/wp-json\/wp\/v2\/comments?post=115144"}],"version-history":[{"count":1,"href":"https:\/\/www.africa-press.net\/cotedivoire\/wp-json\/wp\/v2\/posts\/115144\/revisions"}],"predecessor-version":[{"id":115151,"href":"https:\/\/www.africa-press.net\/cotedivoire\/wp-json\/wp\/v2\/posts\/115144\/revisions\/115151"}],"wp:featuredmedia":[{"embeddable":true,"href":"https:\/\/www.africa-press.net\/cotedivoire\/wp-json\/wp\/v2\/media\/115143"}],"wp:attachment":[{"href":"https:\/\/www.africa-press.net\/cotedivoire\/wp-json\/wp\/v2\/media?parent=115144"}],"wp:term":[{"taxonomy":"category","embeddable":true,"href":"https:\/\/www.africa-press.net\/cotedivoire\/wp-json\/wp\/v2\/categories?post=115144"},{"taxonomy":"post_tag","embeddable":true,"href":"https:\/\/www.africa-press.net\/cotedivoire\/wp-json\/wp\/v2\/tags?post=115144"}],"curies":[{"name":"wp","href":"https:\/\/api.w.org\/{rel}","templated":true}]}}