{"id":115146,"date":"2026-04-26T11:25:15","date_gmt":"2026-04-26T11:25:15","guid":{"rendered":"https:\/\/www.africa-press.net\/cotedivoire\/politique\/polemique-sur-les-105-milliards-des-ecoles-privees"},"modified":"2026-04-26T11:52:20","modified_gmt":"2026-04-26T11:52:20","slug":"polemique-sur-les-105-milliards-des-ecoles-privees","status":"publish","type":"post","link":"https:\/\/www.africa-press.net\/cotedivoire\/economie\/polemique-sur-les-105-milliards-des-ecoles-privees","title":{"rendered":"Pol\u00e9mique sur les 105 milliards des \u00e9coles priv\u00e9es"},"content":{"rendered":"<p><span style=\"color: #ff6600\"><strong>Africa-Press &#8211; C\u00f4te d&rsquo;Ivoire. <\/strong><\/span>La pole\u0301mique enfle autour des retards de paiement des subventions accorde\u0301es aux e\u0301tablissements prive\u0301s en Co\u0302te d\u2019Ivoire. Alors que les fondateurs d\u2019e\u0301coles de\u0301noncent une dette de 105 milliards de francs CFA et alertent sur un risque d\u2019asphyxie du syste\u0300me e\u0301ducatif, le Tre\u0301sor public apporte des clarifications et rejette toute responsabilite\u0301 directe dans ces retards.<\/p>\n<p>La Coordination des fai\u0302tie\u0300res du secteur e\u0301ducation-formation tire la sonnette d\u2019alarme. Selon ses responsables, l\u2019E\u0301tat n\u2019aurait re\u0301gle\u0301 que 15 milliards de francs CFA sur un budget global de 120 milliards destine\u0301 a\u0300 l\u2019anne\u0301e scolaire 2024-2025. Le reste, soit 105 milliards, demeure impaye\u0301.<\/p>\n<p>\u00ab Nous faisons face a\u0300 une situation d\u2019une extre\u0302me gravite\u0301 qui menace la survie me\u0302me de l\u2019e\u0301cole ivoirienne \u00bb, a de\u0301clare\u0301 leur porte-parole, Bety Effinistand. De son co\u0302te\u0301, le pre\u0301sident de la FENEPLACI, Karamoko Ibrahim, e\u0301voque des retards accumule\u0301s sur plus de deux ans, pointant du doigt un circuit de paiement juge\u0301 anormalement long.<\/p>\n<p>Conse\u0301quences imme\u0301diates: salaires en retard, factures impaye\u0301es et fonctionnement au ralenti. Plusieurs e\u0301tablissements seraient aujourd\u2019hui au bord de la faillite.<\/p>\n<p>Face a\u0300 ces accusations, le Tre\u0301sor public ivoirien tient a\u0300 pre\u0301ciser que les retards ne rele\u0300vent pas de sa responsabilite\u0301 directe. Selon ses explications, le processus de paiement des subventions commence par un engagement pre\u0301alable des ministe\u0300res techniques concerne\u0301s. Or, ces ministe\u0300res fonctionnent selon un me\u0301canisme dit \u00ab anne\u0301e n+1 \u00bb. Concre\u0300tement, les subventions actuellement en cours de paiement concernent l\u2019anne\u0301e scolaire 2024-2025 et sont engage\u0301es avec un de\u0301calage budge\u0301taire.<\/p>\n<p>\u00ab Le Tre\u0301sor attend que les ministe\u0300res techniques effectuent leurs engagements et les transmettent avant de proce\u0301der aux paiements \u00bb, indique-t-on.<\/p>\n<p>L\u2019institution affirme par ailleurs, qu\u2019a\u0300 la date actuelle, aucun arrie\u0301re\u0301 de paiement n\u2019est enregistre\u0301 dans ses services.<\/p>\n<p>Dans un souci de transparence, le Tre\u0301sor met en avant l\u2019existence d\u2019une plateforme collaborative permettant aux fondateurs d\u2019e\u0301tablissements de suivre en temps re\u0301el l\u2019e\u0301tat de leurs mandats.<\/p>\n<p>L\u2019objectif affiche\u0301 est clair: rassurer les acteurs du secteur e\u0301ducatif et renforcer la confiance. Le Tre\u0301sor insiste e\u0301galement sur son engagement a\u0300 honorer ses obligations envers les citoyens, conforme\u0301ment au principe de redevabilite\u0301 pro\u0302ne\u0301 par son Directeur ge\u0301ne\u0301ral, Arthur Ahoussi.<\/p>\n<p>Le secteur prive\u0301 joue un ro\u0302le majeur dans le syste\u0300me e\u0301ducatif ivoirien, scolarisant plus de 60 % des e\u0301le\u0300ves a\u0300 travers plus de 3 000 e\u0301tablissements. A\u0300 l\u2019approche des examens, la situation devient pre\u0301occupante. Les fondateurs re\u0301clament l\u2019apurement imme\u0301diat de la dette, une meilleure fluidite\u0301 des paiements et l\u2019ouverture d\u2019un dialogue constructif avec l\u2019E\u0301tat.<\/p>\n<p><strong>Pour plus d&rsquo;informations et d&rsquo;analyses sur la <span style=\"color: #ff6600\">C\u00f4te d&rsquo;Ivoire<\/span>, suivez <span style=\"color: #ff6600\">Africa-Press<\/span><\/strong><\/p>\n","protected":false},"excerpt":{"rendered":"<p>Africa-Press &#8211; C\u00f4te d&rsquo;Ivoire. La pole\u0301mique enfle autour des retards de paiement des subventions accorde\u0301es aux e\u0301tablissements prive\u0301s en Co\u0302te d\u2019Ivoire. Alors que les fondateurs d\u2019e\u0301coles de\u0301noncent une dette de 105 milliards de francs CFA et alertent sur un risque d\u2019asphyxie du syste\u0300me e\u0301ducatif, le Tre\u0301sor public apporte des clarifications et rejette toute responsabilite\u0301 directe [&hellip;]<\/p>\n","protected":false},"author":82,"featured_media":115145,"comment_status":"open","ping_status":"closed","sticky":false,"template":"","format":"standard","meta":{"footnotes":""},"categories":[3,10],"tags":[29,2451,16767,86,3467,3316,2791,8301,6073],"class_list":["post-115146","post","type-post","status-publish","format-standard","has-post-thumbnail","hentry","category-economie","category-toutes-les-actualites","tag-cote-divoire","tag-dette","tag-ecoles-privees","tag-education","tag-feneplaci","tag-publique","tag-scolaires","tag-subventions","tag-tresor-public"],"yoast_head":"<!-- This site is optimized with the Yoast SEO Premium plugin v26.1 (Yoast SEO v27.0) - https:\/\/yoast.com\/product\/yoast-seo-premium-wordpress\/ -->\n<title>Pol\u00e9mique sur les 105 milliards des \u00e9coles priv\u00e9es - C\u00f4te d&#039;Ivoire<\/title>\n<meta name=\"description\" content=\"La pole\u0301mique enfle autour des retards de paiement des subventions accorde\u0301es aux e\u0301tablissements prive\u0301s en Co\u0302te d\u2019Ivo ...\" \/>\n<meta name=\"robots\" content=\"index, follow, max-snippet:-1, max-image-preview:large, max-video-preview:-1\" \/>\n<link rel=\"canonical\" href=\"https:\/\/www.africa-press.net\/cotedivoire\/economie\/polemique-sur-les-105-milliards-des-ecoles-privees\" \/>\n<meta property=\"og:locale\" content=\"fr_FR\" \/>\n<meta property=\"og:type\" content=\"article\" \/>\n<meta property=\"og:title\" content=\"Pol\u00e9mique sur les 105 milliards des \u00e9coles priv\u00e9es\" \/>\n<meta property=\"og:description\" content=\"La pole\u0301mique enfle autour des retards de paiement des subventions accorde\u0301es aux e\u0301tablissements prive\u0301s en Co\u0302te d\u2019Ivo ...\" \/>\n<meta property=\"og:url\" content=\"https:\/\/www.africa-press.net\/cotedivoire\/economie\/polemique-sur-les-105-milliards-des-ecoles-privees\" \/>\n<meta property=\"og:site_name\" content=\"C\u00f4te d&#039;Ivoire\" \/>\n<meta property=\"article:published_time\" content=\"2026-04-26T11:25:15+00:00\" \/>\n<meta property=\"article:modified_time\" content=\"2026-04-26T11:52:20+00:00\" \/>\n<meta property=\"og:image\" content=\"https:\/\/static.africa-press.net\/cote\/sites\/43\/2026\/04\/sm_1777190809.145807.jpg\" \/>\n\t<meta property=\"og:image:width\" content=\"720\" \/>\n\t<meta property=\"og:image:height\" content=\"345\" \/>\n\t<meta property=\"og:image:type\" content=\"image\/jpeg\" \/>\n<meta name=\"author\" content=\"cfeditorfr\" \/>\n<meta name=\"twitter:card\" content=\"summary_large_image\" \/>\n<meta name=\"twitter:label1\" content=\"\u00c9crit par\" \/>\n\t<meta name=\"twitter:data1\" content=\"cfeditorfr\" \/>\n\t<meta name=\"twitter:label2\" content=\"Dur\u00e9e de lecture estim\u00e9e\" \/>\n\t<meta name=\"twitter:data2\" content=\"3 minutes\" \/>\n<script type=\"application\/ld+json\" class=\"yoast-schema-graph\">{\"@context\":\"https:\/\/schema.org\",\"@graph\":[{\"@type\":\"Article\",\"@id\":\"https:\/\/www.africa-press.net\/cotedivoire\/economie\/polemique-sur-les-105-milliards-des-ecoles-privees#article\",\"isPartOf\":{\"@id\":\"https:\/\/www.africa-press.net\/cotedivoire\/economie\/polemique-sur-les-105-milliards-des-ecoles-privees\"},\"author\":{\"name\":\"cfeditorfr\",\"@id\":\"https:\/\/www.africa-press.net\/cotedivoire\/#\/schema\/person\/2b1cf3cd81a31e3cd26889ca66d677f1\"},\"headline\":\"Pol\u00e9mique sur les 105 milliards des \u00e9coles priv\u00e9es\",\"datePublished\":\"2026-04-26T11:25:15+00:00\",\"dateModified\":\"2026-04-26T11:52:20+00:00\",\"mainEntityOfPage\":{\"@id\":\"https:\/\/www.africa-press.net\/cotedivoire\/economie\/polemique-sur-les-105-milliards-des-ecoles-privees\"},\"wordCount\":506,\"commentCount\":0,\"image\":{\"@id\":\"https:\/\/www.africa-press.net\/cotedivoire\/economie\/polemique-sur-les-105-milliards-des-ecoles-privees#primaryimage\"},\"thumbnailUrl\":\"https:\/\/static.africa-press.net\/cote\/sites\/43\/2026\/04\/sm_1777190809.145807.jpg\",\"keywords\":[\"C\u00d4TE D'IVOIRE\",\"dette\",\"\u00c9coles priv\u00e9es\",\"\u00c9ducation\",\"FENEPLACI\",\"Publique\",\"scolaires\",\"subventions\",\"tr\u00e9sor public\"],\"articleSection\":[\"\u00c9conomie\",\"Toutes les actualit\u00e9s\"],\"inLanguage\":\"fr-FR\",\"potentialAction\":[{\"@type\":\"CommentAction\",\"name\":\"Comment\",\"target\":[\"https:\/\/www.africa-press.net\/cotedivoire\/economie\/polemique-sur-les-105-milliards-des-ecoles-privees#respond\"]}]},{\"@type\":\"WebPage\",\"@id\":\"https:\/\/www.africa-press.net\/cotedivoire\/economie\/polemique-sur-les-105-milliards-des-ecoles-privees\",\"url\":\"https:\/\/www.africa-press.net\/cotedivoire\/economie\/polemique-sur-les-105-milliards-des-ecoles-privees\",\"name\":\"Pol\u00e9mique sur les 105 milliards des \u00e9coles priv\u00e9es - C\u00f4te d&#039;Ivoire\",\"isPartOf\":{\"@id\":\"https:\/\/www.africa-press.net\/cotedivoire\/#website\"},\"primaryImageOfPage\":{\"@id\":\"https:\/\/www.africa-press.net\/cotedivoire\/economie\/polemique-sur-les-105-milliards-des-ecoles-privees#primaryimage\"},\"image\":{\"@id\":\"https:\/\/www.africa-press.net\/cotedivoire\/economie\/polemique-sur-les-105-milliards-des-ecoles-privees#primaryimage\"},\"thumbnailUrl\":\"https:\/\/static.africa-press.net\/cote\/sites\/43\/2026\/04\/sm_1777190809.145807.jpg\",\"datePublished\":\"2026-04-26T11:25:15+00:00\",\"dateModified\":\"2026-04-26T11:52:20+00:00\",\"author\":{\"@id\":\"https:\/\/www.africa-press.net\/cotedivoire\/#\/schema\/person\/2b1cf3cd81a31e3cd26889ca66d677f1\"},\"description\":\"La pole\u0301mique enfle autour des retards de paiement des subventions accorde\u0301es aux e\u0301tablissements prive\u0301s en Co\u0302te d\u2019Ivo ...\",\"breadcrumb\":{\"@id\":\"https:\/\/www.africa-press.net\/cotedivoire\/economie\/polemique-sur-les-105-milliards-des-ecoles-privees#breadcrumb\"},\"inLanguage\":\"fr-FR\",\"potentialAction\":[{\"@type\":\"ReadAction\",\"target\":[\"https:\/\/www.africa-press.net\/cotedivoire\/economie\/polemique-sur-les-105-milliards-des-ecoles-privees\"]}]},{\"@type\":\"ImageObject\",\"inLanguage\":\"fr-FR\",\"@id\":\"https:\/\/www.africa-press.net\/cotedivoire\/economie\/polemique-sur-les-105-milliards-des-ecoles-privees#primaryimage\",\"url\":\"https:\/\/static.africa-press.net\/cote\/sites\/43\/2026\/04\/sm_1777190809.145807.jpg\",\"contentUrl\":\"https:\/\/static.africa-press.net\/cote\/sites\/43\/2026\/04\/sm_1777190809.145807.jpg\",\"width\":720,\"height\":345,\"caption\":\"Pol\u00e9mique sur les 105 milliards des \u00e9coles priv\u00e9es\"},{\"@type\":\"BreadcrumbList\",\"@id\":\"https:\/\/www.africa-press.net\/cotedivoire\/economie\/polemique-sur-les-105-milliards-des-ecoles-privees#breadcrumb\",\"itemListElement\":[{\"@type\":\"ListItem\",\"position\":1,\"name\":\"Accueil\",\"item\":\"https:\/\/www.africa-press.net\/cotedivoire\/\"},{\"@type\":\"ListItem\",\"position\":2,\"name\":\"Pol\u00e9mique sur les 105 milliards des \u00e9coles priv\u00e9es\"}]},{\"@type\":\"WebSite\",\"@id\":\"https:\/\/www.africa-press.net\/cotedivoire\/#website\",\"url\":\"https:\/\/www.africa-press.net\/cotedivoire\/\",\"name\":\"C\u00f4te d&#039;Ivoire\",\"description\":\"Just another Africa News Agency Sites site\",\"potentialAction\":[{\"@type\":\"SearchAction\",\"target\":{\"@type\":\"EntryPoint\",\"urlTemplate\":\"https:\/\/www.africa-press.net\/cotedivoire\/?s={search_term_string}\"},\"query-input\":{\"@type\":\"PropertyValueSpecification\",\"valueRequired\":true,\"valueName\":\"search_term_string\"}}],\"inLanguage\":\"fr-FR\"},{\"@type\":\"Person\",\"@id\":\"https:\/\/www.africa-press.net\/cotedivoire\/#\/schema\/person\/2b1cf3cd81a31e3cd26889ca66d677f1\",\"name\":\"cfeditorfr\"}]}<\/script>\n<!-- \/ Yoast SEO Premium plugin. -->","yoast_head_json":{"title":"Pol\u00e9mique sur les 105 milliards des \u00e9coles priv\u00e9es - C\u00f4te d&#039;Ivoire","description":"La pole\u0301mique enfle autour des retards de paiement des subventions accorde\u0301es aux e\u0301tablissements prive\u0301s en Co\u0302te d\u2019Ivo ...","robots":{"index":"index","follow":"follow","max-snippet":"max-snippet:-1","max-image-preview":"max-image-preview:large","max-video-preview":"max-video-preview:-1"},"canonical":"https:\/\/www.africa-press.net\/cotedivoire\/economie\/polemique-sur-les-105-milliards-des-ecoles-privees","og_locale":"fr_FR","og_type":"article","og_title":"Pol\u00e9mique sur les 105 milliards des \u00e9coles priv\u00e9es","og_description":"La pole\u0301mique enfle autour des retards de paiement des subventions accorde\u0301es aux e\u0301tablissements prive\u0301s en Co\u0302te d\u2019Ivo ...","og_url":"https:\/\/www.africa-press.net\/cotedivoire\/economie\/polemique-sur-les-105-milliards-des-ecoles-privees","og_site_name":"C\u00f4te d&#039;Ivoire","article_published_time":"2026-04-26T11:25:15+00:00","article_modified_time":"2026-04-26T11:52:20+00:00","og_image":[{"width":720,"height":345,"url":"https:\/\/static.africa-press.net\/cote\/sites\/43\/2026\/04\/sm_1777190809.145807.jpg","type":"image\/jpeg"}],"author":"cfeditorfr","twitter_card":"summary_large_image","twitter_misc":{"\u00c9crit par":"cfeditorfr","Dur\u00e9e de lecture estim\u00e9e":"3 minutes"},"schema":{"@context":"https:\/\/schema.org","@graph":[{"@type":"Article","@id":"https:\/\/www.africa-press.net\/cotedivoire\/economie\/polemique-sur-les-105-milliards-des-ecoles-privees#article","isPartOf":{"@id":"https:\/\/www.africa-press.net\/cotedivoire\/economie\/polemique-sur-les-105-milliards-des-ecoles-privees"},"author":{"name":"cfeditorfr","@id":"https:\/\/www.africa-press.net\/cotedivoire\/#\/schema\/person\/2b1cf3cd81a31e3cd26889ca66d677f1"},"headline":"Pol\u00e9mique sur les 105 milliards des \u00e9coles priv\u00e9es","datePublished":"2026-04-26T11:25:15+00:00","dateModified":"2026-04-26T11:52:20+00:00","mainEntityOfPage":{"@id":"https:\/\/www.africa-press.net\/cotedivoire\/economie\/polemique-sur-les-105-milliards-des-ecoles-privees"},"wordCount":506,"commentCount":0,"image":{"@id":"https:\/\/www.africa-press.net\/cotedivoire\/economie\/polemique-sur-les-105-milliards-des-ecoles-privees#primaryimage"},"thumbnailUrl":"https:\/\/static.africa-press.net\/cote\/sites\/43\/2026\/04\/sm_1777190809.145807.jpg","keywords":["C\u00d4TE D'IVOIRE","dette","\u00c9coles priv\u00e9es","\u00c9ducation","FENEPLACI","Publique","scolaires","subventions","tr\u00e9sor public"],"articleSection":["\u00c9conomie","Toutes les actualit\u00e9s"],"inLanguage":"fr-FR","potentialAction":[{"@type":"CommentAction","name":"Comment","target":["https:\/\/www.africa-press.net\/cotedivoire\/economie\/polemique-sur-les-105-milliards-des-ecoles-privees#respond"]}]},{"@type":"WebPage","@id":"https:\/\/www.africa-press.net\/cotedivoire\/economie\/polemique-sur-les-105-milliards-des-ecoles-privees","url":"https:\/\/www.africa-press.net\/cotedivoire\/economie\/polemique-sur-les-105-milliards-des-ecoles-privees","name":"Pol\u00e9mique sur les 105 milliards des \u00e9coles priv\u00e9es - C\u00f4te d&#039;Ivoire","isPartOf":{"@id":"https:\/\/www.africa-press.net\/cotedivoire\/#website"},"primaryImageOfPage":{"@id":"https:\/\/www.africa-press.net\/cotedivoire\/economie\/polemique-sur-les-105-milliards-des-ecoles-privees#primaryimage"},"image":{"@id":"https:\/\/www.africa-press.net\/cotedivoire\/economie\/polemique-sur-les-105-milliards-des-ecoles-privees#primaryimage"},"thumbnailUrl":"https:\/\/static.africa-press.net\/cote\/sites\/43\/2026\/04\/sm_1777190809.145807.jpg","datePublished":"2026-04-26T11:25:15+00:00","dateModified":"2026-04-26T11:52:20+00:00","author":{"@id":"https:\/\/www.africa-press.net\/cotedivoire\/#\/schema\/person\/2b1cf3cd81a31e3cd26889ca66d677f1"},"description":"La pole\u0301mique enfle autour des retards de paiement des subventions accorde\u0301es aux e\u0301tablissements prive\u0301s en Co\u0302te d\u2019Ivo ...","breadcrumb":{"@id":"https:\/\/www.africa-press.net\/cotedivoire\/economie\/polemique-sur-les-105-milliards-des-ecoles-privees#breadcrumb"},"inLanguage":"fr-FR","potentialAction":[{"@type":"ReadAction","target":["https:\/\/www.africa-press.net\/cotedivoire\/economie\/polemique-sur-les-105-milliards-des-ecoles-privees"]}]},{"@type":"ImageObject","inLanguage":"fr-FR","@id":"https:\/\/www.africa-press.net\/cotedivoire\/economie\/polemique-sur-les-105-milliards-des-ecoles-privees#primaryimage","url":"https:\/\/static.africa-press.net\/cote\/sites\/43\/2026\/04\/sm_1777190809.145807.jpg","contentUrl":"https:\/\/static.africa-press.net\/cote\/sites\/43\/2026\/04\/sm_1777190809.145807.jpg","width":720,"height":345,"caption":"Pol\u00e9mique sur les 105 milliards des \u00e9coles priv\u00e9es"},{"@type":"BreadcrumbList","@id":"https:\/\/www.africa-press.net\/cotedivoire\/economie\/polemique-sur-les-105-milliards-des-ecoles-privees#breadcrumb","itemListElement":[{"@type":"ListItem","position":1,"name":"Accueil","item":"https:\/\/www.africa-press.net\/cotedivoire\/"},{"@type":"ListItem","position":2,"name":"Pol\u00e9mique sur les 105 milliards des \u00e9coles priv\u00e9es"}]},{"@type":"WebSite","@id":"https:\/\/www.africa-press.net\/cotedivoire\/#website","url":"https:\/\/www.africa-press.net\/cotedivoire\/","name":"C\u00f4te d&#039;Ivoire","description":"Just another Africa News Agency Sites site","potentialAction":[{"@type":"SearchAction","target":{"@type":"EntryPoint","urlTemplate":"https:\/\/www.africa-press.net\/cotedivoire\/?s={search_term_string}"},"query-input":{"@type":"PropertyValueSpecification","valueRequired":true,"valueName":"search_term_string"}}],"inLanguage":"fr-FR"},{"@type":"Person","@id":"https:\/\/www.africa-press.net\/cotedivoire\/#\/schema\/person\/2b1cf3cd81a31e3cd26889ca66d677f1","name":"cfeditorfr"}]}},"_links":{"self":[{"href":"https:\/\/www.africa-press.net\/cotedivoire\/wp-json\/wp\/v2\/posts\/115146","targetHints":{"allow":["GET"]}}],"collection":[{"href":"https:\/\/www.africa-press.net\/cotedivoire\/wp-json\/wp\/v2\/posts"}],"about":[{"href":"https:\/\/www.africa-press.net\/cotedivoire\/wp-json\/wp\/v2\/types\/post"}],"author":[{"embeddable":true,"href":"https:\/\/www.africa-press.net\/cotedivoire\/wp-json\/wp\/v2\/users\/82"}],"replies":[{"embeddable":true,"href":"https:\/\/www.africa-press.net\/cotedivoire\/wp-json\/wp\/v2\/comments?post=115146"}],"version-history":[{"count":1,"href":"https:\/\/www.africa-press.net\/cotedivoire\/wp-json\/wp\/v2\/posts\/115146\/revisions"}],"predecessor-version":[{"id":115152,"href":"https:\/\/www.africa-press.net\/cotedivoire\/wp-json\/wp\/v2\/posts\/115146\/revisions\/115152"}],"wp:featuredmedia":[{"embeddable":true,"href":"https:\/\/www.africa-press.net\/cotedivoire\/wp-json\/wp\/v2\/media\/115145"}],"wp:attachment":[{"href":"https:\/\/www.africa-press.net\/cotedivoire\/wp-json\/wp\/v2\/media?parent=115146"}],"wp:term":[{"taxonomy":"category","embeddable":true,"href":"https:\/\/www.africa-press.net\/cotedivoire\/wp-json\/wp\/v2\/categories?post=115146"},{"taxonomy":"post_tag","embeddable":true,"href":"https:\/\/www.africa-press.net\/cotedivoire\/wp-json\/wp\/v2\/tags?post=115146"}],"curies":[{"name":"wp","href":"https:\/\/api.w.org\/{rel}","templated":true}]}}