{"id":115154,"date":"2026-04-26T11:46:19","date_gmt":"2026-04-26T11:46:19","guid":{"rendered":"https:\/\/www.africa-press.net\/cotedivoire\/politique\/dans-le-jardin-des-envahisseurs-venus-de-loin"},"modified":"2026-04-26T12:01:23","modified_gmt":"2026-04-26T12:01:23","slug":"dans-le-jardin-des-envahisseurs-venus-de-loin","status":"publish","type":"post","link":"https:\/\/www.africa-press.net\/cotedivoire\/toutes-les-actualites\/dans-le-jardin-des-envahisseurs-venus-de-loin","title":{"rendered":"Dans le jardin, des envahisseurs venus de loin"},"content":{"rendered":"<p><span style=\"color: #ff6600\"><strong>Africa-Press &#8211; C\u00f4te d&rsquo;Ivoire. <\/strong><\/span>Cet article de Riva Brinet-Spiesser est issu du magazine Les Dossiers de Sciences et Avenir n\u00b0225 date\u0301 avril\/juin 2026.<\/p>\n<p>Tailler la haie et de\u0301couvrir un nid de frelons asiatiques. De\u0301terrer les carottes et tomber nez a\u0300 nez avec une colonie de punaises diaboliques. Autant de de\u0301sagre\u0301ments dont on se passerait bien. Autrefois qualifie\u0301es d&rsquo;invasives, ces petites be\u0302tes &#8211; le plus souvent des insectes &#8211; re\u0301pondent aujourd&rsquo;hui a\u0300 l&rsquo;appellation d&rsquo;espe\u0300ces exotiques envahissantes. Elles viennent de loin, s&rsquo;installent dans un coin du jardin ou sur un balcon fleuri et se reproduisent activement. Quels ravages causent-elles? Comment s&rsquo;en de\u0301barrasser? Et pourquoi aiment-elles tant nos lopins de terre?<\/p>\n<p>D&rsquo;apre\u0300s la Plateforme intergouvernementale scientifique et politique sur la biodiversite\u0301 et les services e\u0301cosyste\u0301miques (IPBES), 3.500 espe\u0300ces dans le monde sont conside\u0301re\u0301es comme envahissantes, c&rsquo;est-a\u0300-dire de\u0301place\u0301es de leur aire de re\u0301partition naturelle par l&rsquo;activite\u0301 humaine. Leur nombre n&rsquo;a cesse\u0301 de croi\u0302tre avec l&rsquo;acce\u0301le\u0301ration du commerce mondial. Une fois sur place, elles se multiplient et constituent un danger a\u0300 la fois pour les humains (transmission de virus par les moustiques, agressivite\u0301 des frelons&#8230;) et pour la biodiversite\u0301 (par la pre\u0301dation d&rsquo;autres espe\u0300ces qui, a\u0300 long terme, modifie les e\u0301cosyste\u0300mes). En cause, l&rsquo;absence de pre\u0301dateurs et de parasites dans les re\u0301gions d&rsquo;accueil. \u00ab\u00a0Chez elles, ces espe\u0300ces sont discre\u0300tes au point, parfois, de n&rsquo;avoir jamais fait l&rsquo;objet de description scientifique. Ici, en l&rsquo;absence d&rsquo;ennemi, elles prolife\u0300rent sans limite\u00a0\u00bb, remarque Jean-Lou Justine, professeur au Muse\u0301um national d&rsquo;histoire naturelle (MNHN). C&rsquo;est le cas du frelon asiatique, dont une colonie donne naissance a\u0300 1.500 reines fondatrices par cycle de reproduction.<\/p>\n<p>Sur les 37.000 espe\u0300ces exotiques introduites par les activite\u0301s humaines, moins de 10 % d&rsquo;entre elles causent des de\u0301ga\u0302ts. \u00ab\u00a0Mais leur impact est colossal\u00a0\u00bb, pre\u0301vient Ce\u0301line Bellard, charge\u0301e de recherche CNRS en e\u0301cologie a\u0300 l&rsquo;universite\u0301 Paris-Saclay. La dernie\u0300re arrive\u0301e sur le sol hexagonal se nomme Wasmannia auropunctata, plus connue sous le nom de fourmi e\u0301lectrique, en re\u0301fe\u0301rence a\u0300 la sensation de de\u0301charge que procurent ses piqu\u0302res, qui peuvent provoquer une irritation ou des bru\u0302lures, voire un choc anaphylactique en cas d&rsquo;allergie. Cette fourmi de couleur orange\u0301e, mesurant a\u0300 peine 1 millime\u0300tre, figure sur la liste des espe\u0300ces pre\u0301occupantes de l&rsquo;Union europe\u0301enne.<\/p>\n<p>Arrive\u0301e dans une cargaison de plantes en provenance d&rsquo;Amazonie, elle est de\u0301tecte\u0301e a\u0300 Toulon (Var) en octobre 2022 puis, deux ans plus tard, a\u0300 cinquante kilome\u0300tres de la\u0300, a\u0300 La Croix-Valmer. La\u0300 ou\u0300 elle s&rsquo;est e\u0301tablie, \u00ab\u00a0les particuliers ne peuvent plus profiter de leur jardin, au risque de se faire piquer constamment\u00a0\u00bb, raconte Quentin Rome, entomologiste au MNHN. Ceci, sans compter les autres fourmis et les nids d&rsquo;oiseaux qu&rsquo;elle de\u0301cime.<\/p>\n<p>Inutile cependant de s&rsquo;e\u0301quiper d&rsquo;insecticides en vente dans le commerce. Seule une lutte organise\u0301e a\u0300 l&rsquo;e\u0301chelle du foyer d&rsquo;infestation &#8211; et non des jardins &#8211; avec des insecticides calibre\u0301s pour cette espe\u0300ce peut fonctionner. Elle a de\u0301bute\u0301 dans le Var. \u00ab\u00a0Nous avons re\u0301agi vite, ce qui laisse espe\u0301rer une possible e\u0301radication\u00a0\u00bb, reprend le chercheur. Une course contre la montre afin d&rsquo;e\u0301viter une invasion, comme celle de Tapinoma magnum, autre espe\u0300ce de fourmi arrive\u0301e dans les anne\u0301es 2000.<\/p>\n<p>Depuis, dans l\u2019ouest de la France, elle ravage les cultures marai\u0302che\u0300res et les potagers ou\u0300 elle pratique \u00ab\u00a0l\u2019e\u0301levage\u00a0\u00bb de pucerons. Redoute\u0301 lui aussi, et liste\u0301 a\u0300 l\u2019inventaire europe\u0301en, le frelon a\u0300 pattes jaunes (Vespa velutina), dit frelon asiatique. En vingt ans, il a colonise\u0301 tous les de\u0301partements franc\u0327ais, constituant une menace pour les abeilles domestiques. Sa tactique: rester en vol stationnaire au-dessus des ruches et empe\u0302cher les butineuses de sortir. \u00ab\u00a0Il faudrait que nos abeilles maintiennent une activite\u0301 en sa pre\u0301sence\u00a0\u00bb, lance Quentin Rome. Et qu\u2019elles s\u2019inspirent des techniques de de\u0301fense des abeilles asiatiques.<\/p>\n<p>La\u0300-bas, celles-ci pratiquent une ola vibratoire qui effraie les frelons, mais aussi le heat-balling: regroupe\u0301es en une boule compacte autour du frelon, les abeilles l\u2019e\u0301touffent par leur chaleur. Si les piqu\u0302res de frelon ne sont pas plus dangereuses que celles des autres hyme\u0301nopte\u0300res, mieux vaut tout de me\u0302me s\u2019en me\u0301fier. Ces insectes peuvent devenir agressifs de\u0300s lors qu\u2019on s\u2019approche d\u2019eux. \u00ab\u00a0Les accidents surviennent notamment lorsqu&rsquo;on taille une haie, au printemps, car certains nids sont a\u0300 hauteur d&rsquo;humain\u00a0\u00bb, poursuit l&rsquo;expert, qui recommande de contacter la mairie dans ce cas &#8211; sans qu&rsquo;elle soit tenue de les e\u0301liminer.<\/p>\n<p><b>Pie\u0301ger le frelon asiatique<\/b><\/p>\n<p>Depuis son arrive\u0301e en 2004, le frelon asiatique a conquis toute la France, attaquant les ruches mais aussi la petite faune sauvage (mouches, gue\u0302pes, abeilles sauvages&#8230; ). Il serait tentant de vouloir bouter l&rsquo;inde\u0301sirable hors de nos jardins pour offrir un peu de re\u0301pit a\u0300 la biodiversite\u0301 autochtone. Sauf que cela passe le plus souvent par la mise en place de pie\u0300ges artisanaux &#8211; notamment a\u0300 base de bouteilles en plastique de\u0301coupe\u0301es &#8211; qui s&rsquo;ave\u0300rent de\u0301vastateurs pour cette me\u0302me faune locale. Il existe bien, dans le commerce, des pie\u0300ges dits se\u0301lectifs, mais ils cou\u0302tent cher et peuvent malgre\u0301 tout capturer d&rsquo;autres insectes.<\/p>\n<p>Une surveillance quotidienne du pie\u0300ge est donc indispensable pour libe\u0301rer les prises accessoires et e\u0301liminer les frelons asiatiques pie\u0301ge\u0301s &#8211; si tant est que l&rsquo;on soit capable de le diffe\u0301rencier du frelon europe\u0301en qui, lui, a toute sa place au jardin. En re\u0301alite\u0301, hors apiculture, mieux vaut s&rsquo;abstenir de toute autre mesure que l&rsquo;e\u0301limination des nids, a\u0300 confier a\u0300 une entreprise spe\u0301cialise\u0301e.<\/p>\n<p><b>Le ver plat Obama nungara a voyage\u0301 dans des pots de fleurs depuis l&rsquo;Argentine<\/b><\/p>\n<p>\u00ab\u00a0Ces envahissantes sont des opportunistes, elles exploitent le milieu plus rapidement que les espe\u0300ces locales\u00a0\u00bb, souligne Ce\u0301line Bellard. Le succe\u0300s e\u0301cologique des fourmis e\u0301lectriques, capables de former des colonies de millions d&rsquo;individus, provient d&rsquo;une perte d&rsquo;agressivite\u0301 vis-a\u0300-vis des autres espe\u0300ces de Formicidae. \u00ab\u00a0Chez les individus natifs, les colonies entrent en compe\u0301tition et la population s&rsquo;auto-re\u0301gule. Les fourmis e\u0301lectriques, elles, pre\u0301fe\u0300rent e\u0301conomiser cette e\u0301nergie pour coloniser l&rsquo;espace par leur nombre\u00a0\u00bb, compare Olivier Blight, professeur a\u0300 l&rsquo;Institut me\u0301diterrane\u0301en de biodiversite\u0301 et d&rsquo;e\u0301cologie marine et continentale a\u0300 l&rsquo;universite\u0301 d&rsquo;Avignon. En outre, comme de nombreuses espe\u0300ces opportunistes, la fourmi e\u0301lectrique a de\u0301veloppe\u0301 des strate\u0301gies de reproduction efficaces: il suffit d&rsquo;une reine pour de\u0301marrer une colonie.<\/p>\n<p>Mais le succe\u0300s des espe\u0300ces envahissantes s&rsquo;explique aussi par leur capacite\u0301 a\u0300 s&rsquo;adapter a\u0300 diffe\u0301rents climats. Cette tole\u0301rance climatique se retrouve chez la fourmi Tapinoma. Me\u0301diterrane\u0301enne, celle-ci s&rsquo;e\u0301panouit aussi bien sur les dunes des plages corses qu&rsquo;a\u0300 plus de 1.000 me\u0300tres d&rsquo;altitude.<\/p>\n<p>Enfin, les invasives ont une alimentation \u00ab\u00a0ge\u0301ne\u0301raliste\u00a0\u00bb, se nourrissant de tout ce qu&rsquo;elles croisent. C&rsquo;est le cas de la punaise diabolique (Halyomorpha halys), qui s&rsquo;e\u0301tablit dans les potagers. Arrive\u0301e de Chine, elle est repe\u0301re\u0301e en Suisse, puis a\u0300 Strasbourg en 2012. Cette espe\u0300ce polyphage se nourrit d&rsquo;environ 120 espe\u0300ces ve\u0301ge\u0301tales diffe\u0301rentes: plants de tomates, piments, pommes&#8230; L&rsquo;insecte injecte sa salive toxique dans les fruits et le\u0301gumes. \u00ab\u00a0L&rsquo;aliment est de\u0301forme\u0301 car les cellules empoisonne\u0301es ne grandissent plus, a\u0300 l&rsquo;inverse des autres, observe Jean-Claude Streito, entomologiste a\u0300 l&rsquo;Inrae. Il devient tachete\u0301 et son gou\u0302t est alte\u0301re\u0301.\u00a0\u00bb Pour e\u0301liminer ces inde\u0301sirables, il suffit de secouer les plantes et de re\u0301cupe\u0301rer les punaises dans une bassine.<\/p>\n<p>C&rsquo;est le plus souvent par l&rsquo;interme\u0301diaire du commerce de plantes ornementales que les espe\u0300ces envahissantes s&rsquo;introduisent dans les jardins. Le frelon asiatique est arrive\u0301 par bateau de Shanghai, cache\u0301 dans la paille enveloppant des pots de bonsai\u0308. \u00ab\u00a0Cet arbre miniature abrite un concentre\u0301 de tous les ravageurs que l&rsquo;on peut trouver sur un arbre classique\u00a0\u00bb, s&rsquo;alarme le chercheur.<\/p>\n<p>Le ver plat (Obama nungara) a lui aussi voyage\u0301 dans des pots de fleurs, depuis l&rsquo;Argentine jusqu&rsquo;aux jardineries europe\u0301ennes. La\u0300, tout est fait pour que le ver se sente comme chez lui. L&rsquo;e\u0301te\u0301, les brumisateurs humidifient l&rsquo;air et l&rsquo;hiver, les plantes sont recouvertes pour e\u0301viter le gel. Depuis, Obama nungara s&rsquo;est installe\u0301 dans 72 de\u0301partements. \u00ab\u00a0On en retrouve des milliers dans les jardins ou\u0300 il est signale\u0301\u00a0\u00bb, insiste Jean-Lou Justine. Il s&rsquo;attaque aux vers de terre et a\u0300 certains escargots. Il convient donc de faire attention a\u0300 toutes les plantes introduites volontairement dans les jardins, comme le conseille Jean-Claude Streito. \u00ab\u00a0E\u0301vitez d&rsquo;acheter sur Internet, pre\u0301fe\u0301rez les espe\u0300ces locales, et, surtout, ne rapportez pas de plantes de voyage\u00a0\u00bb, insiste-t-il.<\/p>\n<p><b>Des espe\u0300ces exotiques nullement ge\u0302ne\u0301es par le re\u0301chauffement climatique<\/b><\/p>\n<p>Le jardinier peut aussi laisser s&rsquo;implanter des espe\u0300ces envahissantes par le simple fait de les nourrir. C&rsquo;est le cas des perruches a\u0300 collier (Psittacula krameri). Arrive\u0301es d&rsquo;Inde dans les anne\u0301es 1970, elles ont ame\u0301nage\u0301 leurs dortoirs dans les arbres des zones urbaines d&rsquo;Europe. Cette perruche se re\u0301gale des bourgeons et des fruits, et fait son nid dans les cavite\u0301s d&rsquo;autres espe\u0300ces, comme celles des chauves-souris. \u00ab\u00a0Deux courants de la recherche coexistent a\u0300 leur sujet. L&rsquo;un, naturaliste, propose de les laisser vivre, conside\u0301rant que leurs nuisances sont relatives. L&rsquo;autre, plus e\u0301cosyste\u0301mique, pro\u0302ne une re\u0301gulation pour maintenir l&rsquo;e\u0301quilibre de la biodiversite\u0301\u00a0\u00bb, analyse Philippe Clergeau, professeur e\u0301me\u0301rite au MNHN.<\/p>\n<p>Si les jardins sont propices aux invasives, c&rsquo;est aussi parce que ce sont des milieux \u00ab\u00a0perturbe\u0301s\u00a0\u00bb, c&rsquo;est-a\u0300-dire affaiblis. \u00ab\u00a0Les jardins manquent de diversite\u0301 biologique, ce qui laisse plus de chance aux espe\u0300ces envahissantes de trouver leur place\u00a0\u00bb, explique Ce\u0301line Bellard.<\/p>\n<p>Demain, ces ho\u0302tes devraient poursuivre la colonisation de nouveaux territoires a\u0300 la faveur du re\u0301chauffement climatique. \u00ab\u00a0Les espe\u0300ces locales s&rsquo;adaptent mal aux hivers doux et aux vagues de chaleur estivales , poursuit la chercheuse. Tandis que les envahissantes, habitue\u0301es a\u0300 ces climats, ne sont nullement ge\u0302ne\u0301es.\u00a0\u00bb La prolife\u0301ration du moustique tigre et du frelon a\u0300 pattes jaunes a e\u0301te\u0301 ainsi facilite\u0301e par la hausse des tempe\u0301ratures. Les chenilles processionnaires du che\u0302ne et du pin, originaires du sud de l&rsquo;Europe et qui montent vers le nord a\u0300 la faveur du de\u0301re\u0300glement, sont reconnues officiellement comme des indicateurs de la transformation climatique en cours.<\/p>\n<p>Ces espe\u0300ces envahissantes pourraient-elles un jour e\u0302tre conside\u0301re\u0301es comme locales? Le de\u0301bat est vite tranche\u0301. \u00ab\u00a0En zoologie , pre\u0301cise Quentin Rome, seules les espe\u0300ces importe\u0301es avant 1492 sont conside\u0301re\u0301es comme natives.\u00a0\u00bb Frelons asiatiques, fourmis e\u0301lectriques et autres punaises diaboliques seront donc a\u0300 jamais des colonisateurs.<\/p>\n<p><b>Gare aux moustiques !<\/b><\/p>\n<p>Dans les jardins, peu d&rsquo;espe\u0300ces envahissantes sont conside\u0301re\u0301es comme hautement dangereuses pour la sante\u0301 humaine, si ce n&rsquo;est le moustique tigre, reconnaissable a\u0300 ses rayures noires et blanches. Aedes albopictus transmet, par sa piqu\u0302re, les virus de la dengue, du chikungunya et du zika. Bien connu a\u0300 la Re\u0301union et aux Antilles, le moustique tigre est identifie\u0301 pour la premie\u0300re fois en me\u0301tropole en 2004. En vingt ans, il s&rsquo;est introduit dans 80 % des de\u0301partements franc\u0327ais, soit l&rsquo;une des invasions biologiques les plus rapides. L&rsquo;Anses (Agence nationale de se\u0301curite\u0301 sanitaire de l&rsquo;alimentation, de l&rsquo;environnement et du travail) a re\u0301cemment alerte\u0301 au sujet d&rsquo;un risque \u00ab\u00a0assez e\u0301leve\u0301\u00a0\u00bb d&rsquo;e\u0301pide\u0301mie d&rsquo;une des maladies lie\u0301es au moustique tigre dans les cinq prochaines anne\u0301es. Le moustique commun (du genre Culex) &#8211; celui qui nous importune a\u0300 la nuit tombe\u0301e &#8211; se fait de\u0301sormais, lui aussi, menac\u0327ant.<\/p>\n<p>En cause, le virus West Nile (ou virus du Nil occidental), he\u0301berge\u0301 par des oiseaux migrateurs et qu&rsquo;il transmet aux humains. \u00ab\u00a0L&rsquo;e\u0301volution du climat modifie les couloirs de migration de ces oiseaux, ce qui favorise l&rsquo;introduction du virus dans de nouvelles zones ge\u0301ographiques, dont l&rsquo;Europe\u00a0\u00bb, e\u0301taye Yannick Simonin, professeur de virologie a\u0300 l&rsquo;universite\u0301 de Montpellier. Sans plus attendre, pensez a\u0300 e\u0301liminer les eaux stagnantes de vos soucoupes, gouttie\u0300res et autres arrosoirs ou\u0300 se de\u0301veloppent les larves de moustiques.<\/p>\n<p><strong>Pour plus d&rsquo;informations et d&rsquo;analyses sur la <span style=\"color: #ff6600\">C\u00f4te d&rsquo;Ivoire<\/span>, suivez <span style=\"color: #ff6600\">Africa-Press<\/span><\/strong><\/p>\n","protected":false},"excerpt":{"rendered":"<p>Africa-Press &#8211; C\u00f4te d&rsquo;Ivoire. Cet article de Riva Brinet-Spiesser est issu du magazine Les Dossiers de Sciences et Avenir n\u00b0225 date\u0301 avril\/juin 2026. Tailler la haie et de\u0301couvrir un nid de frelons asiatiques. De\u0301terrer les carottes et tomber nez a\u0300 nez avec une colonie de punaises diaboliques. Autant de de\u0301sagre\u0301ments dont on se passerait bien. [&hellip;]<\/p>\n","protected":false},"author":82,"featured_media":115153,"comment_status":"open","ping_status":"closed","sticky":false,"template":"","format":"standard","meta":{"footnotes":""},"categories":[22,10],"tags":[29],"class_list":["post-115154","post","type-post","status-publish","format-standard","has-post-thumbnail","hentry","category-divers","category-toutes-les-actualites","tag-cote-divoire"],"yoast_head":"<!-- This site is optimized with the Yoast SEO Premium plugin v26.1 (Yoast SEO v27.0) - https:\/\/yoast.com\/product\/yoast-seo-premium-wordpress\/ -->\n<title>Dans le jardin, des envahisseurs venus de loin - C\u00f4te d&#039;Ivoire<\/title>\n<meta name=\"description\" content=\"Cet article de Riva Brinet-Spiesser est issu du magazine Les Dossiers de Sciences et Avenir n\u00b0225 date\u0301 avril\/juin 2026. ...\" \/>\n<meta name=\"robots\" content=\"index, follow, max-snippet:-1, max-image-preview:large, max-video-preview:-1\" \/>\n<link rel=\"canonical\" href=\"https:\/\/www.africa-press.net\/cotedivoire\/toutes-les-actualites\/dans-le-jardin-des-envahisseurs-venus-de-loin\" \/>\n<meta property=\"og:locale\" content=\"fr_FR\" \/>\n<meta property=\"og:type\" content=\"article\" \/>\n<meta property=\"og:title\" content=\"Dans le jardin, des envahisseurs venus de loin\" \/>\n<meta property=\"og:description\" content=\"Cet article de Riva Brinet-Spiesser est issu du magazine Les Dossiers de Sciences et Avenir n\u00b0225 date\u0301 avril\/juin 2026. ...\" \/>\n<meta property=\"og:url\" content=\"https:\/\/www.africa-press.net\/cotedivoire\/toutes-les-actualites\/dans-le-jardin-des-envahisseurs-venus-de-loin\" \/>\n<meta property=\"og:site_name\" content=\"C\u00f4te d&#039;Ivoire\" \/>\n<meta property=\"article:published_time\" content=\"2026-04-26T11:46:19+00:00\" \/>\n<meta property=\"article:modified_time\" content=\"2026-04-26T12:01:23+00:00\" \/>\n<meta property=\"og:image\" content=\"https:\/\/static.africa-press.net\/cote\/sites\/43\/2026\/04\/sm_1777191744.344056.jpg\" \/>\n\t<meta property=\"og:image:width\" content=\"1200\" \/>\n\t<meta property=\"og:image:height\" content=\"899\" \/>\n\t<meta property=\"og:image:type\" content=\"image\/jpeg\" \/>\n<meta name=\"author\" content=\"cfeditorfr\" \/>\n<meta name=\"twitter:card\" content=\"summary_large_image\" \/>\n<meta name=\"twitter:label1\" content=\"\u00c9crit par\" \/>\n\t<meta name=\"twitter:data1\" content=\"cfeditorfr\" \/>\n\t<meta name=\"twitter:label2\" content=\"Dur\u00e9e de lecture estim\u00e9e\" \/>\n\t<meta name=\"twitter:data2\" content=\"10 minutes\" \/>\n<script type=\"application\/ld+json\" class=\"yoast-schema-graph\">{\"@context\":\"https:\/\/schema.org\",\"@graph\":[{\"@type\":\"Article\",\"@id\":\"https:\/\/www.africa-press.net\/cotedivoire\/toutes-les-actualites\/dans-le-jardin-des-envahisseurs-venus-de-loin#article\",\"isPartOf\":{\"@id\":\"https:\/\/www.africa-press.net\/cotedivoire\/toutes-les-actualites\/dans-le-jardin-des-envahisseurs-venus-de-loin\"},\"author\":{\"name\":\"cfeditorfr\",\"@id\":\"https:\/\/www.africa-press.net\/cotedivoire\/#\/schema\/person\/2b1cf3cd81a31e3cd26889ca66d677f1\"},\"headline\":\"Dans le jardin, des envahisseurs venus de loin\",\"datePublished\":\"2026-04-26T11:46:19+00:00\",\"dateModified\":\"2026-04-26T12:01:23+00:00\",\"mainEntityOfPage\":{\"@id\":\"https:\/\/www.africa-press.net\/cotedivoire\/toutes-les-actualites\/dans-le-jardin-des-envahisseurs-venus-de-loin\"},\"wordCount\":2218,\"commentCount\":0,\"image\":{\"@id\":\"https:\/\/www.africa-press.net\/cotedivoire\/toutes-les-actualites\/dans-le-jardin-des-envahisseurs-venus-de-loin#primaryimage\"},\"thumbnailUrl\":\"https:\/\/static.africa-press.net\/cote\/sites\/43\/2026\/04\/sm_1777191744.344056.jpg\",\"keywords\":[\"C\u00d4TE D'IVOIRE\"],\"articleSection\":[\"Divers\",\"Toutes les actualit\u00e9s\"],\"inLanguage\":\"fr-FR\",\"potentialAction\":[{\"@type\":\"CommentAction\",\"name\":\"Comment\",\"target\":[\"https:\/\/www.africa-press.net\/cotedivoire\/toutes-les-actualites\/dans-le-jardin-des-envahisseurs-venus-de-loin#respond\"]}]},{\"@type\":\"WebPage\",\"@id\":\"https:\/\/www.africa-press.net\/cotedivoire\/toutes-les-actualites\/dans-le-jardin-des-envahisseurs-venus-de-loin\",\"url\":\"https:\/\/www.africa-press.net\/cotedivoire\/toutes-les-actualites\/dans-le-jardin-des-envahisseurs-venus-de-loin\",\"name\":\"Dans le jardin, des envahisseurs venus de loin - C\u00f4te d&#039;Ivoire\",\"isPartOf\":{\"@id\":\"https:\/\/www.africa-press.net\/cotedivoire\/#website\"},\"primaryImageOfPage\":{\"@id\":\"https:\/\/www.africa-press.net\/cotedivoire\/toutes-les-actualites\/dans-le-jardin-des-envahisseurs-venus-de-loin#primaryimage\"},\"image\":{\"@id\":\"https:\/\/www.africa-press.net\/cotedivoire\/toutes-les-actualites\/dans-le-jardin-des-envahisseurs-venus-de-loin#primaryimage\"},\"thumbnailUrl\":\"https:\/\/static.africa-press.net\/cote\/sites\/43\/2026\/04\/sm_1777191744.344056.jpg\",\"datePublished\":\"2026-04-26T11:46:19+00:00\",\"dateModified\":\"2026-04-26T12:01:23+00:00\",\"author\":{\"@id\":\"https:\/\/www.africa-press.net\/cotedivoire\/#\/schema\/person\/2b1cf3cd81a31e3cd26889ca66d677f1\"},\"description\":\"Cet article de Riva Brinet-Spiesser est issu du magazine Les Dossiers de Sciences et Avenir n\u00b0225 date\u0301 avril\/juin 2026. ...\",\"breadcrumb\":{\"@id\":\"https:\/\/www.africa-press.net\/cotedivoire\/toutes-les-actualites\/dans-le-jardin-des-envahisseurs-venus-de-loin#breadcrumb\"},\"inLanguage\":\"fr-FR\",\"potentialAction\":[{\"@type\":\"ReadAction\",\"target\":[\"https:\/\/www.africa-press.net\/cotedivoire\/toutes-les-actualites\/dans-le-jardin-des-envahisseurs-venus-de-loin\"]}]},{\"@type\":\"ImageObject\",\"inLanguage\":\"fr-FR\",\"@id\":\"https:\/\/www.africa-press.net\/cotedivoire\/toutes-les-actualites\/dans-le-jardin-des-envahisseurs-venus-de-loin#primaryimage\",\"url\":\"https:\/\/static.africa-press.net\/cote\/sites\/43\/2026\/04\/sm_1777191744.344056.jpg\",\"contentUrl\":\"https:\/\/static.africa-press.net\/cote\/sites\/43\/2026\/04\/sm_1777191744.344056.jpg\",\"width\":1200,\"height\":899,\"caption\":\"Dans le jardin, des envahisseurs venus de loin\"},{\"@type\":\"BreadcrumbList\",\"@id\":\"https:\/\/www.africa-press.net\/cotedivoire\/toutes-les-actualites\/dans-le-jardin-des-envahisseurs-venus-de-loin#breadcrumb\",\"itemListElement\":[{\"@type\":\"ListItem\",\"position\":1,\"name\":\"Accueil\",\"item\":\"https:\/\/www.africa-press.net\/cotedivoire\/\"},{\"@type\":\"ListItem\",\"position\":2,\"name\":\"Dans le jardin, des envahisseurs venus de loin\"}]},{\"@type\":\"WebSite\",\"@id\":\"https:\/\/www.africa-press.net\/cotedivoire\/#website\",\"url\":\"https:\/\/www.africa-press.net\/cotedivoire\/\",\"name\":\"C\u00f4te d&#039;Ivoire\",\"description\":\"Just another Africa News Agency Sites site\",\"potentialAction\":[{\"@type\":\"SearchAction\",\"target\":{\"@type\":\"EntryPoint\",\"urlTemplate\":\"https:\/\/www.africa-press.net\/cotedivoire\/?s={search_term_string}\"},\"query-input\":{\"@type\":\"PropertyValueSpecification\",\"valueRequired\":true,\"valueName\":\"search_term_string\"}}],\"inLanguage\":\"fr-FR\"},{\"@type\":\"Person\",\"@id\":\"https:\/\/www.africa-press.net\/cotedivoire\/#\/schema\/person\/2b1cf3cd81a31e3cd26889ca66d677f1\",\"name\":\"cfeditorfr\"}]}<\/script>\n<!-- \/ Yoast SEO Premium plugin. -->","yoast_head_json":{"title":"Dans le jardin, des envahisseurs venus de loin - C\u00f4te d&#039;Ivoire","description":"Cet article de Riva Brinet-Spiesser est issu du magazine Les Dossiers de Sciences et Avenir n\u00b0225 date\u0301 avril\/juin 2026. ...","robots":{"index":"index","follow":"follow","max-snippet":"max-snippet:-1","max-image-preview":"max-image-preview:large","max-video-preview":"max-video-preview:-1"},"canonical":"https:\/\/www.africa-press.net\/cotedivoire\/toutes-les-actualites\/dans-le-jardin-des-envahisseurs-venus-de-loin","og_locale":"fr_FR","og_type":"article","og_title":"Dans le jardin, des envahisseurs venus de loin","og_description":"Cet article de Riva Brinet-Spiesser est issu du magazine Les Dossiers de Sciences et Avenir n\u00b0225 date\u0301 avril\/juin 2026. ...","og_url":"https:\/\/www.africa-press.net\/cotedivoire\/toutes-les-actualites\/dans-le-jardin-des-envahisseurs-venus-de-loin","og_site_name":"C\u00f4te d&#039;Ivoire","article_published_time":"2026-04-26T11:46:19+00:00","article_modified_time":"2026-04-26T12:01:23+00:00","og_image":[{"width":1200,"height":899,"url":"https:\/\/static.africa-press.net\/cote\/sites\/43\/2026\/04\/sm_1777191744.344056.jpg","type":"image\/jpeg"}],"author":"cfeditorfr","twitter_card":"summary_large_image","twitter_misc":{"\u00c9crit par":"cfeditorfr","Dur\u00e9e de lecture estim\u00e9e":"10 minutes"},"schema":{"@context":"https:\/\/schema.org","@graph":[{"@type":"Article","@id":"https:\/\/www.africa-press.net\/cotedivoire\/toutes-les-actualites\/dans-le-jardin-des-envahisseurs-venus-de-loin#article","isPartOf":{"@id":"https:\/\/www.africa-press.net\/cotedivoire\/toutes-les-actualites\/dans-le-jardin-des-envahisseurs-venus-de-loin"},"author":{"name":"cfeditorfr","@id":"https:\/\/www.africa-press.net\/cotedivoire\/#\/schema\/person\/2b1cf3cd81a31e3cd26889ca66d677f1"},"headline":"Dans le jardin, des envahisseurs venus de loin","datePublished":"2026-04-26T11:46:19+00:00","dateModified":"2026-04-26T12:01:23+00:00","mainEntityOfPage":{"@id":"https:\/\/www.africa-press.net\/cotedivoire\/toutes-les-actualites\/dans-le-jardin-des-envahisseurs-venus-de-loin"},"wordCount":2218,"commentCount":0,"image":{"@id":"https:\/\/www.africa-press.net\/cotedivoire\/toutes-les-actualites\/dans-le-jardin-des-envahisseurs-venus-de-loin#primaryimage"},"thumbnailUrl":"https:\/\/static.africa-press.net\/cote\/sites\/43\/2026\/04\/sm_1777191744.344056.jpg","keywords":["C\u00d4TE D'IVOIRE"],"articleSection":["Divers","Toutes les actualit\u00e9s"],"inLanguage":"fr-FR","potentialAction":[{"@type":"CommentAction","name":"Comment","target":["https:\/\/www.africa-press.net\/cotedivoire\/toutes-les-actualites\/dans-le-jardin-des-envahisseurs-venus-de-loin#respond"]}]},{"@type":"WebPage","@id":"https:\/\/www.africa-press.net\/cotedivoire\/toutes-les-actualites\/dans-le-jardin-des-envahisseurs-venus-de-loin","url":"https:\/\/www.africa-press.net\/cotedivoire\/toutes-les-actualites\/dans-le-jardin-des-envahisseurs-venus-de-loin","name":"Dans le jardin, des envahisseurs venus de loin - C\u00f4te d&#039;Ivoire","isPartOf":{"@id":"https:\/\/www.africa-press.net\/cotedivoire\/#website"},"primaryImageOfPage":{"@id":"https:\/\/www.africa-press.net\/cotedivoire\/toutes-les-actualites\/dans-le-jardin-des-envahisseurs-venus-de-loin#primaryimage"},"image":{"@id":"https:\/\/www.africa-press.net\/cotedivoire\/toutes-les-actualites\/dans-le-jardin-des-envahisseurs-venus-de-loin#primaryimage"},"thumbnailUrl":"https:\/\/static.africa-press.net\/cote\/sites\/43\/2026\/04\/sm_1777191744.344056.jpg","datePublished":"2026-04-26T11:46:19+00:00","dateModified":"2026-04-26T12:01:23+00:00","author":{"@id":"https:\/\/www.africa-press.net\/cotedivoire\/#\/schema\/person\/2b1cf3cd81a31e3cd26889ca66d677f1"},"description":"Cet article de Riva Brinet-Spiesser est issu du magazine Les Dossiers de Sciences et Avenir n\u00b0225 date\u0301 avril\/juin 2026. ...","breadcrumb":{"@id":"https:\/\/www.africa-press.net\/cotedivoire\/toutes-les-actualites\/dans-le-jardin-des-envahisseurs-venus-de-loin#breadcrumb"},"inLanguage":"fr-FR","potentialAction":[{"@type":"ReadAction","target":["https:\/\/www.africa-press.net\/cotedivoire\/toutes-les-actualites\/dans-le-jardin-des-envahisseurs-venus-de-loin"]}]},{"@type":"ImageObject","inLanguage":"fr-FR","@id":"https:\/\/www.africa-press.net\/cotedivoire\/toutes-les-actualites\/dans-le-jardin-des-envahisseurs-venus-de-loin#primaryimage","url":"https:\/\/static.africa-press.net\/cote\/sites\/43\/2026\/04\/sm_1777191744.344056.jpg","contentUrl":"https:\/\/static.africa-press.net\/cote\/sites\/43\/2026\/04\/sm_1777191744.344056.jpg","width":1200,"height":899,"caption":"Dans le jardin, des envahisseurs venus de loin"},{"@type":"BreadcrumbList","@id":"https:\/\/www.africa-press.net\/cotedivoire\/toutes-les-actualites\/dans-le-jardin-des-envahisseurs-venus-de-loin#breadcrumb","itemListElement":[{"@type":"ListItem","position":1,"name":"Accueil","item":"https:\/\/www.africa-press.net\/cotedivoire\/"},{"@type":"ListItem","position":2,"name":"Dans le jardin, des envahisseurs venus de loin"}]},{"@type":"WebSite","@id":"https:\/\/www.africa-press.net\/cotedivoire\/#website","url":"https:\/\/www.africa-press.net\/cotedivoire\/","name":"C\u00f4te d&#039;Ivoire","description":"Just another Africa News Agency Sites site","potentialAction":[{"@type":"SearchAction","target":{"@type":"EntryPoint","urlTemplate":"https:\/\/www.africa-press.net\/cotedivoire\/?s={search_term_string}"},"query-input":{"@type":"PropertyValueSpecification","valueRequired":true,"valueName":"search_term_string"}}],"inLanguage":"fr-FR"},{"@type":"Person","@id":"https:\/\/www.africa-press.net\/cotedivoire\/#\/schema\/person\/2b1cf3cd81a31e3cd26889ca66d677f1","name":"cfeditorfr"}]}},"_links":{"self":[{"href":"https:\/\/www.africa-press.net\/cotedivoire\/wp-json\/wp\/v2\/posts\/115154","targetHints":{"allow":["GET"]}}],"collection":[{"href":"https:\/\/www.africa-press.net\/cotedivoire\/wp-json\/wp\/v2\/posts"}],"about":[{"href":"https:\/\/www.africa-press.net\/cotedivoire\/wp-json\/wp\/v2\/types\/post"}],"author":[{"embeddable":true,"href":"https:\/\/www.africa-press.net\/cotedivoire\/wp-json\/wp\/v2\/users\/82"}],"replies":[{"embeddable":true,"href":"https:\/\/www.africa-press.net\/cotedivoire\/wp-json\/wp\/v2\/comments?post=115154"}],"version-history":[{"count":1,"href":"https:\/\/www.africa-press.net\/cotedivoire\/wp-json\/wp\/v2\/posts\/115154\/revisions"}],"predecessor-version":[{"id":115158,"href":"https:\/\/www.africa-press.net\/cotedivoire\/wp-json\/wp\/v2\/posts\/115154\/revisions\/115158"}],"wp:featuredmedia":[{"embeddable":true,"href":"https:\/\/www.africa-press.net\/cotedivoire\/wp-json\/wp\/v2\/media\/115153"}],"wp:attachment":[{"href":"https:\/\/www.africa-press.net\/cotedivoire\/wp-json\/wp\/v2\/media?parent=115154"}],"wp:term":[{"taxonomy":"category","embeddable":true,"href":"https:\/\/www.africa-press.net\/cotedivoire\/wp-json\/wp\/v2\/categories?post=115154"},{"taxonomy":"post_tag","embeddable":true,"href":"https:\/\/www.africa-press.net\/cotedivoire\/wp-json\/wp\/v2\/tags?post=115154"}],"curies":[{"name":"wp","href":"https:\/\/api.w.org\/{rel}","templated":true}]}}