{"id":115161,"date":"2026-04-26T14:50:49","date_gmt":"2026-04-26T14:50:49","guid":{"rendered":"https:\/\/www.africa-press.net\/cotedivoire\/politique\/celebration-des-quatre-ans-du-comite-executif-de-la-fif"},"modified":"2026-04-26T15:12:43","modified_gmt":"2026-04-26T15:12:43","slug":"celebration-des-quatre-ans-du-comite-executif-de-la-fif","status":"publish","type":"post","link":"https:\/\/www.africa-press.net\/cotedivoire\/sports\/celebration-des-quatre-ans-du-comite-executif-de-la-fif","title":{"rendered":"C\u00e9l\u00e9bration des Quatre Ans du Comit\u00e9 Ex\u00e9cutif de la FIF"},"content":{"rendered":"<p><span style=\"color: #ff6600\"><strong>Africa-Press &#8211; C\u00f4te d&rsquo;Ivoire. <\/strong><\/span>Le Pre\u0301sident Yacine Idriss Diallo et le Comite\u0301 Exe\u0301cutif ont ce\u0301le\u0301bre\u0301, le jeudi 23 avril 2026 le quatrie\u0300me anniversaire de leur accession a\u0300 la pre\u0301sidence de la Fe\u0301de\u0301ration Ivoirienne de Football.<\/p>\n<p>23 avril 2022 \u2013 23 avril 2026.<\/p>\n<p>Voila\u0300 quatre ans jour pour jour que M. Yacine Idriss Diallo et le Comite\u0301 Exe\u0301cutif ont e\u0301te\u0301 e\u0301lu a\u0300 la te\u0302te de la Fe\u0301de\u0301ration Ivoirienne de Football au sortir d\u2019une e\u0301lection qui aura capte\u0301 l\u2019attention de tous. Pour ce jour anniversaire, les dirigeants fe\u0301de\u0301raux ont tenu a\u0300 marquer l\u2019e\u0301ve\u0300nement.<\/p>\n<p>A la suite d\u2019une re\u0301union du Comite\u0301 Exe\u0301cutif (COMEX) qui aura dure\u0301 une quarantaine de minutes au sie\u0300ge de la Fe\u0301de\u0301ration cet apre\u0300s-midi, le Pre\u0301sident de la FIF et les membres du Comite\u0301 Exe\u0301cutif ont convie\u0301 leurs convives notamment le Ministre des Sports, M. Adje\u0301 Silas Metch et M. Jacques Anouma membre d\u2019honneur de la FIF a\u0300 la coupure du ga\u0302teau. Mais avant, face aux me\u0301dias venus nombreux, le Pre\u0301sident de la FIF a\u0300 tenu a\u0300 exprimer sa reconnaissance au Chef de l\u2019Etat, SEM Alassane Ouattara et autres autorite\u0301s e\u0301tatiques.<\/p>\n<p>\u00ab Au terme du mandat de quatre (4) anne\u0301es, entame\u0301, le 23 avril 2022, le Pre\u0301sident de la Fe\u0301de\u0301ration Ivoirienne de Football (FIF) et l\u2019ensemble du Comite\u0301 Exe\u0301cutif tiennent a\u0300 exprimer leur profonde reconnaissance a\u0300 toutes les autorite\u0301s, institutions, partenaires et acteurs du football ivoirien.<\/p>\n<p>Gra\u0302ce a\u0300 leur engagement constant, le football national a retrouve\u0301 cre\u0301dibilite\u0301, stabilite\u0301 et ambition, au sortir d\u2019une pe\u0301riode de normalisation. Ce mandat aura e\u0301te\u0301 celui du redressement, du rassemblement et de performances historiques.<\/p>\n<p>Le Pre\u0301sident de la FIF et son Comite\u0301 Exe\u0301cutif adressent leurs hommages les plus respectueux et les plus solennels a\u0300 Son Excellence Monsieur le Pre\u0301sident de la Re\u0301publique de Co\u0302te d\u2019Ivoire.<\/p>\n<p>Par sa vision strate\u0301gique, son engagement personnel et les moyens exceptionnels mobilise\u0301s, il a e\u0301te\u0301 l\u2019artisan majeur du renouveau du football ivoirien. Sous son impulsion, notre pays a organise\u0301 avec succe\u0300s la Coupe d\u2019Afrique des Nations 2023, remporte\u0301e avec e\u0301clat en 2024, et a obtenu sa qualification pour la Coupe du Monde 2026 \u00bb, reconnait-il avant de se projeter sur la participation de la Co\u0302te d\u2019Ivoire a\u0300 la prochaine Coupe du Monde.<\/p>\n<p>\u00ab A\u0300 l\u2019approche de la Coupe du Monde 2026, le Pre\u0301sident de la FIF et son Comite\u0301 Exe\u0301cutif lancent un appel solennel a\u0300 l\u2019union sacre\u0301e de tous les Ivoiriens. Dans un esprit de cohe\u0301sion nationale, ils invitent chaque citoyen a\u0300 se mobiliser derrie\u0300re les E\u0301le\u0301phants afin d\u2019accompagner la se\u0301lection nationale vers de nouveaux exploits. Plus que jamais, le Comite\u0301 Exe\u0301cutif se pre\u0301sente uni, solidaire et pleinement engage\u0301. Fort des acquis de ce mandat, il re\u0301affirme sa de\u0301termination a\u0300 poursuivre le renforcement de la gouvernance, la modernisation des structures et le de\u0301veloppement durable du football ivoirien. Dans cette dynamique de continuite\u0301, de stabilite\u0301 et de progre\u0300s, le Pre\u0301sident de la FIF et son Comite\u0301 Exe\u0301cutif entendent inscrire leur action dans la dure\u0301e, en la perspective du prochain mandat, dont les e\u0301lections interviendront a\u0300 l\u2019issue de la Coupe du Monde 2026, le Comite\u0301 Exe\u0301cutif re\u0301affirme son attachement aux valeurs de dialogue, de responsabilite\u0301 et d\u2019unite\u0301 \u00bb.<\/p>\n<p>Pour sa part, le le Ministre des Sports, M. Adje\u0301 Silas Metch a indique\u0301 que sa pre\u0301sence s\u2019inscrit dans \u00ab la trajectoire de la longue tradition de bienveillance et de commerce e\u0301le\u0301gant que la tutelle ministe\u0301rielle cultive avec les Fe\u0301de\u0301rations Sportives Nationales \u00bb, pre\u0301cise-t-il sans oublier d\u2019e\u0301voquer la participation des Ele\u0301phants a\u0300 la prochaine Coupe du Monde.<\/p>\n<p>\u00ab Monsieur le Pre\u0301sident de la FIF, Chers Membres du Comite\u0301 Exe\u0301cutif, Portez a\u0300 nos garc\u0327ons le message de confiance et de haute estime de l\u2019ensemble des Ivoiriens et de leur premier Capitaine: le Pre\u0301sident de la Re\u0301publique. Ils ont le profil ; ils ont la performance ; ils brillent dans leurs clubs et irradient de leurs talents les compe\u0301titions auxquelles ils prennent part.<\/p>\n<p>La Co\u0302te d\u2019Ivoire, dans toute sa diversite\u0301 mais aussi dans le creuset singulier de son unite\u0301, les accompagne de ses prie\u0300res ferventes \u00bb, dit-il. Apre\u0300s ces propos, le Pre\u0301sident de la FIF, le Ministre des Sports et le Pre\u0301sident d\u2019honneur de la FIF ont proce\u0301de\u0301 a\u0300 la coupure du ga\u0302teau, mettant fin a\u0300 cette sympathique ce\u0301re\u0301monie d\u2019anniversaire.<\/p>\n<p><strong>Pour plus d&rsquo;informations et d&rsquo;analyses sur la <span style=\"color: #ff6600\">C\u00f4te d&rsquo;Ivoire<\/span>, suivez <span style=\"color: #ff6600\">Africa-Press<\/span><\/strong><\/p>\n","protected":false},"excerpt":{"rendered":"<p>Africa-Press &#8211; C\u00f4te d&rsquo;Ivoire. Le Pre\u0301sident Yacine Idriss Diallo et le Comite\u0301 Exe\u0301cutif ont ce\u0301le\u0301bre\u0301, le jeudi 23 avril 2026 le quatrie\u0300me anniversaire de leur accession a\u0300 la pre\u0301sidence de la Fe\u0301de\u0301ration Ivoirienne de Football. 23 avril 2022 \u2013 23 avril 2026. Voila\u0300 quatre ans jour pour jour que M. Yacine Idriss Diallo et le [&hellip;]<\/p>\n","protected":false},"author":82,"featured_media":115160,"comment_status":"open","ping_status":"closed","sticky":false,"template":"","format":"standard","meta":{"footnotes":""},"categories":[6,10],"tags":[12461,3210,20835,29,859],"class_list":["post-115161","post","type-post","status-publish","format-standard","has-post-thumbnail","hentry","category-sports","category-toutes-les-actualites","tag-acquis","tag-anniversaire","tag-comite-eecutif","tag-cote-divoire","tag-fif"],"yoast_head":"<!-- This site is optimized with the Yoast SEO Premium plugin v26.1 (Yoast SEO v27.0) - https:\/\/yoast.com\/product\/yoast-seo-premium-wordpress\/ -->\n<title>C\u00e9l\u00e9bration des Quatre Ans du Comit\u00e9 Ex\u00e9cutif de la FIF - C\u00f4te d&#039;Ivoire<\/title>\n<meta name=\"description\" content=\"Le Pre\u0301sident Yacine Idriss Diallo et le Comite\u0301 Exe\u0301cutif ont ce\u0301le\u0301bre\u0301, le jeudi 23 avril 2026 le quatrie\u0300me annivers ...\" \/>\n<meta name=\"robots\" content=\"index, follow, max-snippet:-1, max-image-preview:large, max-video-preview:-1\" \/>\n<link rel=\"canonical\" href=\"https:\/\/www.africa-press.net\/cotedivoire\/sports\/celebration-des-quatre-ans-du-comite-executif-de-la-fif\" \/>\n<meta property=\"og:locale\" content=\"fr_FR\" \/>\n<meta property=\"og:type\" content=\"article\" \/>\n<meta property=\"og:title\" content=\"C\u00e9l\u00e9bration des Quatre Ans du Comit\u00e9 Ex\u00e9cutif de la FIF\" \/>\n<meta property=\"og:description\" content=\"Le Pre\u0301sident Yacine Idriss Diallo et le Comite\u0301 Exe\u0301cutif ont ce\u0301le\u0301bre\u0301, le jeudi 23 avril 2026 le quatrie\u0300me annivers ...\" \/>\n<meta property=\"og:url\" content=\"https:\/\/www.africa-press.net\/cotedivoire\/sports\/celebration-des-quatre-ans-du-comite-executif-de-la-fif\" \/>\n<meta property=\"og:site_name\" content=\"C\u00f4te d&#039;Ivoire\" \/>\n<meta property=\"article:published_time\" content=\"2026-04-26T14:50:49+00:00\" \/>\n<meta property=\"article:modified_time\" content=\"2026-04-26T15:12:43+00:00\" \/>\n<meta property=\"og:image\" content=\"https:\/\/static.africa-press.net\/cote\/sites\/43\/2026\/04\/sm_1777203597.87817.jpg\" \/>\n\t<meta property=\"og:image:width\" content=\"720\" \/>\n\t<meta property=\"og:image:height\" content=\"474\" \/>\n\t<meta property=\"og:image:type\" content=\"image\/jpeg\" \/>\n<meta name=\"author\" content=\"cfeditorfr\" \/>\n<meta name=\"twitter:card\" content=\"summary_large_image\" \/>\n<meta name=\"twitter:label1\" content=\"\u00c9crit par\" \/>\n\t<meta name=\"twitter:data1\" content=\"cfeditorfr\" \/>\n\t<meta name=\"twitter:label2\" content=\"Dur\u00e9e de lecture estim\u00e9e\" \/>\n\t<meta name=\"twitter:data2\" content=\"4 minutes\" \/>\n<script type=\"application\/ld+json\" class=\"yoast-schema-graph\">{\"@context\":\"https:\/\/schema.org\",\"@graph\":[{\"@type\":\"Article\",\"@id\":\"https:\/\/www.africa-press.net\/cotedivoire\/sports\/celebration-des-quatre-ans-du-comite-executif-de-la-fif#article\",\"isPartOf\":{\"@id\":\"https:\/\/www.africa-press.net\/cotedivoire\/sports\/celebration-des-quatre-ans-du-comite-executif-de-la-fif\"},\"author\":{\"name\":\"cfeditorfr\",\"@id\":\"https:\/\/www.africa-press.net\/cotedivoire\/#\/schema\/person\/2b1cf3cd81a31e3cd26889ca66d677f1\"},\"headline\":\"C\u00e9l\u00e9bration des Quatre Ans du Comit\u00e9 Ex\u00e9cutif de la FIF\",\"datePublished\":\"2026-04-26T14:50:49+00:00\",\"dateModified\":\"2026-04-26T15:12:43+00:00\",\"mainEntityOfPage\":{\"@id\":\"https:\/\/www.africa-press.net\/cotedivoire\/sports\/celebration-des-quatre-ans-du-comite-executif-de-la-fif\"},\"wordCount\":820,\"commentCount\":0,\"image\":{\"@id\":\"https:\/\/www.africa-press.net\/cotedivoire\/sports\/celebration-des-quatre-ans-du-comite-executif-de-la-fif#primaryimage\"},\"thumbnailUrl\":\"https:\/\/static.africa-press.net\/cote\/sites\/43\/2026\/04\/sm_1777203597.87817.jpg\",\"keywords\":[\"acquis\",\"anniversaire\",\"Comit\u00e9 E\u00e9cutif\",\"C\u00d4TE D'IVOIRE\",\"FIF\"],\"articleSection\":[\"Sports\",\"Toutes les actualit\u00e9s\"],\"inLanguage\":\"fr-FR\",\"potentialAction\":[{\"@type\":\"CommentAction\",\"name\":\"Comment\",\"target\":[\"https:\/\/www.africa-press.net\/cotedivoire\/sports\/celebration-des-quatre-ans-du-comite-executif-de-la-fif#respond\"]}]},{\"@type\":\"WebPage\",\"@id\":\"https:\/\/www.africa-press.net\/cotedivoire\/sports\/celebration-des-quatre-ans-du-comite-executif-de-la-fif\",\"url\":\"https:\/\/www.africa-press.net\/cotedivoire\/sports\/celebration-des-quatre-ans-du-comite-executif-de-la-fif\",\"name\":\"C\u00e9l\u00e9bration des Quatre Ans du Comit\u00e9 Ex\u00e9cutif de la FIF - C\u00f4te d&#039;Ivoire\",\"isPartOf\":{\"@id\":\"https:\/\/www.africa-press.net\/cotedivoire\/#website\"},\"primaryImageOfPage\":{\"@id\":\"https:\/\/www.africa-press.net\/cotedivoire\/sports\/celebration-des-quatre-ans-du-comite-executif-de-la-fif#primaryimage\"},\"image\":{\"@id\":\"https:\/\/www.africa-press.net\/cotedivoire\/sports\/celebration-des-quatre-ans-du-comite-executif-de-la-fif#primaryimage\"},\"thumbnailUrl\":\"https:\/\/static.africa-press.net\/cote\/sites\/43\/2026\/04\/sm_1777203597.87817.jpg\",\"datePublished\":\"2026-04-26T14:50:49+00:00\",\"dateModified\":\"2026-04-26T15:12:43+00:00\",\"author\":{\"@id\":\"https:\/\/www.africa-press.net\/cotedivoire\/#\/schema\/person\/2b1cf3cd81a31e3cd26889ca66d677f1\"},\"description\":\"Le Pre\u0301sident Yacine Idriss Diallo et le Comite\u0301 Exe\u0301cutif ont ce\u0301le\u0301bre\u0301, le jeudi 23 avril 2026 le quatrie\u0300me annivers ...\",\"breadcrumb\":{\"@id\":\"https:\/\/www.africa-press.net\/cotedivoire\/sports\/celebration-des-quatre-ans-du-comite-executif-de-la-fif#breadcrumb\"},\"inLanguage\":\"fr-FR\",\"potentialAction\":[{\"@type\":\"ReadAction\",\"target\":[\"https:\/\/www.africa-press.net\/cotedivoire\/sports\/celebration-des-quatre-ans-du-comite-executif-de-la-fif\"]}]},{\"@type\":\"ImageObject\",\"inLanguage\":\"fr-FR\",\"@id\":\"https:\/\/www.africa-press.net\/cotedivoire\/sports\/celebration-des-quatre-ans-du-comite-executif-de-la-fif#primaryimage\",\"url\":\"https:\/\/static.africa-press.net\/cote\/sites\/43\/2026\/04\/sm_1777203597.87817.jpg\",\"contentUrl\":\"https:\/\/static.africa-press.net\/cote\/sites\/43\/2026\/04\/sm_1777203597.87817.jpg\",\"width\":720,\"height\":474,\"caption\":\"C\u00e9l\u00e9bration des Quatre Ans du Comit\u00e9 Ex\u00e9cutif de la FIF\"},{\"@type\":\"BreadcrumbList\",\"@id\":\"https:\/\/www.africa-press.net\/cotedivoire\/sports\/celebration-des-quatre-ans-du-comite-executif-de-la-fif#breadcrumb\",\"itemListElement\":[{\"@type\":\"ListItem\",\"position\":1,\"name\":\"Accueil\",\"item\":\"https:\/\/www.africa-press.net\/cotedivoire\/\"},{\"@type\":\"ListItem\",\"position\":2,\"name\":\"C\u00e9l\u00e9bration des Quatre Ans du Comit\u00e9 Ex\u00e9cutif de la FIF\"}]},{\"@type\":\"WebSite\",\"@id\":\"https:\/\/www.africa-press.net\/cotedivoire\/#website\",\"url\":\"https:\/\/www.africa-press.net\/cotedivoire\/\",\"name\":\"C\u00f4te d&#039;Ivoire\",\"description\":\"Just another Africa News Agency Sites site\",\"potentialAction\":[{\"@type\":\"SearchAction\",\"target\":{\"@type\":\"EntryPoint\",\"urlTemplate\":\"https:\/\/www.africa-press.net\/cotedivoire\/?s={search_term_string}\"},\"query-input\":{\"@type\":\"PropertyValueSpecification\",\"valueRequired\":true,\"valueName\":\"search_term_string\"}}],\"inLanguage\":\"fr-FR\"},{\"@type\":\"Person\",\"@id\":\"https:\/\/www.africa-press.net\/cotedivoire\/#\/schema\/person\/2b1cf3cd81a31e3cd26889ca66d677f1\",\"name\":\"cfeditorfr\"}]}<\/script>\n<!-- \/ Yoast SEO Premium plugin. -->","yoast_head_json":{"title":"C\u00e9l\u00e9bration des Quatre Ans du Comit\u00e9 Ex\u00e9cutif de la FIF - C\u00f4te d&#039;Ivoire","description":"Le Pre\u0301sident Yacine Idriss Diallo et le Comite\u0301 Exe\u0301cutif ont ce\u0301le\u0301bre\u0301, le jeudi 23 avril 2026 le quatrie\u0300me annivers ...","robots":{"index":"index","follow":"follow","max-snippet":"max-snippet:-1","max-image-preview":"max-image-preview:large","max-video-preview":"max-video-preview:-1"},"canonical":"https:\/\/www.africa-press.net\/cotedivoire\/sports\/celebration-des-quatre-ans-du-comite-executif-de-la-fif","og_locale":"fr_FR","og_type":"article","og_title":"C\u00e9l\u00e9bration des Quatre Ans du Comit\u00e9 Ex\u00e9cutif de la FIF","og_description":"Le Pre\u0301sident Yacine Idriss Diallo et le Comite\u0301 Exe\u0301cutif ont ce\u0301le\u0301bre\u0301, le jeudi 23 avril 2026 le quatrie\u0300me annivers ...","og_url":"https:\/\/www.africa-press.net\/cotedivoire\/sports\/celebration-des-quatre-ans-du-comite-executif-de-la-fif","og_site_name":"C\u00f4te d&#039;Ivoire","article_published_time":"2026-04-26T14:50:49+00:00","article_modified_time":"2026-04-26T15:12:43+00:00","og_image":[{"width":720,"height":474,"url":"https:\/\/static.africa-press.net\/cote\/sites\/43\/2026\/04\/sm_1777203597.87817.jpg","type":"image\/jpeg"}],"author":"cfeditorfr","twitter_card":"summary_large_image","twitter_misc":{"\u00c9crit par":"cfeditorfr","Dur\u00e9e de lecture estim\u00e9e":"4 minutes"},"schema":{"@context":"https:\/\/schema.org","@graph":[{"@type":"Article","@id":"https:\/\/www.africa-press.net\/cotedivoire\/sports\/celebration-des-quatre-ans-du-comite-executif-de-la-fif#article","isPartOf":{"@id":"https:\/\/www.africa-press.net\/cotedivoire\/sports\/celebration-des-quatre-ans-du-comite-executif-de-la-fif"},"author":{"name":"cfeditorfr","@id":"https:\/\/www.africa-press.net\/cotedivoire\/#\/schema\/person\/2b1cf3cd81a31e3cd26889ca66d677f1"},"headline":"C\u00e9l\u00e9bration des Quatre Ans du Comit\u00e9 Ex\u00e9cutif de la FIF","datePublished":"2026-04-26T14:50:49+00:00","dateModified":"2026-04-26T15:12:43+00:00","mainEntityOfPage":{"@id":"https:\/\/www.africa-press.net\/cotedivoire\/sports\/celebration-des-quatre-ans-du-comite-executif-de-la-fif"},"wordCount":820,"commentCount":0,"image":{"@id":"https:\/\/www.africa-press.net\/cotedivoire\/sports\/celebration-des-quatre-ans-du-comite-executif-de-la-fif#primaryimage"},"thumbnailUrl":"https:\/\/static.africa-press.net\/cote\/sites\/43\/2026\/04\/sm_1777203597.87817.jpg","keywords":["acquis","anniversaire","Comit\u00e9 E\u00e9cutif","C\u00d4TE D'IVOIRE","FIF"],"articleSection":["Sports","Toutes les actualit\u00e9s"],"inLanguage":"fr-FR","potentialAction":[{"@type":"CommentAction","name":"Comment","target":["https:\/\/www.africa-press.net\/cotedivoire\/sports\/celebration-des-quatre-ans-du-comite-executif-de-la-fif#respond"]}]},{"@type":"WebPage","@id":"https:\/\/www.africa-press.net\/cotedivoire\/sports\/celebration-des-quatre-ans-du-comite-executif-de-la-fif","url":"https:\/\/www.africa-press.net\/cotedivoire\/sports\/celebration-des-quatre-ans-du-comite-executif-de-la-fif","name":"C\u00e9l\u00e9bration des Quatre Ans du Comit\u00e9 Ex\u00e9cutif de la FIF - C\u00f4te d&#039;Ivoire","isPartOf":{"@id":"https:\/\/www.africa-press.net\/cotedivoire\/#website"},"primaryImageOfPage":{"@id":"https:\/\/www.africa-press.net\/cotedivoire\/sports\/celebration-des-quatre-ans-du-comite-executif-de-la-fif#primaryimage"},"image":{"@id":"https:\/\/www.africa-press.net\/cotedivoire\/sports\/celebration-des-quatre-ans-du-comite-executif-de-la-fif#primaryimage"},"thumbnailUrl":"https:\/\/static.africa-press.net\/cote\/sites\/43\/2026\/04\/sm_1777203597.87817.jpg","datePublished":"2026-04-26T14:50:49+00:00","dateModified":"2026-04-26T15:12:43+00:00","author":{"@id":"https:\/\/www.africa-press.net\/cotedivoire\/#\/schema\/person\/2b1cf3cd81a31e3cd26889ca66d677f1"},"description":"Le Pre\u0301sident Yacine Idriss Diallo et le Comite\u0301 Exe\u0301cutif ont ce\u0301le\u0301bre\u0301, le jeudi 23 avril 2026 le quatrie\u0300me annivers ...","breadcrumb":{"@id":"https:\/\/www.africa-press.net\/cotedivoire\/sports\/celebration-des-quatre-ans-du-comite-executif-de-la-fif#breadcrumb"},"inLanguage":"fr-FR","potentialAction":[{"@type":"ReadAction","target":["https:\/\/www.africa-press.net\/cotedivoire\/sports\/celebration-des-quatre-ans-du-comite-executif-de-la-fif"]}]},{"@type":"ImageObject","inLanguage":"fr-FR","@id":"https:\/\/www.africa-press.net\/cotedivoire\/sports\/celebration-des-quatre-ans-du-comite-executif-de-la-fif#primaryimage","url":"https:\/\/static.africa-press.net\/cote\/sites\/43\/2026\/04\/sm_1777203597.87817.jpg","contentUrl":"https:\/\/static.africa-press.net\/cote\/sites\/43\/2026\/04\/sm_1777203597.87817.jpg","width":720,"height":474,"caption":"C\u00e9l\u00e9bration des Quatre Ans du Comit\u00e9 Ex\u00e9cutif de la FIF"},{"@type":"BreadcrumbList","@id":"https:\/\/www.africa-press.net\/cotedivoire\/sports\/celebration-des-quatre-ans-du-comite-executif-de-la-fif#breadcrumb","itemListElement":[{"@type":"ListItem","position":1,"name":"Accueil","item":"https:\/\/www.africa-press.net\/cotedivoire\/"},{"@type":"ListItem","position":2,"name":"C\u00e9l\u00e9bration des Quatre Ans du Comit\u00e9 Ex\u00e9cutif de la FIF"}]},{"@type":"WebSite","@id":"https:\/\/www.africa-press.net\/cotedivoire\/#website","url":"https:\/\/www.africa-press.net\/cotedivoire\/","name":"C\u00f4te d&#039;Ivoire","description":"Just another Africa News Agency Sites site","potentialAction":[{"@type":"SearchAction","target":{"@type":"EntryPoint","urlTemplate":"https:\/\/www.africa-press.net\/cotedivoire\/?s={search_term_string}"},"query-input":{"@type":"PropertyValueSpecification","valueRequired":true,"valueName":"search_term_string"}}],"inLanguage":"fr-FR"},{"@type":"Person","@id":"https:\/\/www.africa-press.net\/cotedivoire\/#\/schema\/person\/2b1cf3cd81a31e3cd26889ca66d677f1","name":"cfeditorfr"}]}},"_links":{"self":[{"href":"https:\/\/www.africa-press.net\/cotedivoire\/wp-json\/wp\/v2\/posts\/115161","targetHints":{"allow":["GET"]}}],"collection":[{"href":"https:\/\/www.africa-press.net\/cotedivoire\/wp-json\/wp\/v2\/posts"}],"about":[{"href":"https:\/\/www.africa-press.net\/cotedivoire\/wp-json\/wp\/v2\/types\/post"}],"author":[{"embeddable":true,"href":"https:\/\/www.africa-press.net\/cotedivoire\/wp-json\/wp\/v2\/users\/82"}],"replies":[{"embeddable":true,"href":"https:\/\/www.africa-press.net\/cotedivoire\/wp-json\/wp\/v2\/comments?post=115161"}],"version-history":[{"count":1,"href":"https:\/\/www.africa-press.net\/cotedivoire\/wp-json\/wp\/v2\/posts\/115161\/revisions"}],"predecessor-version":[{"id":115165,"href":"https:\/\/www.africa-press.net\/cotedivoire\/wp-json\/wp\/v2\/posts\/115161\/revisions\/115165"}],"wp:featuredmedia":[{"embeddable":true,"href":"https:\/\/www.africa-press.net\/cotedivoire\/wp-json\/wp\/v2\/media\/115160"}],"wp:attachment":[{"href":"https:\/\/www.africa-press.net\/cotedivoire\/wp-json\/wp\/v2\/media?parent=115161"}],"wp:term":[{"taxonomy":"category","embeddable":true,"href":"https:\/\/www.africa-press.net\/cotedivoire\/wp-json\/wp\/v2\/categories?post=115161"},{"taxonomy":"post_tag","embeddable":true,"href":"https:\/\/www.africa-press.net\/cotedivoire\/wp-json\/wp\/v2\/tags?post=115161"}],"curies":[{"name":"wp","href":"https:\/\/api.w.org\/{rel}","templated":true}]}}