{"id":115163,"date":"2026-04-26T14:51:51","date_gmt":"2026-04-26T14:51:51","guid":{"rendered":"https:\/\/www.africa-press.net\/cotedivoire\/politique\/lutte-contre-la-defecation-a-lair-libre-en-milieu-rural"},"modified":"2026-04-26T15:13:08","modified_gmt":"2026-04-26T15:13:08","slug":"lutte-contre-la-defecation-a-lair-libre-en-milieu-rural","status":"publish","type":"post","link":"https:\/\/www.africa-press.net\/cotedivoire\/toutes-les-actualites\/lutte-contre-la-defecation-a-lair-libre-en-milieu-rural","title":{"rendered":"Lutte contre la D\u00e9f\u00e9cation \u00e0 l&rsquo;Air Libre en Milieu Rural"},"content":{"rendered":"<p><span style=\"color: #ff6600\"><strong>Africa-Press &#8211; C\u00f4te d&rsquo;Ivoire. <\/strong><\/span>C\u2019est dans le village de Laliekro, a\u0300 Djekanou, que la Direction de l\u2019Assainissement en Milieu Rural (DAR) du Ministe\u0300re de l\u2019Hydraulique, de l\u2019Assainissement et de la Salubrite\u0301 (MINHAS) a tenu, ce jeudi 23 avril 2026, une ce\u0301re\u0301monie de remise des cle\u0301s de latrines flambants neufs a l\u2019EPP LALIEKRO. L\u2019e\u0301ve\u0301nement a e\u0301galement donne\u0301 lieu a\u0300 une campagne de sensibilisation sur les dangers de la de\u0301fe\u0301cation a\u0300 l\u2019air libre et a\u0300 la distribution de kits d\u2019entretien et de nettoyage, en pre\u0301sence des autorite\u0301s administratives, des e\u0301lus locaux, des directeurs d\u2019e\u0301coles et des communaute\u0301s villageoises.<\/p>\n<p>Pour comprendre les enjeux de cette initiative, il faut d\u2019abord mesurer l\u2019e\u0301tendue du proble\u0300me qu\u2019elle entend re\u0301soudre. Madame He\u0301le\u0300ne Bragori, Directrice de l\u2019Assainissement en Milieu Rural et coordonnatrice du programme de latrinisation, a livre\u0301 des donne\u0301es alarmantes: trois milliards de personnes dans le monde vivent sans acce\u0300s a\u0300 des toilettes, deux cents millions d\u2019Africains de\u0301fe\u0300quent a\u0300 l\u2019air libre, et en Co\u0302te d\u2019Ivoire, un me\u0301nage sur deux seulement utilise des toilettes ade\u0301quates. A\u0300 l\u2019e\u0301chelle nationale, cinq mille villages sont encore de\u0301pourvus de latrines ou elles sont fonctionnelles. C\u2019est pre\u0301cise\u0301ment pour re\u0301pondre a\u0300 cette re\u0301alite\u0301 que le programme de latrinisation, inscrit dans le cadre du Programme Social du Gouvernement, a e\u0301te\u0301 initie\u0301. A\u0300 ce jour, environ six cents e\u0301tablissements scolaires ont pu be\u0301ne\u0301ficier de nouvelles latrines ou de la re\u0301habilitation de blocs existants.<\/p>\n<p>Fort de ce constat, le MINHAS a fait de cette mission une priorite\u0301. Madame Bragori a souligne\u0301 l\u2019engagement personnel du Ministre de l\u2019Hydraulique, de l\u2019Assainissement et de la Salubrite\u0301, le Dr Ame\u0301de\u0301 Koffi Kouakou, qui oeuvre a\u0300 l\u2019ame\u0301lioration de l\u2019hygie\u0300ne et de la salubrite\u0301 sur l\u2019ensemble du territoire national.<\/p>\n<p>La ce\u0301re\u0301monie a e\u0301te\u0301 ouverte par Madame la Premie\u0300re Adjointe au Maire de Djekanou, qui a souhaite\u0301 la bienvenue aux de\u0301le\u0301gations et traduit l\u2019attente des populations locales face a\u0300 une initiative qu\u2019elle a qualifie\u0301e d\u2019utile et ne\u0301cessaire pour l\u2019ame\u0301lioration de l\u2019hygie\u0300ne dans les e\u0301tablissements scolaires et la protection de la sante\u0301 publique.<\/p>\n<p>Au-dela\u0300 des discours officiels, c\u2019est la parole directe qui a marque\u0301 la journe\u0301e. Le Directeur Re\u0301gional du MINHAS a choisi un registre de\u0301libe\u0301re\u0301ment accessible pour s\u2019adresser aussi bien aux enfants qu\u2019aux adultes. Sans de\u0301tour, il a e\u0301voque\u0301 les maladies diarrhe\u0301iques et le chole\u0301ra, mais e\u0301galement des risques moins souvent nomme\u0301s: les agressions et viols dont sont victimes les femmes et les jeunes filles contraintes de s\u2019e\u0301loigner des habitations a\u0300 la pour leurs besoins et souvent me\u0302me la nuit tombe\u0301e, ainsi que les morsures de serpents. Il a conclu en appelant les populations a\u0300 s\u2019approprier cette lutte pour prote\u0301ger les enfants et restaurer la dignite\u0301 du cadre de vie.<\/p>\n<p>S\u2019est joint a\u0300 cette me\u0302me invitation Monsieur Ibrahim Diallo, Maire de la Commune de Djekanou, qui a tenu a\u0300 insister sur l\u2019importance du message pour le bien-e\u0302tre des populations. \u00ab Aujourd\u2019hui,c\u2019est un sujet dont l\u2019on parle peu, mais qui occasionne tellement de proble\u0300mes qui est e\u0301voque\u0301. Chers parents, pour votre bien, et pour notre e\u0300re , nous devons refuser de perpe\u0301tuer cette attitude qui ne nous honore pas \u00bb. A t\u2019il de\u0301clare\u0301.<\/p>\n<p>Dans le me\u0302me sens, le Sous-Pre\u0301fet de Djekanou a salue\u0301 une action gouvernementale qui touche, selon ses propres termes, un sujet peu e\u0301bruite\u0301 mais d\u2019une importance capitale, et a invite\u0301 les habitants a\u0300 traduire les messages de la journe\u0301e en comportements durables.<\/p>\n<p>\u00ab Je me re\u0301joui de constater que cette ce\u0301re\u0301monie de remise est en re\u0301alite\u0301 un pre\u0301texte pour re\u0301unir les populations et les sensibiliser. Par habitude ou par ignorance, vous avez pendant longtemps opte\u0301 pour cette pratique. Gra\u0302ce au programme de latrinisation, vous comprenez qu\u2019il ya vraiment danger. Je voudrais saluer ainsi cette initiative qui traduit l\u2019inte\u0301re\u0302t du gouvernement pour les populations des zones rurales \u00bb s\u2019est t\u2019il exprime\u0301.<\/p>\n<p>Au-dela\u0300 de la sensibilisation, la ce\u0301re\u0301monie s\u2019est conclue par des actes concrets. Des kits complets d\u2019entretien et de nettoyage ont e\u0301te\u0301 remis aux directeurs d\u2019e\u0301coles, comprenant de la poudre a\u0300 lessive, du savon, de l\u2019eau de javel, du savon liquide, du gel hydroalcoolique, du papier toilette, des serviettes hygie\u0301niques, des seaux, des brosses pour WC, un dispositif de lavage des mains de soixante litres et des guides d\u2019utilisation. Un e\u0301quipement pense\u0301 pour donner aux e\u0301tablissements les moyens re\u0301els d\u2019entretenir les installations dans la dure\u0301e.<\/p>\n<p>Dans le prolongement de cette de\u0301marche, l\u2019Agence Nationale de Gestion des De\u0301chets (ANAGED) a tenu a\u0300 s\u2019associer a\u0300 l\u2019initiative en dotant la localite\u0301 de mate\u0301riel de salubrite\u0301: tricycles, fourgonnettes, brouettes, pelles, ra\u0302teaux et balais. Une contribution qui e\u0301largit la porte\u0301e de la journe\u0301e au-dela\u0300 des seules enceintes scolaires et te\u0301moigne d\u2019une convergence interinstitutionnelle autour d\u2019un objectif commun.<\/p>\n<p>La DAR poursuit ses ope\u0301rations dans l\u2019ensemble des villages retenus dans le cadre du programme, a\u0300 travers plusieurs re\u0301gions du pays. Village apre\u0300s village, l\u2019objectif demeure inchange\u0301: mettre fin a\u0300 la de\u0301fe\u0301cation a\u0300 l\u2019air libre dans les zones rurales de Co\u0302te d\u2019Ivoire.<\/p>\n<p><strong>Pour plus d&rsquo;informations et d&rsquo;analyses sur la <span style=\"color: #ff6600\">C\u00f4te d&rsquo;Ivoire<\/span>, suivez <span style=\"color: #ff6600\">Africa-Press<\/span><\/strong><\/p>\n","protected":false},"excerpt":{"rendered":"<p>Africa-Press &#8211; C\u00f4te d&rsquo;Ivoire. C\u2019est dans le village de Laliekro, a\u0300 Djekanou, que la Direction de l\u2019Assainissement en Milieu Rural (DAR) du Ministe\u0300re de l\u2019Hydraulique, de l\u2019Assainissement et de la Salubrite\u0301 (MINHAS) a tenu, ce jeudi 23 avril 2026, une ce\u0301re\u0301monie de remise des cle\u0301s de latrines flambants neufs a l\u2019EPP LALIEKRO. L\u2019e\u0301ve\u0301nement a e\u0301galement [&hellip;]<\/p>\n","protected":false},"author":82,"featured_media":115162,"comment_status":"open","ping_status":"closed","sticky":false,"template":"","format":"standard","meta":{"footnotes":""},"categories":[21,10],"tags":[2974,29,8574,13195,9534],"class_list":["post-115163","post","type-post","status-publish","format-standard","has-post-thumbnail","hentry","category-communaute","category-toutes-les-actualites","tag-assainissement","tag-cote-divoire","tag-djekanou","tag-latrines","tag-minhas"],"yoast_head":"<!-- This site is optimized with the Yoast SEO Premium plugin v26.1 (Yoast SEO v27.0) - https:\/\/yoast.com\/product\/yoast-seo-premium-wordpress\/ -->\n<title>Lutte contre la D\u00e9f\u00e9cation \u00e0 l&#039;Air Libre en Milieu Rural - C\u00f4te d&#039;Ivoire<\/title>\n<meta name=\"description\" content=\"C\u2019est dans le village de Laliekro, a\u0300 Djekanou, que la Direction de l\u2019Assainissement en Milieu Rural (DAR) du Ministe\u0300re ...\" \/>\n<meta name=\"robots\" content=\"index, follow, max-snippet:-1, max-image-preview:large, max-video-preview:-1\" \/>\n<link rel=\"canonical\" href=\"https:\/\/www.africa-press.net\/cotedivoire\/toutes-les-actualites\/lutte-contre-la-defecation-a-lair-libre-en-milieu-rural\" \/>\n<meta property=\"og:locale\" content=\"fr_FR\" \/>\n<meta property=\"og:type\" content=\"article\" \/>\n<meta property=\"og:title\" content=\"Lutte contre la D\u00e9f\u00e9cation \u00e0 l&#039;Air Libre en Milieu Rural\" \/>\n<meta property=\"og:description\" content=\"C\u2019est dans le village de Laliekro, a\u0300 Djekanou, que la Direction de l\u2019Assainissement en Milieu Rural (DAR) du Ministe\u0300re ...\" \/>\n<meta property=\"og:url\" content=\"https:\/\/www.africa-press.net\/cotedivoire\/toutes-les-actualites\/lutte-contre-la-defecation-a-lair-libre-en-milieu-rural\" \/>\n<meta property=\"og:site_name\" content=\"C\u00f4te d&#039;Ivoire\" \/>\n<meta property=\"article:published_time\" content=\"2026-04-26T14:51:51+00:00\" \/>\n<meta property=\"article:modified_time\" content=\"2026-04-26T15:13:08+00:00\" \/>\n<meta property=\"og:image\" content=\"https:\/\/static.africa-press.net\/cote\/sites\/43\/2026\/04\/sm_1777203633.190014.jpg\" \/>\n\t<meta property=\"og:image:width\" content=\"720\" \/>\n\t<meta property=\"og:image:height\" content=\"480\" \/>\n\t<meta property=\"og:image:type\" content=\"image\/jpeg\" \/>\n<meta name=\"author\" content=\"cfeditorfr\" \/>\n<meta name=\"twitter:card\" content=\"summary_large_image\" \/>\n<meta name=\"twitter:label1\" content=\"\u00c9crit par\" \/>\n\t<meta name=\"twitter:data1\" content=\"cfeditorfr\" \/>\n\t<meta name=\"twitter:label2\" content=\"Dur\u00e9e de lecture estim\u00e9e\" \/>\n\t<meta name=\"twitter:data2\" content=\"5 minutes\" \/>\n<script type=\"application\/ld+json\" class=\"yoast-schema-graph\">{\"@context\":\"https:\/\/schema.org\",\"@graph\":[{\"@type\":\"Article\",\"@id\":\"https:\/\/www.africa-press.net\/cotedivoire\/toutes-les-actualites\/lutte-contre-la-defecation-a-lair-libre-en-milieu-rural#article\",\"isPartOf\":{\"@id\":\"https:\/\/www.africa-press.net\/cotedivoire\/toutes-les-actualites\/lutte-contre-la-defecation-a-lair-libre-en-milieu-rural\"},\"author\":{\"name\":\"cfeditorfr\",\"@id\":\"https:\/\/www.africa-press.net\/cotedivoire\/#\/schema\/person\/2b1cf3cd81a31e3cd26889ca66d677f1\"},\"headline\":\"Lutte contre la D\u00e9f\u00e9cation \u00e0 l&rsquo;Air Libre en Milieu Rural\",\"datePublished\":\"2026-04-26T14:51:51+00:00\",\"dateModified\":\"2026-04-26T15:13:08+00:00\",\"mainEntityOfPage\":{\"@id\":\"https:\/\/www.africa-press.net\/cotedivoire\/toutes-les-actualites\/lutte-contre-la-defecation-a-lair-libre-en-milieu-rural\"},\"wordCount\":993,\"commentCount\":0,\"image\":{\"@id\":\"https:\/\/www.africa-press.net\/cotedivoire\/toutes-les-actualites\/lutte-contre-la-defecation-a-lair-libre-en-milieu-rural#primaryimage\"},\"thumbnailUrl\":\"https:\/\/static.africa-press.net\/cote\/sites\/43\/2026\/04\/sm_1777203633.190014.jpg\",\"keywords\":[\"assainissement\",\"C\u00d4TE D'IVOIRE\",\"Djekanou\",\"latrines\",\"MINHAS\"],\"articleSection\":[\"Communaut\u00e9\",\"Toutes les actualit\u00e9s\"],\"inLanguage\":\"fr-FR\",\"potentialAction\":[{\"@type\":\"CommentAction\",\"name\":\"Comment\",\"target\":[\"https:\/\/www.africa-press.net\/cotedivoire\/toutes-les-actualites\/lutte-contre-la-defecation-a-lair-libre-en-milieu-rural#respond\"]}]},{\"@type\":\"WebPage\",\"@id\":\"https:\/\/www.africa-press.net\/cotedivoire\/toutes-les-actualites\/lutte-contre-la-defecation-a-lair-libre-en-milieu-rural\",\"url\":\"https:\/\/www.africa-press.net\/cotedivoire\/toutes-les-actualites\/lutte-contre-la-defecation-a-lair-libre-en-milieu-rural\",\"name\":\"Lutte contre la D\u00e9f\u00e9cation \u00e0 l'Air Libre en Milieu Rural - C\u00f4te d&#039;Ivoire\",\"isPartOf\":{\"@id\":\"https:\/\/www.africa-press.net\/cotedivoire\/#website\"},\"primaryImageOfPage\":{\"@id\":\"https:\/\/www.africa-press.net\/cotedivoire\/toutes-les-actualites\/lutte-contre-la-defecation-a-lair-libre-en-milieu-rural#primaryimage\"},\"image\":{\"@id\":\"https:\/\/www.africa-press.net\/cotedivoire\/toutes-les-actualites\/lutte-contre-la-defecation-a-lair-libre-en-milieu-rural#primaryimage\"},\"thumbnailUrl\":\"https:\/\/static.africa-press.net\/cote\/sites\/43\/2026\/04\/sm_1777203633.190014.jpg\",\"datePublished\":\"2026-04-26T14:51:51+00:00\",\"dateModified\":\"2026-04-26T15:13:08+00:00\",\"author\":{\"@id\":\"https:\/\/www.africa-press.net\/cotedivoire\/#\/schema\/person\/2b1cf3cd81a31e3cd26889ca66d677f1\"},\"description\":\"C\u2019est dans le village de Laliekro, a\u0300 Djekanou, que la Direction de l\u2019Assainissement en Milieu Rural (DAR) du Ministe\u0300re ...\",\"breadcrumb\":{\"@id\":\"https:\/\/www.africa-press.net\/cotedivoire\/toutes-les-actualites\/lutte-contre-la-defecation-a-lair-libre-en-milieu-rural#breadcrumb\"},\"inLanguage\":\"fr-FR\",\"potentialAction\":[{\"@type\":\"ReadAction\",\"target\":[\"https:\/\/www.africa-press.net\/cotedivoire\/toutes-les-actualites\/lutte-contre-la-defecation-a-lair-libre-en-milieu-rural\"]}]},{\"@type\":\"ImageObject\",\"inLanguage\":\"fr-FR\",\"@id\":\"https:\/\/www.africa-press.net\/cotedivoire\/toutes-les-actualites\/lutte-contre-la-defecation-a-lair-libre-en-milieu-rural#primaryimage\",\"url\":\"https:\/\/static.africa-press.net\/cote\/sites\/43\/2026\/04\/sm_1777203633.190014.jpg\",\"contentUrl\":\"https:\/\/static.africa-press.net\/cote\/sites\/43\/2026\/04\/sm_1777203633.190014.jpg\",\"width\":720,\"height\":480,\"caption\":\"Lutte contre la D\u00e9f\u00e9cation \u00e0 l'Air Libre en Milieu Rural\"},{\"@type\":\"BreadcrumbList\",\"@id\":\"https:\/\/www.africa-press.net\/cotedivoire\/toutes-les-actualites\/lutte-contre-la-defecation-a-lair-libre-en-milieu-rural#breadcrumb\",\"itemListElement\":[{\"@type\":\"ListItem\",\"position\":1,\"name\":\"Accueil\",\"item\":\"https:\/\/www.africa-press.net\/cotedivoire\/\"},{\"@type\":\"ListItem\",\"position\":2,\"name\":\"Lutte contre la D\u00e9f\u00e9cation \u00e0 l&#8217;Air Libre en Milieu Rural\"}]},{\"@type\":\"WebSite\",\"@id\":\"https:\/\/www.africa-press.net\/cotedivoire\/#website\",\"url\":\"https:\/\/www.africa-press.net\/cotedivoire\/\",\"name\":\"C\u00f4te d&#039;Ivoire\",\"description\":\"Just another Africa News Agency Sites site\",\"potentialAction\":[{\"@type\":\"SearchAction\",\"target\":{\"@type\":\"EntryPoint\",\"urlTemplate\":\"https:\/\/www.africa-press.net\/cotedivoire\/?s={search_term_string}\"},\"query-input\":{\"@type\":\"PropertyValueSpecification\",\"valueRequired\":true,\"valueName\":\"search_term_string\"}}],\"inLanguage\":\"fr-FR\"},{\"@type\":\"Person\",\"@id\":\"https:\/\/www.africa-press.net\/cotedivoire\/#\/schema\/person\/2b1cf3cd81a31e3cd26889ca66d677f1\",\"name\":\"cfeditorfr\"}]}<\/script>\n<!-- \/ Yoast SEO Premium plugin. -->","yoast_head_json":{"title":"Lutte contre la D\u00e9f\u00e9cation \u00e0 l'Air Libre en Milieu Rural - C\u00f4te d&#039;Ivoire","description":"C\u2019est dans le village de Laliekro, a\u0300 Djekanou, que la Direction de l\u2019Assainissement en Milieu Rural (DAR) du Ministe\u0300re ...","robots":{"index":"index","follow":"follow","max-snippet":"max-snippet:-1","max-image-preview":"max-image-preview:large","max-video-preview":"max-video-preview:-1"},"canonical":"https:\/\/www.africa-press.net\/cotedivoire\/toutes-les-actualites\/lutte-contre-la-defecation-a-lair-libre-en-milieu-rural","og_locale":"fr_FR","og_type":"article","og_title":"Lutte contre la D\u00e9f\u00e9cation \u00e0 l'Air Libre en Milieu Rural","og_description":"C\u2019est dans le village de Laliekro, a\u0300 Djekanou, que la Direction de l\u2019Assainissement en Milieu Rural (DAR) du Ministe\u0300re ...","og_url":"https:\/\/www.africa-press.net\/cotedivoire\/toutes-les-actualites\/lutte-contre-la-defecation-a-lair-libre-en-milieu-rural","og_site_name":"C\u00f4te d&#039;Ivoire","article_published_time":"2026-04-26T14:51:51+00:00","article_modified_time":"2026-04-26T15:13:08+00:00","og_image":[{"width":720,"height":480,"url":"https:\/\/static.africa-press.net\/cote\/sites\/43\/2026\/04\/sm_1777203633.190014.jpg","type":"image\/jpeg"}],"author":"cfeditorfr","twitter_card":"summary_large_image","twitter_misc":{"\u00c9crit par":"cfeditorfr","Dur\u00e9e de lecture estim\u00e9e":"5 minutes"},"schema":{"@context":"https:\/\/schema.org","@graph":[{"@type":"Article","@id":"https:\/\/www.africa-press.net\/cotedivoire\/toutes-les-actualites\/lutte-contre-la-defecation-a-lair-libre-en-milieu-rural#article","isPartOf":{"@id":"https:\/\/www.africa-press.net\/cotedivoire\/toutes-les-actualites\/lutte-contre-la-defecation-a-lair-libre-en-milieu-rural"},"author":{"name":"cfeditorfr","@id":"https:\/\/www.africa-press.net\/cotedivoire\/#\/schema\/person\/2b1cf3cd81a31e3cd26889ca66d677f1"},"headline":"Lutte contre la D\u00e9f\u00e9cation \u00e0 l&rsquo;Air Libre en Milieu Rural","datePublished":"2026-04-26T14:51:51+00:00","dateModified":"2026-04-26T15:13:08+00:00","mainEntityOfPage":{"@id":"https:\/\/www.africa-press.net\/cotedivoire\/toutes-les-actualites\/lutte-contre-la-defecation-a-lair-libre-en-milieu-rural"},"wordCount":993,"commentCount":0,"image":{"@id":"https:\/\/www.africa-press.net\/cotedivoire\/toutes-les-actualites\/lutte-contre-la-defecation-a-lair-libre-en-milieu-rural#primaryimage"},"thumbnailUrl":"https:\/\/static.africa-press.net\/cote\/sites\/43\/2026\/04\/sm_1777203633.190014.jpg","keywords":["assainissement","C\u00d4TE D'IVOIRE","Djekanou","latrines","MINHAS"],"articleSection":["Communaut\u00e9","Toutes les actualit\u00e9s"],"inLanguage":"fr-FR","potentialAction":[{"@type":"CommentAction","name":"Comment","target":["https:\/\/www.africa-press.net\/cotedivoire\/toutes-les-actualites\/lutte-contre-la-defecation-a-lair-libre-en-milieu-rural#respond"]}]},{"@type":"WebPage","@id":"https:\/\/www.africa-press.net\/cotedivoire\/toutes-les-actualites\/lutte-contre-la-defecation-a-lair-libre-en-milieu-rural","url":"https:\/\/www.africa-press.net\/cotedivoire\/toutes-les-actualites\/lutte-contre-la-defecation-a-lair-libre-en-milieu-rural","name":"Lutte contre la D\u00e9f\u00e9cation \u00e0 l'Air Libre en Milieu Rural - C\u00f4te d&#039;Ivoire","isPartOf":{"@id":"https:\/\/www.africa-press.net\/cotedivoire\/#website"},"primaryImageOfPage":{"@id":"https:\/\/www.africa-press.net\/cotedivoire\/toutes-les-actualites\/lutte-contre-la-defecation-a-lair-libre-en-milieu-rural#primaryimage"},"image":{"@id":"https:\/\/www.africa-press.net\/cotedivoire\/toutes-les-actualites\/lutte-contre-la-defecation-a-lair-libre-en-milieu-rural#primaryimage"},"thumbnailUrl":"https:\/\/static.africa-press.net\/cote\/sites\/43\/2026\/04\/sm_1777203633.190014.jpg","datePublished":"2026-04-26T14:51:51+00:00","dateModified":"2026-04-26T15:13:08+00:00","author":{"@id":"https:\/\/www.africa-press.net\/cotedivoire\/#\/schema\/person\/2b1cf3cd81a31e3cd26889ca66d677f1"},"description":"C\u2019est dans le village de Laliekro, a\u0300 Djekanou, que la Direction de l\u2019Assainissement en Milieu Rural (DAR) du Ministe\u0300re ...","breadcrumb":{"@id":"https:\/\/www.africa-press.net\/cotedivoire\/toutes-les-actualites\/lutte-contre-la-defecation-a-lair-libre-en-milieu-rural#breadcrumb"},"inLanguage":"fr-FR","potentialAction":[{"@type":"ReadAction","target":["https:\/\/www.africa-press.net\/cotedivoire\/toutes-les-actualites\/lutte-contre-la-defecation-a-lair-libre-en-milieu-rural"]}]},{"@type":"ImageObject","inLanguage":"fr-FR","@id":"https:\/\/www.africa-press.net\/cotedivoire\/toutes-les-actualites\/lutte-contre-la-defecation-a-lair-libre-en-milieu-rural#primaryimage","url":"https:\/\/static.africa-press.net\/cote\/sites\/43\/2026\/04\/sm_1777203633.190014.jpg","contentUrl":"https:\/\/static.africa-press.net\/cote\/sites\/43\/2026\/04\/sm_1777203633.190014.jpg","width":720,"height":480,"caption":"Lutte contre la D\u00e9f\u00e9cation \u00e0 l'Air Libre en Milieu Rural"},{"@type":"BreadcrumbList","@id":"https:\/\/www.africa-press.net\/cotedivoire\/toutes-les-actualites\/lutte-contre-la-defecation-a-lair-libre-en-milieu-rural#breadcrumb","itemListElement":[{"@type":"ListItem","position":1,"name":"Accueil","item":"https:\/\/www.africa-press.net\/cotedivoire\/"},{"@type":"ListItem","position":2,"name":"Lutte contre la D\u00e9f\u00e9cation \u00e0 l&#8217;Air Libre en Milieu Rural"}]},{"@type":"WebSite","@id":"https:\/\/www.africa-press.net\/cotedivoire\/#website","url":"https:\/\/www.africa-press.net\/cotedivoire\/","name":"C\u00f4te d&#039;Ivoire","description":"Just another Africa News Agency Sites site","potentialAction":[{"@type":"SearchAction","target":{"@type":"EntryPoint","urlTemplate":"https:\/\/www.africa-press.net\/cotedivoire\/?s={search_term_string}"},"query-input":{"@type":"PropertyValueSpecification","valueRequired":true,"valueName":"search_term_string"}}],"inLanguage":"fr-FR"},{"@type":"Person","@id":"https:\/\/www.africa-press.net\/cotedivoire\/#\/schema\/person\/2b1cf3cd81a31e3cd26889ca66d677f1","name":"cfeditorfr"}]}},"_links":{"self":[{"href":"https:\/\/www.africa-press.net\/cotedivoire\/wp-json\/wp\/v2\/posts\/115163","targetHints":{"allow":["GET"]}}],"collection":[{"href":"https:\/\/www.africa-press.net\/cotedivoire\/wp-json\/wp\/v2\/posts"}],"about":[{"href":"https:\/\/www.africa-press.net\/cotedivoire\/wp-json\/wp\/v2\/types\/post"}],"author":[{"embeddable":true,"href":"https:\/\/www.africa-press.net\/cotedivoire\/wp-json\/wp\/v2\/users\/82"}],"replies":[{"embeddable":true,"href":"https:\/\/www.africa-press.net\/cotedivoire\/wp-json\/wp\/v2\/comments?post=115163"}],"version-history":[{"count":1,"href":"https:\/\/www.africa-press.net\/cotedivoire\/wp-json\/wp\/v2\/posts\/115163\/revisions"}],"predecessor-version":[{"id":115170,"href":"https:\/\/www.africa-press.net\/cotedivoire\/wp-json\/wp\/v2\/posts\/115163\/revisions\/115170"}],"wp:featuredmedia":[{"embeddable":true,"href":"https:\/\/www.africa-press.net\/cotedivoire\/wp-json\/wp\/v2\/media\/115162"}],"wp:attachment":[{"href":"https:\/\/www.africa-press.net\/cotedivoire\/wp-json\/wp\/v2\/media?parent=115163"}],"wp:term":[{"taxonomy":"category","embeddable":true,"href":"https:\/\/www.africa-press.net\/cotedivoire\/wp-json\/wp\/v2\/categories?post=115163"},{"taxonomy":"post_tag","embeddable":true,"href":"https:\/\/www.africa-press.net\/cotedivoire\/wp-json\/wp\/v2\/tags?post=115163"}],"curies":[{"name":"wp","href":"https:\/\/api.w.org\/{rel}","templated":true}]}}