{"id":115167,"date":"2026-04-26T14:54:22","date_gmt":"2026-04-26T14:54:22","guid":{"rendered":"https:\/\/www.africa-press.net\/cotedivoire\/politique\/inclusion-des-personnes-handicapees-a-abidjan"},"modified":"2026-04-26T15:13:32","modified_gmt":"2026-04-26T15:13:32","slug":"inclusion-des-personnes-handicapees-a-abidjan","status":"publish","type":"post","link":"https:\/\/www.africa-press.net\/cotedivoire\/toutes-les-actualites\/inclusion-des-personnes-handicapees-a-abidjan","title":{"rendered":"Inclusion Des Personnes Handicap\u00e9es \u00c0 Abidjan"},"content":{"rendered":"<p><span style=\"color: #ff6600\"><strong>Africa-Press &#8211; C\u00f4te d&rsquo;Ivoire. <\/strong><\/span>Les voix se sont e\u0301leve\u0301es avec force et conviction au c\u0153ur le jeudi 23 avril 2026, a\u0300 Abidjan\/Plateau. Dans une atmosphe\u0300re empreinte d\u2019engagement et d\u2019espoir, acteurs institutionnels, partenaires sociaux et organisations de la socie\u0301te\u0301 civile ont uni leurs discours pour appeler a\u0300 une inclusion re\u0301elle et durable des personnes en situation de handicap en Co\u0302te d\u2019Ivoire.<\/p>\n<p>La directrice de la promotion des personnes handicape\u0301es, Katiama Silue\u0301, a donne\u0301 le ton. Face a\u0300 un auditoire attentif, elle a rappele\u0301 que la question de l\u2019inclusion de\u0301passe largement le cadre social pour s\u2019inscrire dans une dynamique de justice et d\u2019e\u0301galite\u0301.<\/p>\n<p>\u00ab L\u2019inclusion constitue avant tout une exigence de justice, d\u2019e\u0301galite\u0301 et de respect des droits humains. Elle engage la responsabilite\u0301 collective a\u0300 ba\u0302tir une socie\u0301te\u0301 dans laquelle chaque citoyen peut participer pleinement a\u0300 la vie nationale \u00bb, a-t-elle de\u0301clare\u0301 avec fermete\u0301.<\/p>\n<p>Toutefois, elle n\u2019a pas e\u0301lude\u0301 les obstacles persistants. L\u2019acce\u0300s a\u0300 l\u2019e\u0301ducation, l\u2019insertion professionnelle et l\u2019adaptation des infrastructures restent autant de de\u0301fis majeurs a\u0300 relever pour garantir une inclusion effective.<\/p>\n<p>Malgre\u0301 ces contraintes, des progre\u0300s significatifs ont e\u0301te\u0301 enregistre\u0301s ces dernie\u0300res anne\u0301es. Katiama Silue\u0301 a notamment salue\u0301 le renforcement du cadre juridique, l\u2019organisation de concours de\u0301rogatoires pour l\u2019acce\u0300s a\u0300 la fonction publique, ainsi que la mise en place de me\u0301canismes d\u2019identification et de subventions en faveur des organisations de personnes handicape\u0301es.<\/p>\n<p>Ces efforts traduisent une volonte\u0301 croissante de l\u2019E\u0301tat ivoirien d\u2019inscrire la question du handicap au c\u0153ur des politiques publiques, me\u0302me si le chemin vers une socie\u0301te\u0301 pleinement inclusive reste encore long.<\/p>\n<p>Repre\u0301sentant le ministre de l\u2019Emploi et de la Protection sociale, Adama Kamara, l\u2019inspecteur ge\u0301ne\u0301ral Kassoum Coulibaly a re\u0301ite\u0301re\u0301 la de\u0301termination du gouvernement a\u0300 renforcer la protection sociale.<\/p>\n<p>\u00ab Le handicap ne doit plus e\u0302tre perc\u0327u comme une barrie\u0300re, mais comme une spe\u0301cificite\u0301 que la socie\u0301te\u0301 doit inte\u0301grer \u00bb, a-t-il affirme\u0301, soulignant que cette initiative s\u2019inscrit dans le programme social du gouvernement visant a\u0300 re\u0301duire les ine\u0301galite\u0301s.<\/p>\n<p>Un message fort, en phase avec les ambitions de la Constitution ivoirienne, qui garantit la protection et la participation des personnes vulne\u0301rables a\u0300 la vie nationale.<\/p>\n<p>Du co\u0302te\u0301 des be\u0301ne\u0301ficiaires, le message est tout aussi clair. Prenant la parole au nom de l\u2019Union des personnes handicape\u0301es, Sophie Konan a insiste\u0301 sur la richesse humaine que repre\u0301sente cette frange de la population.<\/p>\n<p>\u00ab Au-dela\u0300 du handicap, il y a des compe\u0301tences, des talents et des potentialite\u0301s. La diffe\u0301rence est notre force \u00bb, a-t-elle lance\u0301, appelant a\u0300 une transformation profonde des mentalite\u0301s.<\/p>\n<p>La ce\u0301re\u0301monie, ponctue\u0301e d\u2019e\u0301changes enrichissants et de visites de stands d\u2019exposition, a permis de mettre en lumie\u0300re les talents et savoir-faire des personnes en situation de handicap. Dans une ambiance conviviale, les participants ont partage\u0301 expe\u0301riences et perspectives, renforc\u0327ant ainsi la sensibilisation autour de cette cause.<\/p>\n<p>Soutenue par l\u2019UNICEF et la Fondation Children of Africa, cette journe\u0301e portes ouvertes aura, sans nul doute, contribue\u0301 a\u0300 raviver l\u2019engagement collectif pour une Co\u0302te d\u2019Ivoire plus inclusive et solidaire.<\/p>\n<p><strong>Pour plus d&rsquo;informations et d&rsquo;analyses sur la <span style=\"color: #ff6600\">C\u00f4te d&rsquo;Ivoire<\/span>, suivez <span style=\"color: #ff6600\">Africa-Press<\/span><\/strong><\/p>\n","protected":false},"excerpt":{"rendered":"<p>Africa-Press &#8211; C\u00f4te d&rsquo;Ivoire. Les voix se sont e\u0301leve\u0301es avec force et conviction au c\u0153ur le jeudi 23 avril 2026, a\u0300 Abidjan\/Plateau. Dans une atmosphe\u0300re empreinte d\u2019engagement et d\u2019espoir, acteurs institutionnels, partenaires sociaux et organisations de la socie\u0301te\u0301 civile ont uni leurs discours pour appeler a\u0300 une inclusion re\u0301elle et durable des personnes en situation [&hellip;]<\/p>\n","protected":false},"author":82,"featured_media":115166,"comment_status":"open","ping_status":"closed","sticky":false,"template":"","format":"standard","meta":{"footnotes":""},"categories":[21,10],"tags":[29,20836,527,1041,15079],"class_list":["post-115167","post","type-post","status-publish","format-standard","has-post-thumbnail","hentry","category-communaute","category-toutes-les-actualites","tag-cote-divoire","tag-handicape","tag-plateau","tag-promotion","tag-voix"],"yoast_head":"<!-- This site is optimized with the Yoast SEO Premium plugin v26.1 (Yoast SEO v27.0) - https:\/\/yoast.com\/product\/yoast-seo-premium-wordpress\/ -->\n<title>Inclusion Des Personnes Handicap\u00e9es \u00c0 Abidjan - C\u00f4te d&#039;Ivoire<\/title>\n<meta name=\"description\" content=\"Les voix se sont e\u0301leve\u0301es avec force et conviction au c\u0153ur le jeudi 23 avril 2026, a\u0300 Abidjan\/Plateau. Dans une atmosph ...\" \/>\n<meta name=\"robots\" content=\"index, follow, max-snippet:-1, max-image-preview:large, max-video-preview:-1\" \/>\n<link rel=\"canonical\" href=\"https:\/\/www.africa-press.net\/cotedivoire\/toutes-les-actualites\/inclusion-des-personnes-handicapees-a-abidjan\" \/>\n<meta property=\"og:locale\" content=\"fr_FR\" \/>\n<meta property=\"og:type\" content=\"article\" \/>\n<meta property=\"og:title\" content=\"Inclusion Des Personnes Handicap\u00e9es \u00c0 Abidjan\" \/>\n<meta property=\"og:description\" content=\"Les voix se sont e\u0301leve\u0301es avec force et conviction au c\u0153ur le jeudi 23 avril 2026, a\u0300 Abidjan\/Plateau. Dans une atmosph ...\" \/>\n<meta property=\"og:url\" content=\"https:\/\/www.africa-press.net\/cotedivoire\/toutes-les-actualites\/inclusion-des-personnes-handicapees-a-abidjan\" \/>\n<meta property=\"og:site_name\" content=\"C\u00f4te d&#039;Ivoire\" \/>\n<meta property=\"article:published_time\" content=\"2026-04-26T14:54:22+00:00\" \/>\n<meta property=\"article:modified_time\" content=\"2026-04-26T15:13:32+00:00\" \/>\n<meta property=\"og:image\" content=\"https:\/\/static.africa-press.net\/cote\/sites\/43\/2026\/04\/sm_1777203739.697839.jpg\" \/>\n\t<meta property=\"og:image:width\" content=\"720\" \/>\n\t<meta property=\"og:image:height\" content=\"464\" \/>\n\t<meta property=\"og:image:type\" content=\"image\/jpeg\" \/>\n<meta name=\"author\" content=\"cfeditorfr\" \/>\n<meta name=\"twitter:card\" content=\"summary_large_image\" \/>\n<meta name=\"twitter:label1\" content=\"\u00c9crit par\" \/>\n\t<meta name=\"twitter:data1\" content=\"cfeditorfr\" \/>\n\t<meta name=\"twitter:label2\" content=\"Dur\u00e9e de lecture estim\u00e9e\" \/>\n\t<meta name=\"twitter:data2\" content=\"3 minutes\" \/>\n<script type=\"application\/ld+json\" class=\"yoast-schema-graph\">{\"@context\":\"https:\/\/schema.org\",\"@graph\":[{\"@type\":\"Article\",\"@id\":\"https:\/\/www.africa-press.net\/cotedivoire\/toutes-les-actualites\/inclusion-des-personnes-handicapees-a-abidjan#article\",\"isPartOf\":{\"@id\":\"https:\/\/www.africa-press.net\/cotedivoire\/toutes-les-actualites\/inclusion-des-personnes-handicapees-a-abidjan\"},\"author\":{\"name\":\"cfeditorfr\",\"@id\":\"https:\/\/www.africa-press.net\/cotedivoire\/#\/schema\/person\/2b1cf3cd81a31e3cd26889ca66d677f1\"},\"headline\":\"Inclusion Des Personnes Handicap\u00e9es \u00c0 Abidjan\",\"datePublished\":\"2026-04-26T14:54:22+00:00\",\"dateModified\":\"2026-04-26T15:13:32+00:00\",\"mainEntityOfPage\":{\"@id\":\"https:\/\/www.africa-press.net\/cotedivoire\/toutes-les-actualites\/inclusion-des-personnes-handicapees-a-abidjan\"},\"wordCount\":593,\"commentCount\":0,\"image\":{\"@id\":\"https:\/\/www.africa-press.net\/cotedivoire\/toutes-les-actualites\/inclusion-des-personnes-handicapees-a-abidjan#primaryimage\"},\"thumbnailUrl\":\"https:\/\/static.africa-press.net\/cote\/sites\/43\/2026\/04\/sm_1777203739.697839.jpg\",\"keywords\":[\"C\u00d4TE D'IVOIRE\",\"handicap\u00e9\",\"Plateau\",\"promotion\",\"voix\"],\"articleSection\":[\"Communaut\u00e9\",\"Toutes les actualit\u00e9s\"],\"inLanguage\":\"fr-FR\",\"potentialAction\":[{\"@type\":\"CommentAction\",\"name\":\"Comment\",\"target\":[\"https:\/\/www.africa-press.net\/cotedivoire\/toutes-les-actualites\/inclusion-des-personnes-handicapees-a-abidjan#respond\"]}]},{\"@type\":\"WebPage\",\"@id\":\"https:\/\/www.africa-press.net\/cotedivoire\/toutes-les-actualites\/inclusion-des-personnes-handicapees-a-abidjan\",\"url\":\"https:\/\/www.africa-press.net\/cotedivoire\/toutes-les-actualites\/inclusion-des-personnes-handicapees-a-abidjan\",\"name\":\"Inclusion Des Personnes Handicap\u00e9es \u00c0 Abidjan - C\u00f4te d&#039;Ivoire\",\"isPartOf\":{\"@id\":\"https:\/\/www.africa-press.net\/cotedivoire\/#website\"},\"primaryImageOfPage\":{\"@id\":\"https:\/\/www.africa-press.net\/cotedivoire\/toutes-les-actualites\/inclusion-des-personnes-handicapees-a-abidjan#primaryimage\"},\"image\":{\"@id\":\"https:\/\/www.africa-press.net\/cotedivoire\/toutes-les-actualites\/inclusion-des-personnes-handicapees-a-abidjan#primaryimage\"},\"thumbnailUrl\":\"https:\/\/static.africa-press.net\/cote\/sites\/43\/2026\/04\/sm_1777203739.697839.jpg\",\"datePublished\":\"2026-04-26T14:54:22+00:00\",\"dateModified\":\"2026-04-26T15:13:32+00:00\",\"author\":{\"@id\":\"https:\/\/www.africa-press.net\/cotedivoire\/#\/schema\/person\/2b1cf3cd81a31e3cd26889ca66d677f1\"},\"description\":\"Les voix se sont e\u0301leve\u0301es avec force et conviction au c\u0153ur le jeudi 23 avril 2026, a\u0300 Abidjan\/Plateau. Dans une atmosph ...\",\"breadcrumb\":{\"@id\":\"https:\/\/www.africa-press.net\/cotedivoire\/toutes-les-actualites\/inclusion-des-personnes-handicapees-a-abidjan#breadcrumb\"},\"inLanguage\":\"fr-FR\",\"potentialAction\":[{\"@type\":\"ReadAction\",\"target\":[\"https:\/\/www.africa-press.net\/cotedivoire\/toutes-les-actualites\/inclusion-des-personnes-handicapees-a-abidjan\"]}]},{\"@type\":\"ImageObject\",\"inLanguage\":\"fr-FR\",\"@id\":\"https:\/\/www.africa-press.net\/cotedivoire\/toutes-les-actualites\/inclusion-des-personnes-handicapees-a-abidjan#primaryimage\",\"url\":\"https:\/\/static.africa-press.net\/cote\/sites\/43\/2026\/04\/sm_1777203739.697839.jpg\",\"contentUrl\":\"https:\/\/static.africa-press.net\/cote\/sites\/43\/2026\/04\/sm_1777203739.697839.jpg\",\"width\":720,\"height\":464,\"caption\":\"Inclusion Des Personnes Handicap\u00e9es \u00c0 Abidjan\"},{\"@type\":\"BreadcrumbList\",\"@id\":\"https:\/\/www.africa-press.net\/cotedivoire\/toutes-les-actualites\/inclusion-des-personnes-handicapees-a-abidjan#breadcrumb\",\"itemListElement\":[{\"@type\":\"ListItem\",\"position\":1,\"name\":\"Accueil\",\"item\":\"https:\/\/www.africa-press.net\/cotedivoire\/\"},{\"@type\":\"ListItem\",\"position\":2,\"name\":\"Inclusion Des Personnes Handicap\u00e9es \u00c0 Abidjan\"}]},{\"@type\":\"WebSite\",\"@id\":\"https:\/\/www.africa-press.net\/cotedivoire\/#website\",\"url\":\"https:\/\/www.africa-press.net\/cotedivoire\/\",\"name\":\"C\u00f4te d&#039;Ivoire\",\"description\":\"Just another Africa News Agency Sites site\",\"potentialAction\":[{\"@type\":\"SearchAction\",\"target\":{\"@type\":\"EntryPoint\",\"urlTemplate\":\"https:\/\/www.africa-press.net\/cotedivoire\/?s={search_term_string}\"},\"query-input\":{\"@type\":\"PropertyValueSpecification\",\"valueRequired\":true,\"valueName\":\"search_term_string\"}}],\"inLanguage\":\"fr-FR\"},{\"@type\":\"Person\",\"@id\":\"https:\/\/www.africa-press.net\/cotedivoire\/#\/schema\/person\/2b1cf3cd81a31e3cd26889ca66d677f1\",\"name\":\"cfeditorfr\"}]}<\/script>\n<!-- \/ Yoast SEO Premium plugin. -->","yoast_head_json":{"title":"Inclusion Des Personnes Handicap\u00e9es \u00c0 Abidjan - C\u00f4te d&#039;Ivoire","description":"Les voix se sont e\u0301leve\u0301es avec force et conviction au c\u0153ur le jeudi 23 avril 2026, a\u0300 Abidjan\/Plateau. Dans une atmosph ...","robots":{"index":"index","follow":"follow","max-snippet":"max-snippet:-1","max-image-preview":"max-image-preview:large","max-video-preview":"max-video-preview:-1"},"canonical":"https:\/\/www.africa-press.net\/cotedivoire\/toutes-les-actualites\/inclusion-des-personnes-handicapees-a-abidjan","og_locale":"fr_FR","og_type":"article","og_title":"Inclusion Des Personnes Handicap\u00e9es \u00c0 Abidjan","og_description":"Les voix se sont e\u0301leve\u0301es avec force et conviction au c\u0153ur le jeudi 23 avril 2026, a\u0300 Abidjan\/Plateau. Dans une atmosph ...","og_url":"https:\/\/www.africa-press.net\/cotedivoire\/toutes-les-actualites\/inclusion-des-personnes-handicapees-a-abidjan","og_site_name":"C\u00f4te d&#039;Ivoire","article_published_time":"2026-04-26T14:54:22+00:00","article_modified_time":"2026-04-26T15:13:32+00:00","og_image":[{"width":720,"height":464,"url":"https:\/\/static.africa-press.net\/cote\/sites\/43\/2026\/04\/sm_1777203739.697839.jpg","type":"image\/jpeg"}],"author":"cfeditorfr","twitter_card":"summary_large_image","twitter_misc":{"\u00c9crit par":"cfeditorfr","Dur\u00e9e de lecture estim\u00e9e":"3 minutes"},"schema":{"@context":"https:\/\/schema.org","@graph":[{"@type":"Article","@id":"https:\/\/www.africa-press.net\/cotedivoire\/toutes-les-actualites\/inclusion-des-personnes-handicapees-a-abidjan#article","isPartOf":{"@id":"https:\/\/www.africa-press.net\/cotedivoire\/toutes-les-actualites\/inclusion-des-personnes-handicapees-a-abidjan"},"author":{"name":"cfeditorfr","@id":"https:\/\/www.africa-press.net\/cotedivoire\/#\/schema\/person\/2b1cf3cd81a31e3cd26889ca66d677f1"},"headline":"Inclusion Des Personnes Handicap\u00e9es \u00c0 Abidjan","datePublished":"2026-04-26T14:54:22+00:00","dateModified":"2026-04-26T15:13:32+00:00","mainEntityOfPage":{"@id":"https:\/\/www.africa-press.net\/cotedivoire\/toutes-les-actualites\/inclusion-des-personnes-handicapees-a-abidjan"},"wordCount":593,"commentCount":0,"image":{"@id":"https:\/\/www.africa-press.net\/cotedivoire\/toutes-les-actualites\/inclusion-des-personnes-handicapees-a-abidjan#primaryimage"},"thumbnailUrl":"https:\/\/static.africa-press.net\/cote\/sites\/43\/2026\/04\/sm_1777203739.697839.jpg","keywords":["C\u00d4TE D'IVOIRE","handicap\u00e9","Plateau","promotion","voix"],"articleSection":["Communaut\u00e9","Toutes les actualit\u00e9s"],"inLanguage":"fr-FR","potentialAction":[{"@type":"CommentAction","name":"Comment","target":["https:\/\/www.africa-press.net\/cotedivoire\/toutes-les-actualites\/inclusion-des-personnes-handicapees-a-abidjan#respond"]}]},{"@type":"WebPage","@id":"https:\/\/www.africa-press.net\/cotedivoire\/toutes-les-actualites\/inclusion-des-personnes-handicapees-a-abidjan","url":"https:\/\/www.africa-press.net\/cotedivoire\/toutes-les-actualites\/inclusion-des-personnes-handicapees-a-abidjan","name":"Inclusion Des Personnes Handicap\u00e9es \u00c0 Abidjan - C\u00f4te d&#039;Ivoire","isPartOf":{"@id":"https:\/\/www.africa-press.net\/cotedivoire\/#website"},"primaryImageOfPage":{"@id":"https:\/\/www.africa-press.net\/cotedivoire\/toutes-les-actualites\/inclusion-des-personnes-handicapees-a-abidjan#primaryimage"},"image":{"@id":"https:\/\/www.africa-press.net\/cotedivoire\/toutes-les-actualites\/inclusion-des-personnes-handicapees-a-abidjan#primaryimage"},"thumbnailUrl":"https:\/\/static.africa-press.net\/cote\/sites\/43\/2026\/04\/sm_1777203739.697839.jpg","datePublished":"2026-04-26T14:54:22+00:00","dateModified":"2026-04-26T15:13:32+00:00","author":{"@id":"https:\/\/www.africa-press.net\/cotedivoire\/#\/schema\/person\/2b1cf3cd81a31e3cd26889ca66d677f1"},"description":"Les voix se sont e\u0301leve\u0301es avec force et conviction au c\u0153ur le jeudi 23 avril 2026, a\u0300 Abidjan\/Plateau. Dans une atmosph ...","breadcrumb":{"@id":"https:\/\/www.africa-press.net\/cotedivoire\/toutes-les-actualites\/inclusion-des-personnes-handicapees-a-abidjan#breadcrumb"},"inLanguage":"fr-FR","potentialAction":[{"@type":"ReadAction","target":["https:\/\/www.africa-press.net\/cotedivoire\/toutes-les-actualites\/inclusion-des-personnes-handicapees-a-abidjan"]}]},{"@type":"ImageObject","inLanguage":"fr-FR","@id":"https:\/\/www.africa-press.net\/cotedivoire\/toutes-les-actualites\/inclusion-des-personnes-handicapees-a-abidjan#primaryimage","url":"https:\/\/static.africa-press.net\/cote\/sites\/43\/2026\/04\/sm_1777203739.697839.jpg","contentUrl":"https:\/\/static.africa-press.net\/cote\/sites\/43\/2026\/04\/sm_1777203739.697839.jpg","width":720,"height":464,"caption":"Inclusion Des Personnes Handicap\u00e9es \u00c0 Abidjan"},{"@type":"BreadcrumbList","@id":"https:\/\/www.africa-press.net\/cotedivoire\/toutes-les-actualites\/inclusion-des-personnes-handicapees-a-abidjan#breadcrumb","itemListElement":[{"@type":"ListItem","position":1,"name":"Accueil","item":"https:\/\/www.africa-press.net\/cotedivoire\/"},{"@type":"ListItem","position":2,"name":"Inclusion Des Personnes Handicap\u00e9es \u00c0 Abidjan"}]},{"@type":"WebSite","@id":"https:\/\/www.africa-press.net\/cotedivoire\/#website","url":"https:\/\/www.africa-press.net\/cotedivoire\/","name":"C\u00f4te d&#039;Ivoire","description":"Just another Africa News Agency Sites site","potentialAction":[{"@type":"SearchAction","target":{"@type":"EntryPoint","urlTemplate":"https:\/\/www.africa-press.net\/cotedivoire\/?s={search_term_string}"},"query-input":{"@type":"PropertyValueSpecification","valueRequired":true,"valueName":"search_term_string"}}],"inLanguage":"fr-FR"},{"@type":"Person","@id":"https:\/\/www.africa-press.net\/cotedivoire\/#\/schema\/person\/2b1cf3cd81a31e3cd26889ca66d677f1","name":"cfeditorfr"}]}},"_links":{"self":[{"href":"https:\/\/www.africa-press.net\/cotedivoire\/wp-json\/wp\/v2\/posts\/115167","targetHints":{"allow":["GET"]}}],"collection":[{"href":"https:\/\/www.africa-press.net\/cotedivoire\/wp-json\/wp\/v2\/posts"}],"about":[{"href":"https:\/\/www.africa-press.net\/cotedivoire\/wp-json\/wp\/v2\/types\/post"}],"author":[{"embeddable":true,"href":"https:\/\/www.africa-press.net\/cotedivoire\/wp-json\/wp\/v2\/users\/82"}],"replies":[{"embeddable":true,"href":"https:\/\/www.africa-press.net\/cotedivoire\/wp-json\/wp\/v2\/comments?post=115167"}],"version-history":[{"count":1,"href":"https:\/\/www.africa-press.net\/cotedivoire\/wp-json\/wp\/v2\/posts\/115167\/revisions"}],"predecessor-version":[{"id":115173,"href":"https:\/\/www.africa-press.net\/cotedivoire\/wp-json\/wp\/v2\/posts\/115167\/revisions\/115173"}],"wp:featuredmedia":[{"embeddable":true,"href":"https:\/\/www.africa-press.net\/cotedivoire\/wp-json\/wp\/v2\/media\/115166"}],"wp:attachment":[{"href":"https:\/\/www.africa-press.net\/cotedivoire\/wp-json\/wp\/v2\/media?parent=115167"}],"wp:term":[{"taxonomy":"category","embeddable":true,"href":"https:\/\/www.africa-press.net\/cotedivoire\/wp-json\/wp\/v2\/categories?post=115167"},{"taxonomy":"post_tag","embeddable":true,"href":"https:\/\/www.africa-press.net\/cotedivoire\/wp-json\/wp\/v2\/tags?post=115167"}],"curies":[{"name":"wp","href":"https:\/\/api.w.org\/{rel}","templated":true}]}}